{"id":45526,"date":"2026-04-28T19:42:12","date_gmt":"2026-04-28T17:42:12","guid":{"rendered":"https:\/\/veritasinfo.org\/?p=45526"},"modified":"2026-04-28T19:42:12","modified_gmt":"2026-04-28T17:42:12","slug":"kore-antishqiptare-ne-shkup-shqiptari-i-vdekur-eshte-shqiptari-i-mire-autoritetet-nisin-hetimet","status":"publish","type":"post","link":"https:\/\/veritasinfo.org\/?p=45526","title":{"rendered":"Kore antishqiptare n\u00eb Shkup: \u201cShqiptari i vdekur \u00ebsht\u00eb shqiptari i mir\u00eb\u201d \u2013 autoritetet nisin hetimet"},"content":{"rendered":"<p>Prishtin\u00eb, 28 prill 2026 19:41<\/p>\n<p>Nj\u00eb incident me p\u00ebrmbajtje t\u00eb r\u00ebnd\u00eb fyese \u00ebsht\u00eb raportuar n\u00eb Maqedonin\u00eb e Veriut gjat\u00eb nj\u00eb ndeshjeje t\u00eb kampionatit vendor, ku Vardari e mposhti Tikveshin me rezultat t\u00eb thell\u00eb 7-0.<\/p>\n<p>Sipas raportimeve nga Shkupi, gjat\u00eb takimit nj\u00eb pjes\u00eb e tifoz\u00ebve t\u00eb grupit ultras t\u00eb Vardarit, \u201cKomiti\u201d, kan\u00eb intonuar kore t\u00eb cil\u00ebsuara si antishqiptare, me thirrje dhe sharje ndaj shqiptar\u00ebve.<\/p>\n<p>Pamje t\u00eb publikuara n\u00eb rrjete sociale kan\u00eb dokumentuar momentet e k\u00ebtyre thirrjeve, por videot m\u00eb pas jan\u00eb fshir\u00eb brenda nj\u00eb kohe t\u00eb shkurt\u00ebr.<\/p>\n<p>Ngjarja ka rikthyer n\u00eb v\u00ebmendje nj\u00eb problem q\u00eb \u00ebsht\u00eb p\u00ebrmendur edhe m\u00eb her\u00ebt n\u00eb opinionin publik, pasi kore t\u00eb ngjashme jan\u00eb raportuar n\u00eb t\u00eb kaluar\u00ebn n\u00eb stadiume t\u00eb ndryshme t\u00eb Maqedonis\u00eb s\u00eb Veriut.<\/p>\n<p>Rasti vjen n\u00eb nj\u00eb periudh\u00eb t\u00eb ndjeshme, kur n\u00eb vend jan\u00eb sh\u00ebnuar edhe tensione shoq\u00ebrore e politike, p\u00ebrfshir\u00eb protesta t\u00eb student\u00ebve shqiptar\u00eb lidhur me p\u00ebrdorimin e gjuh\u00ebs shqipe n\u00eb procesin arsimor.<\/p>\n<p>N\u00eb lidhje me incidentin, autoritetet kan\u00eb njoftuar se kan\u00eb nisur procedur\u00eb p\u00ebr vepr\u00ebn penale \u201cdhun\u00eb dhe sjellje e pahijshme n\u00eb ndeshje sportive\u201d.<\/p>\n<p>Sipas dispozitave ligjore, p\u00ebr persona fizik\u00eb parashihen gjoba nga 600 deri n\u00eb 1000 euro, nd\u00ebrsa p\u00ebr klubin sportiv gjobat mund t\u00eb shkojn\u00eb nga 1500 deri n\u00eb 5000 euro, n\u00ebse vler\u00ebsohet se sjellje t\u00eb tilla nuk jan\u00eb parandaluar.<\/p>\n<p>Pritet q\u00eb organet kompetente t\u00eb analizojn\u00eb materialet e publikuara dhe raportet nga ndeshja p\u00ebr t\u00eb p\u00ebrcaktuar p\u00ebrgjegj\u00ebsit\u00eb dhe masat e m\u00ebtejshme.<\/p>\n","protected":false},"excerpt":{"rendered":"<p>Prishtin\u00eb, 28 prill 2026 19:41 Nj\u00eb incident me p\u00ebrmbajtje t\u00eb r\u00ebnd\u00eb fyese \u00ebsht\u00eb raportuar n\u00eb Maqedonin\u00eb e Veriut gjat\u00eb nj\u00eb ndeshjeje t\u00eb kampionatit vendor, ku<\/p>\n","protected":false},"author":7,"featured_media":45527,"comment_status":"open","ping_status":"open","sticky":false,"template":"","format":"standard","meta":{"footnotes":""},"categories":[5],"tags":[],"class_list":["post-45526","post","type-post","status-publish","format-standard","has-post-thumbnail","hentry","category-sport-sq"],"yoast_head":"<!-- This site is optimized with the Yoast SEO plugin v25.3.1 - https:\/\/yoast.com\/wordpress\/plugins\/seo\/ -->\n<title>Kore antishqiptare n\u00eb Shkup: \u201cShqiptari i vdekur \u00ebsht\u00eb shqiptari i mir\u00eb\u201d \u2013 autoritetet nisin hetimet -<\/title>\n<meta name=\"robots\" content=\"index, follow, max-snippet:-1, max-image-preview:large, max-video-preview:-1\" \/>\n<link rel=\"canonical\" href=\"https:\/\/veritasinfo.org\/?p=45526\" \/>\n<meta property=\"og:locale\" content=\"en_US\" \/>\n<meta property=\"og:type\" content=\"article\" \/>\n<meta property=\"og:title\" content=\"Kore antishqiptare n\u00eb Shkup: \u201cShqiptari i vdekur \u00ebsht\u00eb shqiptari i mir\u00eb\u201d \u2013 autoritetet nisin hetimet -\" \/>\n<meta property=\"og:description\" content=\"Prishtin\u00eb, 28 prill 2026 19:41 Nj\u00eb incident me p\u00ebrmbajtje t\u00eb r\u00ebnd\u00eb fyese \u00ebsht\u00eb raportuar n\u00eb Maqedonin\u00eb e Veriut gjat\u00eb nj\u00eb ndeshjeje t\u00eb kampionatit vendor, ku\" \/>\n<meta property=\"og:url\" content=\"https:\/\/veritasinfo.org\/?p=45526\" \/>\n<meta property=\"article:published_time\" content=\"2026-04-28T17:42:12+00:00\" \/>\n<meta property=\"og:image\" content=\"https:\/\/veritasinfo.org\/wp-content\/uploads\/2026\/04\/image-31.webp\" \/>\n\t<meta property=\"og:image:width\" content=\"1245\" \/>\n\t<meta property=\"og:image:height\" content=\"700\" \/>\n\t<meta property=\"og:image:type\" content=\"image\/webp\" \/>\n<meta name=\"author\" content=\"US6\" \/>\n<meta name=\"twitter:card\" content=\"summary_large_image\" \/>\n<meta name=\"twitter:label1\" content=\"Written by\" \/>\n\t<meta name=\"twitter:data1\" content=\"US6\" \/>\n\t<meta name=\"twitter:label2\" content=\"Est. reading time\" \/>\n\t<meta name=\"twitter:data2\" content=\"2 minutes\" \/>\n<script type=\"application\/ld+json\" class=\"yoast-schema-graph\">{\"@context\":\"https:\/\/schema.org\",\"@graph\":[{\"@type\":\"WebPage\",\"@id\":\"https:\/\/veritasinfo.org\/?p=45526\",\"url\":\"https:\/\/veritasinfo.org\/?p=45526\",\"name\":\"Kore antishqiptare n\u00eb Shkup: \u201cShqiptari i vdekur \u00ebsht\u00eb shqiptari i mir\u00eb\u201d \u2013 autoritetet nisin hetimet -\",\"isPartOf\":{\"@id\":\"https:\/\/veritasinfo.org\/#website\"},\"primaryImageOfPage\":{\"@id\":\"https:\/\/veritasinfo.org\/?p=45526#primaryimage\"},\"image\":{\"@id\":\"https:\/\/veritasinfo.org\/?p=45526#primaryimage\"},\"thumbnailUrl\":\"https:\/\/veritasinfo.org\/wp-content\/uploads\/2026\/04\/image-31.webp\",\"datePublished\":\"2026-04-28T17:42:12+00:00\",\"author\":{\"@id\":\"https:\/\/veritasinfo.org\/#\/schema\/person\/fe199eede04c3937362892b7444747cc\"},\"breadcrumb\":{\"@id\":\"https:\/\/veritasinfo.org\/?p=45526#breadcrumb\"},\"inLanguage\":\"en-US\",\"potentialAction\":[{\"@type\":\"ReadAction\",\"target\":[\"https:\/\/veritasinfo.org\/?p=45526\"]}]},{\"@type\":\"ImageObject\",\"inLanguage\":\"en-US\",\"@id\":\"https:\/\/veritasinfo.org\/?p=45526#primaryimage\",\"url\":\"https:\/\/veritasinfo.org\/wp-content\/uploads\/2026\/04\/image-31.webp\",\"contentUrl\":\"https:\/\/veritasinfo.org\/wp-content\/uploads\/2026\/04\/image-31.webp\",\"width\":1245,\"height\":700},{\"@type\":\"BreadcrumbList\",\"@id\":\"https:\/\/veritasinfo.org\/?p=45526#breadcrumb\",\"itemListElement\":[{\"@type\":\"ListItem\",\"position\":1,\"name\":\"Home\",\"item\":\"https:\/\/veritasinfo.org\/\"},{\"@type\":\"ListItem\",\"position\":2,\"name\":\"Kore antishqiptare n\u00eb Shkup: \u201cShqiptari i vdekur \u00ebsht\u00eb shqiptari i mir\u00eb\u201d \u2013 autoritetet nisin hetimet\"}]},{\"@type\":\"WebSite\",\"@id\":\"https:\/\/veritasinfo.org\/#website\",\"url\":\"https:\/\/veritasinfo.org\/\",\"name\":\"\",\"description\":\"\",\"potentialAction\":[{\"@type\":\"SearchAction\",\"target\":{\"@type\":\"EntryPoint\",\"urlTemplate\":\"https:\/\/veritasinfo.org\/?s={search_term_string}\"},\"query-input\":{\"@type\":\"PropertyValueSpecification\",\"valueRequired\":true,\"valueName\":\"search_term_string\"}}],\"inLanguage\":\"en-US\"},{\"@type\":\"Person\",\"@id\":\"https:\/\/veritasinfo.org\/#\/schema\/person\/fe199eede04c3937362892b7444747cc\",\"name\":\"US6\",\"image\":{\"@type\":\"ImageObject\",\"inLanguage\":\"en-US\",\"@id\":\"https:\/\/veritasinfo.org\/#\/schema\/person\/image\/\",\"url\":\"https:\/\/secure.gravatar.com\/avatar\/cb16c3c31c9d23b9b8c705964598220b3014e42ff51eb540ff23cefa3ae8c15f?s=96&d=mm&r=g\",\"contentUrl\":\"https:\/\/secure.gravatar.com\/avatar\/cb16c3c31c9d23b9b8c705964598220b3014e42ff51eb540ff23cefa3ae8c15f?s=96&d=mm&r=g\",\"caption\":\"US6\"},\"url\":\"https:\/\/veritasinfo.org\/?author=7\"}]}<\/script>\n<!-- \/ Yoast SEO plugin. -->","yoast_head_json":{"title":"Kore antishqiptare n\u00eb Shkup: \u201cShqiptari i vdekur \u00ebsht\u00eb shqiptari i mir\u00eb\u201d \u2013 autoritetet nisin hetimet -","robots":{"index":"index","follow":"follow","max-snippet":"max-snippet:-1","max-image-preview":"max-image-preview:large","max-video-preview":"max-video-preview:-1"},"canonical":"https:\/\/veritasinfo.org\/?p=45526","og_locale":"en_US","og_type":"article","og_title":"Kore antishqiptare n\u00eb Shkup: \u201cShqiptari i vdekur \u00ebsht\u00eb shqiptari i mir\u00eb\u201d \u2013 autoritetet nisin hetimet -","og_description":"Prishtin\u00eb, 28 prill 2026 19:41 Nj\u00eb incident me p\u00ebrmbajtje t\u00eb r\u00ebnd\u00eb fyese \u00ebsht\u00eb raportuar n\u00eb Maqedonin\u00eb e Veriut gjat\u00eb nj\u00eb ndeshjeje t\u00eb kampionatit vendor, ku","og_url":"https:\/\/veritasinfo.org\/?p=45526","article_published_time":"2026-04-28T17:42:12+00:00","og_image":[{"width":1245,"height":700,"url":"https:\/\/veritasinfo.org\/wp-content\/uploads\/2026\/04\/image-31.webp","type":"image\/webp"}],"author":"US6","twitter_card":"summary_large_image","twitter_misc":{"Written by":"US6","Est. reading time":"2 minutes"},"schema":{"@context":"https:\/\/schema.org","@graph":[{"@type":"WebPage","@id":"https:\/\/veritasinfo.org\/?p=45526","url":"https:\/\/veritasinfo.org\/?p=45526","name":"Kore antishqiptare n\u00eb Shkup: \u201cShqiptari i vdekur \u00ebsht\u00eb shqiptari i mir\u00eb\u201d \u2013 autoritetet nisin hetimet -","isPartOf":{"@id":"https:\/\/veritasinfo.org\/#website"},"primaryImageOfPage":{"@id":"https:\/\/veritasinfo.org\/?p=45526#primaryimage"},"image":{"@id":"https:\/\/veritasinfo.org\/?p=45526#primaryimage"},"thumbnailUrl":"https:\/\/veritasinfo.org\/wp-content\/uploads\/2026\/04\/image-31.webp","datePublished":"2026-04-28T17:42:12+00:00","author":{"@id":"https:\/\/veritasinfo.org\/#\/schema\/person\/fe199eede04c3937362892b7444747cc"},"breadcrumb":{"@id":"https:\/\/veritasinfo.org\/?p=45526#breadcrumb"},"inLanguage":"en-US","potentialAction":[{"@type":"ReadAction","target":["https:\/\/veritasinfo.org\/?p=45526"]}]},{"@type":"ImageObject","inLanguage":"en-US","@id":"https:\/\/veritasinfo.org\/?p=45526#primaryimage","url":"https:\/\/veritasinfo.org\/wp-content\/uploads\/2026\/04\/image-31.webp","contentUrl":"https:\/\/veritasinfo.org\/wp-content\/uploads\/2026\/04\/image-31.webp","width":1245,"height":700},{"@type":"BreadcrumbList","@id":"https:\/\/veritasinfo.org\/?p=45526#breadcrumb","itemListElement":[{"@type":"ListItem","position":1,"name":"Home","item":"https:\/\/veritasinfo.org\/"},{"@type":"ListItem","position":2,"name":"Kore antishqiptare n\u00eb Shkup: \u201cShqiptari i vdekur \u00ebsht\u00eb shqiptari i mir\u00eb\u201d \u2013 autoritetet nisin hetimet"}]},{"@type":"WebSite","@id":"https:\/\/veritasinfo.org\/#website","url":"https:\/\/veritasinfo.org\/","name":"","description":"","potentialAction":[{"@type":"SearchAction","target":{"@type":"EntryPoint","urlTemplate":"https:\/\/veritasinfo.org\/?s={search_term_string}"},"query-input":{"@type":"PropertyValueSpecification","valueRequired":true,"valueName":"search_term_string"}}],"inLanguage":"en-US"},{"@type":"Person","@id":"https:\/\/veritasinfo.org\/#\/schema\/person\/fe199eede04c3937362892b7444747cc","name":"US6","image":{"@type":"ImageObject","inLanguage":"en-US","@id":"https:\/\/veritasinfo.org\/#\/schema\/person\/image\/","url":"https:\/\/secure.gravatar.com\/avatar\/cb16c3c31c9d23b9b8c705964598220b3014e42ff51eb540ff23cefa3ae8c15f?s=96&d=mm&r=g","contentUrl":"https:\/\/secure.gravatar.com\/avatar\/cb16c3c31c9d23b9b8c705964598220b3014e42ff51eb540ff23cefa3ae8c15f?s=96&d=mm&r=g","caption":"US6"},"url":"https:\/\/veritasinfo.org\/?author=7"}]}},"featured_image_urls":{"full":["https:\/\/veritasinfo.org\/wp-content\/uploads\/2026\/04\/image-31.webp",1245,700,false],"thumbnail":["https:\/\/veritasinfo.org\/wp-content\/uploads\/2026\/04\/image-31-150x150.webp",150,150,true],"medium":["https:\/\/veritasinfo.org\/wp-content\/uploads\/2026\/04\/image-31-300x169.webp",300,169,true],"medium_large":["https:\/\/veritasinfo.org\/wp-content\/uploads\/2026\/04\/image-31-768x432.webp",640,360,true],"large":["https:\/\/veritasinfo.org\/wp-content\/uploads\/2026\/04\/image-31-1024x576.webp",640,360,true],"1536x1536":["https:\/\/veritasinfo.org\/wp-content\/uploads\/2026\/04\/image-31.webp",1245,700,false],"2048x2048":["https:\/\/veritasinfo.org\/wp-content\/uploads\/2026\/04\/image-31.webp",1245,700,false],"kreeti-slider-full":["https:\/\/veritasinfo.org\/wp-content\/uploads\/2026\/04\/image-31.webp",1245,700,false],"kreeti-featured":["https:\/\/veritasinfo.org\/wp-content\/uploads\/2026\/04\/image-31-1024x576.webp",1024,576,true],"kreeti-medium":["https:\/\/veritasinfo.org\/wp-content\/uploads\/2026\/04\/image-31-720x530.webp",720,530,true],"kreeti-medium-square":["https:\/\/veritasinfo.org\/wp-content\/uploads\/2026\/04\/image-31-350x350.webp",350,350,true]},"author_info":{"info":["US6"]},"category_info":"<a href=\"https:\/\/veritasinfo.org\/?cat=5\" rel=\"category\">Sport<\/a>","tag_info":"Sport","comment_count":"0","_links":{"self":[{"href":"https:\/\/veritasinfo.org\/index.php?rest_route=\/wp\/v2\/posts\/45526","targetHints":{"allow":["GET"]}}],"collection":[{"href":"https:\/\/veritasinfo.org\/index.php?rest_route=\/wp\/v2\/posts"}],"about":[{"href":"https:\/\/veritasinfo.org\/index.php?rest_route=\/wp\/v2\/types\/post"}],"author":[{"embeddable":true,"href":"https:\/\/veritasinfo.org\/index.php?rest_route=\/wp\/v2\/users\/7"}],"replies":[{"embeddable":true,"href":"https:\/\/veritasinfo.org\/index.php?rest_route=%2Fwp%2Fv2%2Fcomments&post=45526"}],"version-history":[{"count":1,"href":"https:\/\/veritasinfo.org\/index.php?rest_route=\/wp\/v2\/posts\/45526\/revisions"}],"predecessor-version":[{"id":45528,"href":"https:\/\/veritasinfo.org\/index.php?rest_route=\/wp\/v2\/posts\/45526\/revisions\/45528"}],"wp:featuredmedia":[{"embeddable":true,"href":"https:\/\/veritasinfo.org\/index.php?rest_route=\/wp\/v2\/media\/45527"}],"wp:attachment":[{"href":"https:\/\/veritasinfo.org\/index.php?rest_route=%2Fwp%2Fv2%2Fmedia&parent=45526"}],"wp:term":[{"taxonomy":"category","embeddable":true,"href":"https:\/\/veritasinfo.org\/index.php?rest_route=%2Fwp%2Fv2%2Fcategories&post=45526"},{"taxonomy":"post_tag","embeddable":true,"href":"https:\/\/veritasinfo.org\/index.php?rest_route=%2Fwp%2Fv2%2Ftags&post=45526"}],"curies":[{"name":"wp","href":"https:\/\/api.w.org\/{rel}","templated":true}]}}