{"id":4551,"date":"2025-07-20T19:56:04","date_gmt":"2025-07-20T17:56:04","guid":{"rendered":"https:\/\/veritasinfo.org\/?p=4551"},"modified":"2025-07-20T19:56:04","modified_gmt":"2025-07-20T17:56:04","slug":"per-keqperdorim-te-detyres-zyrtare-arrestohet-zyrtarja-policore-danijela-stankoviq","status":"publish","type":"post","link":"https:\/\/veritasinfo.org\/?p=4551","title":{"rendered":"P\u00ebr keqp\u00ebrdorim t\u00eb detyr\u00ebs zyrtare arrestohet zyrtarja policore Danijela Stankoviq"},"content":{"rendered":"<p>Prishtin\u00eb, 20 Korrik 2025<\/p>\n<p>Hetuesit e IPK-s\u00eb kan\u00eb arrestuar nj\u00eb zyrtare policore me dyshimin se e nj\u00ebjta ka kryer vepr\u00ebn penale t\u00eb \u201ckeqp\u00ebrdorimit t\u00eb pozit\u00ebs apo autoritetit zyrtar\u201d kurse me vendim t\u00eb prokurorit t\u00eb nj\u00ebjt\u00ebs i \u00ebsht\u00eb caktuar masa e ndalimit p\u00ebr 48 or\u00eb.<\/p>\n<p>Sipas raportimit t\u00eb mediave, zyrtarja e arrestuar \u00ebsht\u00eb: <strong><em>Daniela Stankoviq.<\/em><\/strong><\/p>\n<p>Bazuar n\u00eb autorizimet ligjore, Inspektorati Policor i Kosov\u00ebs ka rekomanduar edhe suspendimin e zyrtares policore e cila ishte e angazhuar me detyr\u00eb n\u00eb Pik\u00ebn e Kalimit Kufitar Gllobo\u00e7ic\u00eb, Drejtoria Rajonale e Policis\u00eb Kufitare Lindje \u2013 Ka\u00e7anik, njofton IPK.<\/p>\n<p>\u201cBazuar n\u00eb veprimet fillestare hetimore dyshohet se zyrtarja policore duke shfryt\u00ebzuar baz\u00ebn e t\u00eb dh\u00ebnave t\u00eb policis\u00eb kufitare n\u00eb m\u00ebnyr\u00eb t\u00eb paautorizuar, ka verifikuar dhe regjistruar n\u00eb sistemin t\u00eb dh\u00ebnat e nj\u00eb qytetari \u2013 shtetas i Republik\u00ebs s\u00eb Serbis\u00eb.<\/p>\n<p>Qytetari nuk ka qen\u00eb fare prezent n\u00eb k\u00ebt\u00eb pik\u00eb kalim kufitar kurse dyshimet jan\u00eb se zyrtarja policore ka b\u00ebr\u00eb k\u00ebt\u00eb regjistrim q\u00eb t\u00eb v\u00ebrtetonte n\u00ebse shtetasi i Republik\u00ebs s\u00eb Serbis\u00eb ishte apo jo n\u00eb k\u00ebrkim policor\u201d, thuhet n\u00eb njoftim.<\/p>\n<p>\u201cHetuesit e IPK-s\u00eb n\u00eb koordinim m\u00eb Prokurorin\u00eb Themelore n\u00eb Ferizaj do t\u00eb nd\u00ebrmarrin edhe veprime t\u00eb tjera hetimore p\u00ebr t\u00eb ndri\u00e7uar t\u00eb gjitha rrethanat e k\u00ebtij rasti\u201d, p\u00ebrfundon njoftimi.<\/p>\n<p>IPK arreston zyrtaren policore dyshohet se regjistroi nj\u00eb serb q\u00eb t\u00eb v\u00ebrtetonte n\u00ebse ishte n\u00eb k\u00ebrkim apo jo.<\/p>\n<p>Hetuesit e IPK-s\u00eb kan\u00eb arrestuar nj\u00eb zyrtare policore me dyshimin se e nj\u00ebjta ka kryer vepr\u00ebn penale t\u00eb \u201ckeqp\u00ebrdorimit t\u00eb pozit\u00ebs apo autoritetit zyrtar\u201d kurse me vendim t\u00eb prokurorit t\u00eb nj\u00ebjt\u00ebs i \u00ebsht\u00eb caktuar masa e ndalimit p\u00ebr 48 or\u00eb.<\/p>\n<p>Bazuar n\u00eb autorizimet ligjore, Inspektorati Policor i Kosov\u00ebs ka rekomanduar edhe suspendimin e zyrtares policore e cila ishte e angazhuar me detyr\u00eb n\u00eb Pik\u00ebn e Kalimit Kufitar Gllobo\u00e7ic\u00eb, Drejtoria Rajonale e Policis\u00eb Kufitare Lindje \u2013 Ka\u00e7anik, njofton IPK.<\/p>\n<p>\u201cBazuar n\u00eb veprimet fillestare hetimore dyshohet se zyrtarja policore duke shfryt\u00ebzuar baz\u00ebn e t\u00eb dh\u00ebnave t\u00eb policis\u00eb kufitare n\u00eb m\u00ebnyr\u00eb t\u00eb paautorizuar, ka verifikuar dhe regjistruar n\u00eb sistemin t\u00eb dh\u00ebnat e nj\u00eb qytetari \u2013 shtetas i Republik\u00ebs s\u00eb Serbis\u00eb.<\/p>\n","protected":false},"excerpt":{"rendered":"<p>Prishtin\u00eb, 20 Korrik 2025 Hetuesit e IPK-s\u00eb kan\u00eb arrestuar nj\u00eb zyrtare policore me dyshimin se e nj\u00ebjta ka kryer vepr\u00ebn penale t\u00eb \u201ckeqp\u00ebrdorimit t\u00eb pozit\u00ebs<\/p>\n","protected":false},"author":1,"featured_media":4549,"comment_status":"open","ping_status":"open","sticky":false,"template":"","format":"standard","meta":{"footnotes":""},"categories":[60],"tags":[],"class_list":["post-4551","post","type-post","status-publish","format-standard","has-post-thumbnail","hentry","category-shoqerore-sq"],"yoast_head":"<!-- This site is optimized with the Yoast SEO plugin v25.3.1 - https:\/\/yoast.com\/wordpress\/plugins\/seo\/ -->\n<title>P\u00ebr keqp\u00ebrdorim t\u00eb detyr\u00ebs zyrtare arrestohet zyrtarja policore Danijela Stankoviq -<\/title>\n<meta name=\"robots\" content=\"index, follow, max-snippet:-1, max-image-preview:large, max-video-preview:-1\" \/>\n<link rel=\"canonical\" href=\"https:\/\/veritasinfo.org\/?p=4551\" \/>\n<meta property=\"og:locale\" content=\"en_US\" \/>\n<meta property=\"og:type\" content=\"article\" \/>\n<meta property=\"og:title\" content=\"P\u00ebr keqp\u00ebrdorim t\u00eb detyr\u00ebs zyrtare arrestohet zyrtarja policore Danijela Stankoviq -\" \/>\n<meta property=\"og:description\" content=\"Prishtin\u00eb, 20 Korrik 2025 Hetuesit e IPK-s\u00eb kan\u00eb arrestuar nj\u00eb zyrtare policore me dyshimin se e nj\u00ebjta ka kryer vepr\u00ebn penale t\u00eb \u201ckeqp\u00ebrdorimit t\u00eb pozit\u00ebs\" \/>\n<meta property=\"og:url\" content=\"https:\/\/veritasinfo.org\/?p=4551\" \/>\n<meta property=\"article:published_time\" content=\"2025-07-20T17:56:04+00:00\" \/>\n<meta property=\"og:image\" content=\"https:\/\/veritasinfo.org\/wp-content\/uploads\/2025\/07\/IMG_2179.jpeg\" \/>\n\t<meta property=\"og:image:width\" content=\"1200\" \/>\n\t<meta property=\"og:image:height\" content=\"628\" \/>\n\t<meta property=\"og:image:type\" content=\"image\/jpeg\" \/>\n<meta name=\"author\" content=\"admin\" \/>\n<meta name=\"twitter:card\" content=\"summary_large_image\" \/>\n<meta name=\"twitter:label1\" content=\"Written by\" \/>\n\t<meta name=\"twitter:data1\" content=\"admin\" \/>\n\t<meta name=\"twitter:label2\" content=\"Est. reading time\" \/>\n\t<meta name=\"twitter:data2\" content=\"2 minutes\" \/>\n<script type=\"application\/ld+json\" class=\"yoast-schema-graph\">{\"@context\":\"https:\/\/schema.org\",\"@graph\":[{\"@type\":\"WebPage\",\"@id\":\"https:\/\/veritasinfo.org\/?p=4551\",\"url\":\"https:\/\/veritasinfo.org\/?p=4551\",\"name\":\"P\u00ebr keqp\u00ebrdorim t\u00eb detyr\u00ebs zyrtare arrestohet zyrtarja policore Danijela Stankoviq -\",\"isPartOf\":{\"@id\":\"https:\/\/veritasinfo.org\/#website\"},\"primaryImageOfPage\":{\"@id\":\"https:\/\/veritasinfo.org\/?p=4551#primaryimage\"},\"image\":{\"@id\":\"https:\/\/veritasinfo.org\/?p=4551#primaryimage\"},\"thumbnailUrl\":\"https:\/\/veritasinfo.org\/wp-content\/uploads\/2025\/07\/IMG_2179.jpeg\",\"datePublished\":\"2025-07-20T17:56:04+00:00\",\"author\":{\"@id\":\"https:\/\/veritasinfo.org\/#\/schema\/person\/7701f8c088bece422266b100a712374f\"},\"breadcrumb\":{\"@id\":\"https:\/\/veritasinfo.org\/?p=4551#breadcrumb\"},\"inLanguage\":\"en-US\",\"potentialAction\":[{\"@type\":\"ReadAction\",\"target\":[\"https:\/\/veritasinfo.org\/?p=4551\"]}]},{\"@type\":\"ImageObject\",\"inLanguage\":\"en-US\",\"@id\":\"https:\/\/veritasinfo.org\/?p=4551#primaryimage\",\"url\":\"https:\/\/veritasinfo.org\/wp-content\/uploads\/2025\/07\/IMG_2179.jpeg\",\"contentUrl\":\"https:\/\/veritasinfo.org\/wp-content\/uploads\/2025\/07\/IMG_2179.jpeg\",\"width\":1200,\"height\":628},{\"@type\":\"BreadcrumbList\",\"@id\":\"https:\/\/veritasinfo.org\/?p=4551#breadcrumb\",\"itemListElement\":[{\"@type\":\"ListItem\",\"position\":1,\"name\":\"Home\",\"item\":\"https:\/\/veritasinfo.org\/\"},{\"@type\":\"ListItem\",\"position\":2,\"name\":\"P\u00ebr keqp\u00ebrdorim t\u00eb detyr\u00ebs zyrtare arrestohet zyrtarja policore Danijela Stankoviq\"}]},{\"@type\":\"WebSite\",\"@id\":\"https:\/\/veritasinfo.org\/#website\",\"url\":\"https:\/\/veritasinfo.org\/\",\"name\":\"\",\"description\":\"\",\"potentialAction\":[{\"@type\":\"SearchAction\",\"target\":{\"@type\":\"EntryPoint\",\"urlTemplate\":\"https:\/\/veritasinfo.org\/?s={search_term_string}\"},\"query-input\":{\"@type\":\"PropertyValueSpecification\",\"valueRequired\":true,\"valueName\":\"search_term_string\"}}],\"inLanguage\":\"en-US\"},{\"@type\":\"Person\",\"@id\":\"https:\/\/veritasinfo.org\/#\/schema\/person\/7701f8c088bece422266b100a712374f\",\"name\":\"admin\",\"image\":{\"@type\":\"ImageObject\",\"inLanguage\":\"en-US\",\"@id\":\"https:\/\/veritasinfo.org\/#\/schema\/person\/image\/\",\"url\":\"https:\/\/secure.gravatar.com\/avatar\/ea53aa3bf6c9a12d5fde8ce4deff43fef3885ae33cf60184161a50d6987cfd2f?s=96&d=mm&r=g\",\"contentUrl\":\"https:\/\/secure.gravatar.com\/avatar\/ea53aa3bf6c9a12d5fde8ce4deff43fef3885ae33cf60184161a50d6987cfd2f?s=96&d=mm&r=g\",\"caption\":\"admin\"},\"sameAs\":[\"https:\/\/veritasinfo.org\"],\"url\":\"https:\/\/veritasinfo.org\/?author=1\"}]}<\/script>\n<!-- \/ Yoast SEO plugin. -->","yoast_head_json":{"title":"P\u00ebr keqp\u00ebrdorim t\u00eb detyr\u00ebs zyrtare arrestohet zyrtarja policore Danijela Stankoviq -","robots":{"index":"index","follow":"follow","max-snippet":"max-snippet:-1","max-image-preview":"max-image-preview:large","max-video-preview":"max-video-preview:-1"},"canonical":"https:\/\/veritasinfo.org\/?p=4551","og_locale":"en_US","og_type":"article","og_title":"P\u00ebr keqp\u00ebrdorim t\u00eb detyr\u00ebs zyrtare arrestohet zyrtarja policore Danijela Stankoviq -","og_description":"Prishtin\u00eb, 20 Korrik 2025 Hetuesit e IPK-s\u00eb kan\u00eb arrestuar nj\u00eb zyrtare policore me dyshimin se e nj\u00ebjta ka kryer vepr\u00ebn penale t\u00eb \u201ckeqp\u00ebrdorimit t\u00eb pozit\u00ebs","og_url":"https:\/\/veritasinfo.org\/?p=4551","article_published_time":"2025-07-20T17:56:04+00:00","og_image":[{"width":1200,"height":628,"url":"https:\/\/veritasinfo.org\/wp-content\/uploads\/2025\/07\/IMG_2179.jpeg","type":"image\/jpeg"}],"author":"admin","twitter_card":"summary_large_image","twitter_misc":{"Written by":"admin","Est. reading time":"2 minutes"},"schema":{"@context":"https:\/\/schema.org","@graph":[{"@type":"WebPage","@id":"https:\/\/veritasinfo.org\/?p=4551","url":"https:\/\/veritasinfo.org\/?p=4551","name":"P\u00ebr keqp\u00ebrdorim t\u00eb detyr\u00ebs zyrtare arrestohet zyrtarja policore Danijela Stankoviq -","isPartOf":{"@id":"https:\/\/veritasinfo.org\/#website"},"primaryImageOfPage":{"@id":"https:\/\/veritasinfo.org\/?p=4551#primaryimage"},"image":{"@id":"https:\/\/veritasinfo.org\/?p=4551#primaryimage"},"thumbnailUrl":"https:\/\/veritasinfo.org\/wp-content\/uploads\/2025\/07\/IMG_2179.jpeg","datePublished":"2025-07-20T17:56:04+00:00","author":{"@id":"https:\/\/veritasinfo.org\/#\/schema\/person\/7701f8c088bece422266b100a712374f"},"breadcrumb":{"@id":"https:\/\/veritasinfo.org\/?p=4551#breadcrumb"},"inLanguage":"en-US","potentialAction":[{"@type":"ReadAction","target":["https:\/\/veritasinfo.org\/?p=4551"]}]},{"@type":"ImageObject","inLanguage":"en-US","@id":"https:\/\/veritasinfo.org\/?p=4551#primaryimage","url":"https:\/\/veritasinfo.org\/wp-content\/uploads\/2025\/07\/IMG_2179.jpeg","contentUrl":"https:\/\/veritasinfo.org\/wp-content\/uploads\/2025\/07\/IMG_2179.jpeg","width":1200,"height":628},{"@type":"BreadcrumbList","@id":"https:\/\/veritasinfo.org\/?p=4551#breadcrumb","itemListElement":[{"@type":"ListItem","position":1,"name":"Home","item":"https:\/\/veritasinfo.org\/"},{"@type":"ListItem","position":2,"name":"P\u00ebr keqp\u00ebrdorim t\u00eb detyr\u00ebs zyrtare arrestohet zyrtarja policore Danijela Stankoviq"}]},{"@type":"WebSite","@id":"https:\/\/veritasinfo.org\/#website","url":"https:\/\/veritasinfo.org\/","name":"","description":"","potentialAction":[{"@type":"SearchAction","target":{"@type":"EntryPoint","urlTemplate":"https:\/\/veritasinfo.org\/?s={search_term_string}"},"query-input":{"@type":"PropertyValueSpecification","valueRequired":true,"valueName":"search_term_string"}}],"inLanguage":"en-US"},{"@type":"Person","@id":"https:\/\/veritasinfo.org\/#\/schema\/person\/7701f8c088bece422266b100a712374f","name":"admin","image":{"@type":"ImageObject","inLanguage":"en-US","@id":"https:\/\/veritasinfo.org\/#\/schema\/person\/image\/","url":"https:\/\/secure.gravatar.com\/avatar\/ea53aa3bf6c9a12d5fde8ce4deff43fef3885ae33cf60184161a50d6987cfd2f?s=96&d=mm&r=g","contentUrl":"https:\/\/secure.gravatar.com\/avatar\/ea53aa3bf6c9a12d5fde8ce4deff43fef3885ae33cf60184161a50d6987cfd2f?s=96&d=mm&r=g","caption":"admin"},"sameAs":["https:\/\/veritasinfo.org"],"url":"https:\/\/veritasinfo.org\/?author=1"}]}},"featured_image_urls":{"full":["https:\/\/veritasinfo.org\/wp-content\/uploads\/2025\/07\/IMG_2179.jpeg",1200,628,false],"thumbnail":["https:\/\/veritasinfo.org\/wp-content\/uploads\/2025\/07\/IMG_2179-150x150.jpeg",150,150,true],"medium":["https:\/\/veritasinfo.org\/wp-content\/uploads\/2025\/07\/IMG_2179-300x157.jpeg",300,157,true],"medium_large":["https:\/\/veritasinfo.org\/wp-content\/uploads\/2025\/07\/IMG_2179-768x402.jpeg",640,335,true],"large":["https:\/\/veritasinfo.org\/wp-content\/uploads\/2025\/07\/IMG_2179-1024x536.jpeg",640,335,true],"1536x1536":["https:\/\/veritasinfo.org\/wp-content\/uploads\/2025\/07\/IMG_2179.jpeg",1200,628,false],"2048x2048":["https:\/\/veritasinfo.org\/wp-content\/uploads\/2025\/07\/IMG_2179.jpeg",1200,628,false],"kreeti-slider-full":["https:\/\/veritasinfo.org\/wp-content\/uploads\/2025\/07\/IMG_2179.jpeg",1200,628,false],"kreeti-featured":["https:\/\/veritasinfo.org\/wp-content\/uploads\/2025\/07\/IMG_2179.jpeg",1024,536,false],"kreeti-medium":["https:\/\/veritasinfo.org\/wp-content\/uploads\/2025\/07\/IMG_2179.jpeg",720,377,false],"kreeti-medium-square":["https:\/\/veritasinfo.org\/wp-content\/uploads\/2025\/07\/IMG_2179.jpeg",350,183,false]},"author_info":{"info":["admin"]},"category_info":"<a href=\"https:\/\/veritasinfo.org\/?cat=60\" rel=\"category\">Shoq\u00ebrore<\/a>","tag_info":"Shoq\u00ebrore","comment_count":"0","_links":{"self":[{"href":"https:\/\/veritasinfo.org\/index.php?rest_route=\/wp\/v2\/posts\/4551","targetHints":{"allow":["GET"]}}],"collection":[{"href":"https:\/\/veritasinfo.org\/index.php?rest_route=\/wp\/v2\/posts"}],"about":[{"href":"https:\/\/veritasinfo.org\/index.php?rest_route=\/wp\/v2\/types\/post"}],"author":[{"embeddable":true,"href":"https:\/\/veritasinfo.org\/index.php?rest_route=\/wp\/v2\/users\/1"}],"replies":[{"embeddable":true,"href":"https:\/\/veritasinfo.org\/index.php?rest_route=%2Fwp%2Fv2%2Fcomments&post=4551"}],"version-history":[{"count":1,"href":"https:\/\/veritasinfo.org\/index.php?rest_route=\/wp\/v2\/posts\/4551\/revisions"}],"predecessor-version":[{"id":4552,"href":"https:\/\/veritasinfo.org\/index.php?rest_route=\/wp\/v2\/posts\/4551\/revisions\/4552"}],"wp:featuredmedia":[{"embeddable":true,"href":"https:\/\/veritasinfo.org\/index.php?rest_route=\/wp\/v2\/media\/4549"}],"wp:attachment":[{"href":"https:\/\/veritasinfo.org\/index.php?rest_route=%2Fwp%2Fv2%2Fmedia&parent=4551"}],"wp:term":[{"taxonomy":"category","embeddable":true,"href":"https:\/\/veritasinfo.org\/index.php?rest_route=%2Fwp%2Fv2%2Fcategories&post=4551"},{"taxonomy":"post_tag","embeddable":true,"href":"https:\/\/veritasinfo.org\/index.php?rest_route=%2Fwp%2Fv2%2Ftags&post=4551"}],"curies":[{"name":"wp","href":"https:\/\/api.w.org\/{rel}","templated":true}]}}