{"id":45492,"date":"2026-04-28T17:37:14","date_gmt":"2026-04-28T15:37:14","guid":{"rendered":"https:\/\/veritasinfo.org\/?p=45492"},"modified":"2026-04-28T17:37:14","modified_gmt":"2026-04-28T15:37:14","slug":"kurti-sinoc-sam-pisao-hamzi-i-abdidziju-ali-nisu-odgovorili-po-pitanju-predsednika","status":"publish","type":"post","link":"https:\/\/veritasinfo.org\/?p=45492&lang=sr","title":{"rendered":"Kurti: Sinoc\u0301 sam pisao Hamzi i Abdid\u017eiju, ali nisu odgovorili po pitanju predsednika"},"content":{"rendered":"<p>Pri\u0161tina, 28. april 2026. 17:34<\/p>\n<p>Premijer Kosova i lider pokreta Samoopredeljenje, Albin Kurti, izjavio je da je u stalnoj komunikaciji sa opozicionim strankama u vezi sa predlozima za predsedni\u010dke kandidate, Feride Ru\u0161iti i Hatid\u017ee Hod\u017eu, ali prema njegovim re\u010dima, nije dobio odgovor od njih.<\/p>\n<p>Na konferenciji za novinare, Kurti je rekao da su kontakti sa liderima opozicije ostvareni i putem direktnih poruka, ali bez rezultata.<\/p>\n<p>\u201eSinoc\u0301 oko 21:00 pisao sam Bedriju Hamzi i Ljumiru Abdid\u017eiju, ali mi nisu odgovorili. Nisu pokazali spremnost za komunikaciju\u201c, rekao je Kurti.<\/p>\n<p>Dodao je da su predlozi za predsedni\u010dke kandidate do\u0161li u vreme neizvesnosti oko roka, da li je zavr\u0161en sinoc\u0301 ili ve\u010deras, isti\u010duc\u0301i da je cilj bio po\u0161tovanje institucionalnih procedura.<\/p>\n<p>U tom kontekstu, Kurti je kritikovao opoziciju zbog nedostatka saradnje, rekav\u0161i da, za razliku od pro\u0161losti, trenutno nema napora za otvoreni dijalog.<\/p>\n<p>\u201eImate premijera koji stalno tra\u017ei sastanke sa liderima opozicije, ali oni ne samo da ne odgovaraju, vec\u0301 \u010desto \u010dak ni ne uzvrac\u0301aju telefonske poruke\u201c, rekao je<\/p>\n","protected":false},"excerpt":{"rendered":"<p>Pri\u0161tina, 28. april 2026. 17:34 Premijer Kosova i lider pokreta Samoopredeljenje, Albin Kurti, izjavio je da je u stalnoj komunikaciji sa opozicionim strankama u vezi<\/p>\n","protected":false},"author":7,"featured_media":45493,"comment_status":"open","ping_status":"open","sticky":false,"template":"","format":"standard","meta":{"footnotes":""},"categories":[28],"tags":[],"class_list":["post-45492","post","type-post","status-publish","format-standard","has-post-thumbnail","hentry","category-politika"],"yoast_head":"<!-- This site is optimized with the Yoast SEO plugin v25.3.1 - https:\/\/yoast.com\/wordpress\/plugins\/seo\/ -->\n<title>Kurti: Sinoc\u0301 sam pisao Hamzi i Abdid\u017eiju, ali nisu odgovorili po pitanju predsednika -<\/title>\n<meta name=\"robots\" content=\"index, follow, max-snippet:-1, max-image-preview:large, max-video-preview:-1\" \/>\n<link rel=\"canonical\" href=\"https:\/\/veritasinfo.org\/?p=45492&lang=sr\" \/>\n<meta property=\"og:locale\" content=\"en_US\" \/>\n<meta property=\"og:type\" content=\"article\" \/>\n<meta property=\"og:title\" content=\"Kurti: Sinoc\u0301 sam pisao Hamzi i Abdid\u017eiju, ali nisu odgovorili po pitanju predsednika -\" \/>\n<meta property=\"og:description\" content=\"Pri\u0161tina, 28. april 2026. 17:34 Premijer Kosova i lider pokreta Samoopredeljenje, Albin Kurti, izjavio je da je u stalnoj komunikaciji sa opozicionim strankama u vezi\" \/>\n<meta property=\"og:url\" content=\"https:\/\/veritasinfo.org\/?p=45492&amp;lang=sr\" \/>\n<meta property=\"article:published_time\" content=\"2026-04-28T15:37:14+00:00\" \/>\n<meta property=\"og:image\" content=\"https:\/\/veritasinfo.org\/wp-content\/uploads\/2026\/04\/Abdixhiku-Kurti-Hamza-1.jpg\" \/>\n\t<meta property=\"og:image:width\" content=\"999\" \/>\n\t<meta property=\"og:image:height\" content=\"579\" \/>\n\t<meta property=\"og:image:type\" content=\"image\/jpeg\" \/>\n<meta name=\"author\" content=\"US6\" \/>\n<meta name=\"twitter:card\" content=\"summary_large_image\" \/>\n<meta name=\"twitter:label1\" content=\"Written by\" \/>\n\t<meta name=\"twitter:data1\" content=\"US6\" \/>\n\t<meta name=\"twitter:label2\" content=\"Est. reading time\" \/>\n\t<meta name=\"twitter:data2\" content=\"1 minute\" \/>\n<script type=\"application\/ld+json\" class=\"yoast-schema-graph\">{\"@context\":\"https:\/\/schema.org\",\"@graph\":[{\"@type\":\"WebPage\",\"@id\":\"https:\/\/veritasinfo.org\/?p=45492&lang=sr\",\"url\":\"https:\/\/veritasinfo.org\/?p=45492&lang=sr\",\"name\":\"Kurti: Sinoc\u0301 sam pisao Hamzi i Abdid\u017eiju, ali nisu odgovorili po pitanju predsednika -\",\"isPartOf\":{\"@id\":\"https:\/\/veritasinfo.org\/#website\"},\"primaryImageOfPage\":{\"@id\":\"https:\/\/veritasinfo.org\/?p=45492&lang=sr#primaryimage\"},\"image\":{\"@id\":\"https:\/\/veritasinfo.org\/?p=45492&lang=sr#primaryimage\"},\"thumbnailUrl\":\"https:\/\/veritasinfo.org\/wp-content\/uploads\/2026\/04\/Abdixhiku-Kurti-Hamza-1.jpg\",\"datePublished\":\"2026-04-28T15:37:14+00:00\",\"author\":{\"@id\":\"https:\/\/veritasinfo.org\/#\/schema\/person\/fe199eede04c3937362892b7444747cc\"},\"breadcrumb\":{\"@id\":\"https:\/\/veritasinfo.org\/?p=45492&lang=sr#breadcrumb\"},\"inLanguage\":\"en-US\",\"potentialAction\":[{\"@type\":\"ReadAction\",\"target\":[\"https:\/\/veritasinfo.org\/?p=45492&lang=sr\"]}]},{\"@type\":\"ImageObject\",\"inLanguage\":\"en-US\",\"@id\":\"https:\/\/veritasinfo.org\/?p=45492&lang=sr#primaryimage\",\"url\":\"https:\/\/veritasinfo.org\/wp-content\/uploads\/2026\/04\/Abdixhiku-Kurti-Hamza-1.jpg\",\"contentUrl\":\"https:\/\/veritasinfo.org\/wp-content\/uploads\/2026\/04\/Abdixhiku-Kurti-Hamza-1.jpg\",\"width\":999,\"height\":579},{\"@type\":\"BreadcrumbList\",\"@id\":\"https:\/\/veritasinfo.org\/?p=45492&lang=sr#breadcrumb\",\"itemListElement\":[{\"@type\":\"ListItem\",\"position\":1,\"name\":\"Home\",\"item\":\"https:\/\/veritasinfo.org\/\"},{\"@type\":\"ListItem\",\"position\":2,\"name\":\"Kurti: Sinoc\u0301 sam pisao Hamzi i Abdid\u017eiju, ali nisu odgovorili po pitanju predsednika\"}]},{\"@type\":\"WebSite\",\"@id\":\"https:\/\/veritasinfo.org\/#website\",\"url\":\"https:\/\/veritasinfo.org\/\",\"name\":\"\",\"description\":\"\",\"potentialAction\":[{\"@type\":\"SearchAction\",\"target\":{\"@type\":\"EntryPoint\",\"urlTemplate\":\"https:\/\/veritasinfo.org\/?s={search_term_string}\"},\"query-input\":{\"@type\":\"PropertyValueSpecification\",\"valueRequired\":true,\"valueName\":\"search_term_string\"}}],\"inLanguage\":\"en-US\"},{\"@type\":\"Person\",\"@id\":\"https:\/\/veritasinfo.org\/#\/schema\/person\/fe199eede04c3937362892b7444747cc\",\"name\":\"US6\",\"image\":{\"@type\":\"ImageObject\",\"inLanguage\":\"en-US\",\"@id\":\"https:\/\/veritasinfo.org\/#\/schema\/person\/image\/\",\"url\":\"https:\/\/secure.gravatar.com\/avatar\/cb16c3c31c9d23b9b8c705964598220b3014e42ff51eb540ff23cefa3ae8c15f?s=96&d=mm&r=g\",\"contentUrl\":\"https:\/\/secure.gravatar.com\/avatar\/cb16c3c31c9d23b9b8c705964598220b3014e42ff51eb540ff23cefa3ae8c15f?s=96&d=mm&r=g\",\"caption\":\"US6\"},\"url\":\"https:\/\/veritasinfo.org\/?author=7\"}]}<\/script>\n<!-- \/ Yoast SEO plugin. -->","yoast_head_json":{"title":"Kurti: Sinoc\u0301 sam pisao Hamzi i Abdid\u017eiju, ali nisu odgovorili po pitanju predsednika -","robots":{"index":"index","follow":"follow","max-snippet":"max-snippet:-1","max-image-preview":"max-image-preview:large","max-video-preview":"max-video-preview:-1"},"canonical":"https:\/\/veritasinfo.org\/?p=45492&lang=sr","og_locale":"en_US","og_type":"article","og_title":"Kurti: Sinoc\u0301 sam pisao Hamzi i Abdid\u017eiju, ali nisu odgovorili po pitanju predsednika -","og_description":"Pri\u0161tina, 28. april 2026. 17:34 Premijer Kosova i lider pokreta Samoopredeljenje, Albin Kurti, izjavio je da je u stalnoj komunikaciji sa opozicionim strankama u vezi","og_url":"https:\/\/veritasinfo.org\/?p=45492&lang=sr","article_published_time":"2026-04-28T15:37:14+00:00","og_image":[{"width":999,"height":579,"url":"https:\/\/veritasinfo.org\/wp-content\/uploads\/2026\/04\/Abdixhiku-Kurti-Hamza-1.jpg","type":"image\/jpeg"}],"author":"US6","twitter_card":"summary_large_image","twitter_misc":{"Written by":"US6","Est. reading time":"1 minute"},"schema":{"@context":"https:\/\/schema.org","@graph":[{"@type":"WebPage","@id":"https:\/\/veritasinfo.org\/?p=45492&lang=sr","url":"https:\/\/veritasinfo.org\/?p=45492&lang=sr","name":"Kurti: Sinoc\u0301 sam pisao Hamzi i Abdid\u017eiju, ali nisu odgovorili po pitanju predsednika -","isPartOf":{"@id":"https:\/\/veritasinfo.org\/#website"},"primaryImageOfPage":{"@id":"https:\/\/veritasinfo.org\/?p=45492&lang=sr#primaryimage"},"image":{"@id":"https:\/\/veritasinfo.org\/?p=45492&lang=sr#primaryimage"},"thumbnailUrl":"https:\/\/veritasinfo.org\/wp-content\/uploads\/2026\/04\/Abdixhiku-Kurti-Hamza-1.jpg","datePublished":"2026-04-28T15:37:14+00:00","author":{"@id":"https:\/\/veritasinfo.org\/#\/schema\/person\/fe199eede04c3937362892b7444747cc"},"breadcrumb":{"@id":"https:\/\/veritasinfo.org\/?p=45492&lang=sr#breadcrumb"},"inLanguage":"en-US","potentialAction":[{"@type":"ReadAction","target":["https:\/\/veritasinfo.org\/?p=45492&lang=sr"]}]},{"@type":"ImageObject","inLanguage":"en-US","@id":"https:\/\/veritasinfo.org\/?p=45492&lang=sr#primaryimage","url":"https:\/\/veritasinfo.org\/wp-content\/uploads\/2026\/04\/Abdixhiku-Kurti-Hamza-1.jpg","contentUrl":"https:\/\/veritasinfo.org\/wp-content\/uploads\/2026\/04\/Abdixhiku-Kurti-Hamza-1.jpg","width":999,"height":579},{"@type":"BreadcrumbList","@id":"https:\/\/veritasinfo.org\/?p=45492&lang=sr#breadcrumb","itemListElement":[{"@type":"ListItem","position":1,"name":"Home","item":"https:\/\/veritasinfo.org\/"},{"@type":"ListItem","position":2,"name":"Kurti: Sinoc\u0301 sam pisao Hamzi i Abdid\u017eiju, ali nisu odgovorili po pitanju predsednika"}]},{"@type":"WebSite","@id":"https:\/\/veritasinfo.org\/#website","url":"https:\/\/veritasinfo.org\/","name":"","description":"","potentialAction":[{"@type":"SearchAction","target":{"@type":"EntryPoint","urlTemplate":"https:\/\/veritasinfo.org\/?s={search_term_string}"},"query-input":{"@type":"PropertyValueSpecification","valueRequired":true,"valueName":"search_term_string"}}],"inLanguage":"en-US"},{"@type":"Person","@id":"https:\/\/veritasinfo.org\/#\/schema\/person\/fe199eede04c3937362892b7444747cc","name":"US6","image":{"@type":"ImageObject","inLanguage":"en-US","@id":"https:\/\/veritasinfo.org\/#\/schema\/person\/image\/","url":"https:\/\/secure.gravatar.com\/avatar\/cb16c3c31c9d23b9b8c705964598220b3014e42ff51eb540ff23cefa3ae8c15f?s=96&d=mm&r=g","contentUrl":"https:\/\/secure.gravatar.com\/avatar\/cb16c3c31c9d23b9b8c705964598220b3014e42ff51eb540ff23cefa3ae8c15f?s=96&d=mm&r=g","caption":"US6"},"url":"https:\/\/veritasinfo.org\/?author=7"}]}},"featured_image_urls":{"full":["https:\/\/veritasinfo.org\/wp-content\/uploads\/2026\/04\/Abdixhiku-Kurti-Hamza-1.jpg",999,579,false],"thumbnail":["https:\/\/veritasinfo.org\/wp-content\/uploads\/2026\/04\/Abdixhiku-Kurti-Hamza-1-150x150.jpg",150,150,true],"medium":["https:\/\/veritasinfo.org\/wp-content\/uploads\/2026\/04\/Abdixhiku-Kurti-Hamza-1-300x174.jpg",300,174,true],"medium_large":["https:\/\/veritasinfo.org\/wp-content\/uploads\/2026\/04\/Abdixhiku-Kurti-Hamza-1-768x445.jpg",640,371,true],"large":["https:\/\/veritasinfo.org\/wp-content\/uploads\/2026\/04\/Abdixhiku-Kurti-Hamza-1.jpg",640,371,false],"1536x1536":["https:\/\/veritasinfo.org\/wp-content\/uploads\/2026\/04\/Abdixhiku-Kurti-Hamza-1.jpg",999,579,false],"2048x2048":["https:\/\/veritasinfo.org\/wp-content\/uploads\/2026\/04\/Abdixhiku-Kurti-Hamza-1.jpg",999,579,false],"kreeti-slider-full":["https:\/\/veritasinfo.org\/wp-content\/uploads\/2026\/04\/Abdixhiku-Kurti-Hamza-1.jpg",999,579,false],"kreeti-featured":["https:\/\/veritasinfo.org\/wp-content\/uploads\/2026\/04\/Abdixhiku-Kurti-Hamza-1.jpg",999,579,false],"kreeti-medium":["https:\/\/veritasinfo.org\/wp-content\/uploads\/2026\/04\/Abdixhiku-Kurti-Hamza-1-720x530.jpg",720,530,true],"kreeti-medium-square":["https:\/\/veritasinfo.org\/wp-content\/uploads\/2026\/04\/Abdixhiku-Kurti-Hamza-1-350x350.jpg",350,350,true]},"author_info":{"info":["US6"]},"category_info":"<a href=\"https:\/\/veritasinfo.org\/?cat=28&#038;lang=sr\" rel=\"category\">Politika<\/a>","tag_info":"Politika","comment_count":"0","_links":{"self":[{"href":"https:\/\/veritasinfo.org\/index.php?rest_route=\/wp\/v2\/posts\/45492","targetHints":{"allow":["GET"]}}],"collection":[{"href":"https:\/\/veritasinfo.org\/index.php?rest_route=\/wp\/v2\/posts"}],"about":[{"href":"https:\/\/veritasinfo.org\/index.php?rest_route=\/wp\/v2\/types\/post"}],"author":[{"embeddable":true,"href":"https:\/\/veritasinfo.org\/index.php?rest_route=\/wp\/v2\/users\/7"}],"replies":[{"embeddable":true,"href":"https:\/\/veritasinfo.org\/index.php?rest_route=%2Fwp%2Fv2%2Fcomments&post=45492"}],"version-history":[{"count":1,"href":"https:\/\/veritasinfo.org\/index.php?rest_route=\/wp\/v2\/posts\/45492\/revisions"}],"predecessor-version":[{"id":45494,"href":"https:\/\/veritasinfo.org\/index.php?rest_route=\/wp\/v2\/posts\/45492\/revisions\/45494"}],"wp:featuredmedia":[{"embeddable":true,"href":"https:\/\/veritasinfo.org\/index.php?rest_route=\/wp\/v2\/media\/45493"}],"wp:attachment":[{"href":"https:\/\/veritasinfo.org\/index.php?rest_route=%2Fwp%2Fv2%2Fmedia&parent=45492"}],"wp:term":[{"taxonomy":"category","embeddable":true,"href":"https:\/\/veritasinfo.org\/index.php?rest_route=%2Fwp%2Fv2%2Fcategories&post=45492"},{"taxonomy":"post_tag","embeddable":true,"href":"https:\/\/veritasinfo.org\/index.php?rest_route=%2Fwp%2Fv2%2Ftags&post=45492"}],"curies":[{"name":"wp","href":"https:\/\/api.w.org\/{rel}","templated":true}]}}