{"id":45489,"date":"2026-04-28T17:34:52","date_gmt":"2026-04-28T15:34:52","guid":{"rendered":"https:\/\/veritasinfo.org\/?p=45489"},"modified":"2026-04-28T17:34:52","modified_gmt":"2026-04-28T15:34:52","slug":"kurti-mbreme-u-kam-shkruar-hamzes-dhe-abdixhikut-por-nuk-jane-pergjigjur-per-ceshtjen-e-presidentit","status":"publish","type":"post","link":"https:\/\/veritasinfo.org\/?p=45489","title":{"rendered":"Kurti: Mbr\u00ebm\u00eb u kam shkruar Hamz\u00ebs dhe Abdixhikut, por nuk jan\u00eb p\u00ebrgjigjur p\u00ebr \u00e7\u00ebshtjen e presidentit"},"content":{"rendered":"<p>Prishtin\u00eb, 28 prill 2026 17:34<\/p>\n<p>Kryeministri i Kosova dhe kryetari i L\u00ebvizja Vet\u00ebvendosje, Albin Kurti, ka deklaruar se \u00ebsht\u00eb n\u00eb komunikim t\u00eb vazhduesh\u00ebm me partit\u00eb opozitare lidhur me propozimet p\u00ebr kandidatet p\u00ebr presidente, Feride Rushiti dhe Hatixhe Hoxha, por sipas tij nuk ka marr\u00eb p\u00ebrgjigje nga ana e tyre.<\/p>\n<p>N\u00eb nj\u00eb konferenc\u00eb p\u00ebr media, Kurti tha se kontaktet me lider\u00ebt opozitar\u00eb jan\u00eb b\u00ebr\u00eb edhe me mesazhe direkte, por pa rezultat.<\/p>\n<p>\u201cMbr\u00ebm\u00eb rreth or\u00ebs 21:00 ju kam shkruar Bedri Hamz\u00ebs dhe Lumir Abdixhikut, por nuk m\u00eb kan\u00eb kthyer p\u00ebrgjigje. Ata nuk kan\u00eb treguar gatishm\u00ebri p\u00ebr komunikim\u201d, u shpreh Kurti.<\/p>\n<p>Ai shtoi se propozimet p\u00ebr kandidatet p\u00ebr presidente kan\u00eb ardhur n\u00eb nj\u00eb moment paqart\u00ebsie rreth afatit t\u00eb fundit, n\u00ebse ai p\u00ebrfundonte mbr\u00ebm\u00eb apo sonte, duke theksuar se q\u00ebllimi ka qen\u00eb respektimi i procedurave institucionale.<\/p>\n<p>N\u00eb k\u00ebt\u00eb kontekst, Kurti kritikoi opozit\u00ebn p\u00ebr munges\u00eb bashk\u00ebpunimi, duke th\u00ebn\u00eb se ndryshe nga e kaluara, aktualisht nuk ka p\u00ebrpjekje p\u00ebr dialog t\u00eb hapur.<\/p>\n<p>\u201cKeni nj\u00eb kryeminist\u00ebr q\u00eb vazhdimisht k\u00ebrkon takime me krer\u00ebt e opozit\u00ebs, por ata jo vet\u00ebm q\u00eb nuk p\u00ebrgjigjen, por shpeshher\u00eb nuk kthejn\u00eb as mesazhet telefonike\u201d, tha ai.<\/p>\n","protected":false},"excerpt":{"rendered":"<p>Prishtin\u00eb, 28 prill 2026 17:34 Kryeministri i Kosova dhe kryetari i L\u00ebvizja Vet\u00ebvendosje, Albin Kurti, ka deklaruar se \u00ebsht\u00eb n\u00eb komunikim t\u00eb vazhduesh\u00ebm me partit\u00eb<\/p>\n","protected":false},"author":7,"featured_media":45490,"comment_status":"open","ping_status":"open","sticky":false,"template":"","format":"standard","meta":{"footnotes":""},"categories":[58],"tags":[],"class_list":["post-45489","post","type-post","status-publish","format-standard","has-post-thumbnail","hentry","category-politike-sq"],"yoast_head":"<!-- This site is optimized with the Yoast SEO plugin v25.3.1 - https:\/\/yoast.com\/wordpress\/plugins\/seo\/ -->\n<title>Kurti: Mbr\u00ebm\u00eb u kam shkruar Hamz\u00ebs dhe Abdixhikut, por nuk jan\u00eb p\u00ebrgjigjur p\u00ebr \u00e7\u00ebshtjen e presidentit -<\/title>\n<meta name=\"robots\" content=\"index, follow, max-snippet:-1, max-image-preview:large, max-video-preview:-1\" \/>\n<link rel=\"canonical\" href=\"https:\/\/veritasinfo.org\/?p=45489\" \/>\n<meta property=\"og:locale\" content=\"en_US\" \/>\n<meta property=\"og:type\" content=\"article\" \/>\n<meta property=\"og:title\" content=\"Kurti: Mbr\u00ebm\u00eb u kam shkruar Hamz\u00ebs dhe Abdixhikut, por nuk jan\u00eb p\u00ebrgjigjur p\u00ebr \u00e7\u00ebshtjen e presidentit -\" \/>\n<meta property=\"og:description\" content=\"Prishtin\u00eb, 28 prill 2026 17:34 Kryeministri i Kosova dhe kryetari i L\u00ebvizja Vet\u00ebvendosje, Albin Kurti, ka deklaruar se \u00ebsht\u00eb n\u00eb komunikim t\u00eb vazhduesh\u00ebm me partit\u00eb\" \/>\n<meta property=\"og:url\" content=\"https:\/\/veritasinfo.org\/?p=45489\" \/>\n<meta property=\"article:published_time\" content=\"2026-04-28T15:34:52+00:00\" \/>\n<meta property=\"og:image\" content=\"https:\/\/veritasinfo.org\/wp-content\/uploads\/2026\/04\/Abdixhiku-Kurti-Hamza.jpg\" \/>\n\t<meta property=\"og:image:width\" content=\"999\" \/>\n\t<meta property=\"og:image:height\" content=\"579\" \/>\n\t<meta property=\"og:image:type\" content=\"image\/jpeg\" \/>\n<meta name=\"author\" content=\"US6\" \/>\n<meta name=\"twitter:card\" content=\"summary_large_image\" \/>\n<meta name=\"twitter:label1\" content=\"Written by\" \/>\n\t<meta name=\"twitter:data1\" content=\"US6\" \/>\n\t<meta name=\"twitter:label2\" content=\"Est. reading time\" \/>\n\t<meta name=\"twitter:data2\" content=\"1 minute\" \/>\n<script type=\"application\/ld+json\" class=\"yoast-schema-graph\">{\"@context\":\"https:\/\/schema.org\",\"@graph\":[{\"@type\":\"WebPage\",\"@id\":\"https:\/\/veritasinfo.org\/?p=45489\",\"url\":\"https:\/\/veritasinfo.org\/?p=45489\",\"name\":\"Kurti: Mbr\u00ebm\u00eb u kam shkruar Hamz\u00ebs dhe Abdixhikut, por nuk jan\u00eb p\u00ebrgjigjur p\u00ebr \u00e7\u00ebshtjen e presidentit -\",\"isPartOf\":{\"@id\":\"https:\/\/veritasinfo.org\/#website\"},\"primaryImageOfPage\":{\"@id\":\"https:\/\/veritasinfo.org\/?p=45489#primaryimage\"},\"image\":{\"@id\":\"https:\/\/veritasinfo.org\/?p=45489#primaryimage\"},\"thumbnailUrl\":\"https:\/\/veritasinfo.org\/wp-content\/uploads\/2026\/04\/Abdixhiku-Kurti-Hamza.jpg\",\"datePublished\":\"2026-04-28T15:34:52+00:00\",\"author\":{\"@id\":\"https:\/\/veritasinfo.org\/#\/schema\/person\/fe199eede04c3937362892b7444747cc\"},\"breadcrumb\":{\"@id\":\"https:\/\/veritasinfo.org\/?p=45489#breadcrumb\"},\"inLanguage\":\"en-US\",\"potentialAction\":[{\"@type\":\"ReadAction\",\"target\":[\"https:\/\/veritasinfo.org\/?p=45489\"]}]},{\"@type\":\"ImageObject\",\"inLanguage\":\"en-US\",\"@id\":\"https:\/\/veritasinfo.org\/?p=45489#primaryimage\",\"url\":\"https:\/\/veritasinfo.org\/wp-content\/uploads\/2026\/04\/Abdixhiku-Kurti-Hamza.jpg\",\"contentUrl\":\"https:\/\/veritasinfo.org\/wp-content\/uploads\/2026\/04\/Abdixhiku-Kurti-Hamza.jpg\",\"width\":999,\"height\":579},{\"@type\":\"BreadcrumbList\",\"@id\":\"https:\/\/veritasinfo.org\/?p=45489#breadcrumb\",\"itemListElement\":[{\"@type\":\"ListItem\",\"position\":1,\"name\":\"Home\",\"item\":\"https:\/\/veritasinfo.org\/\"},{\"@type\":\"ListItem\",\"position\":2,\"name\":\"Kurti: Mbr\u00ebm\u00eb u kam shkruar Hamz\u00ebs dhe Abdixhikut, por nuk jan\u00eb p\u00ebrgjigjur p\u00ebr \u00e7\u00ebshtjen e presidentit\"}]},{\"@type\":\"WebSite\",\"@id\":\"https:\/\/veritasinfo.org\/#website\",\"url\":\"https:\/\/veritasinfo.org\/\",\"name\":\"\",\"description\":\"\",\"potentialAction\":[{\"@type\":\"SearchAction\",\"target\":{\"@type\":\"EntryPoint\",\"urlTemplate\":\"https:\/\/veritasinfo.org\/?s={search_term_string}\"},\"query-input\":{\"@type\":\"PropertyValueSpecification\",\"valueRequired\":true,\"valueName\":\"search_term_string\"}}],\"inLanguage\":\"en-US\"},{\"@type\":\"Person\",\"@id\":\"https:\/\/veritasinfo.org\/#\/schema\/person\/fe199eede04c3937362892b7444747cc\",\"name\":\"US6\",\"image\":{\"@type\":\"ImageObject\",\"inLanguage\":\"en-US\",\"@id\":\"https:\/\/veritasinfo.org\/#\/schema\/person\/image\/\",\"url\":\"https:\/\/secure.gravatar.com\/avatar\/cb16c3c31c9d23b9b8c705964598220b3014e42ff51eb540ff23cefa3ae8c15f?s=96&d=mm&r=g\",\"contentUrl\":\"https:\/\/secure.gravatar.com\/avatar\/cb16c3c31c9d23b9b8c705964598220b3014e42ff51eb540ff23cefa3ae8c15f?s=96&d=mm&r=g\",\"caption\":\"US6\"},\"url\":\"https:\/\/veritasinfo.org\/?author=7\"}]}<\/script>\n<!-- \/ Yoast SEO plugin. -->","yoast_head_json":{"title":"Kurti: Mbr\u00ebm\u00eb u kam shkruar Hamz\u00ebs dhe Abdixhikut, por nuk jan\u00eb p\u00ebrgjigjur p\u00ebr \u00e7\u00ebshtjen e presidentit -","robots":{"index":"index","follow":"follow","max-snippet":"max-snippet:-1","max-image-preview":"max-image-preview:large","max-video-preview":"max-video-preview:-1"},"canonical":"https:\/\/veritasinfo.org\/?p=45489","og_locale":"en_US","og_type":"article","og_title":"Kurti: Mbr\u00ebm\u00eb u kam shkruar Hamz\u00ebs dhe Abdixhikut, por nuk jan\u00eb p\u00ebrgjigjur p\u00ebr \u00e7\u00ebshtjen e presidentit -","og_description":"Prishtin\u00eb, 28 prill 2026 17:34 Kryeministri i Kosova dhe kryetari i L\u00ebvizja Vet\u00ebvendosje, Albin Kurti, ka deklaruar se \u00ebsht\u00eb n\u00eb komunikim t\u00eb vazhduesh\u00ebm me partit\u00eb","og_url":"https:\/\/veritasinfo.org\/?p=45489","article_published_time":"2026-04-28T15:34:52+00:00","og_image":[{"width":999,"height":579,"url":"https:\/\/veritasinfo.org\/wp-content\/uploads\/2026\/04\/Abdixhiku-Kurti-Hamza.jpg","type":"image\/jpeg"}],"author":"US6","twitter_card":"summary_large_image","twitter_misc":{"Written by":"US6","Est. reading time":"1 minute"},"schema":{"@context":"https:\/\/schema.org","@graph":[{"@type":"WebPage","@id":"https:\/\/veritasinfo.org\/?p=45489","url":"https:\/\/veritasinfo.org\/?p=45489","name":"Kurti: Mbr\u00ebm\u00eb u kam shkruar Hamz\u00ebs dhe Abdixhikut, por nuk jan\u00eb p\u00ebrgjigjur p\u00ebr \u00e7\u00ebshtjen e presidentit -","isPartOf":{"@id":"https:\/\/veritasinfo.org\/#website"},"primaryImageOfPage":{"@id":"https:\/\/veritasinfo.org\/?p=45489#primaryimage"},"image":{"@id":"https:\/\/veritasinfo.org\/?p=45489#primaryimage"},"thumbnailUrl":"https:\/\/veritasinfo.org\/wp-content\/uploads\/2026\/04\/Abdixhiku-Kurti-Hamza.jpg","datePublished":"2026-04-28T15:34:52+00:00","author":{"@id":"https:\/\/veritasinfo.org\/#\/schema\/person\/fe199eede04c3937362892b7444747cc"},"breadcrumb":{"@id":"https:\/\/veritasinfo.org\/?p=45489#breadcrumb"},"inLanguage":"en-US","potentialAction":[{"@type":"ReadAction","target":["https:\/\/veritasinfo.org\/?p=45489"]}]},{"@type":"ImageObject","inLanguage":"en-US","@id":"https:\/\/veritasinfo.org\/?p=45489#primaryimage","url":"https:\/\/veritasinfo.org\/wp-content\/uploads\/2026\/04\/Abdixhiku-Kurti-Hamza.jpg","contentUrl":"https:\/\/veritasinfo.org\/wp-content\/uploads\/2026\/04\/Abdixhiku-Kurti-Hamza.jpg","width":999,"height":579},{"@type":"BreadcrumbList","@id":"https:\/\/veritasinfo.org\/?p=45489#breadcrumb","itemListElement":[{"@type":"ListItem","position":1,"name":"Home","item":"https:\/\/veritasinfo.org\/"},{"@type":"ListItem","position":2,"name":"Kurti: Mbr\u00ebm\u00eb u kam shkruar Hamz\u00ebs dhe Abdixhikut, por nuk jan\u00eb p\u00ebrgjigjur p\u00ebr \u00e7\u00ebshtjen e presidentit"}]},{"@type":"WebSite","@id":"https:\/\/veritasinfo.org\/#website","url":"https:\/\/veritasinfo.org\/","name":"","description":"","potentialAction":[{"@type":"SearchAction","target":{"@type":"EntryPoint","urlTemplate":"https:\/\/veritasinfo.org\/?s={search_term_string}"},"query-input":{"@type":"PropertyValueSpecification","valueRequired":true,"valueName":"search_term_string"}}],"inLanguage":"en-US"},{"@type":"Person","@id":"https:\/\/veritasinfo.org\/#\/schema\/person\/fe199eede04c3937362892b7444747cc","name":"US6","image":{"@type":"ImageObject","inLanguage":"en-US","@id":"https:\/\/veritasinfo.org\/#\/schema\/person\/image\/","url":"https:\/\/secure.gravatar.com\/avatar\/cb16c3c31c9d23b9b8c705964598220b3014e42ff51eb540ff23cefa3ae8c15f?s=96&d=mm&r=g","contentUrl":"https:\/\/secure.gravatar.com\/avatar\/cb16c3c31c9d23b9b8c705964598220b3014e42ff51eb540ff23cefa3ae8c15f?s=96&d=mm&r=g","caption":"US6"},"url":"https:\/\/veritasinfo.org\/?author=7"}]}},"featured_image_urls":{"full":["https:\/\/veritasinfo.org\/wp-content\/uploads\/2026\/04\/Abdixhiku-Kurti-Hamza.jpg",999,579,false],"thumbnail":["https:\/\/veritasinfo.org\/wp-content\/uploads\/2026\/04\/Abdixhiku-Kurti-Hamza-150x150.jpg",150,150,true],"medium":["https:\/\/veritasinfo.org\/wp-content\/uploads\/2026\/04\/Abdixhiku-Kurti-Hamza-300x174.jpg",300,174,true],"medium_large":["https:\/\/veritasinfo.org\/wp-content\/uploads\/2026\/04\/Abdixhiku-Kurti-Hamza-768x445.jpg",640,371,true],"large":["https:\/\/veritasinfo.org\/wp-content\/uploads\/2026\/04\/Abdixhiku-Kurti-Hamza.jpg",640,371,false],"1536x1536":["https:\/\/veritasinfo.org\/wp-content\/uploads\/2026\/04\/Abdixhiku-Kurti-Hamza.jpg",999,579,false],"2048x2048":["https:\/\/veritasinfo.org\/wp-content\/uploads\/2026\/04\/Abdixhiku-Kurti-Hamza.jpg",999,579,false],"kreeti-slider-full":["https:\/\/veritasinfo.org\/wp-content\/uploads\/2026\/04\/Abdixhiku-Kurti-Hamza.jpg",999,579,false],"kreeti-featured":["https:\/\/veritasinfo.org\/wp-content\/uploads\/2026\/04\/Abdixhiku-Kurti-Hamza.jpg",999,579,false],"kreeti-medium":["https:\/\/veritasinfo.org\/wp-content\/uploads\/2026\/04\/Abdixhiku-Kurti-Hamza-720x530.jpg",720,530,true],"kreeti-medium-square":["https:\/\/veritasinfo.org\/wp-content\/uploads\/2026\/04\/Abdixhiku-Kurti-Hamza-350x350.jpg",350,350,true]},"author_info":{"info":["US6"]},"category_info":"<a href=\"https:\/\/veritasinfo.org\/?cat=58\" rel=\"category\">Politik\u00eb<\/a>","tag_info":"Politik\u00eb","comment_count":"0","_links":{"self":[{"href":"https:\/\/veritasinfo.org\/index.php?rest_route=\/wp\/v2\/posts\/45489","targetHints":{"allow":["GET"]}}],"collection":[{"href":"https:\/\/veritasinfo.org\/index.php?rest_route=\/wp\/v2\/posts"}],"about":[{"href":"https:\/\/veritasinfo.org\/index.php?rest_route=\/wp\/v2\/types\/post"}],"author":[{"embeddable":true,"href":"https:\/\/veritasinfo.org\/index.php?rest_route=\/wp\/v2\/users\/7"}],"replies":[{"embeddable":true,"href":"https:\/\/veritasinfo.org\/index.php?rest_route=%2Fwp%2Fv2%2Fcomments&post=45489"}],"version-history":[{"count":1,"href":"https:\/\/veritasinfo.org\/index.php?rest_route=\/wp\/v2\/posts\/45489\/revisions"}],"predecessor-version":[{"id":45491,"href":"https:\/\/veritasinfo.org\/index.php?rest_route=\/wp\/v2\/posts\/45489\/revisions\/45491"}],"wp:featuredmedia":[{"embeddable":true,"href":"https:\/\/veritasinfo.org\/index.php?rest_route=\/wp\/v2\/media\/45490"}],"wp:attachment":[{"href":"https:\/\/veritasinfo.org\/index.php?rest_route=%2Fwp%2Fv2%2Fmedia&parent=45489"}],"wp:term":[{"taxonomy":"category","embeddable":true,"href":"https:\/\/veritasinfo.org\/index.php?rest_route=%2Fwp%2Fv2%2Fcategories&post=45489"},{"taxonomy":"post_tag","embeddable":true,"href":"https:\/\/veritasinfo.org\/index.php?rest_route=%2Fwp%2Fv2%2Ftags&post=45489"}],"curies":[{"name":"wp","href":"https:\/\/api.w.org\/{rel}","templated":true}]}}