{"id":45448,"date":"2026-04-28T14:28:17","date_gmt":"2026-04-28T12:28:17","guid":{"rendered":"https:\/\/veritasinfo.org\/?p=45448"},"modified":"2026-04-28T14:28:17","modified_gmt":"2026-04-28T12:28:17","slug":"shkon-ne-pese-numri-i-te-arrestuarve-per-keqperdorim-te-detyres-zyrtare-ne-ferizaj-ne-pranga-edhe-nje-noter","status":"publish","type":"post","link":"https:\/\/veritasinfo.org\/?p=45448","title":{"rendered":"Shkon n\u00eb pes\u00eb numri i t\u00eb arrestuarve p\u00ebr keqp\u00ebrdorim t\u00eb detyr\u00ebs zyrtare n\u00eb Ferizaj, n\u00eb pranga edhe nj\u00eb noter"},"content":{"rendered":"<p>Prishtin\u00eb 28 Prill 2026 14:27<\/p>\n<p>Prokuroria Themelore n\u00eb Ferizaj, njofton se me vendim t\u00eb prokurorit t\u00eb shtetit t\u00eb Departamentit t\u00eb Krimeve t\u00eb R\u00ebnda, ka ndaluar n\u00eb koh\u00ebzgjatje prej 48-or\u00ebsh,  nj\u00eb person t\u00eb dyshuar- noter n\u00eb Ferizaj, p\u00ebr shkak t\u00eb dyshimit t\u00eb vepr\u00ebs penale: \u201cKeqp\u00ebrdorimi i pozit\u00ebs apo autoritetit zyrtar\u201d nga neni 414, si dhe nj\u00eb person p\u00ebr shkak t\u00eb dyshimit t\u00eb vepr\u00ebs penale \u201cBlerja, pranimi ose fshehja e sendeve t\u00eb p\u00ebrfituara me kryerjen e vepr\u00ebs penale\u201d nga neni 333 t\u00eb kodit penal t\u00eb Republik\u00ebs s\u00eb Kosov\u00ebs.<\/p>\n<p>Ndalimi i dy t\u00eb pandehurve n\u00eb k\u00ebt\u00eb rast \u00ebsht\u00eb b\u00ebr\u00eb si rezultat i vazhd\u00ebs s\u00eb hetimeve q\u00eb nd\u00ebrlidhet me rastin paraprak, ku m\u00eb her\u00ebt nga Prokuroria Themelore n\u00eb Ferizaj, u ndaluan edhe tre persona t\u00eb tjer\u00eb, p\u00ebr shkak t\u00eb dyshimit t\u00eb keqp\u00ebrdorimit t\u00eb detyr\u00ebs zyrtare.<\/p>\n<p>Prokuroria Themelore n\u00eb Ferizaj, ndaj t\u00eb pandehurve n\u00eb k\u00ebt\u00eb \u00e7\u00ebshtje penale, do t\u00eb vazhdoj\u00eb tutje me procedurat dhe verpimet e nevojshme ligjore.<\/p>\n","protected":false},"excerpt":{"rendered":"<p>Prishtin\u00eb 28 Prill 2026 14:27 Prokuroria Themelore n\u00eb Ferizaj, njofton se me vendim t\u00eb prokurorit t\u00eb shtetit t\u00eb Departamentit t\u00eb Krimeve t\u00eb R\u00ebnda, ka ndaluar<\/p>\n","protected":false},"author":6,"featured_media":45449,"comment_status":"open","ping_status":"open","sticky":false,"template":"","format":"standard","meta":{"footnotes":""},"categories":[101],"tags":[],"class_list":["post-45448","post","type-post","status-publish","format-standard","has-post-thumbnail","hentry","category-kronika"],"yoast_head":"<!-- This site is optimized with the Yoast SEO plugin v25.3.1 - https:\/\/yoast.com\/wordpress\/plugins\/seo\/ -->\n<title>Shkon n\u00eb pes\u00eb numri i t\u00eb arrestuarve p\u00ebr keqp\u00ebrdorim t\u00eb detyr\u00ebs zyrtare n\u00eb Ferizaj, n\u00eb pranga edhe nj\u00eb noter -<\/title>\n<meta name=\"robots\" content=\"index, follow, max-snippet:-1, max-image-preview:large, max-video-preview:-1\" \/>\n<link rel=\"canonical\" href=\"https:\/\/veritasinfo.org\/?p=45448\" \/>\n<meta property=\"og:locale\" content=\"en_US\" \/>\n<meta property=\"og:type\" content=\"article\" \/>\n<meta property=\"og:title\" content=\"Shkon n\u00eb pes\u00eb numri i t\u00eb arrestuarve p\u00ebr keqp\u00ebrdorim t\u00eb detyr\u00ebs zyrtare n\u00eb Ferizaj, n\u00eb pranga edhe nj\u00eb noter -\" \/>\n<meta property=\"og:description\" content=\"Prishtin\u00eb 28 Prill 2026 14:27 Prokuroria Themelore n\u00eb Ferizaj, njofton se me vendim t\u00eb prokurorit t\u00eb shtetit t\u00eb Departamentit t\u00eb Krimeve t\u00eb R\u00ebnda, ka ndaluar\" \/>\n<meta property=\"og:url\" content=\"https:\/\/veritasinfo.org\/?p=45448\" \/>\n<meta property=\"article:published_time\" content=\"2026-04-28T12:28:17+00:00\" \/>\n<meta property=\"og:image\" content=\"https:\/\/veritasinfo.org\/wp-content\/uploads\/2026\/04\/IMG_20260428_142642.jpg\" \/>\n\t<meta property=\"og:image:width\" content=\"1300\" \/>\n\t<meta property=\"og:image:height\" content=\"573\" \/>\n\t<meta property=\"og:image:type\" content=\"image\/jpeg\" \/>\n<meta name=\"author\" content=\"US5\" \/>\n<meta name=\"twitter:card\" content=\"summary_large_image\" \/>\n<meta name=\"twitter:label1\" content=\"Written by\" \/>\n\t<meta name=\"twitter:data1\" content=\"US5\" \/>\n\t<meta name=\"twitter:label2\" content=\"Est. reading time\" \/>\n\t<meta name=\"twitter:data2\" content=\"1 minute\" \/>\n<script type=\"application\/ld+json\" class=\"yoast-schema-graph\">{\"@context\":\"https:\/\/schema.org\",\"@graph\":[{\"@type\":\"WebPage\",\"@id\":\"https:\/\/veritasinfo.org\/?p=45448\",\"url\":\"https:\/\/veritasinfo.org\/?p=45448\",\"name\":\"Shkon n\u00eb pes\u00eb numri i t\u00eb arrestuarve p\u00ebr keqp\u00ebrdorim t\u00eb detyr\u00ebs zyrtare n\u00eb Ferizaj, n\u00eb pranga edhe nj\u00eb noter -\",\"isPartOf\":{\"@id\":\"https:\/\/veritasinfo.org\/#website\"},\"primaryImageOfPage\":{\"@id\":\"https:\/\/veritasinfo.org\/?p=45448#primaryimage\"},\"image\":{\"@id\":\"https:\/\/veritasinfo.org\/?p=45448#primaryimage\"},\"thumbnailUrl\":\"https:\/\/veritasinfo.org\/wp-content\/uploads\/2026\/04\/IMG_20260428_142642.jpg\",\"datePublished\":\"2026-04-28T12:28:17+00:00\",\"author\":{\"@id\":\"https:\/\/veritasinfo.org\/#\/schema\/person\/bc442336e35414d04494ab8fb45db4c6\"},\"breadcrumb\":{\"@id\":\"https:\/\/veritasinfo.org\/?p=45448#breadcrumb\"},\"inLanguage\":\"en-US\",\"potentialAction\":[{\"@type\":\"ReadAction\",\"target\":[\"https:\/\/veritasinfo.org\/?p=45448\"]}]},{\"@type\":\"ImageObject\",\"inLanguage\":\"en-US\",\"@id\":\"https:\/\/veritasinfo.org\/?p=45448#primaryimage\",\"url\":\"https:\/\/veritasinfo.org\/wp-content\/uploads\/2026\/04\/IMG_20260428_142642.jpg\",\"contentUrl\":\"https:\/\/veritasinfo.org\/wp-content\/uploads\/2026\/04\/IMG_20260428_142642.jpg\",\"width\":1300,\"height\":573},{\"@type\":\"BreadcrumbList\",\"@id\":\"https:\/\/veritasinfo.org\/?p=45448#breadcrumb\",\"itemListElement\":[{\"@type\":\"ListItem\",\"position\":1,\"name\":\"Home\",\"item\":\"https:\/\/veritasinfo.org\/\"},{\"@type\":\"ListItem\",\"position\":2,\"name\":\"Shkon n\u00eb pes\u00eb numri i t\u00eb arrestuarve p\u00ebr keqp\u00ebrdorim t\u00eb detyr\u00ebs zyrtare n\u00eb Ferizaj, n\u00eb pranga edhe nj\u00eb noter\"}]},{\"@type\":\"WebSite\",\"@id\":\"https:\/\/veritasinfo.org\/#website\",\"url\":\"https:\/\/veritasinfo.org\/\",\"name\":\"\",\"description\":\"\",\"potentialAction\":[{\"@type\":\"SearchAction\",\"target\":{\"@type\":\"EntryPoint\",\"urlTemplate\":\"https:\/\/veritasinfo.org\/?s={search_term_string}\"},\"query-input\":{\"@type\":\"PropertyValueSpecification\",\"valueRequired\":true,\"valueName\":\"search_term_string\"}}],\"inLanguage\":\"en-US\"},{\"@type\":\"Person\",\"@id\":\"https:\/\/veritasinfo.org\/#\/schema\/person\/bc442336e35414d04494ab8fb45db4c6\",\"name\":\"US5\",\"image\":{\"@type\":\"ImageObject\",\"inLanguage\":\"en-US\",\"@id\":\"https:\/\/veritasinfo.org\/#\/schema\/person\/image\/\",\"url\":\"https:\/\/secure.gravatar.com\/avatar\/16a61e7272a0c5d001121ebb9e60e925d5816e4ac1e443ed3e640d9a6ae55d0c?s=96&d=mm&r=g\",\"contentUrl\":\"https:\/\/secure.gravatar.com\/avatar\/16a61e7272a0c5d001121ebb9e60e925d5816e4ac1e443ed3e640d9a6ae55d0c?s=96&d=mm&r=g\",\"caption\":\"US5\"},\"url\":\"https:\/\/veritasinfo.org\/?author=6\"}]}<\/script>\n<!-- \/ Yoast SEO plugin. -->","yoast_head_json":{"title":"Shkon n\u00eb pes\u00eb numri i t\u00eb arrestuarve p\u00ebr keqp\u00ebrdorim t\u00eb detyr\u00ebs zyrtare n\u00eb Ferizaj, n\u00eb pranga edhe nj\u00eb noter -","robots":{"index":"index","follow":"follow","max-snippet":"max-snippet:-1","max-image-preview":"max-image-preview:large","max-video-preview":"max-video-preview:-1"},"canonical":"https:\/\/veritasinfo.org\/?p=45448","og_locale":"en_US","og_type":"article","og_title":"Shkon n\u00eb pes\u00eb numri i t\u00eb arrestuarve p\u00ebr keqp\u00ebrdorim t\u00eb detyr\u00ebs zyrtare n\u00eb Ferizaj, n\u00eb pranga edhe nj\u00eb noter -","og_description":"Prishtin\u00eb 28 Prill 2026 14:27 Prokuroria Themelore n\u00eb Ferizaj, njofton se me vendim t\u00eb prokurorit t\u00eb shtetit t\u00eb Departamentit t\u00eb Krimeve t\u00eb R\u00ebnda, ka ndaluar","og_url":"https:\/\/veritasinfo.org\/?p=45448","article_published_time":"2026-04-28T12:28:17+00:00","og_image":[{"width":1300,"height":573,"url":"https:\/\/veritasinfo.org\/wp-content\/uploads\/2026\/04\/IMG_20260428_142642.jpg","type":"image\/jpeg"}],"author":"US5","twitter_card":"summary_large_image","twitter_misc":{"Written by":"US5","Est. reading time":"1 minute"},"schema":{"@context":"https:\/\/schema.org","@graph":[{"@type":"WebPage","@id":"https:\/\/veritasinfo.org\/?p=45448","url":"https:\/\/veritasinfo.org\/?p=45448","name":"Shkon n\u00eb pes\u00eb numri i t\u00eb arrestuarve p\u00ebr keqp\u00ebrdorim t\u00eb detyr\u00ebs zyrtare n\u00eb Ferizaj, n\u00eb pranga edhe nj\u00eb noter -","isPartOf":{"@id":"https:\/\/veritasinfo.org\/#website"},"primaryImageOfPage":{"@id":"https:\/\/veritasinfo.org\/?p=45448#primaryimage"},"image":{"@id":"https:\/\/veritasinfo.org\/?p=45448#primaryimage"},"thumbnailUrl":"https:\/\/veritasinfo.org\/wp-content\/uploads\/2026\/04\/IMG_20260428_142642.jpg","datePublished":"2026-04-28T12:28:17+00:00","author":{"@id":"https:\/\/veritasinfo.org\/#\/schema\/person\/bc442336e35414d04494ab8fb45db4c6"},"breadcrumb":{"@id":"https:\/\/veritasinfo.org\/?p=45448#breadcrumb"},"inLanguage":"en-US","potentialAction":[{"@type":"ReadAction","target":["https:\/\/veritasinfo.org\/?p=45448"]}]},{"@type":"ImageObject","inLanguage":"en-US","@id":"https:\/\/veritasinfo.org\/?p=45448#primaryimage","url":"https:\/\/veritasinfo.org\/wp-content\/uploads\/2026\/04\/IMG_20260428_142642.jpg","contentUrl":"https:\/\/veritasinfo.org\/wp-content\/uploads\/2026\/04\/IMG_20260428_142642.jpg","width":1300,"height":573},{"@type":"BreadcrumbList","@id":"https:\/\/veritasinfo.org\/?p=45448#breadcrumb","itemListElement":[{"@type":"ListItem","position":1,"name":"Home","item":"https:\/\/veritasinfo.org\/"},{"@type":"ListItem","position":2,"name":"Shkon n\u00eb pes\u00eb numri i t\u00eb arrestuarve p\u00ebr keqp\u00ebrdorim t\u00eb detyr\u00ebs zyrtare n\u00eb Ferizaj, n\u00eb pranga edhe nj\u00eb noter"}]},{"@type":"WebSite","@id":"https:\/\/veritasinfo.org\/#website","url":"https:\/\/veritasinfo.org\/","name":"","description":"","potentialAction":[{"@type":"SearchAction","target":{"@type":"EntryPoint","urlTemplate":"https:\/\/veritasinfo.org\/?s={search_term_string}"},"query-input":{"@type":"PropertyValueSpecification","valueRequired":true,"valueName":"search_term_string"}}],"inLanguage":"en-US"},{"@type":"Person","@id":"https:\/\/veritasinfo.org\/#\/schema\/person\/bc442336e35414d04494ab8fb45db4c6","name":"US5","image":{"@type":"ImageObject","inLanguage":"en-US","@id":"https:\/\/veritasinfo.org\/#\/schema\/person\/image\/","url":"https:\/\/secure.gravatar.com\/avatar\/16a61e7272a0c5d001121ebb9e60e925d5816e4ac1e443ed3e640d9a6ae55d0c?s=96&d=mm&r=g","contentUrl":"https:\/\/secure.gravatar.com\/avatar\/16a61e7272a0c5d001121ebb9e60e925d5816e4ac1e443ed3e640d9a6ae55d0c?s=96&d=mm&r=g","caption":"US5"},"url":"https:\/\/veritasinfo.org\/?author=6"}]}},"featured_image_urls":{"full":["https:\/\/veritasinfo.org\/wp-content\/uploads\/2026\/04\/IMG_20260428_142642.jpg",1300,573,false],"thumbnail":["https:\/\/veritasinfo.org\/wp-content\/uploads\/2026\/04\/IMG_20260428_142642-150x150.jpg",150,150,true],"medium":["https:\/\/veritasinfo.org\/wp-content\/uploads\/2026\/04\/IMG_20260428_142642-300x132.jpg",300,132,true],"medium_large":["https:\/\/veritasinfo.org\/wp-content\/uploads\/2026\/04\/IMG_20260428_142642-768x339.jpg",640,283,true],"large":["https:\/\/veritasinfo.org\/wp-content\/uploads\/2026\/04\/IMG_20260428_142642-1024x451.jpg",640,282,true],"1536x1536":["https:\/\/veritasinfo.org\/wp-content\/uploads\/2026\/04\/IMG_20260428_142642.jpg",1300,573,false],"2048x2048":["https:\/\/veritasinfo.org\/wp-content\/uploads\/2026\/04\/IMG_20260428_142642.jpg",1300,573,false],"kreeti-slider-full":["https:\/\/veritasinfo.org\/wp-content\/uploads\/2026\/04\/IMG_20260428_142642-1280x573.jpg",1280,573,true],"kreeti-featured":["https:\/\/veritasinfo.org\/wp-content\/uploads\/2026\/04\/IMG_20260428_142642-1024x451.jpg",1024,451,true],"kreeti-medium":["https:\/\/veritasinfo.org\/wp-content\/uploads\/2026\/04\/IMG_20260428_142642-720x530.jpg",720,530,true],"kreeti-medium-square":["https:\/\/veritasinfo.org\/wp-content\/uploads\/2026\/04\/IMG_20260428_142642-350x350.jpg",350,350,true]},"author_info":{"info":["US5"]},"category_info":"<a href=\"https:\/\/veritasinfo.org\/?cat=101\" rel=\"category\">Kronika<\/a>","tag_info":"Kronika","comment_count":"0","_links":{"self":[{"href":"https:\/\/veritasinfo.org\/index.php?rest_route=\/wp\/v2\/posts\/45448","targetHints":{"allow":["GET"]}}],"collection":[{"href":"https:\/\/veritasinfo.org\/index.php?rest_route=\/wp\/v2\/posts"}],"about":[{"href":"https:\/\/veritasinfo.org\/index.php?rest_route=\/wp\/v2\/types\/post"}],"author":[{"embeddable":true,"href":"https:\/\/veritasinfo.org\/index.php?rest_route=\/wp\/v2\/users\/6"}],"replies":[{"embeddable":true,"href":"https:\/\/veritasinfo.org\/index.php?rest_route=%2Fwp%2Fv2%2Fcomments&post=45448"}],"version-history":[{"count":2,"href":"https:\/\/veritasinfo.org\/index.php?rest_route=\/wp\/v2\/posts\/45448\/revisions"}],"predecessor-version":[{"id":45451,"href":"https:\/\/veritasinfo.org\/index.php?rest_route=\/wp\/v2\/posts\/45448\/revisions\/45451"}],"wp:featuredmedia":[{"embeddable":true,"href":"https:\/\/veritasinfo.org\/index.php?rest_route=\/wp\/v2\/media\/45449"}],"wp:attachment":[{"href":"https:\/\/veritasinfo.org\/index.php?rest_route=%2Fwp%2Fv2%2Fmedia&parent=45448"}],"wp:term":[{"taxonomy":"category","embeddable":true,"href":"https:\/\/veritasinfo.org\/index.php?rest_route=%2Fwp%2Fv2%2Fcategories&post=45448"},{"taxonomy":"post_tag","embeddable":true,"href":"https:\/\/veritasinfo.org\/index.php?rest_route=%2Fwp%2Fv2%2Ftags&post=45448"}],"curies":[{"name":"wp","href":"https:\/\/api.w.org\/{rel}","templated":true}]}}