{"id":45445,"date":"2026-04-28T14:22:14","date_gmt":"2026-04-28T12:22:14","guid":{"rendered":"https:\/\/veritasinfo.org\/?p=45445"},"modified":"2026-04-28T14:22:14","modified_gmt":"2026-04-28T12:22:14","slug":"vucic-priznaje-da-su-srbi-pocinili-ratne-zlocine-na-kosovu","status":"publish","type":"post","link":"https:\/\/veritasinfo.org\/?p=45445&lang=sr","title":{"rendered":"Vu\u010dic\u0301 priznaje da su Srbi po\u010dinili ratne zlo\u010dine na Kosovu"},"content":{"rendered":"<p>Pri\u0161tina, 28. april 2026. 14:21<\/p>\n<p>Predsednik Srbije Aleksandar Vu\u010dic\u0301, pozvan u britanski podkast \u201eOstalo je politika\u201c koji vode Alister Kembel i Rori Stjuart, govorio je o nekoliko pitanja koja poga\u0111aju region, uklju\u010dujuc\u0301i i Kosovo.<\/p>\n<p>U vezi sa ovim poslednjim, govorec\u0301i o masakrima, Vu\u010dic\u0301 je rekao da je tokom rata na Kosovu bilo ratnih zlo\u010dina koje su po\u010dinili Srbi.<\/p>\n<p>Vu\u010dic\u0301 je intervenciju NATO-a na Kosovu ocenio kao otvaranje Pandorine kutije, koju niko ne mo\u017ee zaustaviti.<\/p>\n<p>\u201eOvo se de\u0161avalo sa obe strane. Sa va\u0161e strane je to preuveli\u010dano zbog njih. I sa na\u0161e strane je to preuveli\u010dano. Tvrdili smo da sa na\u0161e strane nije bilo ratnih zlo\u010dina, ali jeste.<\/p>\n<p>Sada je pitanje: da li je Pandorina kutija otvorena. Sada je niko nec\u0301e zaustaviti. Niko je nec\u0301e zaustaviti dok se ne stvori novi svetski poredak\u201c, rekao je.<\/p>\n<p>Srpski predsednik je tako\u0111e rekao da su ljudi tamo razo\u010darani zbog intervencije NATO-a na Kosovu, jer je \u201eoduzela 14% teritorije Srbije\u201c.<\/p>\n<p>\u201eDanas, ako pitate obi\u010dne srpske ljude kako se osec\u0301aju povodom 1999. godine i kako su se tada osec\u0301ali, osec\u0301aju se jo\u0161 nezadovoljnije. Jo\u0161 vec\u0301e razo\u010daranje osec\u0301aju prema pona\u0161anju 19 zemalja koje su pokrenule agresivne napade na na\u0161u dr\u017eavu. Ono \u0161to su skoro sve one uradile nije bilo u skladu sa Poveljom UN, niti u skladu sa Rezolucijom 1444 UN. To nije ura\u0111eno da bi se spre\u010dila humanitarna katastrofa, kako su rekli Alister i neki drugi mudri ljudi, vec\u0301 je to u stvari ne\u0161to \u0161to je Zapad uradio da bi otcepio 14% teritorije Srbije, \u0161to je bar poku\u0161ano osam, devet godina kasnije, 2008. godine, kada su doneli ovu samoprogla\u0161enu nezavisnost\u201c, dodao je.<\/p>\n<p>Na pitanje da li vidi sli\u010dnosti izme\u0111u situacije u Bosni i na Kosovu, Vu\u010dic\u0301 je rekao da postoje \u201epravne razlike\u201c.<\/p>\n<p>\u201eTo je druga\u010dija pravna situacija.\u201c Koreni su&#8230; Mo\u017eete pronac\u0301i neke zajedni\u010dke elemente koji govore o korenima ili uzrocima sukoba u Hrvatskoj, Bosni i drugoj pokrajini Srbije, ali na kraju je to bila druga\u010dija pravna situacija\u201c, rekao je Vu\u010dic\u0301<\/p>\n","protected":false},"excerpt":{"rendered":"<p>Pri\u0161tina, 28. april 2026. 14:21 Predsednik Srbije Aleksandar Vu\u010dic\u0301, pozvan u britanski podkast \u201eOstalo je politika\u201c koji vode Alister Kembel i Rori Stjuart, govorio je<\/p>\n","protected":false},"author":7,"featured_media":45446,"comment_status":"open","ping_status":"open","sticky":false,"template":"","format":"standard","meta":{"footnotes":""},"categories":[28],"tags":[],"class_list":["post-45445","post","type-post","status-publish","format-standard","has-post-thumbnail","hentry","category-politika"],"yoast_head":"<!-- This site is optimized with the Yoast SEO plugin v25.3.1 - https:\/\/yoast.com\/wordpress\/plugins\/seo\/ -->\n<title>Vu\u010dic\u0301 priznaje da su Srbi po\u010dinili ratne zlo\u010dine na Kosovu -<\/title>\n<meta name=\"robots\" content=\"index, follow, max-snippet:-1, max-image-preview:large, max-video-preview:-1\" \/>\n<link rel=\"canonical\" href=\"https:\/\/veritasinfo.org\/?p=45445&lang=sr\" \/>\n<meta property=\"og:locale\" content=\"en_US\" \/>\n<meta property=\"og:type\" content=\"article\" \/>\n<meta property=\"og:title\" content=\"Vu\u010dic\u0301 priznaje da su Srbi po\u010dinili ratne zlo\u010dine na Kosovu -\" \/>\n<meta property=\"og:description\" content=\"Pri\u0161tina, 28. april 2026. 14:21 Predsednik Srbije Aleksandar Vu\u010dic\u0301, pozvan u britanski podkast \u201eOstalo je politika\u201c koji vode Alister Kembel i Rori Stjuart, govorio je\" \/>\n<meta property=\"og:url\" content=\"https:\/\/veritasinfo.org\/?p=45445&amp;lang=sr\" \/>\n<meta property=\"article:published_time\" content=\"2026-04-28T12:22:14+00:00\" \/>\n<meta property=\"og:image\" content=\"https:\/\/veritasinfo.org\/wp-content\/uploads\/2026\/04\/1-75.jpg\" \/>\n\t<meta property=\"og:image:width\" content=\"644\" \/>\n\t<meta property=\"og:image:height\" content=\"369\" \/>\n\t<meta property=\"og:image:type\" content=\"image\/jpeg\" \/>\n<meta name=\"author\" content=\"US6\" \/>\n<meta name=\"twitter:card\" content=\"summary_large_image\" \/>\n<meta name=\"twitter:label1\" content=\"Written by\" \/>\n\t<meta name=\"twitter:data1\" content=\"US6\" \/>\n\t<meta name=\"twitter:label2\" content=\"Est. reading time\" \/>\n\t<meta name=\"twitter:data2\" content=\"2 minutes\" \/>\n<script type=\"application\/ld+json\" class=\"yoast-schema-graph\">{\"@context\":\"https:\/\/schema.org\",\"@graph\":[{\"@type\":\"WebPage\",\"@id\":\"https:\/\/veritasinfo.org\/?p=45445&lang=sr\",\"url\":\"https:\/\/veritasinfo.org\/?p=45445&lang=sr\",\"name\":\"Vu\u010dic\u0301 priznaje da su Srbi po\u010dinili ratne zlo\u010dine na Kosovu -\",\"isPartOf\":{\"@id\":\"https:\/\/veritasinfo.org\/#website\"},\"primaryImageOfPage\":{\"@id\":\"https:\/\/veritasinfo.org\/?p=45445&lang=sr#primaryimage\"},\"image\":{\"@id\":\"https:\/\/veritasinfo.org\/?p=45445&lang=sr#primaryimage\"},\"thumbnailUrl\":\"https:\/\/veritasinfo.org\/wp-content\/uploads\/2026\/04\/1-75.jpg\",\"datePublished\":\"2026-04-28T12:22:14+00:00\",\"author\":{\"@id\":\"https:\/\/veritasinfo.org\/#\/schema\/person\/fe199eede04c3937362892b7444747cc\"},\"breadcrumb\":{\"@id\":\"https:\/\/veritasinfo.org\/?p=45445&lang=sr#breadcrumb\"},\"inLanguage\":\"en-US\",\"potentialAction\":[{\"@type\":\"ReadAction\",\"target\":[\"https:\/\/veritasinfo.org\/?p=45445&lang=sr\"]}]},{\"@type\":\"ImageObject\",\"inLanguage\":\"en-US\",\"@id\":\"https:\/\/veritasinfo.org\/?p=45445&lang=sr#primaryimage\",\"url\":\"https:\/\/veritasinfo.org\/wp-content\/uploads\/2026\/04\/1-75.jpg\",\"contentUrl\":\"https:\/\/veritasinfo.org\/wp-content\/uploads\/2026\/04\/1-75.jpg\",\"width\":644,\"height\":369},{\"@type\":\"BreadcrumbList\",\"@id\":\"https:\/\/veritasinfo.org\/?p=45445&lang=sr#breadcrumb\",\"itemListElement\":[{\"@type\":\"ListItem\",\"position\":1,\"name\":\"Home\",\"item\":\"https:\/\/veritasinfo.org\/\"},{\"@type\":\"ListItem\",\"position\":2,\"name\":\"Vu\u010dic\u0301 priznaje da su Srbi po\u010dinili ratne zlo\u010dine na Kosovu\"}]},{\"@type\":\"WebSite\",\"@id\":\"https:\/\/veritasinfo.org\/#website\",\"url\":\"https:\/\/veritasinfo.org\/\",\"name\":\"\",\"description\":\"\",\"potentialAction\":[{\"@type\":\"SearchAction\",\"target\":{\"@type\":\"EntryPoint\",\"urlTemplate\":\"https:\/\/veritasinfo.org\/?s={search_term_string}\"},\"query-input\":{\"@type\":\"PropertyValueSpecification\",\"valueRequired\":true,\"valueName\":\"search_term_string\"}}],\"inLanguage\":\"en-US\"},{\"@type\":\"Person\",\"@id\":\"https:\/\/veritasinfo.org\/#\/schema\/person\/fe199eede04c3937362892b7444747cc\",\"name\":\"US6\",\"image\":{\"@type\":\"ImageObject\",\"inLanguage\":\"en-US\",\"@id\":\"https:\/\/veritasinfo.org\/#\/schema\/person\/image\/\",\"url\":\"https:\/\/secure.gravatar.com\/avatar\/cb16c3c31c9d23b9b8c705964598220b3014e42ff51eb540ff23cefa3ae8c15f?s=96&d=mm&r=g\",\"contentUrl\":\"https:\/\/secure.gravatar.com\/avatar\/cb16c3c31c9d23b9b8c705964598220b3014e42ff51eb540ff23cefa3ae8c15f?s=96&d=mm&r=g\",\"caption\":\"US6\"},\"url\":\"https:\/\/veritasinfo.org\/?author=7\"}]}<\/script>\n<!-- \/ Yoast SEO plugin. -->","yoast_head_json":{"title":"Vu\u010dic\u0301 priznaje da su Srbi po\u010dinili ratne zlo\u010dine na Kosovu -","robots":{"index":"index","follow":"follow","max-snippet":"max-snippet:-1","max-image-preview":"max-image-preview:large","max-video-preview":"max-video-preview:-1"},"canonical":"https:\/\/veritasinfo.org\/?p=45445&lang=sr","og_locale":"en_US","og_type":"article","og_title":"Vu\u010dic\u0301 priznaje da su Srbi po\u010dinili ratne zlo\u010dine na Kosovu -","og_description":"Pri\u0161tina, 28. april 2026. 14:21 Predsednik Srbije Aleksandar Vu\u010dic\u0301, pozvan u britanski podkast \u201eOstalo je politika\u201c koji vode Alister Kembel i Rori Stjuart, govorio je","og_url":"https:\/\/veritasinfo.org\/?p=45445&lang=sr","article_published_time":"2026-04-28T12:22:14+00:00","og_image":[{"width":644,"height":369,"url":"https:\/\/veritasinfo.org\/wp-content\/uploads\/2026\/04\/1-75.jpg","type":"image\/jpeg"}],"author":"US6","twitter_card":"summary_large_image","twitter_misc":{"Written by":"US6","Est. reading time":"2 minutes"},"schema":{"@context":"https:\/\/schema.org","@graph":[{"@type":"WebPage","@id":"https:\/\/veritasinfo.org\/?p=45445&lang=sr","url":"https:\/\/veritasinfo.org\/?p=45445&lang=sr","name":"Vu\u010dic\u0301 priznaje da su Srbi po\u010dinili ratne zlo\u010dine na Kosovu -","isPartOf":{"@id":"https:\/\/veritasinfo.org\/#website"},"primaryImageOfPage":{"@id":"https:\/\/veritasinfo.org\/?p=45445&lang=sr#primaryimage"},"image":{"@id":"https:\/\/veritasinfo.org\/?p=45445&lang=sr#primaryimage"},"thumbnailUrl":"https:\/\/veritasinfo.org\/wp-content\/uploads\/2026\/04\/1-75.jpg","datePublished":"2026-04-28T12:22:14+00:00","author":{"@id":"https:\/\/veritasinfo.org\/#\/schema\/person\/fe199eede04c3937362892b7444747cc"},"breadcrumb":{"@id":"https:\/\/veritasinfo.org\/?p=45445&lang=sr#breadcrumb"},"inLanguage":"en-US","potentialAction":[{"@type":"ReadAction","target":["https:\/\/veritasinfo.org\/?p=45445&lang=sr"]}]},{"@type":"ImageObject","inLanguage":"en-US","@id":"https:\/\/veritasinfo.org\/?p=45445&lang=sr#primaryimage","url":"https:\/\/veritasinfo.org\/wp-content\/uploads\/2026\/04\/1-75.jpg","contentUrl":"https:\/\/veritasinfo.org\/wp-content\/uploads\/2026\/04\/1-75.jpg","width":644,"height":369},{"@type":"BreadcrumbList","@id":"https:\/\/veritasinfo.org\/?p=45445&lang=sr#breadcrumb","itemListElement":[{"@type":"ListItem","position":1,"name":"Home","item":"https:\/\/veritasinfo.org\/"},{"@type":"ListItem","position":2,"name":"Vu\u010dic\u0301 priznaje da su Srbi po\u010dinili ratne zlo\u010dine na Kosovu"}]},{"@type":"WebSite","@id":"https:\/\/veritasinfo.org\/#website","url":"https:\/\/veritasinfo.org\/","name":"","description":"","potentialAction":[{"@type":"SearchAction","target":{"@type":"EntryPoint","urlTemplate":"https:\/\/veritasinfo.org\/?s={search_term_string}"},"query-input":{"@type":"PropertyValueSpecification","valueRequired":true,"valueName":"search_term_string"}}],"inLanguage":"en-US"},{"@type":"Person","@id":"https:\/\/veritasinfo.org\/#\/schema\/person\/fe199eede04c3937362892b7444747cc","name":"US6","image":{"@type":"ImageObject","inLanguage":"en-US","@id":"https:\/\/veritasinfo.org\/#\/schema\/person\/image\/","url":"https:\/\/secure.gravatar.com\/avatar\/cb16c3c31c9d23b9b8c705964598220b3014e42ff51eb540ff23cefa3ae8c15f?s=96&d=mm&r=g","contentUrl":"https:\/\/secure.gravatar.com\/avatar\/cb16c3c31c9d23b9b8c705964598220b3014e42ff51eb540ff23cefa3ae8c15f?s=96&d=mm&r=g","caption":"US6"},"url":"https:\/\/veritasinfo.org\/?author=7"}]}},"featured_image_urls":{"full":["https:\/\/veritasinfo.org\/wp-content\/uploads\/2026\/04\/1-75.jpg",644,369,false],"thumbnail":["https:\/\/veritasinfo.org\/wp-content\/uploads\/2026\/04\/1-75-150x150.jpg",150,150,true],"medium":["https:\/\/veritasinfo.org\/wp-content\/uploads\/2026\/04\/1-75-300x172.jpg",300,172,true],"medium_large":["https:\/\/veritasinfo.org\/wp-content\/uploads\/2026\/04\/1-75.jpg",640,367,false],"large":["https:\/\/veritasinfo.org\/wp-content\/uploads\/2026\/04\/1-75.jpg",640,367,false],"1536x1536":["https:\/\/veritasinfo.org\/wp-content\/uploads\/2026\/04\/1-75.jpg",644,369,false],"2048x2048":["https:\/\/veritasinfo.org\/wp-content\/uploads\/2026\/04\/1-75.jpg",644,369,false],"kreeti-slider-full":["https:\/\/veritasinfo.org\/wp-content\/uploads\/2026\/04\/1-75.jpg",644,369,false],"kreeti-featured":["https:\/\/veritasinfo.org\/wp-content\/uploads\/2026\/04\/1-75.jpg",644,369,false],"kreeti-medium":["https:\/\/veritasinfo.org\/wp-content\/uploads\/2026\/04\/1-75.jpg",644,369,false],"kreeti-medium-square":["https:\/\/veritasinfo.org\/wp-content\/uploads\/2026\/04\/1-75-350x350.jpg",350,350,true]},"author_info":{"info":["US6"]},"category_info":"<a href=\"https:\/\/veritasinfo.org\/?cat=28&#038;lang=sr\" rel=\"category\">Politika<\/a>","tag_info":"Politika","comment_count":"0","_links":{"self":[{"href":"https:\/\/veritasinfo.org\/index.php?rest_route=\/wp\/v2\/posts\/45445","targetHints":{"allow":["GET"]}}],"collection":[{"href":"https:\/\/veritasinfo.org\/index.php?rest_route=\/wp\/v2\/posts"}],"about":[{"href":"https:\/\/veritasinfo.org\/index.php?rest_route=\/wp\/v2\/types\/post"}],"author":[{"embeddable":true,"href":"https:\/\/veritasinfo.org\/index.php?rest_route=\/wp\/v2\/users\/7"}],"replies":[{"embeddable":true,"href":"https:\/\/veritasinfo.org\/index.php?rest_route=%2Fwp%2Fv2%2Fcomments&post=45445"}],"version-history":[{"count":1,"href":"https:\/\/veritasinfo.org\/index.php?rest_route=\/wp\/v2\/posts\/45445\/revisions"}],"predecessor-version":[{"id":45447,"href":"https:\/\/veritasinfo.org\/index.php?rest_route=\/wp\/v2\/posts\/45445\/revisions\/45447"}],"wp:featuredmedia":[{"embeddable":true,"href":"https:\/\/veritasinfo.org\/index.php?rest_route=\/wp\/v2\/media\/45446"}],"wp:attachment":[{"href":"https:\/\/veritasinfo.org\/index.php?rest_route=%2Fwp%2Fv2%2Fmedia&parent=45445"}],"wp:term":[{"taxonomy":"category","embeddable":true,"href":"https:\/\/veritasinfo.org\/index.php?rest_route=%2Fwp%2Fv2%2Fcategories&post=45445"},{"taxonomy":"post_tag","embeddable":true,"href":"https:\/\/veritasinfo.org\/index.php?rest_route=%2Fwp%2Fv2%2Ftags&post=45445"}],"curies":[{"name":"wp","href":"https:\/\/api.w.org\/{rel}","templated":true}]}}