{"id":45442,"date":"2026-04-28T14:21:11","date_gmt":"2026-04-28T12:21:11","guid":{"rendered":"https:\/\/veritasinfo.org\/?p=45442"},"modified":"2026-04-28T14:21:11","modified_gmt":"2026-04-28T12:21:11","slug":"vuciq-e-pranon-se-serbet-kane-kryer-krime-lufte-ne-kosove","status":"publish","type":"post","link":"https:\/\/veritasinfo.org\/?p=45442","title":{"rendered":"Vu\u00e7iq e pranon se serb\u00ebt kan\u00eb kryer krime lufte n\u00eb Kosov\u00eb"},"content":{"rendered":"<p>Prishtin\u00eb, 28 prill 2026 14:21<\/p>\n<p>Presidenti serb Aleksandar Vu\u00e7iq, i ftuar n\u00eb podcastin britanik\u00a0\u201cRest is Politics\u201d\u00a0t\u00eb drejtuar nga Alastair Campbell dhe Rory Ste\u00ebart,\u00a0 ka folur p\u00ebr disa \u00e7\u00ebshtje q\u00eb prekin rajonin, p\u00ebrfshir\u00eb edhe Kosov\u00ebn.<\/p>\n<p>Lidhur me k\u00ebt\u00eb te fundit, p\u00ebrderisa flitej p\u00ebr masakrat, Vu\u00e7iq, tha se, ka pasur krime lufte nga ana e serb\u00ebve gjat\u00eb luft\u00ebs n\u00eb Kosov\u00eb.<\/p>\n<p>Vu\u00e7iq, nd\u00ebrhyrjen e NATO\u2019s n\u00eb Kosov\u00eb e vler\u00ebsoi si hapje e kutis\u00eb s\u00eb Pandor\u00ebs, e cila nuk mund t\u00eb ndalet nga askush.<\/p>\n<p>\u2018\u2019Kjo po ndodhte nga t\u00eb dyja pal\u00ebt. U ekzagjerua nga ana juaj p\u00ebr fatin e tyre. U ekzagjerua edhe nga ana jon\u00eb. Ne pretendonim se nuk kishte krime lufte nga ana jon\u00eb, por kishte.<\/p>\n<p>Tani pyetja \u00ebsht\u00eb: kutia e Pandor\u00ebs \u00ebsht\u00eb hapur. Tani askush nuk do ta ndal\u00eb. Askush nuk do ta ndal\u00eb derisa t\u00eb krijohet nj\u00eb rend i ri bot\u00ebror\u2019\u2019, ka th\u00ebn\u00eb ai.<\/p>\n<p>Presidenti serb, tha edhe se njer\u00ebzit atje ndjenj\u00eb zhg\u00ebnjim lidhur me nd\u00ebrhyrjen e NATO\u2019s n\u00eb Kosov\u00eb, pasi q\u00eb \u00ebsht\u00eb \u2018\u2019shk\u00ebputur 14% e territorit t\u00eb Serbis\u00eb\u2019\u2019.<\/p>\n<p>\u2018\u2019Sot, n\u00ebse pyet njer\u00ebzit e zakonsh\u00ebm serb\u00eb se \u00e7far\u00eb ndiejn\u00eb p\u00ebr vitin 1999 dhe si jan\u00eb ndier at\u00ebher\u00eb, ata ndiejn\u00eb edhe m\u00eb shum\u00eb pak\u00ebnaq\u00ebsi. Ata ndiejn\u00eb zhg\u00ebnjim m\u00eb t\u00eb madh ndaj sjelljes s\u00eb 19 vendeve q\u00eb nd\u00ebrmor\u00ebn sulme agresive ndaj shtetit ton\u00eb. Ajo q\u00eb u b\u00eb nga pothuajse t\u00eb gjith\u00eb nuk ishte n\u00eb p\u00ebrputhje me Kart\u00ebn e OKB-s\u00eb, as n\u00eb p\u00ebrputhje me Rezolut\u00ebn 1444 t\u00eb OKB-s\u00eb. Kjo nuk u b\u00eb p\u00ebr t\u00eb parandaluar nj\u00eb katastrof\u00eb humanitare, si\u00e7 u tha nga Alistair dhe disa t\u00eb tjer\u00eb t\u00eb men\u00e7ur, por n\u00eb fakt ishte di\u00e7ka q\u00eb Per\u00ebndimi e b\u00ebri p\u00ebr t\u00eb shk\u00ebputur 14% t\u00eb territorit t\u00eb Serbis\u00eb, gj\u00eb q\u00eb t\u00eb pakt\u00ebn u tentua t\u00eb b\u00ebhej tet\u00eb, n\u00ebnt\u00eb vjet m\u00eb von\u00eb, n\u00eb vitin 2008, kur ata b\u00ebn\u00eb k\u00ebt\u00eb vet\u00ebshpallje t\u00eb pavar\u00ebsis\u00eb\u2019\u2019, shtoi ai.<\/p>\n<p>I pyetur se a sheh ngjashm\u00ebri mes situat\u00ebs n\u00eb Bosnje dhe n\u00eb Kosov\u00eb, Vu\u00e7iq, tha se ka \u2018\u2019ndryshime juridike\u2019\u2019.<\/p>\n<p>\u2018\u2019\u00cbsht\u00eb nj\u00eb situat\u00eb e ndryshme juridike. Rr\u00ebnj\u00ebt jan\u00eb\u2026 Mund t\u00eb gjesh disa elemente t\u00eb p\u00ebrbashk\u00ebta duke folur p\u00ebr rr\u00ebnj\u00ebt ose shkaqet e p\u00ebrplasjeve n\u00eb Kroaci, Bosnje dhe n\u00eb krahin\u00ebn tjet\u00ebr t\u00eb Serbis\u00eb, por n\u00eb fund ishte nj\u00eb situat\u00eb e ndryshme juridike\u2019\u2019, ka th\u00ebn\u00eb Vu\u00e7iq.<\/p>\n<p>&nbsp;<\/p>\n<p>&nbsp;<\/p>\n","protected":false},"excerpt":{"rendered":"<p>Prishtin\u00eb, 28 prill 2026 14:21 Presidenti serb Aleksandar Vu\u00e7iq, i ftuar n\u00eb podcastin britanik\u00a0\u201cRest is Politics\u201d\u00a0t\u00eb drejtuar nga Alastair Campbell dhe Rory Ste\u00ebart,\u00a0 ka folur<\/p>\n","protected":false},"author":7,"featured_media":45443,"comment_status":"open","ping_status":"open","sticky":false,"template":"","format":"standard","meta":{"footnotes":""},"categories":[58],"tags":[],"class_list":["post-45442","post","type-post","status-publish","format-standard","has-post-thumbnail","hentry","category-politike-sq"],"yoast_head":"<!-- This site is optimized with the Yoast SEO plugin v25.3.1 - https:\/\/yoast.com\/wordpress\/plugins\/seo\/ -->\n<title>Vu\u00e7iq e pranon se serb\u00ebt kan\u00eb kryer krime lufte n\u00eb Kosov\u00eb -<\/title>\n<meta name=\"robots\" content=\"index, follow, max-snippet:-1, max-image-preview:large, max-video-preview:-1\" \/>\n<link rel=\"canonical\" href=\"https:\/\/veritasinfo.org\/?p=45442\" \/>\n<meta property=\"og:locale\" content=\"en_US\" \/>\n<meta property=\"og:type\" content=\"article\" \/>\n<meta property=\"og:title\" content=\"Vu\u00e7iq e pranon se serb\u00ebt kan\u00eb kryer krime lufte n\u00eb Kosov\u00eb -\" \/>\n<meta property=\"og:description\" content=\"Prishtin\u00eb, 28 prill 2026 14:21 Presidenti serb Aleksandar Vu\u00e7iq, i ftuar n\u00eb podcastin britanik\u00a0\u201cRest is Politics\u201d\u00a0t\u00eb drejtuar nga Alastair Campbell dhe Rory Ste\u00ebart,\u00a0 ka folur\" \/>\n<meta property=\"og:url\" content=\"https:\/\/veritasinfo.org\/?p=45442\" \/>\n<meta property=\"article:published_time\" content=\"2026-04-28T12:21:11+00:00\" \/>\n<meta property=\"og:image\" content=\"https:\/\/veritasinfo.org\/wp-content\/uploads\/2026\/04\/1-74.jpg\" \/>\n\t<meta property=\"og:image:width\" content=\"644\" \/>\n\t<meta property=\"og:image:height\" content=\"369\" \/>\n\t<meta property=\"og:image:type\" content=\"image\/jpeg\" \/>\n<meta name=\"author\" content=\"US6\" \/>\n<meta name=\"twitter:card\" content=\"summary_large_image\" \/>\n<meta name=\"twitter:label1\" content=\"Written by\" \/>\n\t<meta name=\"twitter:data1\" content=\"US6\" \/>\n\t<meta name=\"twitter:label2\" content=\"Est. reading time\" \/>\n\t<meta name=\"twitter:data2\" content=\"2 minutes\" \/>\n<script type=\"application\/ld+json\" class=\"yoast-schema-graph\">{\"@context\":\"https:\/\/schema.org\",\"@graph\":[{\"@type\":\"WebPage\",\"@id\":\"https:\/\/veritasinfo.org\/?p=45442\",\"url\":\"https:\/\/veritasinfo.org\/?p=45442\",\"name\":\"Vu\u00e7iq e pranon se serb\u00ebt kan\u00eb kryer krime lufte n\u00eb Kosov\u00eb -\",\"isPartOf\":{\"@id\":\"https:\/\/veritasinfo.org\/#website\"},\"primaryImageOfPage\":{\"@id\":\"https:\/\/veritasinfo.org\/?p=45442#primaryimage\"},\"image\":{\"@id\":\"https:\/\/veritasinfo.org\/?p=45442#primaryimage\"},\"thumbnailUrl\":\"https:\/\/veritasinfo.org\/wp-content\/uploads\/2026\/04\/1-74.jpg\",\"datePublished\":\"2026-04-28T12:21:11+00:00\",\"author\":{\"@id\":\"https:\/\/veritasinfo.org\/#\/schema\/person\/fe199eede04c3937362892b7444747cc\"},\"breadcrumb\":{\"@id\":\"https:\/\/veritasinfo.org\/?p=45442#breadcrumb\"},\"inLanguage\":\"en-US\",\"potentialAction\":[{\"@type\":\"ReadAction\",\"target\":[\"https:\/\/veritasinfo.org\/?p=45442\"]}]},{\"@type\":\"ImageObject\",\"inLanguage\":\"en-US\",\"@id\":\"https:\/\/veritasinfo.org\/?p=45442#primaryimage\",\"url\":\"https:\/\/veritasinfo.org\/wp-content\/uploads\/2026\/04\/1-74.jpg\",\"contentUrl\":\"https:\/\/veritasinfo.org\/wp-content\/uploads\/2026\/04\/1-74.jpg\",\"width\":644,\"height\":369},{\"@type\":\"BreadcrumbList\",\"@id\":\"https:\/\/veritasinfo.org\/?p=45442#breadcrumb\",\"itemListElement\":[{\"@type\":\"ListItem\",\"position\":1,\"name\":\"Home\",\"item\":\"https:\/\/veritasinfo.org\/\"},{\"@type\":\"ListItem\",\"position\":2,\"name\":\"Vu\u00e7iq e pranon se serb\u00ebt kan\u00eb kryer krime lufte n\u00eb Kosov\u00eb\"}]},{\"@type\":\"WebSite\",\"@id\":\"https:\/\/veritasinfo.org\/#website\",\"url\":\"https:\/\/veritasinfo.org\/\",\"name\":\"\",\"description\":\"\",\"potentialAction\":[{\"@type\":\"SearchAction\",\"target\":{\"@type\":\"EntryPoint\",\"urlTemplate\":\"https:\/\/veritasinfo.org\/?s={search_term_string}\"},\"query-input\":{\"@type\":\"PropertyValueSpecification\",\"valueRequired\":true,\"valueName\":\"search_term_string\"}}],\"inLanguage\":\"en-US\"},{\"@type\":\"Person\",\"@id\":\"https:\/\/veritasinfo.org\/#\/schema\/person\/fe199eede04c3937362892b7444747cc\",\"name\":\"US6\",\"image\":{\"@type\":\"ImageObject\",\"inLanguage\":\"en-US\",\"@id\":\"https:\/\/veritasinfo.org\/#\/schema\/person\/image\/\",\"url\":\"https:\/\/secure.gravatar.com\/avatar\/cb16c3c31c9d23b9b8c705964598220b3014e42ff51eb540ff23cefa3ae8c15f?s=96&d=mm&r=g\",\"contentUrl\":\"https:\/\/secure.gravatar.com\/avatar\/cb16c3c31c9d23b9b8c705964598220b3014e42ff51eb540ff23cefa3ae8c15f?s=96&d=mm&r=g\",\"caption\":\"US6\"},\"url\":\"https:\/\/veritasinfo.org\/?author=7\"}]}<\/script>\n<!-- \/ Yoast SEO plugin. -->","yoast_head_json":{"title":"Vu\u00e7iq e pranon se serb\u00ebt kan\u00eb kryer krime lufte n\u00eb Kosov\u00eb -","robots":{"index":"index","follow":"follow","max-snippet":"max-snippet:-1","max-image-preview":"max-image-preview:large","max-video-preview":"max-video-preview:-1"},"canonical":"https:\/\/veritasinfo.org\/?p=45442","og_locale":"en_US","og_type":"article","og_title":"Vu\u00e7iq e pranon se serb\u00ebt kan\u00eb kryer krime lufte n\u00eb Kosov\u00eb -","og_description":"Prishtin\u00eb, 28 prill 2026 14:21 Presidenti serb Aleksandar Vu\u00e7iq, i ftuar n\u00eb podcastin britanik\u00a0\u201cRest is Politics\u201d\u00a0t\u00eb drejtuar nga Alastair Campbell dhe Rory Ste\u00ebart,\u00a0 ka folur","og_url":"https:\/\/veritasinfo.org\/?p=45442","article_published_time":"2026-04-28T12:21:11+00:00","og_image":[{"width":644,"height":369,"url":"https:\/\/veritasinfo.org\/wp-content\/uploads\/2026\/04\/1-74.jpg","type":"image\/jpeg"}],"author":"US6","twitter_card":"summary_large_image","twitter_misc":{"Written by":"US6","Est. reading time":"2 minutes"},"schema":{"@context":"https:\/\/schema.org","@graph":[{"@type":"WebPage","@id":"https:\/\/veritasinfo.org\/?p=45442","url":"https:\/\/veritasinfo.org\/?p=45442","name":"Vu\u00e7iq e pranon se serb\u00ebt kan\u00eb kryer krime lufte n\u00eb Kosov\u00eb -","isPartOf":{"@id":"https:\/\/veritasinfo.org\/#website"},"primaryImageOfPage":{"@id":"https:\/\/veritasinfo.org\/?p=45442#primaryimage"},"image":{"@id":"https:\/\/veritasinfo.org\/?p=45442#primaryimage"},"thumbnailUrl":"https:\/\/veritasinfo.org\/wp-content\/uploads\/2026\/04\/1-74.jpg","datePublished":"2026-04-28T12:21:11+00:00","author":{"@id":"https:\/\/veritasinfo.org\/#\/schema\/person\/fe199eede04c3937362892b7444747cc"},"breadcrumb":{"@id":"https:\/\/veritasinfo.org\/?p=45442#breadcrumb"},"inLanguage":"en-US","potentialAction":[{"@type":"ReadAction","target":["https:\/\/veritasinfo.org\/?p=45442"]}]},{"@type":"ImageObject","inLanguage":"en-US","@id":"https:\/\/veritasinfo.org\/?p=45442#primaryimage","url":"https:\/\/veritasinfo.org\/wp-content\/uploads\/2026\/04\/1-74.jpg","contentUrl":"https:\/\/veritasinfo.org\/wp-content\/uploads\/2026\/04\/1-74.jpg","width":644,"height":369},{"@type":"BreadcrumbList","@id":"https:\/\/veritasinfo.org\/?p=45442#breadcrumb","itemListElement":[{"@type":"ListItem","position":1,"name":"Home","item":"https:\/\/veritasinfo.org\/"},{"@type":"ListItem","position":2,"name":"Vu\u00e7iq e pranon se serb\u00ebt kan\u00eb kryer krime lufte n\u00eb Kosov\u00eb"}]},{"@type":"WebSite","@id":"https:\/\/veritasinfo.org\/#website","url":"https:\/\/veritasinfo.org\/","name":"","description":"","potentialAction":[{"@type":"SearchAction","target":{"@type":"EntryPoint","urlTemplate":"https:\/\/veritasinfo.org\/?s={search_term_string}"},"query-input":{"@type":"PropertyValueSpecification","valueRequired":true,"valueName":"search_term_string"}}],"inLanguage":"en-US"},{"@type":"Person","@id":"https:\/\/veritasinfo.org\/#\/schema\/person\/fe199eede04c3937362892b7444747cc","name":"US6","image":{"@type":"ImageObject","inLanguage":"en-US","@id":"https:\/\/veritasinfo.org\/#\/schema\/person\/image\/","url":"https:\/\/secure.gravatar.com\/avatar\/cb16c3c31c9d23b9b8c705964598220b3014e42ff51eb540ff23cefa3ae8c15f?s=96&d=mm&r=g","contentUrl":"https:\/\/secure.gravatar.com\/avatar\/cb16c3c31c9d23b9b8c705964598220b3014e42ff51eb540ff23cefa3ae8c15f?s=96&d=mm&r=g","caption":"US6"},"url":"https:\/\/veritasinfo.org\/?author=7"}]}},"featured_image_urls":{"full":["https:\/\/veritasinfo.org\/wp-content\/uploads\/2026\/04\/1-74.jpg",644,369,false],"thumbnail":["https:\/\/veritasinfo.org\/wp-content\/uploads\/2026\/04\/1-74-150x150.jpg",150,150,true],"medium":["https:\/\/veritasinfo.org\/wp-content\/uploads\/2026\/04\/1-74-300x172.jpg",300,172,true],"medium_large":["https:\/\/veritasinfo.org\/wp-content\/uploads\/2026\/04\/1-74.jpg",640,367,false],"large":["https:\/\/veritasinfo.org\/wp-content\/uploads\/2026\/04\/1-74.jpg",640,367,false],"1536x1536":["https:\/\/veritasinfo.org\/wp-content\/uploads\/2026\/04\/1-74.jpg",644,369,false],"2048x2048":["https:\/\/veritasinfo.org\/wp-content\/uploads\/2026\/04\/1-74.jpg",644,369,false],"kreeti-slider-full":["https:\/\/veritasinfo.org\/wp-content\/uploads\/2026\/04\/1-74.jpg",644,369,false],"kreeti-featured":["https:\/\/veritasinfo.org\/wp-content\/uploads\/2026\/04\/1-74.jpg",644,369,false],"kreeti-medium":["https:\/\/veritasinfo.org\/wp-content\/uploads\/2026\/04\/1-74.jpg",644,369,false],"kreeti-medium-square":["https:\/\/veritasinfo.org\/wp-content\/uploads\/2026\/04\/1-74-350x350.jpg",350,350,true]},"author_info":{"info":["US6"]},"category_info":"<a href=\"https:\/\/veritasinfo.org\/?cat=58\" rel=\"category\">Politik\u00eb<\/a>","tag_info":"Politik\u00eb","comment_count":"0","_links":{"self":[{"href":"https:\/\/veritasinfo.org\/index.php?rest_route=\/wp\/v2\/posts\/45442","targetHints":{"allow":["GET"]}}],"collection":[{"href":"https:\/\/veritasinfo.org\/index.php?rest_route=\/wp\/v2\/posts"}],"about":[{"href":"https:\/\/veritasinfo.org\/index.php?rest_route=\/wp\/v2\/types\/post"}],"author":[{"embeddable":true,"href":"https:\/\/veritasinfo.org\/index.php?rest_route=\/wp\/v2\/users\/7"}],"replies":[{"embeddable":true,"href":"https:\/\/veritasinfo.org\/index.php?rest_route=%2Fwp%2Fv2%2Fcomments&post=45442"}],"version-history":[{"count":1,"href":"https:\/\/veritasinfo.org\/index.php?rest_route=\/wp\/v2\/posts\/45442\/revisions"}],"predecessor-version":[{"id":45444,"href":"https:\/\/veritasinfo.org\/index.php?rest_route=\/wp\/v2\/posts\/45442\/revisions\/45444"}],"wp:featuredmedia":[{"embeddable":true,"href":"https:\/\/veritasinfo.org\/index.php?rest_route=\/wp\/v2\/media\/45443"}],"wp:attachment":[{"href":"https:\/\/veritasinfo.org\/index.php?rest_route=%2Fwp%2Fv2%2Fmedia&parent=45442"}],"wp:term":[{"taxonomy":"category","embeddable":true,"href":"https:\/\/veritasinfo.org\/index.php?rest_route=%2Fwp%2Fv2%2Fcategories&post=45442"},{"taxonomy":"post_tag","embeddable":true,"href":"https:\/\/veritasinfo.org\/index.php?rest_route=%2Fwp%2Fv2%2Ftags&post=45442"}],"curies":[{"name":"wp","href":"https:\/\/api.w.org\/{rel}","templated":true}]}}