{"id":45439,"date":"2026-04-28T14:03:54","date_gmt":"2026-04-28T12:03:54","guid":{"rendered":"https:\/\/veritasinfo.org\/?p=45439"},"modified":"2026-04-28T14:03:54","modified_gmt":"2026-04-28T12:03:54","slug":"muja-se-sastaje-sa-mlekarima-i-kaze-da-ce-svaki-paket-mleka-koji-ulazi-na-kosovo-biti-podlozan-merama","status":"publish","type":"post","link":"https:\/\/veritasinfo.org\/?p=45439&lang=sr","title":{"rendered":"Muja se sastaje sa mlekarima i ka\u017ee da c\u0301e svaki paket mleka koji ulazi na Kosovo biti podlo\u017ean merama"},"content":{"rendered":"<p>Pri\u0161tina, 28. april 2026. 14:00<\/p>\n<p>Proizvo\u0111a\u010di mleka na Kosovu suo\u010davaju se sa sve vec\u0301im pote\u0161koc\u0301ama u plasiranju svojih proizvoda, kao rezultat promena na tr\u017ei\u0161tu i pritiska uvoza.<\/p>\n<p>Da bi se izbegli ovi problemi, udru\u017eenja proizvo\u0111a\u010da mleka sastala su se danas sa ministrom poljoprivrede Armendom Mujom. Muja je proizvo\u0111a\u010dima mleka rekao da c\u0301e svako pakovanje mleka uvezeno na Kosovo biti predmet mera.<\/p>\n<p>\u201eOd ju\u010de je potpisana odluka o grani\u010dnoj kontroli. Svako pakovanje mleka uvezeno na Kosovo bic\u0301e predmet dve mere. Prva mera je laboratorijska analiza, analizira se sastav svakog pakovanja uvezenog na Kosovo. Druga je domac\u0301e tr\u017ei\u0161te. Svaki mle\u010dni proizvod c\u0301e biti pravilno kategorisan\u201c, rekao je Muja nakon sastanka sa predstavnicima udru\u017eenja proizvo\u0111a\u010da mleka.<\/p>\n<p>U me\u0111uvremenu, predstavnici udru\u017eenja proizvo\u0111a\u010da mleka, nakon sastanka sa ministrom, izjavili su da se nadaju da c\u0301e ove mere uskoro biti preduzete, kako bi se izbegli problemi sa prodajom njihovih proizvoda.<\/p>\n","protected":false},"excerpt":{"rendered":"<p>Pri\u0161tina, 28. april 2026. 14:00 Proizvo\u0111a\u010di mleka na Kosovu suo\u010davaju se sa sve vec\u0301im pote\u0161koc\u0301ama u plasiranju svojih proizvoda, kao rezultat promena na tr\u017ei\u0161tu i<\/p>\n","protected":false},"author":6,"featured_media":45440,"comment_status":"open","ping_status":"open","sticky":false,"template":"","format":"standard","meta":{"footnotes":""},"categories":[30],"tags":[],"class_list":["post-45439","post","type-post","status-publish","format-standard","has-post-thumbnail","hentry","category-drustvo"],"yoast_head":"<!-- This site is optimized with the Yoast SEO plugin v25.3.1 - https:\/\/yoast.com\/wordpress\/plugins\/seo\/ -->\n<title>Muja se sastaje sa mlekarima i ka\u017ee da c\u0301e svaki paket mleka koji ulazi na Kosovo biti podlo\u017ean merama -<\/title>\n<meta name=\"robots\" content=\"index, follow, max-snippet:-1, max-image-preview:large, max-video-preview:-1\" \/>\n<link rel=\"canonical\" href=\"https:\/\/veritasinfo.org\/?p=45439&lang=sr\" \/>\n<meta property=\"og:locale\" content=\"en_US\" \/>\n<meta property=\"og:type\" content=\"article\" \/>\n<meta property=\"og:title\" content=\"Muja se sastaje sa mlekarima i ka\u017ee da c\u0301e svaki paket mleka koji ulazi na Kosovo biti podlo\u017ean merama -\" \/>\n<meta property=\"og:description\" content=\"Pri\u0161tina, 28. april 2026. 14:00 Proizvo\u0111a\u010di mleka na Kosovu suo\u010davaju se sa sve vec\u0301im pote\u0161koc\u0301ama u plasiranju svojih proizvoda, kao rezultat promena na tr\u017ei\u0161tu i\" \/>\n<meta property=\"og:url\" content=\"https:\/\/veritasinfo.org\/?p=45439&amp;lang=sr\" \/>\n<meta property=\"article:published_time\" content=\"2026-04-28T12:03:54+00:00\" \/>\n<meta property=\"og:image\" content=\"https:\/\/veritasinfo.org\/wp-content\/uploads\/2026\/04\/IMG_20260428_140058-1.jpg\" \/>\n\t<meta property=\"og:image:width\" content=\"1396\" \/>\n\t<meta property=\"og:image:height\" content=\"522\" \/>\n\t<meta property=\"og:image:type\" content=\"image\/jpeg\" \/>\n<meta name=\"author\" content=\"US5\" \/>\n<meta name=\"twitter:card\" content=\"summary_large_image\" \/>\n<meta name=\"twitter:label1\" content=\"Written by\" \/>\n\t<meta name=\"twitter:data1\" content=\"US5\" \/>\n<script type=\"application\/ld+json\" class=\"yoast-schema-graph\">{\"@context\":\"https:\/\/schema.org\",\"@graph\":[{\"@type\":\"WebPage\",\"@id\":\"https:\/\/veritasinfo.org\/?p=45439&lang=sr\",\"url\":\"https:\/\/veritasinfo.org\/?p=45439&lang=sr\",\"name\":\"Muja se sastaje sa mlekarima i ka\u017ee da c\u0301e svaki paket mleka koji ulazi na Kosovo biti podlo\u017ean merama -\",\"isPartOf\":{\"@id\":\"https:\/\/veritasinfo.org\/#website\"},\"primaryImageOfPage\":{\"@id\":\"https:\/\/veritasinfo.org\/?p=45439&lang=sr#primaryimage\"},\"image\":{\"@id\":\"https:\/\/veritasinfo.org\/?p=45439&lang=sr#primaryimage\"},\"thumbnailUrl\":\"https:\/\/veritasinfo.org\/wp-content\/uploads\/2026\/04\/IMG_20260428_140058-1.jpg\",\"datePublished\":\"2026-04-28T12:03:54+00:00\",\"author\":{\"@id\":\"https:\/\/veritasinfo.org\/#\/schema\/person\/bc442336e35414d04494ab8fb45db4c6\"},\"breadcrumb\":{\"@id\":\"https:\/\/veritasinfo.org\/?p=45439&lang=sr#breadcrumb\"},\"inLanguage\":\"en-US\",\"potentialAction\":[{\"@type\":\"ReadAction\",\"target\":[\"https:\/\/veritasinfo.org\/?p=45439&lang=sr\"]}]},{\"@type\":\"ImageObject\",\"inLanguage\":\"en-US\",\"@id\":\"https:\/\/veritasinfo.org\/?p=45439&lang=sr#primaryimage\",\"url\":\"https:\/\/veritasinfo.org\/wp-content\/uploads\/2026\/04\/IMG_20260428_140058-1.jpg\",\"contentUrl\":\"https:\/\/veritasinfo.org\/wp-content\/uploads\/2026\/04\/IMG_20260428_140058-1.jpg\",\"width\":1396,\"height\":522},{\"@type\":\"BreadcrumbList\",\"@id\":\"https:\/\/veritasinfo.org\/?p=45439&lang=sr#breadcrumb\",\"itemListElement\":[{\"@type\":\"ListItem\",\"position\":1,\"name\":\"Home\",\"item\":\"https:\/\/veritasinfo.org\/\"},{\"@type\":\"ListItem\",\"position\":2,\"name\":\"Muja se sastaje sa mlekarima i ka\u017ee da c\u0301e svaki paket mleka koji ulazi na Kosovo biti podlo\u017ean merama\"}]},{\"@type\":\"WebSite\",\"@id\":\"https:\/\/veritasinfo.org\/#website\",\"url\":\"https:\/\/veritasinfo.org\/\",\"name\":\"\",\"description\":\"\",\"potentialAction\":[{\"@type\":\"SearchAction\",\"target\":{\"@type\":\"EntryPoint\",\"urlTemplate\":\"https:\/\/veritasinfo.org\/?s={search_term_string}\"},\"query-input\":{\"@type\":\"PropertyValueSpecification\",\"valueRequired\":true,\"valueName\":\"search_term_string\"}}],\"inLanguage\":\"en-US\"},{\"@type\":\"Person\",\"@id\":\"https:\/\/veritasinfo.org\/#\/schema\/person\/bc442336e35414d04494ab8fb45db4c6\",\"name\":\"US5\",\"image\":{\"@type\":\"ImageObject\",\"inLanguage\":\"en-US\",\"@id\":\"https:\/\/veritasinfo.org\/#\/schema\/person\/image\/\",\"url\":\"https:\/\/secure.gravatar.com\/avatar\/16a61e7272a0c5d001121ebb9e60e925d5816e4ac1e443ed3e640d9a6ae55d0c?s=96&d=mm&r=g\",\"contentUrl\":\"https:\/\/secure.gravatar.com\/avatar\/16a61e7272a0c5d001121ebb9e60e925d5816e4ac1e443ed3e640d9a6ae55d0c?s=96&d=mm&r=g\",\"caption\":\"US5\"},\"url\":\"https:\/\/veritasinfo.org\/?author=6\"}]}<\/script>\n<!-- \/ Yoast SEO plugin. -->","yoast_head_json":{"title":"Muja se sastaje sa mlekarima i ka\u017ee da c\u0301e svaki paket mleka koji ulazi na Kosovo biti podlo\u017ean merama -","robots":{"index":"index","follow":"follow","max-snippet":"max-snippet:-1","max-image-preview":"max-image-preview:large","max-video-preview":"max-video-preview:-1"},"canonical":"https:\/\/veritasinfo.org\/?p=45439&lang=sr","og_locale":"en_US","og_type":"article","og_title":"Muja se sastaje sa mlekarima i ka\u017ee da c\u0301e svaki paket mleka koji ulazi na Kosovo biti podlo\u017ean merama -","og_description":"Pri\u0161tina, 28. april 2026. 14:00 Proizvo\u0111a\u010di mleka na Kosovu suo\u010davaju se sa sve vec\u0301im pote\u0161koc\u0301ama u plasiranju svojih proizvoda, kao rezultat promena na tr\u017ei\u0161tu i","og_url":"https:\/\/veritasinfo.org\/?p=45439&lang=sr","article_published_time":"2026-04-28T12:03:54+00:00","og_image":[{"width":1396,"height":522,"url":"https:\/\/veritasinfo.org\/wp-content\/uploads\/2026\/04\/IMG_20260428_140058-1.jpg","type":"image\/jpeg"}],"author":"US5","twitter_card":"summary_large_image","twitter_misc":{"Written by":"US5"},"schema":{"@context":"https:\/\/schema.org","@graph":[{"@type":"WebPage","@id":"https:\/\/veritasinfo.org\/?p=45439&lang=sr","url":"https:\/\/veritasinfo.org\/?p=45439&lang=sr","name":"Muja se sastaje sa mlekarima i ka\u017ee da c\u0301e svaki paket mleka koji ulazi na Kosovo biti podlo\u017ean merama -","isPartOf":{"@id":"https:\/\/veritasinfo.org\/#website"},"primaryImageOfPage":{"@id":"https:\/\/veritasinfo.org\/?p=45439&lang=sr#primaryimage"},"image":{"@id":"https:\/\/veritasinfo.org\/?p=45439&lang=sr#primaryimage"},"thumbnailUrl":"https:\/\/veritasinfo.org\/wp-content\/uploads\/2026\/04\/IMG_20260428_140058-1.jpg","datePublished":"2026-04-28T12:03:54+00:00","author":{"@id":"https:\/\/veritasinfo.org\/#\/schema\/person\/bc442336e35414d04494ab8fb45db4c6"},"breadcrumb":{"@id":"https:\/\/veritasinfo.org\/?p=45439&lang=sr#breadcrumb"},"inLanguage":"en-US","potentialAction":[{"@type":"ReadAction","target":["https:\/\/veritasinfo.org\/?p=45439&lang=sr"]}]},{"@type":"ImageObject","inLanguage":"en-US","@id":"https:\/\/veritasinfo.org\/?p=45439&lang=sr#primaryimage","url":"https:\/\/veritasinfo.org\/wp-content\/uploads\/2026\/04\/IMG_20260428_140058-1.jpg","contentUrl":"https:\/\/veritasinfo.org\/wp-content\/uploads\/2026\/04\/IMG_20260428_140058-1.jpg","width":1396,"height":522},{"@type":"BreadcrumbList","@id":"https:\/\/veritasinfo.org\/?p=45439&lang=sr#breadcrumb","itemListElement":[{"@type":"ListItem","position":1,"name":"Home","item":"https:\/\/veritasinfo.org\/"},{"@type":"ListItem","position":2,"name":"Muja se sastaje sa mlekarima i ka\u017ee da c\u0301e svaki paket mleka koji ulazi na Kosovo biti podlo\u017ean merama"}]},{"@type":"WebSite","@id":"https:\/\/veritasinfo.org\/#website","url":"https:\/\/veritasinfo.org\/","name":"","description":"","potentialAction":[{"@type":"SearchAction","target":{"@type":"EntryPoint","urlTemplate":"https:\/\/veritasinfo.org\/?s={search_term_string}"},"query-input":{"@type":"PropertyValueSpecification","valueRequired":true,"valueName":"search_term_string"}}],"inLanguage":"en-US"},{"@type":"Person","@id":"https:\/\/veritasinfo.org\/#\/schema\/person\/bc442336e35414d04494ab8fb45db4c6","name":"US5","image":{"@type":"ImageObject","inLanguage":"en-US","@id":"https:\/\/veritasinfo.org\/#\/schema\/person\/image\/","url":"https:\/\/secure.gravatar.com\/avatar\/16a61e7272a0c5d001121ebb9e60e925d5816e4ac1e443ed3e640d9a6ae55d0c?s=96&d=mm&r=g","contentUrl":"https:\/\/secure.gravatar.com\/avatar\/16a61e7272a0c5d001121ebb9e60e925d5816e4ac1e443ed3e640d9a6ae55d0c?s=96&d=mm&r=g","caption":"US5"},"url":"https:\/\/veritasinfo.org\/?author=6"}]}},"featured_image_urls":{"full":["https:\/\/veritasinfo.org\/wp-content\/uploads\/2026\/04\/IMG_20260428_140058-1.jpg",1396,522,false],"thumbnail":["https:\/\/veritasinfo.org\/wp-content\/uploads\/2026\/04\/IMG_20260428_140058-1-150x150.jpg",150,150,true],"medium":["https:\/\/veritasinfo.org\/wp-content\/uploads\/2026\/04\/IMG_20260428_140058-1-300x112.jpg",300,112,true],"medium_large":["https:\/\/veritasinfo.org\/wp-content\/uploads\/2026\/04\/IMG_20260428_140058-1-768x287.jpg",640,239,true],"large":["https:\/\/veritasinfo.org\/wp-content\/uploads\/2026\/04\/IMG_20260428_140058-1-1024x383.jpg",640,239,true],"1536x1536":["https:\/\/veritasinfo.org\/wp-content\/uploads\/2026\/04\/IMG_20260428_140058-1.jpg",1396,522,false],"2048x2048":["https:\/\/veritasinfo.org\/wp-content\/uploads\/2026\/04\/IMG_20260428_140058-1.jpg",1396,522,false],"kreeti-slider-full":["https:\/\/veritasinfo.org\/wp-content\/uploads\/2026\/04\/IMG_20260428_140058-1-1280x522.jpg",1280,522,true],"kreeti-featured":["https:\/\/veritasinfo.org\/wp-content\/uploads\/2026\/04\/IMG_20260428_140058-1-1024x383.jpg",1024,383,true],"kreeti-medium":["https:\/\/veritasinfo.org\/wp-content\/uploads\/2026\/04\/IMG_20260428_140058-1-720x522.jpg",720,522,true],"kreeti-medium-square":["https:\/\/veritasinfo.org\/wp-content\/uploads\/2026\/04\/IMG_20260428_140058-1-350x350.jpg",350,350,true]},"author_info":{"info":["US5"]},"category_info":"<a href=\"https:\/\/veritasinfo.org\/?cat=30&#038;lang=sr\" rel=\"category\">Dru\u0161tvo<\/a>","tag_info":"Dru\u0161tvo","comment_count":"0","_links":{"self":[{"href":"https:\/\/veritasinfo.org\/index.php?rest_route=\/wp\/v2\/posts\/45439","targetHints":{"allow":["GET"]}}],"collection":[{"href":"https:\/\/veritasinfo.org\/index.php?rest_route=\/wp\/v2\/posts"}],"about":[{"href":"https:\/\/veritasinfo.org\/index.php?rest_route=\/wp\/v2\/types\/post"}],"author":[{"embeddable":true,"href":"https:\/\/veritasinfo.org\/index.php?rest_route=\/wp\/v2\/users\/6"}],"replies":[{"embeddable":true,"href":"https:\/\/veritasinfo.org\/index.php?rest_route=%2Fwp%2Fv2%2Fcomments&post=45439"}],"version-history":[{"count":1,"href":"https:\/\/veritasinfo.org\/index.php?rest_route=\/wp\/v2\/posts\/45439\/revisions"}],"predecessor-version":[{"id":45441,"href":"https:\/\/veritasinfo.org\/index.php?rest_route=\/wp\/v2\/posts\/45439\/revisions\/45441"}],"wp:featuredmedia":[{"embeddable":true,"href":"https:\/\/veritasinfo.org\/index.php?rest_route=\/wp\/v2\/media\/45440"}],"wp:attachment":[{"href":"https:\/\/veritasinfo.org\/index.php?rest_route=%2Fwp%2Fv2%2Fmedia&parent=45439"}],"wp:term":[{"taxonomy":"category","embeddable":true,"href":"https:\/\/veritasinfo.org\/index.php?rest_route=%2Fwp%2Fv2%2Fcategories&post=45439"},{"taxonomy":"post_tag","embeddable":true,"href":"https:\/\/veritasinfo.org\/index.php?rest_route=%2Fwp%2Fv2%2Ftags&post=45439"}],"curies":[{"name":"wp","href":"https:\/\/api.w.org\/{rel}","templated":true}]}}