{"id":45429,"date":"2026-04-28T12:44:48","date_gmt":"2026-04-28T10:44:48","guid":{"rendered":"https:\/\/veritasinfo.org\/?p=45429"},"modified":"2026-04-28T12:44:48","modified_gmt":"2026-04-28T10:44:48","slug":"sest-ucenika-iz-suvareke-u-finalu-svetske-matematicke-olimpijade-u-frankfurtu","status":"publish","type":"post","link":"https:\/\/veritasinfo.org\/?p=45429&lang=sr","title":{"rendered":"\u0160est u\u010denika iz Suvareke u finalu Svetske matemati\u010dke olimpijade u Frankfurtu"},"content":{"rendered":"<p>Pri\u0161tina, 28. april 2026. 12:40<\/p>\n<p>Gradona\u010delnik op\u0161tine Suva Reka, Bali Muharemaj, objavio je da je matemati\u010dki tim iz ove op\u0161tine otputovao u Nema\u010dku kako bi predstavljao Kosovo u finalu Svetske matemati\u010dke olimpijade, koja se odr\u017eava u Frankfurtu.<\/p>\n<p>\u201eDanas smo sa zadovoljstvom ispratili na\u0161 matemati\u010dki tim i koordinatora za Kosovo, prof. Emina Hod\u017eu, koji odlaze u Nema\u010dku kako bi predstavljali Kosovo i Suvu Reku u finalu Svetske matemati\u010dke olimpijade u Frankfurtu\u201c, napisao je Muharemaj na Fejsbuku.<\/p>\n<p>Prema njegovim re\u010dima, \u0161estoro u\u010denika se kvalifikovalo nakon \u0161irokog me\u0111unarodnog takmi\u010denja, u kojem je u\u010destvovalo preko 26 hiljada u\u010denika iz 173 zemlje.<\/p>\n<p>\u201ePoseban je ponos \u0161to je kvalifikacija na\u0161ih \u0161estoro u\u010denika do\u0161la nakon jake konkurencije sa preko 26.000 u\u010denika iz 173 zemlje \u0161irom sveta\u201c, naglasio je Muharemaj, dodajuc\u0301i da su rangirani \u201eme\u0111u 20% najboljih na me\u0111unarodnom nivou\u201c.<\/p>\n<p>Muharemaj je objavio da je, zajedno sa direktorom obrazovanja u Suvoj Reci, Remzijem Bajselmanijem, po\u017eeleo srec\u0301u u\u010denicima i kosovskom koordinatoru za ovu Olimpijadu, prof. Eminu Hod\u017ei.<\/p>\n<p>\u201eZajedno sa direktorom obrazovanja, gospodinom Remzijem Bajselmanijem, po\u017eeleli smo srec\u0301u koordinatoru Eminu Hod\u017ei i na\u0161im u\u010denicima\u201c, napisao je.<\/p>\n<p>Gradona\u010delnik Suve Reke je naglasio da c\u0301e op\u0161tina nastaviti da podr\u017eava u\u010denike na me\u0111unarodnim takmi\u010denjima, izra\u017eavajuc\u0301i uverenje da c\u0301e se tim vratiti sa pozitivnim rezultatima.<\/p>\n<p>\u201eOp\u0161tina Suva Reka c\u0301e nastaviti da bude sna\u017ena podr\u0161ka u\u010denicima na me\u0111unarodnim takmi\u010denjima&#8230; Verujemo u njihovo znanje i uvereni smo da c\u0301e se vratiti sa uspesima koji c\u0301e nas sve u\u010diniti ponosnim\u201c, zaklju\u010dio je Muharemaj.<\/p>\n","protected":false},"excerpt":{"rendered":"<p>Pri\u0161tina, 28. april 2026. 12:40 Gradona\u010delnik op\u0161tine Suva Reka, Bali Muharemaj, objavio je da je matemati\u010dki tim iz ove op\u0161tine otputovao u Nema\u010dku kako bi<\/p>\n","protected":false},"author":6,"featured_media":45431,"comment_status":"open","ping_status":"open","sticky":false,"template":"","format":"standard","meta":{"footnotes":""},"categories":[32],"tags":[],"class_list":["post-45429","post","type-post","status-publish","format-standard","has-post-thumbnail","hentry","category-opstine"],"yoast_head":"<!-- This site is optimized with the Yoast SEO plugin v25.3.1 - https:\/\/yoast.com\/wordpress\/plugins\/seo\/ -->\n<title>\u0160est u\u010denika iz Suvareke u finalu Svetske matemati\u010dke olimpijade u Frankfurtu -<\/title>\n<meta name=\"robots\" content=\"index, follow, max-snippet:-1, max-image-preview:large, max-video-preview:-1\" \/>\n<link rel=\"canonical\" href=\"https:\/\/veritasinfo.org\/?p=45429&lang=sr\" \/>\n<meta property=\"og:locale\" content=\"en_US\" \/>\n<meta property=\"og:type\" content=\"article\" \/>\n<meta property=\"og:title\" content=\"\u0160est u\u010denika iz Suvareke u finalu Svetske matemati\u010dke olimpijade u Frankfurtu -\" \/>\n<meta property=\"og:description\" content=\"Pri\u0161tina, 28. april 2026. 12:40 Gradona\u010delnik op\u0161tine Suva Reka, Bali Muharemaj, objavio je da je matemati\u010dki tim iz ove op\u0161tine otputovao u Nema\u010dku kako bi\" \/>\n<meta property=\"og:url\" content=\"https:\/\/veritasinfo.org\/?p=45429&amp;lang=sr\" \/>\n<meta property=\"article:published_time\" content=\"2026-04-28T10:44:48+00:00\" \/>\n<meta property=\"og:image\" content=\"https:\/\/veritasinfo.org\/wp-content\/uploads\/2026\/04\/image-30.webp\" \/>\n\t<meta property=\"og:image:width\" content=\"1245\" \/>\n\t<meta property=\"og:image:height\" content=\"700\" \/>\n\t<meta property=\"og:image:type\" content=\"image\/webp\" \/>\n<meta name=\"author\" content=\"US5\" \/>\n<meta name=\"twitter:card\" content=\"summary_large_image\" \/>\n<meta name=\"twitter:label1\" content=\"Written by\" \/>\n\t<meta name=\"twitter:data1\" content=\"US5\" \/>\n\t<meta name=\"twitter:label2\" content=\"Est. reading time\" \/>\n\t<meta name=\"twitter:data2\" content=\"2 minutes\" \/>\n<script type=\"application\/ld+json\" class=\"yoast-schema-graph\">{\"@context\":\"https:\/\/schema.org\",\"@graph\":[{\"@type\":\"WebPage\",\"@id\":\"https:\/\/veritasinfo.org\/?p=45429&lang=sr\",\"url\":\"https:\/\/veritasinfo.org\/?p=45429&lang=sr\",\"name\":\"\u0160est u\u010denika iz Suvareke u finalu Svetske matemati\u010dke olimpijade u Frankfurtu -\",\"isPartOf\":{\"@id\":\"https:\/\/veritasinfo.org\/#website\"},\"primaryImageOfPage\":{\"@id\":\"https:\/\/veritasinfo.org\/?p=45429&lang=sr#primaryimage\"},\"image\":{\"@id\":\"https:\/\/veritasinfo.org\/?p=45429&lang=sr#primaryimage\"},\"thumbnailUrl\":\"https:\/\/veritasinfo.org\/wp-content\/uploads\/2026\/04\/image-30.webp\",\"datePublished\":\"2026-04-28T10:44:48+00:00\",\"author\":{\"@id\":\"https:\/\/veritasinfo.org\/#\/schema\/person\/bc442336e35414d04494ab8fb45db4c6\"},\"breadcrumb\":{\"@id\":\"https:\/\/veritasinfo.org\/?p=45429&lang=sr#breadcrumb\"},\"inLanguage\":\"en-US\",\"potentialAction\":[{\"@type\":\"ReadAction\",\"target\":[\"https:\/\/veritasinfo.org\/?p=45429&lang=sr\"]}]},{\"@type\":\"ImageObject\",\"inLanguage\":\"en-US\",\"@id\":\"https:\/\/veritasinfo.org\/?p=45429&lang=sr#primaryimage\",\"url\":\"https:\/\/veritasinfo.org\/wp-content\/uploads\/2026\/04\/image-30.webp\",\"contentUrl\":\"https:\/\/veritasinfo.org\/wp-content\/uploads\/2026\/04\/image-30.webp\",\"width\":1245,\"height\":700},{\"@type\":\"BreadcrumbList\",\"@id\":\"https:\/\/veritasinfo.org\/?p=45429&lang=sr#breadcrumb\",\"itemListElement\":[{\"@type\":\"ListItem\",\"position\":1,\"name\":\"Home\",\"item\":\"https:\/\/veritasinfo.org\/\"},{\"@type\":\"ListItem\",\"position\":2,\"name\":\"\u0160est u\u010denika iz Suvareke u finalu Svetske matemati\u010dke olimpijade u Frankfurtu\"}]},{\"@type\":\"WebSite\",\"@id\":\"https:\/\/veritasinfo.org\/#website\",\"url\":\"https:\/\/veritasinfo.org\/\",\"name\":\"\",\"description\":\"\",\"potentialAction\":[{\"@type\":\"SearchAction\",\"target\":{\"@type\":\"EntryPoint\",\"urlTemplate\":\"https:\/\/veritasinfo.org\/?s={search_term_string}\"},\"query-input\":{\"@type\":\"PropertyValueSpecification\",\"valueRequired\":true,\"valueName\":\"search_term_string\"}}],\"inLanguage\":\"en-US\"},{\"@type\":\"Person\",\"@id\":\"https:\/\/veritasinfo.org\/#\/schema\/person\/bc442336e35414d04494ab8fb45db4c6\",\"name\":\"US5\",\"image\":{\"@type\":\"ImageObject\",\"inLanguage\":\"en-US\",\"@id\":\"https:\/\/veritasinfo.org\/#\/schema\/person\/image\/\",\"url\":\"https:\/\/secure.gravatar.com\/avatar\/16a61e7272a0c5d001121ebb9e60e925d5816e4ac1e443ed3e640d9a6ae55d0c?s=96&d=mm&r=g\",\"contentUrl\":\"https:\/\/secure.gravatar.com\/avatar\/16a61e7272a0c5d001121ebb9e60e925d5816e4ac1e443ed3e640d9a6ae55d0c?s=96&d=mm&r=g\",\"caption\":\"US5\"},\"url\":\"https:\/\/veritasinfo.org\/?author=6\"}]}<\/script>\n<!-- \/ Yoast SEO plugin. -->","yoast_head_json":{"title":"\u0160est u\u010denika iz Suvareke u finalu Svetske matemati\u010dke olimpijade u Frankfurtu -","robots":{"index":"index","follow":"follow","max-snippet":"max-snippet:-1","max-image-preview":"max-image-preview:large","max-video-preview":"max-video-preview:-1"},"canonical":"https:\/\/veritasinfo.org\/?p=45429&lang=sr","og_locale":"en_US","og_type":"article","og_title":"\u0160est u\u010denika iz Suvareke u finalu Svetske matemati\u010dke olimpijade u Frankfurtu -","og_description":"Pri\u0161tina, 28. april 2026. 12:40 Gradona\u010delnik op\u0161tine Suva Reka, Bali Muharemaj, objavio je da je matemati\u010dki tim iz ove op\u0161tine otputovao u Nema\u010dku kako bi","og_url":"https:\/\/veritasinfo.org\/?p=45429&lang=sr","article_published_time":"2026-04-28T10:44:48+00:00","og_image":[{"width":1245,"height":700,"url":"https:\/\/veritasinfo.org\/wp-content\/uploads\/2026\/04\/image-30.webp","type":"image\/webp"}],"author":"US5","twitter_card":"summary_large_image","twitter_misc":{"Written by":"US5","Est. reading time":"2 minutes"},"schema":{"@context":"https:\/\/schema.org","@graph":[{"@type":"WebPage","@id":"https:\/\/veritasinfo.org\/?p=45429&lang=sr","url":"https:\/\/veritasinfo.org\/?p=45429&lang=sr","name":"\u0160est u\u010denika iz Suvareke u finalu Svetske matemati\u010dke olimpijade u Frankfurtu -","isPartOf":{"@id":"https:\/\/veritasinfo.org\/#website"},"primaryImageOfPage":{"@id":"https:\/\/veritasinfo.org\/?p=45429&lang=sr#primaryimage"},"image":{"@id":"https:\/\/veritasinfo.org\/?p=45429&lang=sr#primaryimage"},"thumbnailUrl":"https:\/\/veritasinfo.org\/wp-content\/uploads\/2026\/04\/image-30.webp","datePublished":"2026-04-28T10:44:48+00:00","author":{"@id":"https:\/\/veritasinfo.org\/#\/schema\/person\/bc442336e35414d04494ab8fb45db4c6"},"breadcrumb":{"@id":"https:\/\/veritasinfo.org\/?p=45429&lang=sr#breadcrumb"},"inLanguage":"en-US","potentialAction":[{"@type":"ReadAction","target":["https:\/\/veritasinfo.org\/?p=45429&lang=sr"]}]},{"@type":"ImageObject","inLanguage":"en-US","@id":"https:\/\/veritasinfo.org\/?p=45429&lang=sr#primaryimage","url":"https:\/\/veritasinfo.org\/wp-content\/uploads\/2026\/04\/image-30.webp","contentUrl":"https:\/\/veritasinfo.org\/wp-content\/uploads\/2026\/04\/image-30.webp","width":1245,"height":700},{"@type":"BreadcrumbList","@id":"https:\/\/veritasinfo.org\/?p=45429&lang=sr#breadcrumb","itemListElement":[{"@type":"ListItem","position":1,"name":"Home","item":"https:\/\/veritasinfo.org\/"},{"@type":"ListItem","position":2,"name":"\u0160est u\u010denika iz Suvareke u finalu Svetske matemati\u010dke olimpijade u Frankfurtu"}]},{"@type":"WebSite","@id":"https:\/\/veritasinfo.org\/#website","url":"https:\/\/veritasinfo.org\/","name":"","description":"","potentialAction":[{"@type":"SearchAction","target":{"@type":"EntryPoint","urlTemplate":"https:\/\/veritasinfo.org\/?s={search_term_string}"},"query-input":{"@type":"PropertyValueSpecification","valueRequired":true,"valueName":"search_term_string"}}],"inLanguage":"en-US"},{"@type":"Person","@id":"https:\/\/veritasinfo.org\/#\/schema\/person\/bc442336e35414d04494ab8fb45db4c6","name":"US5","image":{"@type":"ImageObject","inLanguage":"en-US","@id":"https:\/\/veritasinfo.org\/#\/schema\/person\/image\/","url":"https:\/\/secure.gravatar.com\/avatar\/16a61e7272a0c5d001121ebb9e60e925d5816e4ac1e443ed3e640d9a6ae55d0c?s=96&d=mm&r=g","contentUrl":"https:\/\/secure.gravatar.com\/avatar\/16a61e7272a0c5d001121ebb9e60e925d5816e4ac1e443ed3e640d9a6ae55d0c?s=96&d=mm&r=g","caption":"US5"},"url":"https:\/\/veritasinfo.org\/?author=6"}]}},"featured_image_urls":{"full":["https:\/\/veritasinfo.org\/wp-content\/uploads\/2026\/04\/image-30.webp",1245,700,false],"thumbnail":["https:\/\/veritasinfo.org\/wp-content\/uploads\/2026\/04\/image-30-150x150.webp",150,150,true],"medium":["https:\/\/veritasinfo.org\/wp-content\/uploads\/2026\/04\/image-30-300x169.webp",300,169,true],"medium_large":["https:\/\/veritasinfo.org\/wp-content\/uploads\/2026\/04\/image-30-768x432.webp",640,360,true],"large":["https:\/\/veritasinfo.org\/wp-content\/uploads\/2026\/04\/image-30-1024x576.webp",640,360,true],"1536x1536":["https:\/\/veritasinfo.org\/wp-content\/uploads\/2026\/04\/image-30.webp",1245,700,false],"2048x2048":["https:\/\/veritasinfo.org\/wp-content\/uploads\/2026\/04\/image-30.webp",1245,700,false],"kreeti-slider-full":["https:\/\/veritasinfo.org\/wp-content\/uploads\/2026\/04\/image-30.webp",1245,700,false],"kreeti-featured":["https:\/\/veritasinfo.org\/wp-content\/uploads\/2026\/04\/image-30-1024x576.webp",1024,576,true],"kreeti-medium":["https:\/\/veritasinfo.org\/wp-content\/uploads\/2026\/04\/image-30-720x530.webp",720,530,true],"kreeti-medium-square":["https:\/\/veritasinfo.org\/wp-content\/uploads\/2026\/04\/image-30-350x350.webp",350,350,true]},"author_info":{"info":["US5"]},"category_info":"<a href=\"https:\/\/veritasinfo.org\/?cat=32&#038;lang=sr\" rel=\"category\">Op\u0161tine<\/a>","tag_info":"Op\u0161tine","comment_count":"0","_links":{"self":[{"href":"https:\/\/veritasinfo.org\/index.php?rest_route=\/wp\/v2\/posts\/45429","targetHints":{"allow":["GET"]}}],"collection":[{"href":"https:\/\/veritasinfo.org\/index.php?rest_route=\/wp\/v2\/posts"}],"about":[{"href":"https:\/\/veritasinfo.org\/index.php?rest_route=\/wp\/v2\/types\/post"}],"author":[{"embeddable":true,"href":"https:\/\/veritasinfo.org\/index.php?rest_route=\/wp\/v2\/users\/6"}],"replies":[{"embeddable":true,"href":"https:\/\/veritasinfo.org\/index.php?rest_route=%2Fwp%2Fv2%2Fcomments&post=45429"}],"version-history":[{"count":1,"href":"https:\/\/veritasinfo.org\/index.php?rest_route=\/wp\/v2\/posts\/45429\/revisions"}],"predecessor-version":[{"id":45430,"href":"https:\/\/veritasinfo.org\/index.php?rest_route=\/wp\/v2\/posts\/45429\/revisions\/45430"}],"wp:featuredmedia":[{"embeddable":true,"href":"https:\/\/veritasinfo.org\/index.php?rest_route=\/wp\/v2\/media\/45431"}],"wp:attachment":[{"href":"https:\/\/veritasinfo.org\/index.php?rest_route=%2Fwp%2Fv2%2Fmedia&parent=45429"}],"wp:term":[{"taxonomy":"category","embeddable":true,"href":"https:\/\/veritasinfo.org\/index.php?rest_route=%2Fwp%2Fv2%2Fcategories&post=45429"},{"taxonomy":"post_tag","embeddable":true,"href":"https:\/\/veritasinfo.org\/index.php?rest_route=%2Fwp%2Fv2%2Ftags&post=45429"}],"curies":[{"name":"wp","href":"https:\/\/api.w.org\/{rel}","templated":true}]}}