{"id":45387,"date":"2026-04-28T09:07:32","date_gmt":"2026-04-28T07:07:32","guid":{"rendered":"https:\/\/veritasinfo.org\/?p=45387"},"modified":"2026-04-28T09:07:32","modified_gmt":"2026-04-28T07:07:32","slug":"90-stete-po-zivotnu-sredinu-uzrokovano-je-ljudskim-faktorom","status":"publish","type":"post","link":"https:\/\/veritasinfo.org\/?p=45387&lang=sr","title":{"rendered":"90% \u0161tete po \u017eivotnu sredinu uzrokovano je ljudskim faktorom"},"content":{"rendered":"<p>Pri\u0161tina, 28. april 2026. 9:00<\/p>\n<p>Kosovo se vec\u0301 nekoliko godina suo\u010dava sa nesta\u0161icom vode, dok se situacija postepeno pogor\u0161ava zbog kombinacije klimatskih promena i ljudske intervencije. Ovo je izjavila Krenare Salihu u emisiji \u201eConfrontation Podcast\u201c. Ona je naglasila da je zemlja od ranije identifikovana kao podru\u010dje \u201evodnog stresa\u201c, na osnovu me\u0111unarodnih izve\u0161taja.<\/p>\n<p>\u201eKosovo je bilo u krizi \u010dak i pre sedam ili osam godina&#8230; kada se svrstavalo me\u0111u zemlje sa vodnim stresom ili nesta\u0161icom vode\u201c, rekla je Salihu. Prema njenim re\u010dima, nesta\u0161ica vode postaje sve vidljivija. Salihu je objasnila da jedan od glavnih faktora ostaju klimatske promene, koje su uticale na smanjenje padavina i promenu njihove raspodele.<\/p>\n<p>\u201eSvakog dana nesta\u0161ica postaje sve primetnija. Imamo mnogo manje padavina, ili padavina odjednom u vreme kada zemlji\u0161te ne apsorbuje vodu\u201c, navela je.<\/p>\n<p>Me\u0111utim, podvukla je da glavna odgovornost pada na ljudske faktore.<br \/>\n\u201eSva \u0161teta koju nanose \u017eivotnoj sredini&#8230; devedeset posto je ljudski faktor\u201c, rekla je Salihu.<\/p>\n<p>Prema njenim re\u010dima, intervencije u \u017eivotnoj sredini \u2013 uklju\u010dujuc\u0301i \u0161ume, reke i vazduh \u2013 direktno uti\u010du na pogor\u0161anje situacije sa vodom.<\/p>\n<p>Dodala je da je ova situacija paradoksalna, s obzirom na ulogu koju ljudi treba da imaju u za\u0161titi \u017eivotne sredine. Ljudski faktor je taj koji treba da \u0161titi, ali mi \u010desto delujemo na suprotan na\u010din\u201c, naglasila je Salihu.<\/p>\n<p>Na kraju, upozorila je da bi bez konkretnih intervencija i povec\u0301ane svesti, problemi sa vodosnabdevanjem na Kosovu mogli postati jo\u0161 izra\u017eeniji u buduc\u0301nosti.<\/p>\n","protected":false},"excerpt":{"rendered":"<p>Pri\u0161tina, 28. april 2026. 9:00 Kosovo se vec\u0301 nekoliko godina suo\u010dava sa nesta\u0161icom vode, dok se situacija postepeno pogor\u0161ava zbog kombinacije klimatskih promena i ljudske<\/p>\n","protected":false},"author":6,"featured_media":45388,"comment_status":"open","ping_status":"open","sticky":false,"template":"","format":"standard","meta":{"footnotes":""},"categories":[30],"tags":[],"class_list":["post-45387","post","type-post","status-publish","format-standard","has-post-thumbnail","hentry","category-drustvo"],"yoast_head":"<!-- This site is optimized with the Yoast SEO plugin v25.3.1 - https:\/\/yoast.com\/wordpress\/plugins\/seo\/ -->\n<title>90% \u0161tete po \u017eivotnu sredinu uzrokovano je ljudskim faktorom -<\/title>\n<meta name=\"robots\" content=\"index, follow, max-snippet:-1, max-image-preview:large, max-video-preview:-1\" \/>\n<link rel=\"canonical\" href=\"https:\/\/veritasinfo.org\/?p=45387&lang=sr\" \/>\n<meta property=\"og:locale\" content=\"en_US\" \/>\n<meta property=\"og:type\" content=\"article\" \/>\n<meta property=\"og:title\" content=\"90% \u0161tete po \u017eivotnu sredinu uzrokovano je ljudskim faktorom -\" \/>\n<meta property=\"og:description\" content=\"Pri\u0161tina, 28. april 2026. 9:00 Kosovo se vec\u0301 nekoliko godina suo\u010dava sa nesta\u0161icom vode, dok se situacija postepeno pogor\u0161ava zbog kombinacije klimatskih promena i ljudske\" \/>\n<meta property=\"og:url\" content=\"https:\/\/veritasinfo.org\/?p=45387&amp;lang=sr\" \/>\n<meta property=\"article:published_time\" content=\"2026-04-28T07:07:32+00:00\" \/>\n<meta property=\"og:image\" content=\"https:\/\/veritasinfo.org\/wp-content\/uploads\/2026\/04\/IMG-20260428-WA0002-1.jpg\" \/>\n\t<meta property=\"og:image:width\" content=\"1071\" \/>\n\t<meta property=\"og:image:height\" content=\"603\" \/>\n\t<meta property=\"og:image:type\" content=\"image\/jpeg\" \/>\n<meta name=\"author\" content=\"US5\" \/>\n<meta name=\"twitter:card\" content=\"summary_large_image\" \/>\n<meta name=\"twitter:label1\" content=\"Written by\" \/>\n\t<meta name=\"twitter:data1\" content=\"US5\" \/>\n<script type=\"application\/ld+json\" class=\"yoast-schema-graph\">{\"@context\":\"https:\/\/schema.org\",\"@graph\":[{\"@type\":\"WebPage\",\"@id\":\"https:\/\/veritasinfo.org\/?p=45387&lang=sr\",\"url\":\"https:\/\/veritasinfo.org\/?p=45387&lang=sr\",\"name\":\"90% \u0161tete po \u017eivotnu sredinu uzrokovano je ljudskim faktorom -\",\"isPartOf\":{\"@id\":\"https:\/\/veritasinfo.org\/#website\"},\"primaryImageOfPage\":{\"@id\":\"https:\/\/veritasinfo.org\/?p=45387&lang=sr#primaryimage\"},\"image\":{\"@id\":\"https:\/\/veritasinfo.org\/?p=45387&lang=sr#primaryimage\"},\"thumbnailUrl\":\"https:\/\/veritasinfo.org\/wp-content\/uploads\/2026\/04\/IMG-20260428-WA0002-1.jpg\",\"datePublished\":\"2026-04-28T07:07:32+00:00\",\"author\":{\"@id\":\"https:\/\/veritasinfo.org\/#\/schema\/person\/bc442336e35414d04494ab8fb45db4c6\"},\"breadcrumb\":{\"@id\":\"https:\/\/veritasinfo.org\/?p=45387&lang=sr#breadcrumb\"},\"inLanguage\":\"en-US\",\"potentialAction\":[{\"@type\":\"ReadAction\",\"target\":[\"https:\/\/veritasinfo.org\/?p=45387&lang=sr\"]}]},{\"@type\":\"ImageObject\",\"inLanguage\":\"en-US\",\"@id\":\"https:\/\/veritasinfo.org\/?p=45387&lang=sr#primaryimage\",\"url\":\"https:\/\/veritasinfo.org\/wp-content\/uploads\/2026\/04\/IMG-20260428-WA0002-1.jpg\",\"contentUrl\":\"https:\/\/veritasinfo.org\/wp-content\/uploads\/2026\/04\/IMG-20260428-WA0002-1.jpg\",\"width\":1071,\"height\":603},{\"@type\":\"BreadcrumbList\",\"@id\":\"https:\/\/veritasinfo.org\/?p=45387&lang=sr#breadcrumb\",\"itemListElement\":[{\"@type\":\"ListItem\",\"position\":1,\"name\":\"Home\",\"item\":\"https:\/\/veritasinfo.org\/\"},{\"@type\":\"ListItem\",\"position\":2,\"name\":\"90% \u0161tete po \u017eivotnu sredinu uzrokovano je ljudskim faktorom\"}]},{\"@type\":\"WebSite\",\"@id\":\"https:\/\/veritasinfo.org\/#website\",\"url\":\"https:\/\/veritasinfo.org\/\",\"name\":\"\",\"description\":\"\",\"potentialAction\":[{\"@type\":\"SearchAction\",\"target\":{\"@type\":\"EntryPoint\",\"urlTemplate\":\"https:\/\/veritasinfo.org\/?s={search_term_string}\"},\"query-input\":{\"@type\":\"PropertyValueSpecification\",\"valueRequired\":true,\"valueName\":\"search_term_string\"}}],\"inLanguage\":\"en-US\"},{\"@type\":\"Person\",\"@id\":\"https:\/\/veritasinfo.org\/#\/schema\/person\/bc442336e35414d04494ab8fb45db4c6\",\"name\":\"US5\",\"image\":{\"@type\":\"ImageObject\",\"inLanguage\":\"en-US\",\"@id\":\"https:\/\/veritasinfo.org\/#\/schema\/person\/image\/\",\"url\":\"https:\/\/secure.gravatar.com\/avatar\/16a61e7272a0c5d001121ebb9e60e925d5816e4ac1e443ed3e640d9a6ae55d0c?s=96&d=mm&r=g\",\"contentUrl\":\"https:\/\/secure.gravatar.com\/avatar\/16a61e7272a0c5d001121ebb9e60e925d5816e4ac1e443ed3e640d9a6ae55d0c?s=96&d=mm&r=g\",\"caption\":\"US5\"},\"url\":\"https:\/\/veritasinfo.org\/?author=6\"}]}<\/script>\n<!-- \/ Yoast SEO plugin. -->","yoast_head_json":{"title":"90% \u0161tete po \u017eivotnu sredinu uzrokovano je ljudskim faktorom -","robots":{"index":"index","follow":"follow","max-snippet":"max-snippet:-1","max-image-preview":"max-image-preview:large","max-video-preview":"max-video-preview:-1"},"canonical":"https:\/\/veritasinfo.org\/?p=45387&lang=sr","og_locale":"en_US","og_type":"article","og_title":"90% \u0161tete po \u017eivotnu sredinu uzrokovano je ljudskim faktorom -","og_description":"Pri\u0161tina, 28. april 2026. 9:00 Kosovo se vec\u0301 nekoliko godina suo\u010dava sa nesta\u0161icom vode, dok se situacija postepeno pogor\u0161ava zbog kombinacije klimatskih promena i ljudske","og_url":"https:\/\/veritasinfo.org\/?p=45387&lang=sr","article_published_time":"2026-04-28T07:07:32+00:00","og_image":[{"width":1071,"height":603,"url":"https:\/\/veritasinfo.org\/wp-content\/uploads\/2026\/04\/IMG-20260428-WA0002-1.jpg","type":"image\/jpeg"}],"author":"US5","twitter_card":"summary_large_image","twitter_misc":{"Written by":"US5"},"schema":{"@context":"https:\/\/schema.org","@graph":[{"@type":"WebPage","@id":"https:\/\/veritasinfo.org\/?p=45387&lang=sr","url":"https:\/\/veritasinfo.org\/?p=45387&lang=sr","name":"90% \u0161tete po \u017eivotnu sredinu uzrokovano je ljudskim faktorom -","isPartOf":{"@id":"https:\/\/veritasinfo.org\/#website"},"primaryImageOfPage":{"@id":"https:\/\/veritasinfo.org\/?p=45387&lang=sr#primaryimage"},"image":{"@id":"https:\/\/veritasinfo.org\/?p=45387&lang=sr#primaryimage"},"thumbnailUrl":"https:\/\/veritasinfo.org\/wp-content\/uploads\/2026\/04\/IMG-20260428-WA0002-1.jpg","datePublished":"2026-04-28T07:07:32+00:00","author":{"@id":"https:\/\/veritasinfo.org\/#\/schema\/person\/bc442336e35414d04494ab8fb45db4c6"},"breadcrumb":{"@id":"https:\/\/veritasinfo.org\/?p=45387&lang=sr#breadcrumb"},"inLanguage":"en-US","potentialAction":[{"@type":"ReadAction","target":["https:\/\/veritasinfo.org\/?p=45387&lang=sr"]}]},{"@type":"ImageObject","inLanguage":"en-US","@id":"https:\/\/veritasinfo.org\/?p=45387&lang=sr#primaryimage","url":"https:\/\/veritasinfo.org\/wp-content\/uploads\/2026\/04\/IMG-20260428-WA0002-1.jpg","contentUrl":"https:\/\/veritasinfo.org\/wp-content\/uploads\/2026\/04\/IMG-20260428-WA0002-1.jpg","width":1071,"height":603},{"@type":"BreadcrumbList","@id":"https:\/\/veritasinfo.org\/?p=45387&lang=sr#breadcrumb","itemListElement":[{"@type":"ListItem","position":1,"name":"Home","item":"https:\/\/veritasinfo.org\/"},{"@type":"ListItem","position":2,"name":"90% \u0161tete po \u017eivotnu sredinu uzrokovano je ljudskim faktorom"}]},{"@type":"WebSite","@id":"https:\/\/veritasinfo.org\/#website","url":"https:\/\/veritasinfo.org\/","name":"","description":"","potentialAction":[{"@type":"SearchAction","target":{"@type":"EntryPoint","urlTemplate":"https:\/\/veritasinfo.org\/?s={search_term_string}"},"query-input":{"@type":"PropertyValueSpecification","valueRequired":true,"valueName":"search_term_string"}}],"inLanguage":"en-US"},{"@type":"Person","@id":"https:\/\/veritasinfo.org\/#\/schema\/person\/bc442336e35414d04494ab8fb45db4c6","name":"US5","image":{"@type":"ImageObject","inLanguage":"en-US","@id":"https:\/\/veritasinfo.org\/#\/schema\/person\/image\/","url":"https:\/\/secure.gravatar.com\/avatar\/16a61e7272a0c5d001121ebb9e60e925d5816e4ac1e443ed3e640d9a6ae55d0c?s=96&d=mm&r=g","contentUrl":"https:\/\/secure.gravatar.com\/avatar\/16a61e7272a0c5d001121ebb9e60e925d5816e4ac1e443ed3e640d9a6ae55d0c?s=96&d=mm&r=g","caption":"US5"},"url":"https:\/\/veritasinfo.org\/?author=6"}]}},"featured_image_urls":{"full":["https:\/\/veritasinfo.org\/wp-content\/uploads\/2026\/04\/IMG-20260428-WA0002-1.jpg",1071,603,false],"thumbnail":["https:\/\/veritasinfo.org\/wp-content\/uploads\/2026\/04\/IMG-20260428-WA0002-1-150x150.jpg",150,150,true],"medium":["https:\/\/veritasinfo.org\/wp-content\/uploads\/2026\/04\/IMG-20260428-WA0002-1-300x169.jpg",300,169,true],"medium_large":["https:\/\/veritasinfo.org\/wp-content\/uploads\/2026\/04\/IMG-20260428-WA0002-1-768x432.jpg",640,360,true],"large":["https:\/\/veritasinfo.org\/wp-content\/uploads\/2026\/04\/IMG-20260428-WA0002-1-1024x577.jpg",640,361,true],"1536x1536":["https:\/\/veritasinfo.org\/wp-content\/uploads\/2026\/04\/IMG-20260428-WA0002-1.jpg",1071,603,false],"2048x2048":["https:\/\/veritasinfo.org\/wp-content\/uploads\/2026\/04\/IMG-20260428-WA0002-1.jpg",1071,603,false],"kreeti-slider-full":["https:\/\/veritasinfo.org\/wp-content\/uploads\/2026\/04\/IMG-20260428-WA0002-1.jpg",1071,603,false],"kreeti-featured":["https:\/\/veritasinfo.org\/wp-content\/uploads\/2026\/04\/IMG-20260428-WA0002-1-1024x577.jpg",1024,577,true],"kreeti-medium":["https:\/\/veritasinfo.org\/wp-content\/uploads\/2026\/04\/IMG-20260428-WA0002-1-720x530.jpg",720,530,true],"kreeti-medium-square":["https:\/\/veritasinfo.org\/wp-content\/uploads\/2026\/04\/IMG-20260428-WA0002-1-350x350.jpg",350,350,true]},"author_info":{"info":["US5"]},"category_info":"<a href=\"https:\/\/veritasinfo.org\/?cat=30&#038;lang=sr\" rel=\"category\">Dru\u0161tvo<\/a>","tag_info":"Dru\u0161tvo","comment_count":"0","_links":{"self":[{"href":"https:\/\/veritasinfo.org\/index.php?rest_route=\/wp\/v2\/posts\/45387","targetHints":{"allow":["GET"]}}],"collection":[{"href":"https:\/\/veritasinfo.org\/index.php?rest_route=\/wp\/v2\/posts"}],"about":[{"href":"https:\/\/veritasinfo.org\/index.php?rest_route=\/wp\/v2\/types\/post"}],"author":[{"embeddable":true,"href":"https:\/\/veritasinfo.org\/index.php?rest_route=\/wp\/v2\/users\/6"}],"replies":[{"embeddable":true,"href":"https:\/\/veritasinfo.org\/index.php?rest_route=%2Fwp%2Fv2%2Fcomments&post=45387"}],"version-history":[{"count":1,"href":"https:\/\/veritasinfo.org\/index.php?rest_route=\/wp\/v2\/posts\/45387\/revisions"}],"predecessor-version":[{"id":45389,"href":"https:\/\/veritasinfo.org\/index.php?rest_route=\/wp\/v2\/posts\/45387\/revisions\/45389"}],"wp:featuredmedia":[{"embeddable":true,"href":"https:\/\/veritasinfo.org\/index.php?rest_route=\/wp\/v2\/media\/45388"}],"wp:attachment":[{"href":"https:\/\/veritasinfo.org\/index.php?rest_route=%2Fwp%2Fv2%2Fmedia&parent=45387"}],"wp:term":[{"taxonomy":"category","embeddable":true,"href":"https:\/\/veritasinfo.org\/index.php?rest_route=%2Fwp%2Fv2%2Fcategories&post=45387"},{"taxonomy":"post_tag","embeddable":true,"href":"https:\/\/veritasinfo.org\/index.php?rest_route=%2Fwp%2Fv2%2Ftags&post=45387"}],"curies":[{"name":"wp","href":"https:\/\/api.w.org\/{rel}","templated":true}]}}