{"id":45379,"date":"2026-04-28T09:05:45","date_gmt":"2026-04-28T07:05:45","guid":{"rendered":"https:\/\/veritasinfo.org\/?p=45379"},"modified":"2026-04-28T09:05:45","modified_gmt":"2026-04-28T07:05:45","slug":"90-e-demeve-ne-mjedis-jane-shkaktuar-nga-faktori-njeri","status":"publish","type":"post","link":"https:\/\/veritasinfo.org\/?p=45379","title":{"rendered":"90% e d\u00ebmeve n\u00eb mjedis jan\u00eb shkaktuar nga faktori njeri"},"content":{"rendered":"<p>Prishtin\u00eb 28 Prill 2026 9:00<\/p>\n<p>Kosova \u00ebsht\u00eb p\u00ebrballur me munges\u00eb t\u00eb ujit q\u00eb prej disa vitesh, nd\u00ebrsa situata po p\u00ebrkeq\u00ebsohet gradualisht p\u00ebr shkak t\u00eb kombinimit t\u00eb ndryshimeve klimatike dhe nd\u00ebrhyrjeve njer\u00ebzore. K\u00ebshtu ka deklaruar Krenare Salihu n\u00eb \u201cP\u00ebrballje Podcast\u201d.Ajo theksoi se vendi \u00ebsht\u00eb identifikuar si zon\u00eb me \u201cstres uji\u201d q\u00eb m\u00eb her\u00ebt, bazuar n\u00eb raportet nd\u00ebrkomb\u00ebtare.<\/p>\n<p>\u201cKosova ka qen\u00eb kriz\u00eb edhe para shtat\u00eb ose tet\u00eb viteve\u2026 kur \u00ebsht\u00eb rangu n\u00eb list\u00ebn e shteteve me stres uji apo munges\u00eb uji\u201d, u shpreh Salihu. Sipas saj, mungesa e ujit po b\u00ebhet gjithnj\u00eb e m\u00eb e dukshme. Salihu shpjegoi se nj\u00eb nd\u00ebr faktor\u00ebt kryesor\u00eb mbeten ndryshimet klimatike, t\u00eb cilat kan\u00eb ndikuar n\u00eb uljen e reshjeve dhe n\u00eb ndryshimin e shp\u00ebrndarjes s\u00eb tyre.<\/p>\n<p>\u201c\u00c7do dit\u00eb e m\u00eb shum\u00eb po v\u00ebrehet mungesa. Kemi shum\u00eb m\u00eb pak reshje, ose reshje p\u00ebrnj\u00ebher\u00eb n\u00eb koh\u00ebn kur toka nuk e thith ujin\u201d, deklaroi ajo.<\/p>\n<p>Megjithat\u00eb, ajo n\u00ebnvizoi se p\u00ebrgjegj\u00ebsia kryesore bie mbi faktor\u00ebt njer\u00ebzor\u00eb.<br \/>\nKrejt d\u00ebmet q\u00eb ia b\u00ebjn\u00eb mjedisit\u2026 n\u00ebnt\u00ebdhjet\u00eb p\u00ebr qind \u00ebsht\u00eb faktori njeri\u201d, tha Salihu.<\/p>\n<p>Sipas saj, nd\u00ebrhyrjet n\u00eb mjedis \u2013 p\u00ebrfshir\u00eb pyjet, lumenjt\u00eb dhe ajrin \u2013 po ndikojn\u00eb drejtp\u00ebrdrejt n\u00eb p\u00ebrkeq\u00ebsimin e situat\u00ebs me uj\u00eb.<\/p>\n<p>Ajo shtoi se kjo situat\u00eb \u00ebsht\u00eb paradoksale, duke pasur parasysh rolin q\u00eb duhet t\u00eb ket\u00eb njeriu n\u00eb mbrojtjen e mjedisit.Faktori njeri \u00ebsht\u00eb ai q\u00eb duhet me mbrojt\u00eb, por shpesh po veprojm\u00eb n\u00eb t\u00eb kund\u00ebrt\u00ebn\u201d, theksoi Salihu.<br \/>\nN\u00eb fund, ajo paralajm\u00ebroi se pa nd\u00ebrhyrje konkrete dhe rritje t\u00eb vet\u00ebdijes, problemet me furnizimin me uj\u00eb n\u00eb Kosov\u00eb mund t\u00eb b\u00ebhen edhe m\u00eb t\u00eb theksuara n\u00eb t\u00eb ardhmen. <\/p>\n","protected":false},"excerpt":{"rendered":"<p>Prishtin\u00eb 28 Prill 2026 9:00 Kosova \u00ebsht\u00eb p\u00ebrballur me munges\u00eb t\u00eb ujit q\u00eb prej disa vitesh, nd\u00ebrsa situata po p\u00ebrkeq\u00ebsohet gradualisht p\u00ebr shkak t\u00eb kombinimit<\/p>\n","protected":false},"author":6,"featured_media":45385,"comment_status":"open","ping_status":"open","sticky":false,"template":"","format":"standard","meta":{"footnotes":""},"categories":[60],"tags":[],"class_list":["post-45379","post","type-post","status-publish","format-standard","has-post-thumbnail","hentry","category-shoqerore-sq"],"yoast_head":"<!-- This site is optimized with the Yoast SEO plugin v25.3.1 - https:\/\/yoast.com\/wordpress\/plugins\/seo\/ -->\n<title>90% e d\u00ebmeve n\u00eb mjedis jan\u00eb shkaktuar nga faktori njeri -<\/title>\n<meta name=\"robots\" content=\"index, follow, max-snippet:-1, max-image-preview:large, max-video-preview:-1\" \/>\n<link rel=\"canonical\" href=\"https:\/\/veritasinfo.org\/?p=45379\" \/>\n<meta property=\"og:locale\" content=\"en_US\" \/>\n<meta property=\"og:type\" content=\"article\" \/>\n<meta property=\"og:title\" content=\"90% e d\u00ebmeve n\u00eb mjedis jan\u00eb shkaktuar nga faktori njeri -\" \/>\n<meta property=\"og:description\" content=\"Prishtin\u00eb 28 Prill 2026 9:00 Kosova \u00ebsht\u00eb p\u00ebrballur me munges\u00eb t\u00eb ujit q\u00eb prej disa vitesh, nd\u00ebrsa situata po p\u00ebrkeq\u00ebsohet gradualisht p\u00ebr shkak t\u00eb kombinimit\" \/>\n<meta property=\"og:url\" content=\"https:\/\/veritasinfo.org\/?p=45379\" \/>\n<meta property=\"article:published_time\" content=\"2026-04-28T07:05:45+00:00\" \/>\n<meta property=\"og:image\" content=\"https:\/\/veritasinfo.org\/wp-content\/uploads\/2026\/04\/IMG-20260428-WA0002.jpg\" \/>\n\t<meta property=\"og:image:width\" content=\"1071\" \/>\n\t<meta property=\"og:image:height\" content=\"603\" \/>\n\t<meta property=\"og:image:type\" content=\"image\/jpeg\" \/>\n<meta name=\"author\" content=\"US5\" \/>\n<meta name=\"twitter:card\" content=\"summary_large_image\" \/>\n<meta name=\"twitter:label1\" content=\"Written by\" \/>\n\t<meta name=\"twitter:data1\" content=\"US5\" \/>\n\t<meta name=\"twitter:label2\" content=\"Est. reading time\" \/>\n\t<meta name=\"twitter:data2\" content=\"1 minute\" \/>\n<script type=\"application\/ld+json\" class=\"yoast-schema-graph\">{\"@context\":\"https:\/\/schema.org\",\"@graph\":[{\"@type\":\"WebPage\",\"@id\":\"https:\/\/veritasinfo.org\/?p=45379\",\"url\":\"https:\/\/veritasinfo.org\/?p=45379\",\"name\":\"90% e d\u00ebmeve n\u00eb mjedis jan\u00eb shkaktuar nga faktori njeri -\",\"isPartOf\":{\"@id\":\"https:\/\/veritasinfo.org\/#website\"},\"primaryImageOfPage\":{\"@id\":\"https:\/\/veritasinfo.org\/?p=45379#primaryimage\"},\"image\":{\"@id\":\"https:\/\/veritasinfo.org\/?p=45379#primaryimage\"},\"thumbnailUrl\":\"https:\/\/veritasinfo.org\/wp-content\/uploads\/2026\/04\/IMG-20260428-WA0002.jpg\",\"datePublished\":\"2026-04-28T07:05:45+00:00\",\"author\":{\"@id\":\"https:\/\/veritasinfo.org\/#\/schema\/person\/bc442336e35414d04494ab8fb45db4c6\"},\"breadcrumb\":{\"@id\":\"https:\/\/veritasinfo.org\/?p=45379#breadcrumb\"},\"inLanguage\":\"en-US\",\"potentialAction\":[{\"@type\":\"ReadAction\",\"target\":[\"https:\/\/veritasinfo.org\/?p=45379\"]}]},{\"@type\":\"ImageObject\",\"inLanguage\":\"en-US\",\"@id\":\"https:\/\/veritasinfo.org\/?p=45379#primaryimage\",\"url\":\"https:\/\/veritasinfo.org\/wp-content\/uploads\/2026\/04\/IMG-20260428-WA0002.jpg\",\"contentUrl\":\"https:\/\/veritasinfo.org\/wp-content\/uploads\/2026\/04\/IMG-20260428-WA0002.jpg\",\"width\":1071,\"height\":603},{\"@type\":\"BreadcrumbList\",\"@id\":\"https:\/\/veritasinfo.org\/?p=45379#breadcrumb\",\"itemListElement\":[{\"@type\":\"ListItem\",\"position\":1,\"name\":\"Home\",\"item\":\"https:\/\/veritasinfo.org\/\"},{\"@type\":\"ListItem\",\"position\":2,\"name\":\"90% e d\u00ebmeve n\u00eb mjedis jan\u00eb shkaktuar nga faktori njeri\"}]},{\"@type\":\"WebSite\",\"@id\":\"https:\/\/veritasinfo.org\/#website\",\"url\":\"https:\/\/veritasinfo.org\/\",\"name\":\"\",\"description\":\"\",\"potentialAction\":[{\"@type\":\"SearchAction\",\"target\":{\"@type\":\"EntryPoint\",\"urlTemplate\":\"https:\/\/veritasinfo.org\/?s={search_term_string}\"},\"query-input\":{\"@type\":\"PropertyValueSpecification\",\"valueRequired\":true,\"valueName\":\"search_term_string\"}}],\"inLanguage\":\"en-US\"},{\"@type\":\"Person\",\"@id\":\"https:\/\/veritasinfo.org\/#\/schema\/person\/bc442336e35414d04494ab8fb45db4c6\",\"name\":\"US5\",\"image\":{\"@type\":\"ImageObject\",\"inLanguage\":\"en-US\",\"@id\":\"https:\/\/veritasinfo.org\/#\/schema\/person\/image\/\",\"url\":\"https:\/\/secure.gravatar.com\/avatar\/16a61e7272a0c5d001121ebb9e60e925d5816e4ac1e443ed3e640d9a6ae55d0c?s=96&d=mm&r=g\",\"contentUrl\":\"https:\/\/secure.gravatar.com\/avatar\/16a61e7272a0c5d001121ebb9e60e925d5816e4ac1e443ed3e640d9a6ae55d0c?s=96&d=mm&r=g\",\"caption\":\"US5\"},\"url\":\"https:\/\/veritasinfo.org\/?author=6\"}]}<\/script>\n<!-- \/ Yoast SEO plugin. -->","yoast_head_json":{"title":"90% e d\u00ebmeve n\u00eb mjedis jan\u00eb shkaktuar nga faktori njeri -","robots":{"index":"index","follow":"follow","max-snippet":"max-snippet:-1","max-image-preview":"max-image-preview:large","max-video-preview":"max-video-preview:-1"},"canonical":"https:\/\/veritasinfo.org\/?p=45379","og_locale":"en_US","og_type":"article","og_title":"90% e d\u00ebmeve n\u00eb mjedis jan\u00eb shkaktuar nga faktori njeri -","og_description":"Prishtin\u00eb 28 Prill 2026 9:00 Kosova \u00ebsht\u00eb p\u00ebrballur me munges\u00eb t\u00eb ujit q\u00eb prej disa vitesh, nd\u00ebrsa situata po p\u00ebrkeq\u00ebsohet gradualisht p\u00ebr shkak t\u00eb kombinimit","og_url":"https:\/\/veritasinfo.org\/?p=45379","article_published_time":"2026-04-28T07:05:45+00:00","og_image":[{"width":1071,"height":603,"url":"https:\/\/veritasinfo.org\/wp-content\/uploads\/2026\/04\/IMG-20260428-WA0002.jpg","type":"image\/jpeg"}],"author":"US5","twitter_card":"summary_large_image","twitter_misc":{"Written by":"US5","Est. reading time":"1 minute"},"schema":{"@context":"https:\/\/schema.org","@graph":[{"@type":"WebPage","@id":"https:\/\/veritasinfo.org\/?p=45379","url":"https:\/\/veritasinfo.org\/?p=45379","name":"90% e d\u00ebmeve n\u00eb mjedis jan\u00eb shkaktuar nga faktori njeri -","isPartOf":{"@id":"https:\/\/veritasinfo.org\/#website"},"primaryImageOfPage":{"@id":"https:\/\/veritasinfo.org\/?p=45379#primaryimage"},"image":{"@id":"https:\/\/veritasinfo.org\/?p=45379#primaryimage"},"thumbnailUrl":"https:\/\/veritasinfo.org\/wp-content\/uploads\/2026\/04\/IMG-20260428-WA0002.jpg","datePublished":"2026-04-28T07:05:45+00:00","author":{"@id":"https:\/\/veritasinfo.org\/#\/schema\/person\/bc442336e35414d04494ab8fb45db4c6"},"breadcrumb":{"@id":"https:\/\/veritasinfo.org\/?p=45379#breadcrumb"},"inLanguage":"en-US","potentialAction":[{"@type":"ReadAction","target":["https:\/\/veritasinfo.org\/?p=45379"]}]},{"@type":"ImageObject","inLanguage":"en-US","@id":"https:\/\/veritasinfo.org\/?p=45379#primaryimage","url":"https:\/\/veritasinfo.org\/wp-content\/uploads\/2026\/04\/IMG-20260428-WA0002.jpg","contentUrl":"https:\/\/veritasinfo.org\/wp-content\/uploads\/2026\/04\/IMG-20260428-WA0002.jpg","width":1071,"height":603},{"@type":"BreadcrumbList","@id":"https:\/\/veritasinfo.org\/?p=45379#breadcrumb","itemListElement":[{"@type":"ListItem","position":1,"name":"Home","item":"https:\/\/veritasinfo.org\/"},{"@type":"ListItem","position":2,"name":"90% e d\u00ebmeve n\u00eb mjedis jan\u00eb shkaktuar nga faktori njeri"}]},{"@type":"WebSite","@id":"https:\/\/veritasinfo.org\/#website","url":"https:\/\/veritasinfo.org\/","name":"","description":"","potentialAction":[{"@type":"SearchAction","target":{"@type":"EntryPoint","urlTemplate":"https:\/\/veritasinfo.org\/?s={search_term_string}"},"query-input":{"@type":"PropertyValueSpecification","valueRequired":true,"valueName":"search_term_string"}}],"inLanguage":"en-US"},{"@type":"Person","@id":"https:\/\/veritasinfo.org\/#\/schema\/person\/bc442336e35414d04494ab8fb45db4c6","name":"US5","image":{"@type":"ImageObject","inLanguage":"en-US","@id":"https:\/\/veritasinfo.org\/#\/schema\/person\/image\/","url":"https:\/\/secure.gravatar.com\/avatar\/16a61e7272a0c5d001121ebb9e60e925d5816e4ac1e443ed3e640d9a6ae55d0c?s=96&d=mm&r=g","contentUrl":"https:\/\/secure.gravatar.com\/avatar\/16a61e7272a0c5d001121ebb9e60e925d5816e4ac1e443ed3e640d9a6ae55d0c?s=96&d=mm&r=g","caption":"US5"},"url":"https:\/\/veritasinfo.org\/?author=6"}]}},"featured_image_urls":{"full":["https:\/\/veritasinfo.org\/wp-content\/uploads\/2026\/04\/IMG-20260428-WA0002.jpg",1071,603,false],"thumbnail":["https:\/\/veritasinfo.org\/wp-content\/uploads\/2026\/04\/IMG-20260428-WA0002-150x150.jpg",150,150,true],"medium":["https:\/\/veritasinfo.org\/wp-content\/uploads\/2026\/04\/IMG-20260428-WA0002-300x169.jpg",300,169,true],"medium_large":["https:\/\/veritasinfo.org\/wp-content\/uploads\/2026\/04\/IMG-20260428-WA0002-768x432.jpg",640,360,true],"large":["https:\/\/veritasinfo.org\/wp-content\/uploads\/2026\/04\/IMG-20260428-WA0002-1024x577.jpg",640,361,true],"1536x1536":["https:\/\/veritasinfo.org\/wp-content\/uploads\/2026\/04\/IMG-20260428-WA0002.jpg",1071,603,false],"2048x2048":["https:\/\/veritasinfo.org\/wp-content\/uploads\/2026\/04\/IMG-20260428-WA0002.jpg",1071,603,false],"kreeti-slider-full":["https:\/\/veritasinfo.org\/wp-content\/uploads\/2026\/04\/IMG-20260428-WA0002.jpg",1071,603,false],"kreeti-featured":["https:\/\/veritasinfo.org\/wp-content\/uploads\/2026\/04\/IMG-20260428-WA0002-1024x577.jpg",1024,577,true],"kreeti-medium":["https:\/\/veritasinfo.org\/wp-content\/uploads\/2026\/04\/IMG-20260428-WA0002-720x530.jpg",720,530,true],"kreeti-medium-square":["https:\/\/veritasinfo.org\/wp-content\/uploads\/2026\/04\/IMG-20260428-WA0002-350x350.jpg",350,350,true]},"author_info":{"info":["US5"]},"category_info":"<a href=\"https:\/\/veritasinfo.org\/?cat=60\" rel=\"category\">Shoq\u00ebrore<\/a>","tag_info":"Shoq\u00ebrore","comment_count":"0","_links":{"self":[{"href":"https:\/\/veritasinfo.org\/index.php?rest_route=\/wp\/v2\/posts\/45379","targetHints":{"allow":["GET"]}}],"collection":[{"href":"https:\/\/veritasinfo.org\/index.php?rest_route=\/wp\/v2\/posts"}],"about":[{"href":"https:\/\/veritasinfo.org\/index.php?rest_route=\/wp\/v2\/types\/post"}],"author":[{"embeddable":true,"href":"https:\/\/veritasinfo.org\/index.php?rest_route=\/wp\/v2\/users\/6"}],"replies":[{"embeddable":true,"href":"https:\/\/veritasinfo.org\/index.php?rest_route=%2Fwp%2Fv2%2Fcomments&post=45379"}],"version-history":[{"count":5,"href":"https:\/\/veritasinfo.org\/index.php?rest_route=\/wp\/v2\/posts\/45379\/revisions"}],"predecessor-version":[{"id":45386,"href":"https:\/\/veritasinfo.org\/index.php?rest_route=\/wp\/v2\/posts\/45379\/revisions\/45386"}],"wp:featuredmedia":[{"embeddable":true,"href":"https:\/\/veritasinfo.org\/index.php?rest_route=\/wp\/v2\/media\/45385"}],"wp:attachment":[{"href":"https:\/\/veritasinfo.org\/index.php?rest_route=%2Fwp%2Fv2%2Fmedia&parent=45379"}],"wp:term":[{"taxonomy":"category","embeddable":true,"href":"https:\/\/veritasinfo.org\/index.php?rest_route=%2Fwp%2Fv2%2Fcategories&post=45379"},{"taxonomy":"post_tag","embeddable":true,"href":"https:\/\/veritasinfo.org\/index.php?rest_route=%2Fwp%2Fv2%2Ftags&post=45379"}],"curies":[{"name":"wp","href":"https:\/\/api.w.org\/{rel}","templated":true}]}}