{"id":45328,"date":"2026-04-27T20:31:16","date_gmt":"2026-04-27T18:31:16","guid":{"rendered":"https:\/\/veritasinfo.org\/?p=45328"},"modified":"2026-04-27T20:31:16","modified_gmt":"2026-04-27T18:31:16","slug":"seance-e-jashtezakonshme-per-presidentin-ne-ora-2030-propozohen-feride-rushiti-dhe-hatixhe-hoxha","status":"publish","type":"post","link":"https:\/\/veritasinfo.org\/?p=45328","title":{"rendered":"Seanc\u00eb e jasht\u00ebzakonshme p\u00ebr presidentin n\u00eb ora 20:30, propozohen Feride Rushiti dhe Hatixhe Hoxha"},"content":{"rendered":"<p>Prishtin\u00eb, 27 prill 2026 20:30<\/p>\n<p>L\u00ebvizja Vet\u00ebvendosje ka k\u00ebrkuar thirrjen e nj\u00eb seance t\u00eb jasht\u00ebzakonshme p\u00ebr zgjedhjen e Presidentit, sonte n\u00eb or\u00ebn 20:30.<\/p>\n<p>Kryeparlamentarja Albulena Haxhiu ka njoftuar n\u00eb kuad\u00ebr t\u00eb k\u00ebsaj k\u00ebrkese jan\u00eb propozuar dy kandidatura p\u00ebr President: Feride Rushiti dhe Hatixhe Hoxha.<\/p>\n<div class=\"jeg_ad jeg_ad_article jnews_content_inline_ads  \">\n<div class=\"ads-wrapper align-center \">\u201cSot kam pranuar k\u00ebrkes\u00ebn e Grupit Parlamentar t\u00eb L\u00ebvizjes VET\u00cbVENDOSJE! p\u00ebr thirrjen e nj\u00eb seance t\u00eb jasht\u00ebzakonshme p\u00ebr zgjedhjen e Presidentit, sot n\u00eb or\u00ebn 20:30. N\u00eb kuad\u00ebr t\u00eb k\u00ebsaj k\u00ebrkese jan\u00eb propozuar dy kandidatura p\u00ebr President: Feride Rushiti dhe Hatixhe Hoxha. I ftoj q\u00eb t\u00eb gjithe deputet\u00ebt e Kuvendit t\u00eb Republik\u00ebs s\u00eb Kosov\u00ebs q\u00eb t\u00eb marrin pjes\u00eb n\u00eb k\u00ebt\u00eb seanc\u00eb, n\u00eb p\u00ebrputhje me obligimet e tyre kushtetuese\u201d, ka shkruar Haxhiu.<\/div>\n<\/div>\n","protected":false},"excerpt":{"rendered":"<p>Prishtin\u00eb, 27 prill 2026 20:30 L\u00ebvizja Vet\u00ebvendosje ka k\u00ebrkuar thirrjen e nj\u00eb seance t\u00eb jasht\u00ebzakonshme p\u00ebr zgjedhjen e Presidentit, sonte n\u00eb or\u00ebn 20:30. Kryeparlamentarja Albulena<\/p>\n","protected":false},"author":7,"featured_media":44573,"comment_status":"open","ping_status":"open","sticky":false,"template":"","format":"standard","meta":{"footnotes":""},"categories":[58],"tags":[],"class_list":["post-45328","post","type-post","status-publish","format-standard","has-post-thumbnail","hentry","category-politike-sq"],"yoast_head":"<!-- This site is optimized with the Yoast SEO plugin v25.3.1 - https:\/\/yoast.com\/wordpress\/plugins\/seo\/ -->\n<title>Seanc\u00eb e jasht\u00ebzakonshme p\u00ebr presidentin n\u00eb ora 20:30, propozohen Feride Rushiti dhe Hatixhe Hoxha -<\/title>\n<meta name=\"robots\" content=\"index, follow, max-snippet:-1, max-image-preview:large, max-video-preview:-1\" \/>\n<link rel=\"canonical\" href=\"https:\/\/veritasinfo.org\/?p=45328\" \/>\n<meta property=\"og:locale\" content=\"en_US\" \/>\n<meta property=\"og:type\" content=\"article\" \/>\n<meta property=\"og:title\" content=\"Seanc\u00eb e jasht\u00ebzakonshme p\u00ebr presidentin n\u00eb ora 20:30, propozohen Feride Rushiti dhe Hatixhe Hoxha -\" \/>\n<meta property=\"og:description\" content=\"Prishtin\u00eb, 27 prill 2026 20:30 L\u00ebvizja Vet\u00ebvendosje ka k\u00ebrkuar thirrjen e nj\u00eb seance t\u00eb jasht\u00ebzakonshme p\u00ebr zgjedhjen e Presidentit, sonte n\u00eb or\u00ebn 20:30. Kryeparlamentarja Albulena\" \/>\n<meta property=\"og:url\" content=\"https:\/\/veritasinfo.org\/?p=45328\" \/>\n<meta property=\"article:published_time\" content=\"2026-04-27T18:31:16+00:00\" \/>\n<meta property=\"og:image\" content=\"https:\/\/veritasinfo.org\/wp-content\/uploads\/2026\/04\/kuvendi-kosove-1-600x360-1.jpg\" \/>\n\t<meta property=\"og:image:width\" content=\"600\" \/>\n\t<meta property=\"og:image:height\" content=\"360\" \/>\n\t<meta property=\"og:image:type\" content=\"image\/jpeg\" \/>\n<meta name=\"author\" content=\"US6\" \/>\n<meta name=\"twitter:card\" content=\"summary_large_image\" \/>\n<meta name=\"twitter:label1\" content=\"Written by\" \/>\n\t<meta name=\"twitter:data1\" content=\"US6\" \/>\n\t<meta name=\"twitter:label2\" content=\"Est. reading time\" \/>\n\t<meta name=\"twitter:data2\" content=\"1 minute\" \/>\n<script type=\"application\/ld+json\" class=\"yoast-schema-graph\">{\"@context\":\"https:\/\/schema.org\",\"@graph\":[{\"@type\":\"WebPage\",\"@id\":\"https:\/\/veritasinfo.org\/?p=45328\",\"url\":\"https:\/\/veritasinfo.org\/?p=45328\",\"name\":\"Seanc\u00eb e jasht\u00ebzakonshme p\u00ebr presidentin n\u00eb ora 20:30, propozohen Feride Rushiti dhe Hatixhe Hoxha -\",\"isPartOf\":{\"@id\":\"https:\/\/veritasinfo.org\/#website\"},\"primaryImageOfPage\":{\"@id\":\"https:\/\/veritasinfo.org\/?p=45328#primaryimage\"},\"image\":{\"@id\":\"https:\/\/veritasinfo.org\/?p=45328#primaryimage\"},\"thumbnailUrl\":\"https:\/\/veritasinfo.org\/wp-content\/uploads\/2026\/04\/kuvendi-kosove-1-600x360-1.jpg\",\"datePublished\":\"2026-04-27T18:31:16+00:00\",\"author\":{\"@id\":\"https:\/\/veritasinfo.org\/#\/schema\/person\/fe199eede04c3937362892b7444747cc\"},\"breadcrumb\":{\"@id\":\"https:\/\/veritasinfo.org\/?p=45328#breadcrumb\"},\"inLanguage\":\"en-US\",\"potentialAction\":[{\"@type\":\"ReadAction\",\"target\":[\"https:\/\/veritasinfo.org\/?p=45328\"]}]},{\"@type\":\"ImageObject\",\"inLanguage\":\"en-US\",\"@id\":\"https:\/\/veritasinfo.org\/?p=45328#primaryimage\",\"url\":\"https:\/\/veritasinfo.org\/wp-content\/uploads\/2026\/04\/kuvendi-kosove-1-600x360-1.jpg\",\"contentUrl\":\"https:\/\/veritasinfo.org\/wp-content\/uploads\/2026\/04\/kuvendi-kosove-1-600x360-1.jpg\",\"width\":600,\"height\":360},{\"@type\":\"BreadcrumbList\",\"@id\":\"https:\/\/veritasinfo.org\/?p=45328#breadcrumb\",\"itemListElement\":[{\"@type\":\"ListItem\",\"position\":1,\"name\":\"Home\",\"item\":\"https:\/\/veritasinfo.org\/\"},{\"@type\":\"ListItem\",\"position\":2,\"name\":\"Seanc\u00eb e jasht\u00ebzakonshme p\u00ebr presidentin n\u00eb ora 20:30, propozohen Feride Rushiti dhe Hatixhe Hoxha\"}]},{\"@type\":\"WebSite\",\"@id\":\"https:\/\/veritasinfo.org\/#website\",\"url\":\"https:\/\/veritasinfo.org\/\",\"name\":\"\",\"description\":\"\",\"potentialAction\":[{\"@type\":\"SearchAction\",\"target\":{\"@type\":\"EntryPoint\",\"urlTemplate\":\"https:\/\/veritasinfo.org\/?s={search_term_string}\"},\"query-input\":{\"@type\":\"PropertyValueSpecification\",\"valueRequired\":true,\"valueName\":\"search_term_string\"}}],\"inLanguage\":\"en-US\"},{\"@type\":\"Person\",\"@id\":\"https:\/\/veritasinfo.org\/#\/schema\/person\/fe199eede04c3937362892b7444747cc\",\"name\":\"US6\",\"image\":{\"@type\":\"ImageObject\",\"inLanguage\":\"en-US\",\"@id\":\"https:\/\/veritasinfo.org\/#\/schema\/person\/image\/\",\"url\":\"https:\/\/secure.gravatar.com\/avatar\/cb16c3c31c9d23b9b8c705964598220b3014e42ff51eb540ff23cefa3ae8c15f?s=96&d=mm&r=g\",\"contentUrl\":\"https:\/\/secure.gravatar.com\/avatar\/cb16c3c31c9d23b9b8c705964598220b3014e42ff51eb540ff23cefa3ae8c15f?s=96&d=mm&r=g\",\"caption\":\"US6\"},\"url\":\"https:\/\/veritasinfo.org\/?author=7\"}]}<\/script>\n<!-- \/ Yoast SEO plugin. -->","yoast_head_json":{"title":"Seanc\u00eb e jasht\u00ebzakonshme p\u00ebr presidentin n\u00eb ora 20:30, propozohen Feride Rushiti dhe Hatixhe Hoxha -","robots":{"index":"index","follow":"follow","max-snippet":"max-snippet:-1","max-image-preview":"max-image-preview:large","max-video-preview":"max-video-preview:-1"},"canonical":"https:\/\/veritasinfo.org\/?p=45328","og_locale":"en_US","og_type":"article","og_title":"Seanc\u00eb e jasht\u00ebzakonshme p\u00ebr presidentin n\u00eb ora 20:30, propozohen Feride Rushiti dhe Hatixhe Hoxha -","og_description":"Prishtin\u00eb, 27 prill 2026 20:30 L\u00ebvizja Vet\u00ebvendosje ka k\u00ebrkuar thirrjen e nj\u00eb seance t\u00eb jasht\u00ebzakonshme p\u00ebr zgjedhjen e Presidentit, sonte n\u00eb or\u00ebn 20:30. Kryeparlamentarja Albulena","og_url":"https:\/\/veritasinfo.org\/?p=45328","article_published_time":"2026-04-27T18:31:16+00:00","og_image":[{"width":600,"height":360,"url":"https:\/\/veritasinfo.org\/wp-content\/uploads\/2026\/04\/kuvendi-kosove-1-600x360-1.jpg","type":"image\/jpeg"}],"author":"US6","twitter_card":"summary_large_image","twitter_misc":{"Written by":"US6","Est. reading time":"1 minute"},"schema":{"@context":"https:\/\/schema.org","@graph":[{"@type":"WebPage","@id":"https:\/\/veritasinfo.org\/?p=45328","url":"https:\/\/veritasinfo.org\/?p=45328","name":"Seanc\u00eb e jasht\u00ebzakonshme p\u00ebr presidentin n\u00eb ora 20:30, propozohen Feride Rushiti dhe Hatixhe Hoxha -","isPartOf":{"@id":"https:\/\/veritasinfo.org\/#website"},"primaryImageOfPage":{"@id":"https:\/\/veritasinfo.org\/?p=45328#primaryimage"},"image":{"@id":"https:\/\/veritasinfo.org\/?p=45328#primaryimage"},"thumbnailUrl":"https:\/\/veritasinfo.org\/wp-content\/uploads\/2026\/04\/kuvendi-kosove-1-600x360-1.jpg","datePublished":"2026-04-27T18:31:16+00:00","author":{"@id":"https:\/\/veritasinfo.org\/#\/schema\/person\/fe199eede04c3937362892b7444747cc"},"breadcrumb":{"@id":"https:\/\/veritasinfo.org\/?p=45328#breadcrumb"},"inLanguage":"en-US","potentialAction":[{"@type":"ReadAction","target":["https:\/\/veritasinfo.org\/?p=45328"]}]},{"@type":"ImageObject","inLanguage":"en-US","@id":"https:\/\/veritasinfo.org\/?p=45328#primaryimage","url":"https:\/\/veritasinfo.org\/wp-content\/uploads\/2026\/04\/kuvendi-kosove-1-600x360-1.jpg","contentUrl":"https:\/\/veritasinfo.org\/wp-content\/uploads\/2026\/04\/kuvendi-kosove-1-600x360-1.jpg","width":600,"height":360},{"@type":"BreadcrumbList","@id":"https:\/\/veritasinfo.org\/?p=45328#breadcrumb","itemListElement":[{"@type":"ListItem","position":1,"name":"Home","item":"https:\/\/veritasinfo.org\/"},{"@type":"ListItem","position":2,"name":"Seanc\u00eb e jasht\u00ebzakonshme p\u00ebr presidentin n\u00eb ora 20:30, propozohen Feride Rushiti dhe Hatixhe Hoxha"}]},{"@type":"WebSite","@id":"https:\/\/veritasinfo.org\/#website","url":"https:\/\/veritasinfo.org\/","name":"","description":"","potentialAction":[{"@type":"SearchAction","target":{"@type":"EntryPoint","urlTemplate":"https:\/\/veritasinfo.org\/?s={search_term_string}"},"query-input":{"@type":"PropertyValueSpecification","valueRequired":true,"valueName":"search_term_string"}}],"inLanguage":"en-US"},{"@type":"Person","@id":"https:\/\/veritasinfo.org\/#\/schema\/person\/fe199eede04c3937362892b7444747cc","name":"US6","image":{"@type":"ImageObject","inLanguage":"en-US","@id":"https:\/\/veritasinfo.org\/#\/schema\/person\/image\/","url":"https:\/\/secure.gravatar.com\/avatar\/cb16c3c31c9d23b9b8c705964598220b3014e42ff51eb540ff23cefa3ae8c15f?s=96&d=mm&r=g","contentUrl":"https:\/\/secure.gravatar.com\/avatar\/cb16c3c31c9d23b9b8c705964598220b3014e42ff51eb540ff23cefa3ae8c15f?s=96&d=mm&r=g","caption":"US6"},"url":"https:\/\/veritasinfo.org\/?author=7"}]}},"featured_image_urls":{"full":["https:\/\/veritasinfo.org\/wp-content\/uploads\/2026\/04\/kuvendi-kosove-1-600x360-1.jpg",600,360,false],"thumbnail":["https:\/\/veritasinfo.org\/wp-content\/uploads\/2026\/04\/kuvendi-kosove-1-600x360-1-150x150.jpg",150,150,true],"medium":["https:\/\/veritasinfo.org\/wp-content\/uploads\/2026\/04\/kuvendi-kosove-1-600x360-1-300x180.jpg",300,180,true],"medium_large":["https:\/\/veritasinfo.org\/wp-content\/uploads\/2026\/04\/kuvendi-kosove-1-600x360-1.jpg",600,360,false],"large":["https:\/\/veritasinfo.org\/wp-content\/uploads\/2026\/04\/kuvendi-kosove-1-600x360-1.jpg",600,360,false],"1536x1536":["https:\/\/veritasinfo.org\/wp-content\/uploads\/2026\/04\/kuvendi-kosove-1-600x360-1.jpg",600,360,false],"2048x2048":["https:\/\/veritasinfo.org\/wp-content\/uploads\/2026\/04\/kuvendi-kosove-1-600x360-1.jpg",600,360,false],"kreeti-slider-full":["https:\/\/veritasinfo.org\/wp-content\/uploads\/2026\/04\/kuvendi-kosove-1-600x360-1.jpg",600,360,false],"kreeti-featured":["https:\/\/veritasinfo.org\/wp-content\/uploads\/2026\/04\/kuvendi-kosove-1-600x360-1.jpg",600,360,false],"kreeti-medium":["https:\/\/veritasinfo.org\/wp-content\/uploads\/2026\/04\/kuvendi-kosove-1-600x360-1.jpg",600,360,false],"kreeti-medium-square":["https:\/\/veritasinfo.org\/wp-content\/uploads\/2026\/04\/kuvendi-kosove-1-600x360-1-350x350.jpg",350,350,true]},"author_info":{"info":["US6"]},"category_info":"<a href=\"https:\/\/veritasinfo.org\/?cat=58\" rel=\"category\">Politik\u00eb<\/a>","tag_info":"Politik\u00eb","comment_count":"0","_links":{"self":[{"href":"https:\/\/veritasinfo.org\/index.php?rest_route=\/wp\/v2\/posts\/45328","targetHints":{"allow":["GET"]}}],"collection":[{"href":"https:\/\/veritasinfo.org\/index.php?rest_route=\/wp\/v2\/posts"}],"about":[{"href":"https:\/\/veritasinfo.org\/index.php?rest_route=\/wp\/v2\/types\/post"}],"author":[{"embeddable":true,"href":"https:\/\/veritasinfo.org\/index.php?rest_route=\/wp\/v2\/users\/7"}],"replies":[{"embeddable":true,"href":"https:\/\/veritasinfo.org\/index.php?rest_route=%2Fwp%2Fv2%2Fcomments&post=45328"}],"version-history":[{"count":1,"href":"https:\/\/veritasinfo.org\/index.php?rest_route=\/wp\/v2\/posts\/45328\/revisions"}],"predecessor-version":[{"id":45329,"href":"https:\/\/veritasinfo.org\/index.php?rest_route=\/wp\/v2\/posts\/45328\/revisions\/45329"}],"wp:featuredmedia":[{"embeddable":true,"href":"https:\/\/veritasinfo.org\/index.php?rest_route=\/wp\/v2\/media\/44573"}],"wp:attachment":[{"href":"https:\/\/veritasinfo.org\/index.php?rest_route=%2Fwp%2Fv2%2Fmedia&parent=45328"}],"wp:term":[{"taxonomy":"category","embeddable":true,"href":"https:\/\/veritasinfo.org\/index.php?rest_route=%2Fwp%2Fv2%2Fcategories&post=45328"},{"taxonomy":"post_tag","embeddable":true,"href":"https:\/\/veritasinfo.org\/index.php?rest_route=%2Fwp%2Fv2%2Ftags&post=45328"}],"curies":[{"name":"wp","href":"https:\/\/api.w.org\/{rel}","templated":true}]}}