{"id":45312,"date":"2026-04-27T18:40:50","date_gmt":"2026-04-27T16:40:50","guid":{"rendered":"https:\/\/veritasinfo.org\/?p=45312"},"modified":"2026-04-27T18:40:50","modified_gmt":"2026-04-27T16:40:50","slug":"kurti-danas-bi-opozicija-mogla-da-ima-svog-predsednika","status":"publish","type":"post","link":"https:\/\/veritasinfo.org\/?p=45312&lang=sr","title":{"rendered":"Kurti: Danas bi opozicija mogla da ima svog predsednika"},"content":{"rendered":"<p>Pri\u0161tina, 27. april 2026. 18:39<\/p>\n<p>Premijer Kosova, Aljbin Kurti, govorio je u Skup\u0161tini Kosova na vanrednoj sednici koju je sazvao pokret Samoopredeljenje, gde se raspravlja o izboru predsednika.<\/p>\n<p>Kurti je rekao da je Samoopredeljenje pozvalo Demokratsku partiju Kosova i Demokratski savez Kosova da zajedno predlo\u017ee tri konsenzualna imena za predsednika zemlje.<\/p>\n<p>\u201ePozvali smo PDK i DSK da zajedno predlo\u017ee tri imena i ta tri imena treba da budu ujedinjujuc\u0301a, konsenzualna, sa zaslugama, vrednostima i doprinosom, i da budu van trenutne politi\u010dke scene, van ovih kontroverzi koje na\u017ealost pre\u010desto karakteri\u0161u politi\u010dko okru\u017eenje na Kosovu\u201c, izjavio je Kurti.<\/p>\n<p>Dodao je da na Kosovu postoji mnogo akademskih i stru\u010dnih li\u010dnosti koje bi u\u010dinile \u010dast instituciji predsednika.<\/p>\n<p>\u201eVerujem da u Republici Kosovo postoji mnogo profesora i li\u010dnosti koje bi u\u010dinile \u010dast zemlji postajuc\u0301i predsednici Republike\u201c, rekao je on.<\/p>\n<p>Prema Kurtiju, Pokret za samovoljstvo je zatra\u017eio od DSK i PDK da svako predlo\u017ei po jedno ime, dok bi trec\u0301e trebalo da bude zajedni\u010dko, tako\u0111e nudec\u0301i garancije za glasanje i potpise.<\/p>\n<p>Rekao je da bi, ako bi ova ponuda bila prihvac\u0301ena, trenutni kandidati povukli iz trke, napominjuc\u0301i da su neke li\u010dnosti izrazile spremnost da se ne kandiduju pod takvim uslovima.<\/p>\n<p>Kurti je naglasio da bi na ovaj na\u010din sledec\u0301i predsednik bio rezultat dogovora izme\u0111u opozicije i vec\u0301ine, ali je, prema njegovim re\u010dima, ponuda odbijena.<\/p>\n<p>\u201eDanas je opozicija mogla da ima svog predsednika, ali je ova ponuda odbijena\u201c, rekao je Kurti.<\/p>\n<p>Kurti je rekao da \u201enisu zainteresovani\u201c.<\/p>\n<p>U subotu ujutru, Pokret za samovoljstvo je zatra\u017eio od PDK i DSK tri imena za predsednika, ali bez pominjanja moguc\u0301e podr\u0161ke u Skup\u0161tini.<\/p>\n<p>U tom predlogu, Pokret za samovoljstvo je pomenuo samo potpise za izvo\u0111enje kandidata u Skup\u0161tinu.<\/p>\n<p>\u201eOva tri kandidata moraju biti ujedinjujuc\u0301e li\u010dnosti, sa visokim gra\u0111anskim i nacionalnim integritetom, sa dokazanim doprinosom u profesionalnom i dru\u0161tvenom \u017eivotu, i van aktuelne politi\u010dke scene. Za ovu trojicu bi bilo obezbe\u0111eno najmanje 90 potpisa poslanika Skup\u0161tine Republike Kosovo. U tom slu\u010daju, zamenik premijera i ministar spoljnih poslova i dijaspore Glauk Konjufca i poslanica dr Fatmire Mulhad\u017ea-Kol\u010daku bi prvo povukli kandidaturu\u201c, navodi se u predlogu Pokreta za vo\u0111enje slobode u subotu.<\/p>\n","protected":false},"excerpt":{"rendered":"<p>Pri\u0161tina, 27. april 2026. 18:39 Premijer Kosova, Aljbin Kurti, govorio je u Skup\u0161tini Kosova na vanrednoj sednici koju je sazvao pokret Samoopredeljenje, gde se raspravlja<\/p>\n","protected":false},"author":7,"featured_media":45313,"comment_status":"open","ping_status":"open","sticky":false,"template":"","format":"standard","meta":{"footnotes":""},"categories":[28],"tags":[],"class_list":["post-45312","post","type-post","status-publish","format-standard","has-post-thumbnail","hentry","category-politika"],"yoast_head":"<!-- This site is optimized with the Yoast SEO plugin v25.3.1 - https:\/\/yoast.com\/wordpress\/plugins\/seo\/ -->\n<title>Kurti: Danas bi opozicija mogla da ima svog predsednika -<\/title>\n<meta name=\"robots\" content=\"index, follow, max-snippet:-1, max-image-preview:large, max-video-preview:-1\" \/>\n<link rel=\"canonical\" href=\"https:\/\/veritasinfo.org\/?p=45312&lang=sr\" \/>\n<meta property=\"og:locale\" content=\"en_US\" \/>\n<meta property=\"og:type\" content=\"article\" \/>\n<meta property=\"og:title\" content=\"Kurti: Danas bi opozicija mogla da ima svog predsednika -\" \/>\n<meta property=\"og:description\" content=\"Pri\u0161tina, 27. april 2026. 18:39 Premijer Kosova, Aljbin Kurti, govorio je u Skup\u0161tini Kosova na vanrednoj sednici koju je sazvao pokret Samoopredeljenje, gde se raspravlja\" \/>\n<meta property=\"og:url\" content=\"https:\/\/veritasinfo.org\/?p=45312&amp;lang=sr\" \/>\n<meta property=\"article:published_time\" content=\"2026-04-27T16:40:50+00:00\" \/>\n<meta property=\"og:image\" content=\"https:\/\/veritasinfo.org\/wp-content\/uploads\/2026\/04\/1-67.jpg\" \/>\n\t<meta property=\"og:image:width\" content=\"2048\" \/>\n\t<meta property=\"og:image:height\" content=\"1365\" \/>\n\t<meta property=\"og:image:type\" content=\"image\/jpeg\" \/>\n<meta name=\"author\" content=\"US6\" \/>\n<meta name=\"twitter:card\" content=\"summary_large_image\" \/>\n<meta name=\"twitter:label1\" content=\"Written by\" \/>\n\t<meta name=\"twitter:data1\" content=\"US6\" \/>\n\t<meta name=\"twitter:label2\" content=\"Est. reading time\" \/>\n\t<meta name=\"twitter:data2\" content=\"2 minutes\" \/>\n<script type=\"application\/ld+json\" class=\"yoast-schema-graph\">{\"@context\":\"https:\/\/schema.org\",\"@graph\":[{\"@type\":\"WebPage\",\"@id\":\"https:\/\/veritasinfo.org\/?p=45312&lang=sr\",\"url\":\"https:\/\/veritasinfo.org\/?p=45312&lang=sr\",\"name\":\"Kurti: Danas bi opozicija mogla da ima svog predsednika -\",\"isPartOf\":{\"@id\":\"https:\/\/veritasinfo.org\/#website\"},\"primaryImageOfPage\":{\"@id\":\"https:\/\/veritasinfo.org\/?p=45312&lang=sr#primaryimage\"},\"image\":{\"@id\":\"https:\/\/veritasinfo.org\/?p=45312&lang=sr#primaryimage\"},\"thumbnailUrl\":\"https:\/\/veritasinfo.org\/wp-content\/uploads\/2026\/04\/1-67.jpg\",\"datePublished\":\"2026-04-27T16:40:50+00:00\",\"author\":{\"@id\":\"https:\/\/veritasinfo.org\/#\/schema\/person\/fe199eede04c3937362892b7444747cc\"},\"breadcrumb\":{\"@id\":\"https:\/\/veritasinfo.org\/?p=45312&lang=sr#breadcrumb\"},\"inLanguage\":\"en-US\",\"potentialAction\":[{\"@type\":\"ReadAction\",\"target\":[\"https:\/\/veritasinfo.org\/?p=45312&lang=sr\"]}]},{\"@type\":\"ImageObject\",\"inLanguage\":\"en-US\",\"@id\":\"https:\/\/veritasinfo.org\/?p=45312&lang=sr#primaryimage\",\"url\":\"https:\/\/veritasinfo.org\/wp-content\/uploads\/2026\/04\/1-67.jpg\",\"contentUrl\":\"https:\/\/veritasinfo.org\/wp-content\/uploads\/2026\/04\/1-67.jpg\",\"width\":2048,\"height\":1365},{\"@type\":\"BreadcrumbList\",\"@id\":\"https:\/\/veritasinfo.org\/?p=45312&lang=sr#breadcrumb\",\"itemListElement\":[{\"@type\":\"ListItem\",\"position\":1,\"name\":\"Home\",\"item\":\"https:\/\/veritasinfo.org\/\"},{\"@type\":\"ListItem\",\"position\":2,\"name\":\"Kurti: Danas bi opozicija mogla da ima svog predsednika\"}]},{\"@type\":\"WebSite\",\"@id\":\"https:\/\/veritasinfo.org\/#website\",\"url\":\"https:\/\/veritasinfo.org\/\",\"name\":\"\",\"description\":\"\",\"potentialAction\":[{\"@type\":\"SearchAction\",\"target\":{\"@type\":\"EntryPoint\",\"urlTemplate\":\"https:\/\/veritasinfo.org\/?s={search_term_string}\"},\"query-input\":{\"@type\":\"PropertyValueSpecification\",\"valueRequired\":true,\"valueName\":\"search_term_string\"}}],\"inLanguage\":\"en-US\"},{\"@type\":\"Person\",\"@id\":\"https:\/\/veritasinfo.org\/#\/schema\/person\/fe199eede04c3937362892b7444747cc\",\"name\":\"US6\",\"image\":{\"@type\":\"ImageObject\",\"inLanguage\":\"en-US\",\"@id\":\"https:\/\/veritasinfo.org\/#\/schema\/person\/image\/\",\"url\":\"https:\/\/secure.gravatar.com\/avatar\/cb16c3c31c9d23b9b8c705964598220b3014e42ff51eb540ff23cefa3ae8c15f?s=96&d=mm&r=g\",\"contentUrl\":\"https:\/\/secure.gravatar.com\/avatar\/cb16c3c31c9d23b9b8c705964598220b3014e42ff51eb540ff23cefa3ae8c15f?s=96&d=mm&r=g\",\"caption\":\"US6\"},\"url\":\"https:\/\/veritasinfo.org\/?author=7\"}]}<\/script>\n<!-- \/ Yoast SEO plugin. -->","yoast_head_json":{"title":"Kurti: Danas bi opozicija mogla da ima svog predsednika -","robots":{"index":"index","follow":"follow","max-snippet":"max-snippet:-1","max-image-preview":"max-image-preview:large","max-video-preview":"max-video-preview:-1"},"canonical":"https:\/\/veritasinfo.org\/?p=45312&lang=sr","og_locale":"en_US","og_type":"article","og_title":"Kurti: Danas bi opozicija mogla da ima svog predsednika -","og_description":"Pri\u0161tina, 27. april 2026. 18:39 Premijer Kosova, Aljbin Kurti, govorio je u Skup\u0161tini Kosova na vanrednoj sednici koju je sazvao pokret Samoopredeljenje, gde se raspravlja","og_url":"https:\/\/veritasinfo.org\/?p=45312&lang=sr","article_published_time":"2026-04-27T16:40:50+00:00","og_image":[{"width":2048,"height":1365,"url":"https:\/\/veritasinfo.org\/wp-content\/uploads\/2026\/04\/1-67.jpg","type":"image\/jpeg"}],"author":"US6","twitter_card":"summary_large_image","twitter_misc":{"Written by":"US6","Est. reading time":"2 minutes"},"schema":{"@context":"https:\/\/schema.org","@graph":[{"@type":"WebPage","@id":"https:\/\/veritasinfo.org\/?p=45312&lang=sr","url":"https:\/\/veritasinfo.org\/?p=45312&lang=sr","name":"Kurti: Danas bi opozicija mogla da ima svog predsednika -","isPartOf":{"@id":"https:\/\/veritasinfo.org\/#website"},"primaryImageOfPage":{"@id":"https:\/\/veritasinfo.org\/?p=45312&lang=sr#primaryimage"},"image":{"@id":"https:\/\/veritasinfo.org\/?p=45312&lang=sr#primaryimage"},"thumbnailUrl":"https:\/\/veritasinfo.org\/wp-content\/uploads\/2026\/04\/1-67.jpg","datePublished":"2026-04-27T16:40:50+00:00","author":{"@id":"https:\/\/veritasinfo.org\/#\/schema\/person\/fe199eede04c3937362892b7444747cc"},"breadcrumb":{"@id":"https:\/\/veritasinfo.org\/?p=45312&lang=sr#breadcrumb"},"inLanguage":"en-US","potentialAction":[{"@type":"ReadAction","target":["https:\/\/veritasinfo.org\/?p=45312&lang=sr"]}]},{"@type":"ImageObject","inLanguage":"en-US","@id":"https:\/\/veritasinfo.org\/?p=45312&lang=sr#primaryimage","url":"https:\/\/veritasinfo.org\/wp-content\/uploads\/2026\/04\/1-67.jpg","contentUrl":"https:\/\/veritasinfo.org\/wp-content\/uploads\/2026\/04\/1-67.jpg","width":2048,"height":1365},{"@type":"BreadcrumbList","@id":"https:\/\/veritasinfo.org\/?p=45312&lang=sr#breadcrumb","itemListElement":[{"@type":"ListItem","position":1,"name":"Home","item":"https:\/\/veritasinfo.org\/"},{"@type":"ListItem","position":2,"name":"Kurti: Danas bi opozicija mogla da ima svog predsednika"}]},{"@type":"WebSite","@id":"https:\/\/veritasinfo.org\/#website","url":"https:\/\/veritasinfo.org\/","name":"","description":"","potentialAction":[{"@type":"SearchAction","target":{"@type":"EntryPoint","urlTemplate":"https:\/\/veritasinfo.org\/?s={search_term_string}"},"query-input":{"@type":"PropertyValueSpecification","valueRequired":true,"valueName":"search_term_string"}}],"inLanguage":"en-US"},{"@type":"Person","@id":"https:\/\/veritasinfo.org\/#\/schema\/person\/fe199eede04c3937362892b7444747cc","name":"US6","image":{"@type":"ImageObject","inLanguage":"en-US","@id":"https:\/\/veritasinfo.org\/#\/schema\/person\/image\/","url":"https:\/\/secure.gravatar.com\/avatar\/cb16c3c31c9d23b9b8c705964598220b3014e42ff51eb540ff23cefa3ae8c15f?s=96&d=mm&r=g","contentUrl":"https:\/\/secure.gravatar.com\/avatar\/cb16c3c31c9d23b9b8c705964598220b3014e42ff51eb540ff23cefa3ae8c15f?s=96&d=mm&r=g","caption":"US6"},"url":"https:\/\/veritasinfo.org\/?author=7"}]}},"featured_image_urls":{"full":["https:\/\/veritasinfo.org\/wp-content\/uploads\/2026\/04\/1-67.jpg",2048,1365,false],"thumbnail":["https:\/\/veritasinfo.org\/wp-content\/uploads\/2026\/04\/1-67-150x150.jpg",150,150,true],"medium":["https:\/\/veritasinfo.org\/wp-content\/uploads\/2026\/04\/1-67-300x200.jpg",300,200,true],"medium_large":["https:\/\/veritasinfo.org\/wp-content\/uploads\/2026\/04\/1-67-768x512.jpg",640,427,true],"large":["https:\/\/veritasinfo.org\/wp-content\/uploads\/2026\/04\/1-67-1024x683.jpg",640,427,true],"1536x1536":["https:\/\/veritasinfo.org\/wp-content\/uploads\/2026\/04\/1-67-1536x1024.jpg",1536,1024,true],"2048x2048":["https:\/\/veritasinfo.org\/wp-content\/uploads\/2026\/04\/1-67.jpg",2048,1365,false],"kreeti-slider-full":["https:\/\/veritasinfo.org\/wp-content\/uploads\/2026\/04\/1-67-1280x720.jpg",1280,720,true],"kreeti-featured":["https:\/\/veritasinfo.org\/wp-content\/uploads\/2026\/04\/1-67-1024x683.jpg",1024,683,true],"kreeti-medium":["https:\/\/veritasinfo.org\/wp-content\/uploads\/2026\/04\/1-67-720x530.jpg",720,530,true],"kreeti-medium-square":["https:\/\/veritasinfo.org\/wp-content\/uploads\/2026\/04\/1-67-350x350.jpg",350,350,true]},"author_info":{"info":["US6"]},"category_info":"<a href=\"https:\/\/veritasinfo.org\/?cat=28&#038;lang=sr\" rel=\"category\">Politika<\/a>","tag_info":"Politika","comment_count":"0","_links":{"self":[{"href":"https:\/\/veritasinfo.org\/index.php?rest_route=\/wp\/v2\/posts\/45312","targetHints":{"allow":["GET"]}}],"collection":[{"href":"https:\/\/veritasinfo.org\/index.php?rest_route=\/wp\/v2\/posts"}],"about":[{"href":"https:\/\/veritasinfo.org\/index.php?rest_route=\/wp\/v2\/types\/post"}],"author":[{"embeddable":true,"href":"https:\/\/veritasinfo.org\/index.php?rest_route=\/wp\/v2\/users\/7"}],"replies":[{"embeddable":true,"href":"https:\/\/veritasinfo.org\/index.php?rest_route=%2Fwp%2Fv2%2Fcomments&post=45312"}],"version-history":[{"count":1,"href":"https:\/\/veritasinfo.org\/index.php?rest_route=\/wp\/v2\/posts\/45312\/revisions"}],"predecessor-version":[{"id":45314,"href":"https:\/\/veritasinfo.org\/index.php?rest_route=\/wp\/v2\/posts\/45312\/revisions\/45314"}],"wp:featuredmedia":[{"embeddable":true,"href":"https:\/\/veritasinfo.org\/index.php?rest_route=\/wp\/v2\/media\/45313"}],"wp:attachment":[{"href":"https:\/\/veritasinfo.org\/index.php?rest_route=%2Fwp%2Fv2%2Fmedia&parent=45312"}],"wp:term":[{"taxonomy":"category","embeddable":true,"href":"https:\/\/veritasinfo.org\/index.php?rest_route=%2Fwp%2Fv2%2Fcategories&post=45312"},{"taxonomy":"post_tag","embeddable":true,"href":"https:\/\/veritasinfo.org\/index.php?rest_route=%2Fwp%2Fv2%2Ftags&post=45312"}],"curies":[{"name":"wp","href":"https:\/\/api.w.org\/{rel}","templated":true}]}}