{"id":45309,"date":"2026-04-27T18:39:46","date_gmt":"2026-04-27T16:39:46","guid":{"rendered":"https:\/\/veritasinfo.org\/?p=45309"},"modified":"2026-04-27T18:39:46","modified_gmt":"2026-04-27T16:39:46","slug":"kurti-sot-opozita-ka-mundur-ta-kishte-presidentin-e-vet","status":"publish","type":"post","link":"https:\/\/veritasinfo.org\/?p=45309","title":{"rendered":"Kurti: Sot opozita ka mundur ta kishte presidentin e vet"},"content":{"rendered":"<p>Prishtin\u00eb, 27 prill 2026 18:39<\/p>\n<p data-start=\"146\" data-end=\"375\">Kryeministri i Kosov\u00ebs,\u00a0<span class=\"hover:entity-accent entity-underline inline cursor-pointer align-baseline\"><span class=\"whitespace-normal\">Albin Kurti<\/span><\/span>, ka marr\u00eb fjal\u00ebn n\u00eb Kuvendin e Kosov\u00ebs n\u00eb seanc\u00ebn e jasht\u00ebzakonshme t\u00eb thirrur nga\u00a0<span class=\"hover:entity-accent entity-underline inline cursor-pointer align-baseline\"><span class=\"whitespace-normal\">L\u00ebvizja Vet\u00ebvendosje<\/span><\/span>, ku po diskutohet p\u00ebr zgjedhjen e presidentit.<\/p>\n<p data-start=\"377\" data-end=\"564\">Kurti tha se Vet\u00ebvendosje ka ftuar\u00a0<span class=\"hover:entity-accent entity-underline inline cursor-pointer align-baseline\"><span class=\"whitespace-normal\">Partia Demokratike e Kosov\u00ebs<\/span><\/span>\u00a0dhe\u00a0<span class=\"hover:entity-accent entity-underline inline cursor-pointer align-baseline\"><span class=\"whitespace-normal\">Lidhja Demokratike e Kosov\u00ebs<\/span><\/span>\u00a0q\u00eb s\u00eb bashku t\u00eb propozojn\u00eb tre emra konsensual\u00eb p\u00ebr president t\u00eb vendit.<\/p>\n<div class=\"jeg_ad jeg_ad_article jnews_content_inline_ads  \">\n<div class=\"ads-wrapper align-center \">\u201cE ftuam PDK-n\u00eb dhe LDK-n\u00eb q\u00eb bashk\u00ebrisht t\u00eb propozojm\u00eb tre emra dhe k\u00ebta tre emra t\u00eb jen\u00eb unifikues, konsensual\u00eb, me merita, vlera dhe kontribut, dhe t\u00eb jen\u00eb jasht\u00eb sken\u00ebs aktuale politike, jasht\u00eb k\u00ebtyre polemikave q\u00eb fatkeq\u00ebsisht p\u00ebr s\u00eb tep\u00ebrmi e karakterizojn\u00eb ambientin politik n\u00eb Kosov\u00eb\u201d, deklaroi Kurti.<\/div>\n<\/div>\n<p data-start=\"877\" data-end=\"992\">Ai shtoi se ka shum\u00eb figura akademike dhe profesionale n\u00eb Kosov\u00eb q\u00eb do t\u2019i b\u00ebnin nder institucionit t\u00eb presidentit.<\/p>\n<p data-start=\"994\" data-end=\"1141\">\u201cUn\u00eb besoj q\u00eb n\u00eb Republik\u00ebn e Kosov\u00ebs ka shum\u00eb profesor\u00eb dhe figura q\u00eb do t\u2019i b\u00ebnin nder vendit duke u b\u00ebr\u00eb president\u00eb t\u00eb Republik\u00ebs\u201d, u shpreh ai.<\/p>\n<p data-start=\"1143\" data-end=\"1318\">Sipas Kurtit, VV-ja ka k\u00ebrkuar nga LDK dhe PDK q\u00eb secila t\u00eb propozoj\u00eb nga nj\u00eb em\u00ebr, nd\u00ebrsa nj\u00eb i tret\u00eb t\u00eb jet\u00eb i p\u00ebrbashk\u00ebt, duke ofruar edhe garanci p\u00ebr votim dhe n\u00ebnshkrime.<\/p>\n<p data-start=\"1320\" data-end=\"1504\">Ai tha se, n\u00ebse kjo ofert\u00eb do t\u00eb pranohej, kandidat\u00eb aktual\u00eb do t\u00eb t\u00ebrhiqeshin nga gara, duke p\u00ebrmendur se disa figura kan\u00eb shprehur gatishm\u00ebri p\u00ebr t\u00eb mos kandiduar n\u00eb kushte t\u00eb tilla.<\/p>\n<p data-start=\"1506\" data-end=\"1665\">Kurti theksoi se n\u00eb k\u00ebt\u00eb m\u00ebnyr\u00eb presidenti i ardhsh\u00ebm do t\u00eb ishte rezultat i nj\u00eb marr\u00ebveshjeje mes opozit\u00ebs dhe shumic\u00ebs, por sipas tij, oferta \u00ebsht\u00eb refuzuar.<\/p>\n<p data-start=\"1667\" data-end=\"1756\">\u201cSot opozita ka mundur ta kishte presidentin e vet, por kjo ofert\u00eb u refuzua\u201d, tha Kurti.<\/p>\n<p>Kurti tha se ata \u201cnuk kan\u00eb qen\u00eb t\u00eb interesuar\u201d.<\/p>\n<p>T\u00eb shtun\u00ebn n\u00eb m\u00ebngjes, LVV-ja k\u00ebrkoi nga PDK-ja dhe LDK-ja tre emra p\u00ebr President, por pa p\u00ebrmendur aty mb\u00ebshtetjen e mundshme n\u00eb Kuvend.<\/p>\n<p>N\u00eb at\u00eb propozim, LVV p\u00ebrmendte vet\u00ebm n\u00ebnshkrimet p\u00ebr t\u2019i \u00e7uar kandidat\u00ebt n\u00eb Kuvend.<\/p>\n<p>\u201cK\u00ebta tre kandidat\u00eb duhet t\u00eb jen\u00eb figura unifikuese, me integritet t\u00eb lart\u00eb qytetar e komb\u00ebtar, me kontribut t\u00eb d\u00ebshmuar n\u00eb jet\u00ebn profesionale dhe shoq\u00ebrore, dhe jasht\u00eb sken\u00ebs aktuale politike. P\u00ebr k\u00ebta t\u00eb tre do t\u00eb siguroheshin s\u00eb paku 90 n\u00ebnshkrime t\u00eb deputet\u00ebve t\u00eb Kuvendit t\u00eb Republik\u00ebs s\u00eb Kosov\u00ebs. Me at\u00eb rast, paraprakisht do t\u00eb t\u00ebrhiqeshin nga kandidatura Z\u00ebvend\u00ebs-kryeministri dhe Ministri i pun\u00ebve t\u00eb jashtme dhe diaspor\u00ebs Glauk Konjufca e deputetja Dr. Fatmire Mulhaxha-Koll\u00e7aku\u201d, thuhej n\u00eb propozimin e LVV-s\u00eb t\u00eb shtun\u00ebn.<\/p>\n","protected":false},"excerpt":{"rendered":"<p>Prishtin\u00eb, 27 prill 2026 18:39 Kryeministri i Kosov\u00ebs,\u00a0Albin Kurti, ka marr\u00eb fjal\u00ebn n\u00eb Kuvendin e Kosov\u00ebs n\u00eb seanc\u00ebn e jasht\u00ebzakonshme t\u00eb thirrur nga\u00a0L\u00ebvizja Vet\u00ebvendosje, ku<\/p>\n","protected":false},"author":7,"featured_media":45310,"comment_status":"open","ping_status":"open","sticky":false,"template":"","format":"standard","meta":{"footnotes":""},"categories":[58],"tags":[],"class_list":["post-45309","post","type-post","status-publish","format-standard","has-post-thumbnail","hentry","category-politike-sq"],"yoast_head":"<!-- This site is optimized with the Yoast SEO plugin v25.3.1 - https:\/\/yoast.com\/wordpress\/plugins\/seo\/ -->\n<title>Kurti: Sot opozita ka mundur ta kishte presidentin e vet -<\/title>\n<meta name=\"robots\" content=\"index, follow, max-snippet:-1, max-image-preview:large, max-video-preview:-1\" \/>\n<link rel=\"canonical\" href=\"https:\/\/veritasinfo.org\/?p=45309\" \/>\n<meta property=\"og:locale\" content=\"en_US\" \/>\n<meta property=\"og:type\" content=\"article\" \/>\n<meta property=\"og:title\" content=\"Kurti: Sot opozita ka mundur ta kishte presidentin e vet -\" \/>\n<meta property=\"og:description\" content=\"Prishtin\u00eb, 27 prill 2026 18:39 Kryeministri i Kosov\u00ebs,\u00a0Albin Kurti, ka marr\u00eb fjal\u00ebn n\u00eb Kuvendin e Kosov\u00ebs n\u00eb seanc\u00ebn e jasht\u00ebzakonshme t\u00eb thirrur nga\u00a0L\u00ebvizja Vet\u00ebvendosje, ku\" \/>\n<meta property=\"og:url\" content=\"https:\/\/veritasinfo.org\/?p=45309\" \/>\n<meta property=\"article:published_time\" content=\"2026-04-27T16:39:46+00:00\" \/>\n<meta property=\"og:image\" content=\"https:\/\/veritasinfo.org\/wp-content\/uploads\/2026\/04\/1-66.jpg\" \/>\n\t<meta property=\"og:image:width\" content=\"2048\" \/>\n\t<meta property=\"og:image:height\" content=\"1365\" \/>\n\t<meta property=\"og:image:type\" content=\"image\/jpeg\" \/>\n<meta name=\"author\" content=\"US6\" \/>\n<meta name=\"twitter:card\" content=\"summary_large_image\" \/>\n<meta name=\"twitter:label1\" content=\"Written by\" \/>\n\t<meta name=\"twitter:data1\" content=\"US6\" \/>\n\t<meta name=\"twitter:label2\" content=\"Est. reading time\" \/>\n\t<meta name=\"twitter:data2\" content=\"2 minutes\" \/>\n<script type=\"application\/ld+json\" class=\"yoast-schema-graph\">{\"@context\":\"https:\/\/schema.org\",\"@graph\":[{\"@type\":\"WebPage\",\"@id\":\"https:\/\/veritasinfo.org\/?p=45309\",\"url\":\"https:\/\/veritasinfo.org\/?p=45309\",\"name\":\"Kurti: Sot opozita ka mundur ta kishte presidentin e vet -\",\"isPartOf\":{\"@id\":\"https:\/\/veritasinfo.org\/#website\"},\"primaryImageOfPage\":{\"@id\":\"https:\/\/veritasinfo.org\/?p=45309#primaryimage\"},\"image\":{\"@id\":\"https:\/\/veritasinfo.org\/?p=45309#primaryimage\"},\"thumbnailUrl\":\"https:\/\/veritasinfo.org\/wp-content\/uploads\/2026\/04\/1-66.jpg\",\"datePublished\":\"2026-04-27T16:39:46+00:00\",\"author\":{\"@id\":\"https:\/\/veritasinfo.org\/#\/schema\/person\/fe199eede04c3937362892b7444747cc\"},\"breadcrumb\":{\"@id\":\"https:\/\/veritasinfo.org\/?p=45309#breadcrumb\"},\"inLanguage\":\"en-US\",\"potentialAction\":[{\"@type\":\"ReadAction\",\"target\":[\"https:\/\/veritasinfo.org\/?p=45309\"]}]},{\"@type\":\"ImageObject\",\"inLanguage\":\"en-US\",\"@id\":\"https:\/\/veritasinfo.org\/?p=45309#primaryimage\",\"url\":\"https:\/\/veritasinfo.org\/wp-content\/uploads\/2026\/04\/1-66.jpg\",\"contentUrl\":\"https:\/\/veritasinfo.org\/wp-content\/uploads\/2026\/04\/1-66.jpg\",\"width\":2048,\"height\":1365},{\"@type\":\"BreadcrumbList\",\"@id\":\"https:\/\/veritasinfo.org\/?p=45309#breadcrumb\",\"itemListElement\":[{\"@type\":\"ListItem\",\"position\":1,\"name\":\"Home\",\"item\":\"https:\/\/veritasinfo.org\/\"},{\"@type\":\"ListItem\",\"position\":2,\"name\":\"Kurti: Sot opozita ka mundur ta kishte presidentin e vet\"}]},{\"@type\":\"WebSite\",\"@id\":\"https:\/\/veritasinfo.org\/#website\",\"url\":\"https:\/\/veritasinfo.org\/\",\"name\":\"\",\"description\":\"\",\"potentialAction\":[{\"@type\":\"SearchAction\",\"target\":{\"@type\":\"EntryPoint\",\"urlTemplate\":\"https:\/\/veritasinfo.org\/?s={search_term_string}\"},\"query-input\":{\"@type\":\"PropertyValueSpecification\",\"valueRequired\":true,\"valueName\":\"search_term_string\"}}],\"inLanguage\":\"en-US\"},{\"@type\":\"Person\",\"@id\":\"https:\/\/veritasinfo.org\/#\/schema\/person\/fe199eede04c3937362892b7444747cc\",\"name\":\"US6\",\"image\":{\"@type\":\"ImageObject\",\"inLanguage\":\"en-US\",\"@id\":\"https:\/\/veritasinfo.org\/#\/schema\/person\/image\/\",\"url\":\"https:\/\/secure.gravatar.com\/avatar\/cb16c3c31c9d23b9b8c705964598220b3014e42ff51eb540ff23cefa3ae8c15f?s=96&d=mm&r=g\",\"contentUrl\":\"https:\/\/secure.gravatar.com\/avatar\/cb16c3c31c9d23b9b8c705964598220b3014e42ff51eb540ff23cefa3ae8c15f?s=96&d=mm&r=g\",\"caption\":\"US6\"},\"url\":\"https:\/\/veritasinfo.org\/?author=7\"}]}<\/script>\n<!-- \/ Yoast SEO plugin. -->","yoast_head_json":{"title":"Kurti: Sot opozita ka mundur ta kishte presidentin e vet -","robots":{"index":"index","follow":"follow","max-snippet":"max-snippet:-1","max-image-preview":"max-image-preview:large","max-video-preview":"max-video-preview:-1"},"canonical":"https:\/\/veritasinfo.org\/?p=45309","og_locale":"en_US","og_type":"article","og_title":"Kurti: Sot opozita ka mundur ta kishte presidentin e vet -","og_description":"Prishtin\u00eb, 27 prill 2026 18:39 Kryeministri i Kosov\u00ebs,\u00a0Albin Kurti, ka marr\u00eb fjal\u00ebn n\u00eb Kuvendin e Kosov\u00ebs n\u00eb seanc\u00ebn e jasht\u00ebzakonshme t\u00eb thirrur nga\u00a0L\u00ebvizja Vet\u00ebvendosje, ku","og_url":"https:\/\/veritasinfo.org\/?p=45309","article_published_time":"2026-04-27T16:39:46+00:00","og_image":[{"width":2048,"height":1365,"url":"https:\/\/veritasinfo.org\/wp-content\/uploads\/2026\/04\/1-66.jpg","type":"image\/jpeg"}],"author":"US6","twitter_card":"summary_large_image","twitter_misc":{"Written by":"US6","Est. reading time":"2 minutes"},"schema":{"@context":"https:\/\/schema.org","@graph":[{"@type":"WebPage","@id":"https:\/\/veritasinfo.org\/?p=45309","url":"https:\/\/veritasinfo.org\/?p=45309","name":"Kurti: Sot opozita ka mundur ta kishte presidentin e vet -","isPartOf":{"@id":"https:\/\/veritasinfo.org\/#website"},"primaryImageOfPage":{"@id":"https:\/\/veritasinfo.org\/?p=45309#primaryimage"},"image":{"@id":"https:\/\/veritasinfo.org\/?p=45309#primaryimage"},"thumbnailUrl":"https:\/\/veritasinfo.org\/wp-content\/uploads\/2026\/04\/1-66.jpg","datePublished":"2026-04-27T16:39:46+00:00","author":{"@id":"https:\/\/veritasinfo.org\/#\/schema\/person\/fe199eede04c3937362892b7444747cc"},"breadcrumb":{"@id":"https:\/\/veritasinfo.org\/?p=45309#breadcrumb"},"inLanguage":"en-US","potentialAction":[{"@type":"ReadAction","target":["https:\/\/veritasinfo.org\/?p=45309"]}]},{"@type":"ImageObject","inLanguage":"en-US","@id":"https:\/\/veritasinfo.org\/?p=45309#primaryimage","url":"https:\/\/veritasinfo.org\/wp-content\/uploads\/2026\/04\/1-66.jpg","contentUrl":"https:\/\/veritasinfo.org\/wp-content\/uploads\/2026\/04\/1-66.jpg","width":2048,"height":1365},{"@type":"BreadcrumbList","@id":"https:\/\/veritasinfo.org\/?p=45309#breadcrumb","itemListElement":[{"@type":"ListItem","position":1,"name":"Home","item":"https:\/\/veritasinfo.org\/"},{"@type":"ListItem","position":2,"name":"Kurti: Sot opozita ka mundur ta kishte presidentin e vet"}]},{"@type":"WebSite","@id":"https:\/\/veritasinfo.org\/#website","url":"https:\/\/veritasinfo.org\/","name":"","description":"","potentialAction":[{"@type":"SearchAction","target":{"@type":"EntryPoint","urlTemplate":"https:\/\/veritasinfo.org\/?s={search_term_string}"},"query-input":{"@type":"PropertyValueSpecification","valueRequired":true,"valueName":"search_term_string"}}],"inLanguage":"en-US"},{"@type":"Person","@id":"https:\/\/veritasinfo.org\/#\/schema\/person\/fe199eede04c3937362892b7444747cc","name":"US6","image":{"@type":"ImageObject","inLanguage":"en-US","@id":"https:\/\/veritasinfo.org\/#\/schema\/person\/image\/","url":"https:\/\/secure.gravatar.com\/avatar\/cb16c3c31c9d23b9b8c705964598220b3014e42ff51eb540ff23cefa3ae8c15f?s=96&d=mm&r=g","contentUrl":"https:\/\/secure.gravatar.com\/avatar\/cb16c3c31c9d23b9b8c705964598220b3014e42ff51eb540ff23cefa3ae8c15f?s=96&d=mm&r=g","caption":"US6"},"url":"https:\/\/veritasinfo.org\/?author=7"}]}},"featured_image_urls":{"full":["https:\/\/veritasinfo.org\/wp-content\/uploads\/2026\/04\/1-66.jpg",2048,1365,false],"thumbnail":["https:\/\/veritasinfo.org\/wp-content\/uploads\/2026\/04\/1-66-150x150.jpg",150,150,true],"medium":["https:\/\/veritasinfo.org\/wp-content\/uploads\/2026\/04\/1-66-300x200.jpg",300,200,true],"medium_large":["https:\/\/veritasinfo.org\/wp-content\/uploads\/2026\/04\/1-66-768x512.jpg",640,427,true],"large":["https:\/\/veritasinfo.org\/wp-content\/uploads\/2026\/04\/1-66-1024x683.jpg",640,427,true],"1536x1536":["https:\/\/veritasinfo.org\/wp-content\/uploads\/2026\/04\/1-66-1536x1024.jpg",1536,1024,true],"2048x2048":["https:\/\/veritasinfo.org\/wp-content\/uploads\/2026\/04\/1-66.jpg",2048,1365,false],"kreeti-slider-full":["https:\/\/veritasinfo.org\/wp-content\/uploads\/2026\/04\/1-66-1280x720.jpg",1280,720,true],"kreeti-featured":["https:\/\/veritasinfo.org\/wp-content\/uploads\/2026\/04\/1-66-1024x683.jpg",1024,683,true],"kreeti-medium":["https:\/\/veritasinfo.org\/wp-content\/uploads\/2026\/04\/1-66-720x530.jpg",720,530,true],"kreeti-medium-square":["https:\/\/veritasinfo.org\/wp-content\/uploads\/2026\/04\/1-66-350x350.jpg",350,350,true]},"author_info":{"info":["US6"]},"category_info":"<a href=\"https:\/\/veritasinfo.org\/?cat=58\" rel=\"category\">Politik\u00eb<\/a>","tag_info":"Politik\u00eb","comment_count":"0","_links":{"self":[{"href":"https:\/\/veritasinfo.org\/index.php?rest_route=\/wp\/v2\/posts\/45309","targetHints":{"allow":["GET"]}}],"collection":[{"href":"https:\/\/veritasinfo.org\/index.php?rest_route=\/wp\/v2\/posts"}],"about":[{"href":"https:\/\/veritasinfo.org\/index.php?rest_route=\/wp\/v2\/types\/post"}],"author":[{"embeddable":true,"href":"https:\/\/veritasinfo.org\/index.php?rest_route=\/wp\/v2\/users\/7"}],"replies":[{"embeddable":true,"href":"https:\/\/veritasinfo.org\/index.php?rest_route=%2Fwp%2Fv2%2Fcomments&post=45309"}],"version-history":[{"count":1,"href":"https:\/\/veritasinfo.org\/index.php?rest_route=\/wp\/v2\/posts\/45309\/revisions"}],"predecessor-version":[{"id":45311,"href":"https:\/\/veritasinfo.org\/index.php?rest_route=\/wp\/v2\/posts\/45309\/revisions\/45311"}],"wp:featuredmedia":[{"embeddable":true,"href":"https:\/\/veritasinfo.org\/index.php?rest_route=\/wp\/v2\/media\/45310"}],"wp:attachment":[{"href":"https:\/\/veritasinfo.org\/index.php?rest_route=%2Fwp%2Fv2%2Fmedia&parent=45309"}],"wp:term":[{"taxonomy":"category","embeddable":true,"href":"https:\/\/veritasinfo.org\/index.php?rest_route=%2Fwp%2Fv2%2Fcategories&post=45309"},{"taxonomy":"post_tag","embeddable":true,"href":"https:\/\/veritasinfo.org\/index.php?rest_route=%2Fwp%2Fv2%2Ftags&post=45309"}],"curies":[{"name":"wp","href":"https:\/\/api.w.org\/{rel}","templated":true}]}}