{"id":45294,"date":"2026-04-27T17:17:07","date_gmt":"2026-04-27T15:17:07","guid":{"rendered":"https:\/\/veritasinfo.org\/?p=45294"},"modified":"2026-04-27T17:19:21","modified_gmt":"2026-04-27T15:19:21","slug":"policia-e-kosoves-forcon-kapacitetet-operacionale-me-certifikimin-e-44-zyrtareve-te-rinj-ne-njesine-per-reagim-te-shpejte","status":"publish","type":"post","link":"https:\/\/veritasinfo.org\/?p=45294","title":{"rendered":"Policia e Kosov\u00ebs forcon kapacitetet operacionale me certifikimin e 44 zyrtar\u00ebve t\u00eb rinj n\u00eb Nj\u00ebsin\u00eb p\u00ebr Reagim t\u00eb Shpejt\u00eb"},"content":{"rendered":"<p>Prishtin\u00eb, 27 prill 2026 17:16<\/p>\n<p>Policia e Kosov\u00ebs ka d\u00ebshmuar edhe nj\u00eb her\u00eb p\u00ebrkushtimin e saj t\u00eb vazhduesh\u00ebm n\u00eb ngritjen e standardeve profesionale dhe forcimin e kapaciteteve operative, p\u00ebrmes certifikimit t\u00eb 44 zyrtar\u00ebve policor\u00eb t\u00eb Nj\u00ebsis\u00eb p\u00ebr Reagim t\u00eb Shpejt\u00eb (NJRSH).<\/p>\n<p>Ceremonia e certifikimit u zhvillua m\u00eb 27 prill 2026, n\u00eb Kampin e Nj\u00ebsive Speciale n\u00eb Vrell\u00eb, pas p\u00ebrfundimit me sukses t\u00eb nj\u00eb trajnimi intensiv dyjavor n\u00eb fush\u00ebn e \u201cBallafaqimit me turma\u201d. Ky trajnim kishte p\u00ebr q\u00ebllim avancimin e aft\u00ebsive profesionale t\u00eb zyrtar\u00ebve n\u00eb menaxhimin e situatave t\u00eb ndjeshme me turma dhe tubime publike, duke garantuar nj\u00eb qasje t\u00eb koordinuar, profesionale dhe n\u00eb p\u00ebrputhje me standardet moderne t\u00eb siguris\u00eb, thuhet n\u00eb njoftimin e Policis\u00eb s\u00eb Kosov\u00ebs, p\u00ebrcjell Veritasinfo.<\/p>\n<p>Procesi i trajnimit u realizua nga instruktor\u00ebt e Drejtoris\u00eb s\u00eb Nj\u00ebsis\u00eb Speciale Operative (DNJSO), p\u00ebrmes Divizionit t\u00eb Trajnimeve n\u00eb kuad\u00ebr t\u00eb Departamentit t\u00eb Burimeve Njer\u00ebzore, duke reflektuar nj\u00eb qasje t\u00eb strukturuar dhe sistematike n\u00eb zhvillimin profesional t\u00eb stafit policor.<\/p>\n<p>Ky aktivitet \u00ebsht\u00eb pjes\u00eb e nj\u00eb cikli t\u00eb planifikuar trajnimesh q\u00eb do t\u00eb shtrihet n\u00eb t\u00eb gjitha tet\u00eb rajonet policore t\u00eb vendit, n\u00eb p\u00ebrputhje me konceptin nacional p\u00ebr menaxhimin e trazirave qytetare. Nj\u00eb qasje e till\u00eb synon unifikimin e praktikave operative dhe rritjen e gatishm\u00ebris\u00eb s\u00eb nj\u00ebsive n\u00eb nivel vendi.<\/p>\n<p>Me k\u00ebto investime t\u00eb vazhdueshme n\u00eb kapitalin njer\u00ebzor dhe n\u00eb trajnime profesionale, Policia e Kosov\u00ebs po forcon m\u00eb tej rolin e saj si garantuese e rendit dhe siguris\u00eb publike, duke d\u00ebshmuar gatishm\u00ebri dhe profesionaliz\u00ebm n\u00eb p\u00ebrballimin e sfidave t\u00eb siguris\u00eb bashk\u00ebkohore.<\/p>\n","protected":false},"excerpt":{"rendered":"<p>Prishtin\u00eb, 27 prill 2026 17:16 Policia e Kosov\u00ebs ka d\u00ebshmuar edhe nj\u00eb her\u00eb p\u00ebrkushtimin e saj t\u00eb vazhduesh\u00ebm n\u00eb ngritjen e standardeve profesionale dhe forcimin<\/p>\n","protected":false},"author":6,"featured_media":45295,"comment_status":"open","ping_status":"open","sticky":false,"template":"","format":"standard","meta":{"footnotes":""},"categories":[109],"tags":[],"class_list":["post-45294","post","type-post","status-publish","format-standard","has-post-thumbnail","hentry","category-siguri"],"yoast_head":"<!-- This site is optimized with the Yoast SEO plugin v25.3.1 - https:\/\/yoast.com\/wordpress\/plugins\/seo\/ -->\n<title>Policia e Kosov\u00ebs forcon kapacitetet operacionale me certifikimin e 44 zyrtar\u00ebve t\u00eb rinj n\u00eb Nj\u00ebsin\u00eb p\u00ebr Reagim t\u00eb Shpejt\u00eb -<\/title>\n<meta name=\"robots\" content=\"index, follow, max-snippet:-1, max-image-preview:large, max-video-preview:-1\" \/>\n<link rel=\"canonical\" href=\"https:\/\/veritasinfo.org\/?p=45294\" \/>\n<meta property=\"og:locale\" content=\"en_US\" \/>\n<meta property=\"og:type\" content=\"article\" \/>\n<meta property=\"og:title\" content=\"Policia e Kosov\u00ebs forcon kapacitetet operacionale me certifikimin e 44 zyrtar\u00ebve t\u00eb rinj n\u00eb Nj\u00ebsin\u00eb p\u00ebr Reagim t\u00eb Shpejt\u00eb -\" \/>\n<meta property=\"og:description\" content=\"Prishtin\u00eb, 27 prill 2026 17:16 Policia e Kosov\u00ebs ka d\u00ebshmuar edhe nj\u00eb her\u00eb p\u00ebrkushtimin e saj t\u00eb vazhduesh\u00ebm n\u00eb ngritjen e standardeve profesionale dhe forcimin\" \/>\n<meta property=\"og:url\" content=\"https:\/\/veritasinfo.org\/?p=45294\" \/>\n<meta property=\"article:published_time\" content=\"2026-04-27T15:17:07+00:00\" \/>\n<meta property=\"article:modified_time\" content=\"2026-04-27T15:19:21+00:00\" \/>\n<meta property=\"og:image\" content=\"https:\/\/veritasinfo.org\/wp-content\/uploads\/2026\/04\/IMG-20260427-WA0007.jpg\" \/>\n\t<meta property=\"og:image:width\" content=\"1280\" \/>\n\t<meta property=\"og:image:height\" content=\"960\" \/>\n\t<meta property=\"og:image:type\" content=\"image\/jpeg\" \/>\n<meta name=\"author\" content=\"US5\" \/>\n<meta name=\"twitter:card\" content=\"summary_large_image\" \/>\n<meta name=\"twitter:label1\" content=\"Written by\" \/>\n\t<meta name=\"twitter:data1\" content=\"US5\" \/>\n\t<meta name=\"twitter:label2\" content=\"Est. reading time\" \/>\n\t<meta name=\"twitter:data2\" content=\"2 minutes\" \/>\n<script type=\"application\/ld+json\" class=\"yoast-schema-graph\">{\"@context\":\"https:\/\/schema.org\",\"@graph\":[{\"@type\":\"WebPage\",\"@id\":\"https:\/\/veritasinfo.org\/?p=45294\",\"url\":\"https:\/\/veritasinfo.org\/?p=45294\",\"name\":\"Policia e Kosov\u00ebs forcon kapacitetet operacionale me certifikimin e 44 zyrtar\u00ebve t\u00eb rinj n\u00eb Nj\u00ebsin\u00eb p\u00ebr Reagim t\u00eb Shpejt\u00eb -\",\"isPartOf\":{\"@id\":\"https:\/\/veritasinfo.org\/#website\"},\"primaryImageOfPage\":{\"@id\":\"https:\/\/veritasinfo.org\/?p=45294#primaryimage\"},\"image\":{\"@id\":\"https:\/\/veritasinfo.org\/?p=45294#primaryimage\"},\"thumbnailUrl\":\"https:\/\/veritasinfo.org\/wp-content\/uploads\/2026\/04\/IMG-20260427-WA0007.jpg\",\"datePublished\":\"2026-04-27T15:17:07+00:00\",\"dateModified\":\"2026-04-27T15:19:21+00:00\",\"author\":{\"@id\":\"https:\/\/veritasinfo.org\/#\/schema\/person\/bc442336e35414d04494ab8fb45db4c6\"},\"breadcrumb\":{\"@id\":\"https:\/\/veritasinfo.org\/?p=45294#breadcrumb\"},\"inLanguage\":\"en-US\",\"potentialAction\":[{\"@type\":\"ReadAction\",\"target\":[\"https:\/\/veritasinfo.org\/?p=45294\"]}]},{\"@type\":\"ImageObject\",\"inLanguage\":\"en-US\",\"@id\":\"https:\/\/veritasinfo.org\/?p=45294#primaryimage\",\"url\":\"https:\/\/veritasinfo.org\/wp-content\/uploads\/2026\/04\/IMG-20260427-WA0007.jpg\",\"contentUrl\":\"https:\/\/veritasinfo.org\/wp-content\/uploads\/2026\/04\/IMG-20260427-WA0007.jpg\",\"width\":1280,\"height\":960},{\"@type\":\"BreadcrumbList\",\"@id\":\"https:\/\/veritasinfo.org\/?p=45294#breadcrumb\",\"itemListElement\":[{\"@type\":\"ListItem\",\"position\":1,\"name\":\"Home\",\"item\":\"https:\/\/veritasinfo.org\/\"},{\"@type\":\"ListItem\",\"position\":2,\"name\":\"Policia e Kosov\u00ebs forcon kapacitetet operacionale me certifikimin e 44 zyrtar\u00ebve t\u00eb rinj n\u00eb Nj\u00ebsin\u00eb p\u00ebr Reagim t\u00eb Shpejt\u00eb\"}]},{\"@type\":\"WebSite\",\"@id\":\"https:\/\/veritasinfo.org\/#website\",\"url\":\"https:\/\/veritasinfo.org\/\",\"name\":\"\",\"description\":\"\",\"potentialAction\":[{\"@type\":\"SearchAction\",\"target\":{\"@type\":\"EntryPoint\",\"urlTemplate\":\"https:\/\/veritasinfo.org\/?s={search_term_string}\"},\"query-input\":{\"@type\":\"PropertyValueSpecification\",\"valueRequired\":true,\"valueName\":\"search_term_string\"}}],\"inLanguage\":\"en-US\"},{\"@type\":\"Person\",\"@id\":\"https:\/\/veritasinfo.org\/#\/schema\/person\/bc442336e35414d04494ab8fb45db4c6\",\"name\":\"US5\",\"image\":{\"@type\":\"ImageObject\",\"inLanguage\":\"en-US\",\"@id\":\"https:\/\/veritasinfo.org\/#\/schema\/person\/image\/\",\"url\":\"https:\/\/secure.gravatar.com\/avatar\/16a61e7272a0c5d001121ebb9e60e925d5816e4ac1e443ed3e640d9a6ae55d0c?s=96&d=mm&r=g\",\"contentUrl\":\"https:\/\/secure.gravatar.com\/avatar\/16a61e7272a0c5d001121ebb9e60e925d5816e4ac1e443ed3e640d9a6ae55d0c?s=96&d=mm&r=g\",\"caption\":\"US5\"},\"url\":\"https:\/\/veritasinfo.org\/?author=6\"}]}<\/script>\n<!-- \/ Yoast SEO plugin. -->","yoast_head_json":{"title":"Policia e Kosov\u00ebs forcon kapacitetet operacionale me certifikimin e 44 zyrtar\u00ebve t\u00eb rinj n\u00eb Nj\u00ebsin\u00eb p\u00ebr Reagim t\u00eb Shpejt\u00eb -","robots":{"index":"index","follow":"follow","max-snippet":"max-snippet:-1","max-image-preview":"max-image-preview:large","max-video-preview":"max-video-preview:-1"},"canonical":"https:\/\/veritasinfo.org\/?p=45294","og_locale":"en_US","og_type":"article","og_title":"Policia e Kosov\u00ebs forcon kapacitetet operacionale me certifikimin e 44 zyrtar\u00ebve t\u00eb rinj n\u00eb Nj\u00ebsin\u00eb p\u00ebr Reagim t\u00eb Shpejt\u00eb -","og_description":"Prishtin\u00eb, 27 prill 2026 17:16 Policia e Kosov\u00ebs ka d\u00ebshmuar edhe nj\u00eb her\u00eb p\u00ebrkushtimin e saj t\u00eb vazhduesh\u00ebm n\u00eb ngritjen e standardeve profesionale dhe forcimin","og_url":"https:\/\/veritasinfo.org\/?p=45294","article_published_time":"2026-04-27T15:17:07+00:00","article_modified_time":"2026-04-27T15:19:21+00:00","og_image":[{"width":1280,"height":960,"url":"https:\/\/veritasinfo.org\/wp-content\/uploads\/2026\/04\/IMG-20260427-WA0007.jpg","type":"image\/jpeg"}],"author":"US5","twitter_card":"summary_large_image","twitter_misc":{"Written by":"US5","Est. reading time":"2 minutes"},"schema":{"@context":"https:\/\/schema.org","@graph":[{"@type":"WebPage","@id":"https:\/\/veritasinfo.org\/?p=45294","url":"https:\/\/veritasinfo.org\/?p=45294","name":"Policia e Kosov\u00ebs forcon kapacitetet operacionale me certifikimin e 44 zyrtar\u00ebve t\u00eb rinj n\u00eb Nj\u00ebsin\u00eb p\u00ebr Reagim t\u00eb Shpejt\u00eb -","isPartOf":{"@id":"https:\/\/veritasinfo.org\/#website"},"primaryImageOfPage":{"@id":"https:\/\/veritasinfo.org\/?p=45294#primaryimage"},"image":{"@id":"https:\/\/veritasinfo.org\/?p=45294#primaryimage"},"thumbnailUrl":"https:\/\/veritasinfo.org\/wp-content\/uploads\/2026\/04\/IMG-20260427-WA0007.jpg","datePublished":"2026-04-27T15:17:07+00:00","dateModified":"2026-04-27T15:19:21+00:00","author":{"@id":"https:\/\/veritasinfo.org\/#\/schema\/person\/bc442336e35414d04494ab8fb45db4c6"},"breadcrumb":{"@id":"https:\/\/veritasinfo.org\/?p=45294#breadcrumb"},"inLanguage":"en-US","potentialAction":[{"@type":"ReadAction","target":["https:\/\/veritasinfo.org\/?p=45294"]}]},{"@type":"ImageObject","inLanguage":"en-US","@id":"https:\/\/veritasinfo.org\/?p=45294#primaryimage","url":"https:\/\/veritasinfo.org\/wp-content\/uploads\/2026\/04\/IMG-20260427-WA0007.jpg","contentUrl":"https:\/\/veritasinfo.org\/wp-content\/uploads\/2026\/04\/IMG-20260427-WA0007.jpg","width":1280,"height":960},{"@type":"BreadcrumbList","@id":"https:\/\/veritasinfo.org\/?p=45294#breadcrumb","itemListElement":[{"@type":"ListItem","position":1,"name":"Home","item":"https:\/\/veritasinfo.org\/"},{"@type":"ListItem","position":2,"name":"Policia e Kosov\u00ebs forcon kapacitetet operacionale me certifikimin e 44 zyrtar\u00ebve t\u00eb rinj n\u00eb Nj\u00ebsin\u00eb p\u00ebr Reagim t\u00eb Shpejt\u00eb"}]},{"@type":"WebSite","@id":"https:\/\/veritasinfo.org\/#website","url":"https:\/\/veritasinfo.org\/","name":"","description":"","potentialAction":[{"@type":"SearchAction","target":{"@type":"EntryPoint","urlTemplate":"https:\/\/veritasinfo.org\/?s={search_term_string}"},"query-input":{"@type":"PropertyValueSpecification","valueRequired":true,"valueName":"search_term_string"}}],"inLanguage":"en-US"},{"@type":"Person","@id":"https:\/\/veritasinfo.org\/#\/schema\/person\/bc442336e35414d04494ab8fb45db4c6","name":"US5","image":{"@type":"ImageObject","inLanguage":"en-US","@id":"https:\/\/veritasinfo.org\/#\/schema\/person\/image\/","url":"https:\/\/secure.gravatar.com\/avatar\/16a61e7272a0c5d001121ebb9e60e925d5816e4ac1e443ed3e640d9a6ae55d0c?s=96&d=mm&r=g","contentUrl":"https:\/\/secure.gravatar.com\/avatar\/16a61e7272a0c5d001121ebb9e60e925d5816e4ac1e443ed3e640d9a6ae55d0c?s=96&d=mm&r=g","caption":"US5"},"url":"https:\/\/veritasinfo.org\/?author=6"}]}},"featured_image_urls":{"full":["https:\/\/veritasinfo.org\/wp-content\/uploads\/2026\/04\/IMG-20260427-WA0007.jpg",1280,960,false],"thumbnail":["https:\/\/veritasinfo.org\/wp-content\/uploads\/2026\/04\/IMG-20260427-WA0007-150x150.jpg",150,150,true],"medium":["https:\/\/veritasinfo.org\/wp-content\/uploads\/2026\/04\/IMG-20260427-WA0007-300x225.jpg",300,225,true],"medium_large":["https:\/\/veritasinfo.org\/wp-content\/uploads\/2026\/04\/IMG-20260427-WA0007-768x576.jpg",640,480,true],"large":["https:\/\/veritasinfo.org\/wp-content\/uploads\/2026\/04\/IMG-20260427-WA0007-1024x768.jpg",640,480,true],"1536x1536":["https:\/\/veritasinfo.org\/wp-content\/uploads\/2026\/04\/IMG-20260427-WA0007.jpg",1280,960,false],"2048x2048":["https:\/\/veritasinfo.org\/wp-content\/uploads\/2026\/04\/IMG-20260427-WA0007.jpg",1280,960,false],"kreeti-slider-full":["https:\/\/veritasinfo.org\/wp-content\/uploads\/2026\/04\/IMG-20260427-WA0007-1280x720.jpg",1280,720,true],"kreeti-featured":["https:\/\/veritasinfo.org\/wp-content\/uploads\/2026\/04\/IMG-20260427-WA0007-1024x768.jpg",1024,768,true],"kreeti-medium":["https:\/\/veritasinfo.org\/wp-content\/uploads\/2026\/04\/IMG-20260427-WA0007-720x530.jpg",720,530,true],"kreeti-medium-square":["https:\/\/veritasinfo.org\/wp-content\/uploads\/2026\/04\/IMG-20260427-WA0007-350x350.jpg",350,350,true]},"author_info":{"info":["US5"]},"category_info":"<a href=\"https:\/\/veritasinfo.org\/?cat=109\" rel=\"category\">Siguri<\/a>","tag_info":"Siguri","comment_count":"0","_links":{"self":[{"href":"https:\/\/veritasinfo.org\/index.php?rest_route=\/wp\/v2\/posts\/45294","targetHints":{"allow":["GET"]}}],"collection":[{"href":"https:\/\/veritasinfo.org\/index.php?rest_route=\/wp\/v2\/posts"}],"about":[{"href":"https:\/\/veritasinfo.org\/index.php?rest_route=\/wp\/v2\/types\/post"}],"author":[{"embeddable":true,"href":"https:\/\/veritasinfo.org\/index.php?rest_route=\/wp\/v2\/users\/6"}],"replies":[{"embeddable":true,"href":"https:\/\/veritasinfo.org\/index.php?rest_route=%2Fwp%2Fv2%2Fcomments&post=45294"}],"version-history":[{"count":1,"href":"https:\/\/veritasinfo.org\/index.php?rest_route=\/wp\/v2\/posts\/45294\/revisions"}],"predecessor-version":[{"id":45296,"href":"https:\/\/veritasinfo.org\/index.php?rest_route=\/wp\/v2\/posts\/45294\/revisions\/45296"}],"wp:featuredmedia":[{"embeddable":true,"href":"https:\/\/veritasinfo.org\/index.php?rest_route=\/wp\/v2\/media\/45295"}],"wp:attachment":[{"href":"https:\/\/veritasinfo.org\/index.php?rest_route=%2Fwp%2Fv2%2Fmedia&parent=45294"}],"wp:term":[{"taxonomy":"category","embeddable":true,"href":"https:\/\/veritasinfo.org\/index.php?rest_route=%2Fwp%2Fv2%2Fcategories&post=45294"},{"taxonomy":"post_tag","embeddable":true,"href":"https:\/\/veritasinfo.org\/index.php?rest_route=%2Fwp%2Fv2%2Ftags&post=45294"}],"curies":[{"name":"wp","href":"https:\/\/api.w.org\/{rel}","templated":true}]}}