{"id":45285,"date":"2026-04-27T15:33:44","date_gmt":"2026-04-27T13:33:44","guid":{"rendered":"https:\/\/veritasinfo.org\/?p=45285"},"modified":"2026-04-27T15:33:44","modified_gmt":"2026-04-27T13:33:44","slug":"svecla-pas-denimit-te-gjukanoviqit-institucionet-do-te-vazhdojne-pa-kompromis-luften-kunder-spiunazhit","status":"publish","type":"post","link":"https:\/\/veritasinfo.org\/?p=45285","title":{"rendered":"Sve\u00e7la pas d\u00ebnimit t\u00eb Gjukanoviqit: Institucionet do t\u00eb vazhdojn\u00eb pa kompromis luft\u00ebn kund\u00ebr spiunazhit"},"content":{"rendered":"<p>Prishtin\u00eb 27 Prill 2026 15:33<\/p>\n<p>Share Button Gazeta BlicMinistri i Pun\u00ebve t\u00eb Brendshme, Xhelal Sve\u00e7la, ka reaguar pas vendimit t\u00eb Gjykat\u00ebs Themelore n\u00eb Prishtin\u00eb, e cila e ka d\u00ebnuar me 6 vjet burgim ish-zyrtaren e OSBE-s\u00eb, Jelena Gjukanoviq, p\u00ebr vepr\u00ebn penale t\u00eb spiunazhit.N\u00eb reagimin e tij, Sve\u00e7la tha se institucionet e siguris\u00eb s\u00eb Kosov\u00ebs jan\u00eb angazhuar fuqish\u00ebm n\u00eb zbulimin dhe parandalimin e aktiviteteve t\u00eb spiunazhit q\u00eb, sipas tij, kan\u00eb rrezikuar drejtp\u00ebrdrejt sigurin\u00eb komb\u00ebtare dhe rendin kushtetues t\u00eb vendit.Ai theksoi se Gjukanoviq ka nxjerr\u00eb dhe shp\u00ebrndar\u00eb dokumente t\u00eb brendshme dhe t\u00eb ndjeshme t\u00eb institucioneve t\u00eb Kosov\u00ebs te akter\u00eb t\u00eb ndrysh\u00ebm n\u00eb Serbi.Sve\u00e7la shtoi se institucionet e siguris\u00eb do t\u00eb vazhdojn\u00eb pa kompromis luft\u00ebn kund\u00ebr k\u00ebtyre veprimtarive, duke k\u00ebrkuar nj\u00ebkoh\u00ebsisht m\u00eb shum\u00eb vendosm\u00ebri n\u00eb vendimmarrje dhe nd\u00ebshkueshm\u00ebri, n\u00eb p\u00ebrputhje me pesh\u00ebn dhe pasojat q\u00eb, sipas tij, k\u00ebto vepra kan\u00eb p\u00ebr shtetin.<br \/>\n\u201cAskush nuk \u00ebsht\u00eb mbi ligjin dhe asnj\u00eb veprim q\u00eb cenon sigurin\u00eb dhe rendin kushtetues t\u00eb Republik\u00ebs s\u00eb Kosov\u00ebs nuk do t\u00eb tolerohet\u201d, u shpreh Sve\u00e7la.<\/p>\n","protected":false},"excerpt":{"rendered":"<p>Prishtin\u00eb 27 Prill 2026 15:33 Share Button Gazeta BlicMinistri i Pun\u00ebve t\u00eb Brendshme, Xhelal Sve\u00e7la, ka reaguar pas vendimit t\u00eb Gjykat\u00ebs Themelore n\u00eb Prishtin\u00eb, e<\/p>\n","protected":false},"author":6,"featured_media":45286,"comment_status":"open","ping_status":"open","sticky":false,"template":"","format":"standard","meta":{"footnotes":""},"categories":[60],"tags":[],"class_list":["post-45285","post","type-post","status-publish","format-standard","has-post-thumbnail","hentry","category-shoqerore-sq"],"yoast_head":"<!-- This site is optimized with the Yoast SEO plugin v25.3.1 - https:\/\/yoast.com\/wordpress\/plugins\/seo\/ -->\n<title>Sve\u00e7la pas d\u00ebnimit t\u00eb Gjukanoviqit: Institucionet do t\u00eb vazhdojn\u00eb pa kompromis luft\u00ebn kund\u00ebr spiunazhit -<\/title>\n<meta name=\"robots\" content=\"index, follow, max-snippet:-1, max-image-preview:large, max-video-preview:-1\" \/>\n<link rel=\"canonical\" href=\"https:\/\/veritasinfo.org\/?p=45285\" \/>\n<meta property=\"og:locale\" content=\"en_US\" \/>\n<meta property=\"og:type\" content=\"article\" \/>\n<meta property=\"og:title\" content=\"Sve\u00e7la pas d\u00ebnimit t\u00eb Gjukanoviqit: Institucionet do t\u00eb vazhdojn\u00eb pa kompromis luft\u00ebn kund\u00ebr spiunazhit -\" \/>\n<meta property=\"og:description\" content=\"Prishtin\u00eb 27 Prill 2026 15:33 Share Button Gazeta BlicMinistri i Pun\u00ebve t\u00eb Brendshme, Xhelal Sve\u00e7la, ka reaguar pas vendimit t\u00eb Gjykat\u00ebs Themelore n\u00eb Prishtin\u00eb, e\" \/>\n<meta property=\"og:url\" content=\"https:\/\/veritasinfo.org\/?p=45285\" \/>\n<meta property=\"article:published_time\" content=\"2026-04-27T13:33:44+00:00\" \/>\n<meta property=\"og:image\" content=\"https:\/\/veritasinfo.org\/wp-content\/uploads\/2026\/04\/Svecla-2.jpg\" \/>\n\t<meta property=\"og:image:width\" content=\"696\" \/>\n\t<meta property=\"og:image:height\" content=\"464\" \/>\n\t<meta property=\"og:image:type\" content=\"image\/jpeg\" \/>\n<meta name=\"author\" content=\"US5\" \/>\n<meta name=\"twitter:card\" content=\"summary_large_image\" \/>\n<meta name=\"twitter:label1\" content=\"Written by\" \/>\n\t<meta name=\"twitter:data1\" content=\"US5\" \/>\n<script type=\"application\/ld+json\" class=\"yoast-schema-graph\">{\"@context\":\"https:\/\/schema.org\",\"@graph\":[{\"@type\":\"WebPage\",\"@id\":\"https:\/\/veritasinfo.org\/?p=45285\",\"url\":\"https:\/\/veritasinfo.org\/?p=45285\",\"name\":\"Sve\u00e7la pas d\u00ebnimit t\u00eb Gjukanoviqit: Institucionet do t\u00eb vazhdojn\u00eb pa kompromis luft\u00ebn kund\u00ebr spiunazhit -\",\"isPartOf\":{\"@id\":\"https:\/\/veritasinfo.org\/#website\"},\"primaryImageOfPage\":{\"@id\":\"https:\/\/veritasinfo.org\/?p=45285#primaryimage\"},\"image\":{\"@id\":\"https:\/\/veritasinfo.org\/?p=45285#primaryimage\"},\"thumbnailUrl\":\"https:\/\/veritasinfo.org\/wp-content\/uploads\/2026\/04\/Svecla-2.jpg\",\"datePublished\":\"2026-04-27T13:33:44+00:00\",\"author\":{\"@id\":\"https:\/\/veritasinfo.org\/#\/schema\/person\/bc442336e35414d04494ab8fb45db4c6\"},\"breadcrumb\":{\"@id\":\"https:\/\/veritasinfo.org\/?p=45285#breadcrumb\"},\"inLanguage\":\"en-US\",\"potentialAction\":[{\"@type\":\"ReadAction\",\"target\":[\"https:\/\/veritasinfo.org\/?p=45285\"]}]},{\"@type\":\"ImageObject\",\"inLanguage\":\"en-US\",\"@id\":\"https:\/\/veritasinfo.org\/?p=45285#primaryimage\",\"url\":\"https:\/\/veritasinfo.org\/wp-content\/uploads\/2026\/04\/Svecla-2.jpg\",\"contentUrl\":\"https:\/\/veritasinfo.org\/wp-content\/uploads\/2026\/04\/Svecla-2.jpg\",\"width\":696,\"height\":464},{\"@type\":\"BreadcrumbList\",\"@id\":\"https:\/\/veritasinfo.org\/?p=45285#breadcrumb\",\"itemListElement\":[{\"@type\":\"ListItem\",\"position\":1,\"name\":\"Home\",\"item\":\"https:\/\/veritasinfo.org\/\"},{\"@type\":\"ListItem\",\"position\":2,\"name\":\"Sve\u00e7la pas d\u00ebnimit t\u00eb Gjukanoviqit: Institucionet do t\u00eb vazhdojn\u00eb pa kompromis luft\u00ebn kund\u00ebr spiunazhit\"}]},{\"@type\":\"WebSite\",\"@id\":\"https:\/\/veritasinfo.org\/#website\",\"url\":\"https:\/\/veritasinfo.org\/\",\"name\":\"\",\"description\":\"\",\"potentialAction\":[{\"@type\":\"SearchAction\",\"target\":{\"@type\":\"EntryPoint\",\"urlTemplate\":\"https:\/\/veritasinfo.org\/?s={search_term_string}\"},\"query-input\":{\"@type\":\"PropertyValueSpecification\",\"valueRequired\":true,\"valueName\":\"search_term_string\"}}],\"inLanguage\":\"en-US\"},{\"@type\":\"Person\",\"@id\":\"https:\/\/veritasinfo.org\/#\/schema\/person\/bc442336e35414d04494ab8fb45db4c6\",\"name\":\"US5\",\"image\":{\"@type\":\"ImageObject\",\"inLanguage\":\"en-US\",\"@id\":\"https:\/\/veritasinfo.org\/#\/schema\/person\/image\/\",\"url\":\"https:\/\/secure.gravatar.com\/avatar\/16a61e7272a0c5d001121ebb9e60e925d5816e4ac1e443ed3e640d9a6ae55d0c?s=96&d=mm&r=g\",\"contentUrl\":\"https:\/\/secure.gravatar.com\/avatar\/16a61e7272a0c5d001121ebb9e60e925d5816e4ac1e443ed3e640d9a6ae55d0c?s=96&d=mm&r=g\",\"caption\":\"US5\"},\"url\":\"https:\/\/veritasinfo.org\/?author=6\"}]}<\/script>\n<!-- \/ Yoast SEO plugin. -->","yoast_head_json":{"title":"Sve\u00e7la pas d\u00ebnimit t\u00eb Gjukanoviqit: Institucionet do t\u00eb vazhdojn\u00eb pa kompromis luft\u00ebn kund\u00ebr spiunazhit -","robots":{"index":"index","follow":"follow","max-snippet":"max-snippet:-1","max-image-preview":"max-image-preview:large","max-video-preview":"max-video-preview:-1"},"canonical":"https:\/\/veritasinfo.org\/?p=45285","og_locale":"en_US","og_type":"article","og_title":"Sve\u00e7la pas d\u00ebnimit t\u00eb Gjukanoviqit: Institucionet do t\u00eb vazhdojn\u00eb pa kompromis luft\u00ebn kund\u00ebr spiunazhit -","og_description":"Prishtin\u00eb 27 Prill 2026 15:33 Share Button Gazeta BlicMinistri i Pun\u00ebve t\u00eb Brendshme, Xhelal Sve\u00e7la, ka reaguar pas vendimit t\u00eb Gjykat\u00ebs Themelore n\u00eb Prishtin\u00eb, e","og_url":"https:\/\/veritasinfo.org\/?p=45285","article_published_time":"2026-04-27T13:33:44+00:00","og_image":[{"width":696,"height":464,"url":"https:\/\/veritasinfo.org\/wp-content\/uploads\/2026\/04\/Svecla-2.jpg","type":"image\/jpeg"}],"author":"US5","twitter_card":"summary_large_image","twitter_misc":{"Written by":"US5"},"schema":{"@context":"https:\/\/schema.org","@graph":[{"@type":"WebPage","@id":"https:\/\/veritasinfo.org\/?p=45285","url":"https:\/\/veritasinfo.org\/?p=45285","name":"Sve\u00e7la pas d\u00ebnimit t\u00eb Gjukanoviqit: Institucionet do t\u00eb vazhdojn\u00eb pa kompromis luft\u00ebn kund\u00ebr spiunazhit -","isPartOf":{"@id":"https:\/\/veritasinfo.org\/#website"},"primaryImageOfPage":{"@id":"https:\/\/veritasinfo.org\/?p=45285#primaryimage"},"image":{"@id":"https:\/\/veritasinfo.org\/?p=45285#primaryimage"},"thumbnailUrl":"https:\/\/veritasinfo.org\/wp-content\/uploads\/2026\/04\/Svecla-2.jpg","datePublished":"2026-04-27T13:33:44+00:00","author":{"@id":"https:\/\/veritasinfo.org\/#\/schema\/person\/bc442336e35414d04494ab8fb45db4c6"},"breadcrumb":{"@id":"https:\/\/veritasinfo.org\/?p=45285#breadcrumb"},"inLanguage":"en-US","potentialAction":[{"@type":"ReadAction","target":["https:\/\/veritasinfo.org\/?p=45285"]}]},{"@type":"ImageObject","inLanguage":"en-US","@id":"https:\/\/veritasinfo.org\/?p=45285#primaryimage","url":"https:\/\/veritasinfo.org\/wp-content\/uploads\/2026\/04\/Svecla-2.jpg","contentUrl":"https:\/\/veritasinfo.org\/wp-content\/uploads\/2026\/04\/Svecla-2.jpg","width":696,"height":464},{"@type":"BreadcrumbList","@id":"https:\/\/veritasinfo.org\/?p=45285#breadcrumb","itemListElement":[{"@type":"ListItem","position":1,"name":"Home","item":"https:\/\/veritasinfo.org\/"},{"@type":"ListItem","position":2,"name":"Sve\u00e7la pas d\u00ebnimit t\u00eb Gjukanoviqit: Institucionet do t\u00eb vazhdojn\u00eb pa kompromis luft\u00ebn kund\u00ebr spiunazhit"}]},{"@type":"WebSite","@id":"https:\/\/veritasinfo.org\/#website","url":"https:\/\/veritasinfo.org\/","name":"","description":"","potentialAction":[{"@type":"SearchAction","target":{"@type":"EntryPoint","urlTemplate":"https:\/\/veritasinfo.org\/?s={search_term_string}"},"query-input":{"@type":"PropertyValueSpecification","valueRequired":true,"valueName":"search_term_string"}}],"inLanguage":"en-US"},{"@type":"Person","@id":"https:\/\/veritasinfo.org\/#\/schema\/person\/bc442336e35414d04494ab8fb45db4c6","name":"US5","image":{"@type":"ImageObject","inLanguage":"en-US","@id":"https:\/\/veritasinfo.org\/#\/schema\/person\/image\/","url":"https:\/\/secure.gravatar.com\/avatar\/16a61e7272a0c5d001121ebb9e60e925d5816e4ac1e443ed3e640d9a6ae55d0c?s=96&d=mm&r=g","contentUrl":"https:\/\/secure.gravatar.com\/avatar\/16a61e7272a0c5d001121ebb9e60e925d5816e4ac1e443ed3e640d9a6ae55d0c?s=96&d=mm&r=g","caption":"US5"},"url":"https:\/\/veritasinfo.org\/?author=6"}]}},"featured_image_urls":{"full":["https:\/\/veritasinfo.org\/wp-content\/uploads\/2026\/04\/Svecla-2.jpg",696,464,false],"thumbnail":["https:\/\/veritasinfo.org\/wp-content\/uploads\/2026\/04\/Svecla-2-150x150.jpg",150,150,true],"medium":["https:\/\/veritasinfo.org\/wp-content\/uploads\/2026\/04\/Svecla-2-300x200.jpg",300,200,true],"medium_large":["https:\/\/veritasinfo.org\/wp-content\/uploads\/2026\/04\/Svecla-2.jpg",640,427,false],"large":["https:\/\/veritasinfo.org\/wp-content\/uploads\/2026\/04\/Svecla-2.jpg",640,427,false],"1536x1536":["https:\/\/veritasinfo.org\/wp-content\/uploads\/2026\/04\/Svecla-2.jpg",696,464,false],"2048x2048":["https:\/\/veritasinfo.org\/wp-content\/uploads\/2026\/04\/Svecla-2.jpg",696,464,false],"kreeti-slider-full":["https:\/\/veritasinfo.org\/wp-content\/uploads\/2026\/04\/Svecla-2.jpg",696,464,false],"kreeti-featured":["https:\/\/veritasinfo.org\/wp-content\/uploads\/2026\/04\/Svecla-2.jpg",696,464,false],"kreeti-medium":["https:\/\/veritasinfo.org\/wp-content\/uploads\/2026\/04\/Svecla-2.jpg",696,464,false],"kreeti-medium-square":["https:\/\/veritasinfo.org\/wp-content\/uploads\/2026\/04\/Svecla-2-350x350.jpg",350,350,true]},"author_info":{"info":["US5"]},"category_info":"<a href=\"https:\/\/veritasinfo.org\/?cat=60\" rel=\"category\">Shoq\u00ebrore<\/a>","tag_info":"Shoq\u00ebrore","comment_count":"0","_links":{"self":[{"href":"https:\/\/veritasinfo.org\/index.php?rest_route=\/wp\/v2\/posts\/45285","targetHints":{"allow":["GET"]}}],"collection":[{"href":"https:\/\/veritasinfo.org\/index.php?rest_route=\/wp\/v2\/posts"}],"about":[{"href":"https:\/\/veritasinfo.org\/index.php?rest_route=\/wp\/v2\/types\/post"}],"author":[{"embeddable":true,"href":"https:\/\/veritasinfo.org\/index.php?rest_route=\/wp\/v2\/users\/6"}],"replies":[{"embeddable":true,"href":"https:\/\/veritasinfo.org\/index.php?rest_route=%2Fwp%2Fv2%2Fcomments&post=45285"}],"version-history":[{"count":1,"href":"https:\/\/veritasinfo.org\/index.php?rest_route=\/wp\/v2\/posts\/45285\/revisions"}],"predecessor-version":[{"id":45287,"href":"https:\/\/veritasinfo.org\/index.php?rest_route=\/wp\/v2\/posts\/45285\/revisions\/45287"}],"wp:featuredmedia":[{"embeddable":true,"href":"https:\/\/veritasinfo.org\/index.php?rest_route=\/wp\/v2\/media\/45286"}],"wp:attachment":[{"href":"https:\/\/veritasinfo.org\/index.php?rest_route=%2Fwp%2Fv2%2Fmedia&parent=45285"}],"wp:term":[{"taxonomy":"category","embeddable":true,"href":"https:\/\/veritasinfo.org\/index.php?rest_route=%2Fwp%2Fv2%2Fcategories&post=45285"},{"taxonomy":"post_tag","embeddable":true,"href":"https:\/\/veritasinfo.org\/index.php?rest_route=%2Fwp%2Fv2%2Ftags&post=45285"}],"curies":[{"name":"wp","href":"https:\/\/api.w.org\/{rel}","templated":true}]}}