{"id":45277,"date":"2026-04-27T14:35:40","date_gmt":"2026-04-27T12:35:40","guid":{"rendered":"https:\/\/veritasinfo.org\/?p=45277"},"modified":"2026-04-27T14:37:23","modified_gmt":"2026-04-27T12:37:23","slug":"odobren-sporazum-o-slobodnoj-trgovini-izmedju-kosova-i-zemalja-efta-e","status":"publish","type":"post","link":"https:\/\/veritasinfo.org\/?p=45277&lang=sr","title":{"rendered":"Odobren sporazum o slobodnoj trgovini izme\u0111u Kosova i zemalja EFTA"},"content":{"rendered":"<p>Pri\u0161tina, 27. april 2026. 14:29<\/p>\n<p>Sa 89 glasova za, bez glasova protiv i bez uzdr\u017eanih, sporazum o slobodnoj trgovini izme\u0111u Kosova i zemalja EFTA je odobren.<\/p>\n<p>Ministarka industrije, trgovine i preduzetni\u0161tva, Mimoza Kusari-Lila, predstavila je prednosti ovog sporazuma.<\/p>\n<p>\u201eOvaj sporazum proizilazi iz potpisivanja zajedni\u010dke deklaracije o saradnji izme\u0111u Republike Kosovo i dr\u017eava EFTA krajem 2018. godine u \u017denevi, koja je u \u010dlanu \u010detiri otvorila put za potpisivanje sporazuma o slobodnoj trgovini sa EFTA 22. januara 2024. godine na Me\u0111unarodnoj konferenciji u Davosu u \u0160vajcarskoj. Sporazum o slobodnoj trgovini predstavlja va\u017ean instrument trgovinske politike Kosova i doprinosi produbljivanju ekonomske integracije sa tr\u017ei\u0161tima evropskih zemalja sa visokom kupovnom moc\u0301i, kao i naprednim regulatornim standardima. Ovaj sporazum obuhvata razli\u010dite oblasti u kojima su se strane slo\u017eile da prodube saradnju u progresivnoj liberalizaciji trgovine robom kroz ukidanje carinskih tarifa za vec\u0301inu industrijskih proizvoda, pobolj\u0161anje pristupa tr\u017ei\u0161tu za odre\u0111ene poljoprivredne proizvode, prava intelektualne svojine, uspostavljanje jasnih pravila o poreklu robe i povec\u0301anje pravne sigurnosti za ekonomske operatere. Jo\u0161 jedna komponenta od posebnog zna\u010daja je uklju\u010divanje trgovine uslugama, gde \u201eOvaj sporazum tako\u0111e obuhvata profesionalne usluge, finansijske usluge, transportne usluge, informacione tehnologije i turisti\u010dke usluge\u201c, rekla je ona.<\/p>\n","protected":false},"excerpt":{"rendered":"<p>Pri\u0161tina, 27. april 2026. 14:29 Sa 89 glasova za, bez glasova protiv i bez uzdr\u017eanih, sporazum o slobodnoj trgovini izme\u0111u Kosova i zemalja EFTA je<\/p>\n","protected":false},"author":6,"featured_media":45278,"comment_status":"open","ping_status":"open","sticky":false,"template":"","format":"standard","meta":{"footnotes":""},"categories":[30],"tags":[],"class_list":["post-45277","post","type-post","status-publish","format-standard","has-post-thumbnail","hentry","category-drustvo"],"yoast_head":"<!-- This site is optimized with the Yoast SEO plugin v25.3.1 - https:\/\/yoast.com\/wordpress\/plugins\/seo\/ -->\n<title>Odobren sporazum o slobodnoj trgovini izme\u0111u Kosova i zemalja EFTA -<\/title>\n<meta name=\"robots\" content=\"index, follow, max-snippet:-1, max-image-preview:large, max-video-preview:-1\" \/>\n<link rel=\"canonical\" href=\"https:\/\/veritasinfo.org\/?p=45277&lang=sr\" \/>\n<meta property=\"og:locale\" content=\"en_US\" \/>\n<meta property=\"og:type\" content=\"article\" \/>\n<meta property=\"og:title\" content=\"Odobren sporazum o slobodnoj trgovini izme\u0111u Kosova i zemalja EFTA -\" \/>\n<meta property=\"og:description\" content=\"Pri\u0161tina, 27. april 2026. 14:29 Sa 89 glasova za, bez glasova protiv i bez uzdr\u017eanih, sporazum o slobodnoj trgovini izme\u0111u Kosova i zemalja EFTA je\" \/>\n<meta property=\"og:url\" content=\"https:\/\/veritasinfo.org\/?p=45277&amp;lang=sr\" \/>\n<meta property=\"article:published_time\" content=\"2026-04-27T12:35:40+00:00\" \/>\n<meta property=\"article:modified_time\" content=\"2026-04-27T12:37:23+00:00\" \/>\n<meta property=\"og:image\" content=\"https:\/\/veritasinfo.org\/wp-content\/uploads\/2026\/04\/676929434_4364886063748151_3353160312814849172_n-1333x1000-1-1.jpg\" \/>\n\t<meta property=\"og:image:width\" content=\"1333\" \/>\n\t<meta property=\"og:image:height\" content=\"1000\" \/>\n\t<meta property=\"og:image:type\" content=\"image\/jpeg\" \/>\n<meta name=\"author\" content=\"US5\" \/>\n<meta name=\"twitter:card\" content=\"summary_large_image\" \/>\n<meta name=\"twitter:label1\" content=\"Written by\" \/>\n\t<meta name=\"twitter:data1\" content=\"US5\" \/>\n\t<meta name=\"twitter:label2\" content=\"Est. reading time\" \/>\n\t<meta name=\"twitter:data2\" content=\"2 minutes\" \/>\n<script type=\"application\/ld+json\" class=\"yoast-schema-graph\">{\"@context\":\"https:\/\/schema.org\",\"@graph\":[{\"@type\":\"WebPage\",\"@id\":\"https:\/\/veritasinfo.org\/?p=45277&lang=sr\",\"url\":\"https:\/\/veritasinfo.org\/?p=45277&lang=sr\",\"name\":\"Odobren sporazum o slobodnoj trgovini izme\u0111u Kosova i zemalja EFTA -\",\"isPartOf\":{\"@id\":\"https:\/\/veritasinfo.org\/#website\"},\"primaryImageOfPage\":{\"@id\":\"https:\/\/veritasinfo.org\/?p=45277&lang=sr#primaryimage\"},\"image\":{\"@id\":\"https:\/\/veritasinfo.org\/?p=45277&lang=sr#primaryimage\"},\"thumbnailUrl\":\"https:\/\/veritasinfo.org\/wp-content\/uploads\/2026\/04\/676929434_4364886063748151_3353160312814849172_n-1333x1000-1-1.jpg\",\"datePublished\":\"2026-04-27T12:35:40+00:00\",\"dateModified\":\"2026-04-27T12:37:23+00:00\",\"author\":{\"@id\":\"https:\/\/veritasinfo.org\/#\/schema\/person\/bc442336e35414d04494ab8fb45db4c6\"},\"breadcrumb\":{\"@id\":\"https:\/\/veritasinfo.org\/?p=45277&lang=sr#breadcrumb\"},\"inLanguage\":\"en-US\",\"potentialAction\":[{\"@type\":\"ReadAction\",\"target\":[\"https:\/\/veritasinfo.org\/?p=45277&lang=sr\"]}]},{\"@type\":\"ImageObject\",\"inLanguage\":\"en-US\",\"@id\":\"https:\/\/veritasinfo.org\/?p=45277&lang=sr#primaryimage\",\"url\":\"https:\/\/veritasinfo.org\/wp-content\/uploads\/2026\/04\/676929434_4364886063748151_3353160312814849172_n-1333x1000-1-1.jpg\",\"contentUrl\":\"https:\/\/veritasinfo.org\/wp-content\/uploads\/2026\/04\/676929434_4364886063748151_3353160312814849172_n-1333x1000-1-1.jpg\",\"width\":1333,\"height\":1000},{\"@type\":\"BreadcrumbList\",\"@id\":\"https:\/\/veritasinfo.org\/?p=45277&lang=sr#breadcrumb\",\"itemListElement\":[{\"@type\":\"ListItem\",\"position\":1,\"name\":\"Home\",\"item\":\"https:\/\/veritasinfo.org\/\"},{\"@type\":\"ListItem\",\"position\":2,\"name\":\"Odobren sporazum o slobodnoj trgovini izme\u0111u Kosova i zemalja EFTA\"}]},{\"@type\":\"WebSite\",\"@id\":\"https:\/\/veritasinfo.org\/#website\",\"url\":\"https:\/\/veritasinfo.org\/\",\"name\":\"\",\"description\":\"\",\"potentialAction\":[{\"@type\":\"SearchAction\",\"target\":{\"@type\":\"EntryPoint\",\"urlTemplate\":\"https:\/\/veritasinfo.org\/?s={search_term_string}\"},\"query-input\":{\"@type\":\"PropertyValueSpecification\",\"valueRequired\":true,\"valueName\":\"search_term_string\"}}],\"inLanguage\":\"en-US\"},{\"@type\":\"Person\",\"@id\":\"https:\/\/veritasinfo.org\/#\/schema\/person\/bc442336e35414d04494ab8fb45db4c6\",\"name\":\"US5\",\"image\":{\"@type\":\"ImageObject\",\"inLanguage\":\"en-US\",\"@id\":\"https:\/\/veritasinfo.org\/#\/schema\/person\/image\/\",\"url\":\"https:\/\/secure.gravatar.com\/avatar\/16a61e7272a0c5d001121ebb9e60e925d5816e4ac1e443ed3e640d9a6ae55d0c?s=96&d=mm&r=g\",\"contentUrl\":\"https:\/\/secure.gravatar.com\/avatar\/16a61e7272a0c5d001121ebb9e60e925d5816e4ac1e443ed3e640d9a6ae55d0c?s=96&d=mm&r=g\",\"caption\":\"US5\"},\"url\":\"https:\/\/veritasinfo.org\/?author=6\"}]}<\/script>\n<!-- \/ Yoast SEO plugin. -->","yoast_head_json":{"title":"Odobren sporazum o slobodnoj trgovini izme\u0111u Kosova i zemalja EFTA -","robots":{"index":"index","follow":"follow","max-snippet":"max-snippet:-1","max-image-preview":"max-image-preview:large","max-video-preview":"max-video-preview:-1"},"canonical":"https:\/\/veritasinfo.org\/?p=45277&lang=sr","og_locale":"en_US","og_type":"article","og_title":"Odobren sporazum o slobodnoj trgovini izme\u0111u Kosova i zemalja EFTA -","og_description":"Pri\u0161tina, 27. april 2026. 14:29 Sa 89 glasova za, bez glasova protiv i bez uzdr\u017eanih, sporazum o slobodnoj trgovini izme\u0111u Kosova i zemalja EFTA je","og_url":"https:\/\/veritasinfo.org\/?p=45277&lang=sr","article_published_time":"2026-04-27T12:35:40+00:00","article_modified_time":"2026-04-27T12:37:23+00:00","og_image":[{"width":1333,"height":1000,"url":"https:\/\/veritasinfo.org\/wp-content\/uploads\/2026\/04\/676929434_4364886063748151_3353160312814849172_n-1333x1000-1-1.jpg","type":"image\/jpeg"}],"author":"US5","twitter_card":"summary_large_image","twitter_misc":{"Written by":"US5","Est. reading time":"2 minutes"},"schema":{"@context":"https:\/\/schema.org","@graph":[{"@type":"WebPage","@id":"https:\/\/veritasinfo.org\/?p=45277&lang=sr","url":"https:\/\/veritasinfo.org\/?p=45277&lang=sr","name":"Odobren sporazum o slobodnoj trgovini izme\u0111u Kosova i zemalja EFTA -","isPartOf":{"@id":"https:\/\/veritasinfo.org\/#website"},"primaryImageOfPage":{"@id":"https:\/\/veritasinfo.org\/?p=45277&lang=sr#primaryimage"},"image":{"@id":"https:\/\/veritasinfo.org\/?p=45277&lang=sr#primaryimage"},"thumbnailUrl":"https:\/\/veritasinfo.org\/wp-content\/uploads\/2026\/04\/676929434_4364886063748151_3353160312814849172_n-1333x1000-1-1.jpg","datePublished":"2026-04-27T12:35:40+00:00","dateModified":"2026-04-27T12:37:23+00:00","author":{"@id":"https:\/\/veritasinfo.org\/#\/schema\/person\/bc442336e35414d04494ab8fb45db4c6"},"breadcrumb":{"@id":"https:\/\/veritasinfo.org\/?p=45277&lang=sr#breadcrumb"},"inLanguage":"en-US","potentialAction":[{"@type":"ReadAction","target":["https:\/\/veritasinfo.org\/?p=45277&lang=sr"]}]},{"@type":"ImageObject","inLanguage":"en-US","@id":"https:\/\/veritasinfo.org\/?p=45277&lang=sr#primaryimage","url":"https:\/\/veritasinfo.org\/wp-content\/uploads\/2026\/04\/676929434_4364886063748151_3353160312814849172_n-1333x1000-1-1.jpg","contentUrl":"https:\/\/veritasinfo.org\/wp-content\/uploads\/2026\/04\/676929434_4364886063748151_3353160312814849172_n-1333x1000-1-1.jpg","width":1333,"height":1000},{"@type":"BreadcrumbList","@id":"https:\/\/veritasinfo.org\/?p=45277&lang=sr#breadcrumb","itemListElement":[{"@type":"ListItem","position":1,"name":"Home","item":"https:\/\/veritasinfo.org\/"},{"@type":"ListItem","position":2,"name":"Odobren sporazum o slobodnoj trgovini izme\u0111u Kosova i zemalja EFTA"}]},{"@type":"WebSite","@id":"https:\/\/veritasinfo.org\/#website","url":"https:\/\/veritasinfo.org\/","name":"","description":"","potentialAction":[{"@type":"SearchAction","target":{"@type":"EntryPoint","urlTemplate":"https:\/\/veritasinfo.org\/?s={search_term_string}"},"query-input":{"@type":"PropertyValueSpecification","valueRequired":true,"valueName":"search_term_string"}}],"inLanguage":"en-US"},{"@type":"Person","@id":"https:\/\/veritasinfo.org\/#\/schema\/person\/bc442336e35414d04494ab8fb45db4c6","name":"US5","image":{"@type":"ImageObject","inLanguage":"en-US","@id":"https:\/\/veritasinfo.org\/#\/schema\/person\/image\/","url":"https:\/\/secure.gravatar.com\/avatar\/16a61e7272a0c5d001121ebb9e60e925d5816e4ac1e443ed3e640d9a6ae55d0c?s=96&d=mm&r=g","contentUrl":"https:\/\/secure.gravatar.com\/avatar\/16a61e7272a0c5d001121ebb9e60e925d5816e4ac1e443ed3e640d9a6ae55d0c?s=96&d=mm&r=g","caption":"US5"},"url":"https:\/\/veritasinfo.org\/?author=6"}]}},"featured_image_urls":{"full":["https:\/\/veritasinfo.org\/wp-content\/uploads\/2026\/04\/676929434_4364886063748151_3353160312814849172_n-1333x1000-1-1.jpg",1333,1000,false],"thumbnail":["https:\/\/veritasinfo.org\/wp-content\/uploads\/2026\/04\/676929434_4364886063748151_3353160312814849172_n-1333x1000-1-1-150x150.jpg",150,150,true],"medium":["https:\/\/veritasinfo.org\/wp-content\/uploads\/2026\/04\/676929434_4364886063748151_3353160312814849172_n-1333x1000-1-1-300x225.jpg",300,225,true],"medium_large":["https:\/\/veritasinfo.org\/wp-content\/uploads\/2026\/04\/676929434_4364886063748151_3353160312814849172_n-1333x1000-1-1-768x576.jpg",640,480,true],"large":["https:\/\/veritasinfo.org\/wp-content\/uploads\/2026\/04\/676929434_4364886063748151_3353160312814849172_n-1333x1000-1-1-1024x768.jpg",640,480,true],"1536x1536":["https:\/\/veritasinfo.org\/wp-content\/uploads\/2026\/04\/676929434_4364886063748151_3353160312814849172_n-1333x1000-1-1.jpg",1333,1000,false],"2048x2048":["https:\/\/veritasinfo.org\/wp-content\/uploads\/2026\/04\/676929434_4364886063748151_3353160312814849172_n-1333x1000-1-1.jpg",1333,1000,false],"kreeti-slider-full":["https:\/\/veritasinfo.org\/wp-content\/uploads\/2026\/04\/676929434_4364886063748151_3353160312814849172_n-1333x1000-1-1-1280x720.jpg",1280,720,true],"kreeti-featured":["https:\/\/veritasinfo.org\/wp-content\/uploads\/2026\/04\/676929434_4364886063748151_3353160312814849172_n-1333x1000-1-1-1024x768.jpg",1024,768,true],"kreeti-medium":["https:\/\/veritasinfo.org\/wp-content\/uploads\/2026\/04\/676929434_4364886063748151_3353160312814849172_n-1333x1000-1-1-720x530.jpg",720,530,true],"kreeti-medium-square":["https:\/\/veritasinfo.org\/wp-content\/uploads\/2026\/04\/676929434_4364886063748151_3353160312814849172_n-1333x1000-1-1-350x350.jpg",350,350,true]},"author_info":{"info":["US5"]},"category_info":"<a href=\"https:\/\/veritasinfo.org\/?cat=30&#038;lang=sr\" rel=\"category\">Dru\u0161tvo<\/a>","tag_info":"Dru\u0161tvo","comment_count":"0","_links":{"self":[{"href":"https:\/\/veritasinfo.org\/index.php?rest_route=\/wp\/v2\/posts\/45277","targetHints":{"allow":["GET"]}}],"collection":[{"href":"https:\/\/veritasinfo.org\/index.php?rest_route=\/wp\/v2\/posts"}],"about":[{"href":"https:\/\/veritasinfo.org\/index.php?rest_route=\/wp\/v2\/types\/post"}],"author":[{"embeddable":true,"href":"https:\/\/veritasinfo.org\/index.php?rest_route=\/wp\/v2\/users\/6"}],"replies":[{"embeddable":true,"href":"https:\/\/veritasinfo.org\/index.php?rest_route=%2Fwp%2Fv2%2Fcomments&post=45277"}],"version-history":[{"count":2,"href":"https:\/\/veritasinfo.org\/index.php?rest_route=\/wp\/v2\/posts\/45277\/revisions"}],"predecessor-version":[{"id":45280,"href":"https:\/\/veritasinfo.org\/index.php?rest_route=\/wp\/v2\/posts\/45277\/revisions\/45280"}],"wp:featuredmedia":[{"embeddable":true,"href":"https:\/\/veritasinfo.org\/index.php?rest_route=\/wp\/v2\/media\/45278"}],"wp:attachment":[{"href":"https:\/\/veritasinfo.org\/index.php?rest_route=%2Fwp%2Fv2%2Fmedia&parent=45277"}],"wp:term":[{"taxonomy":"category","embeddable":true,"href":"https:\/\/veritasinfo.org\/index.php?rest_route=%2Fwp%2Fv2%2Fcategories&post=45277"},{"taxonomy":"post_tag","embeddable":true,"href":"https:\/\/veritasinfo.org\/index.php?rest_route=%2Fwp%2Fv2%2Ftags&post=45277"}],"curies":[{"name":"wp","href":"https:\/\/api.w.org\/{rel}","templated":true}]}}