{"id":45267,"date":"2026-04-27T14:23:34","date_gmt":"2026-04-27T12:23:34","guid":{"rendered":"https:\/\/veritasinfo.org\/?p=45267"},"modified":"2026-04-27T14:23:34","modified_gmt":"2026-04-27T12:23:34","slug":"policia-e-kosoves-forcon-radhet-gjenerata-e-63-te-e-kadeteve-nis-trajnimin-deshmi-e-ngritjes-se-kapaciteteve-profesionale","status":"publish","type":"post","link":"https:\/\/veritasinfo.org\/?p=45267","title":{"rendered":"Policia e Kosov\u00ebs forcon radh\u00ebt: Gjenerata e 63-t\u00eb e kadet\u00ebve nis trajnimin, d\u00ebshmi e ngritjes s\u00eb kapaciteteve profesionale"},"content":{"rendered":"<p>Prishtin\u00eb, 27 prill 2026. 14:22<\/p>\n<p>Policia e Kosov\u00ebs ka pranuar sot pjes\u00ebtar\u00ebt m\u00eb t\u00eb rinj t\u00eb saj, duke mir\u00ebpritur gjenerat\u00ebn e 63-t\u00eb t\u00eb kadet\u00ebve policor\u00eb, nj\u00eb zhvillim q\u00eb vler\u00ebsohet si hap i r\u00ebnd\u00ebsish\u00ebm n\u00eb fuqizimin e kapaciteteve dhe avancimin e profesionalizmit t\u00eb institucionit t\u00eb siguris\u00eb.<\/p>\n<p>Pas p\u00ebrfundimit me sukses t\u00eb t\u00eb gjitha fazave testuese dhe procedurave t\u00eb konkurrimit, si dhe n\u00ebnshkrimit t\u00eb kontratave, kadet\u00ebt kan\u00eb nisur zyrtarisht trajnimin themelor n\u00eb Akademin\u00eb e Kosov\u00ebs p\u00ebr Siguri Publike n\u00eb Vushtrri, thuhet n\u00eb njoftimin e Policis\u00eb s\u00eb Kosov\u00ebs, p\u00ebrcjell Veritasinfo.<\/p>\n<p>Ky proces trajnimi konsiderohet thelb\u00ebsor p\u00ebr p\u00ebrgatitjen e tyre profesionale dhe p\u00ebr p\u00ebrshtatjen me standardet bashk\u00ebkohore t\u00eb pun\u00ebs policore.<\/p>\n<p>P\u00ebrfaq\u00ebsues t\u00eb Policis\u00eb s\u00eb Kosov\u00ebs kan\u00eb b\u00ebr\u00eb pritjen e k\u00ebsaj gjenerate, duke theksuar r\u00ebnd\u00ebsin\u00eb e p\u00ebrgatitjes cil\u00ebsore dhe disiplin\u00ebs profesionale p\u00ebrgjat\u00eb gjith\u00eb periudh\u00ebs s\u00eb trajnimit. <\/p>\n<p>Ata nj\u00ebkoh\u00ebsisht do t\u00eb mbik\u00ebqyrin dhe udh\u00ebheqin kadet\u00ebt n\u00eb zhvillimin e aft\u00ebsive praktike dhe teorike, me synimin q\u00eb k\u00ebta t\u00eb fundit t\u00eb jen\u00eb t\u00eb gatsh\u00ebm p\u00ebr sfidat n\u00eb terren.<\/p>\n<p>Pranimi i gjeneratave t\u00eb reja dhe investimi n\u00eb trajnim profesional reflekton nj\u00eb qasje t\u00eb q\u00ebndrueshme t\u00eb Policis\u00eb s\u00eb Kosov\u00ebs drejt rritjes s\u00eb efikasitetit dhe besueshm\u00ebris\u00eb n\u00eb publik.<\/p>\n<p>Ky proces jo vet\u00ebm q\u00eb forcon kapacitetet operative, por edhe kontribuon n\u00eb nd\u00ebrtimin e nj\u00eb force policore moderne, t\u00eb p\u00ebrgatitur dhe n\u00eb sh\u00ebrbim t\u00eb qytetar\u00ebve.<\/p>\n","protected":false},"excerpt":{"rendered":"<p>Prishtin\u00eb, 27 prill 2026. 14:22 Policia e Kosov\u00ebs ka pranuar sot pjes\u00ebtar\u00ebt m\u00eb t\u00eb rinj t\u00eb saj, duke mir\u00ebpritur gjenerat\u00ebn e 63-t\u00eb t\u00eb kadet\u00ebve policor\u00eb,<\/p>\n","protected":false},"author":6,"featured_media":45268,"comment_status":"open","ping_status":"open","sticky":false,"template":"","format":"standard","meta":{"footnotes":""},"categories":[109],"tags":[],"class_list":["post-45267","post","type-post","status-publish","format-standard","has-post-thumbnail","hentry","category-siguri"],"yoast_head":"<!-- This site is optimized with the Yoast SEO plugin v25.3.1 - https:\/\/yoast.com\/wordpress\/plugins\/seo\/ -->\n<title>Policia e Kosov\u00ebs forcon radh\u00ebt: Gjenerata e 63-t\u00eb e kadet\u00ebve nis trajnimin, d\u00ebshmi e ngritjes s\u00eb kapaciteteve profesionale -<\/title>\n<meta name=\"robots\" content=\"index, follow, max-snippet:-1, max-image-preview:large, max-video-preview:-1\" \/>\n<link rel=\"canonical\" href=\"https:\/\/veritasinfo.org\/?p=45267\" \/>\n<meta property=\"og:locale\" content=\"en_US\" \/>\n<meta property=\"og:type\" content=\"article\" \/>\n<meta property=\"og:title\" content=\"Policia e Kosov\u00ebs forcon radh\u00ebt: Gjenerata e 63-t\u00eb e kadet\u00ebve nis trajnimin, d\u00ebshmi e ngritjes s\u00eb kapaciteteve profesionale -\" \/>\n<meta property=\"og:description\" content=\"Prishtin\u00eb, 27 prill 2026. 14:22 Policia e Kosov\u00ebs ka pranuar sot pjes\u00ebtar\u00ebt m\u00eb t\u00eb rinj t\u00eb saj, duke mir\u00ebpritur gjenerat\u00ebn e 63-t\u00eb t\u00eb kadet\u00ebve policor\u00eb,\" \/>\n<meta property=\"og:url\" content=\"https:\/\/veritasinfo.org\/?p=45267\" \/>\n<meta property=\"article:published_time\" content=\"2026-04-27T12:23:34+00:00\" \/>\n<meta property=\"og:image\" content=\"https:\/\/veritasinfo.org\/wp-content\/uploads\/2026\/04\/IMG-20260427-WA0003.jpg\" \/>\n\t<meta property=\"og:image:width\" content=\"1600\" \/>\n\t<meta property=\"og:image:height\" content=\"1066\" \/>\n\t<meta property=\"og:image:type\" content=\"image\/jpeg\" \/>\n<meta name=\"author\" content=\"US5\" \/>\n<meta name=\"twitter:card\" content=\"summary_large_image\" \/>\n<meta name=\"twitter:label1\" content=\"Written by\" \/>\n\t<meta name=\"twitter:data1\" content=\"US5\" \/>\n<script type=\"application\/ld+json\" class=\"yoast-schema-graph\">{\"@context\":\"https:\/\/schema.org\",\"@graph\":[{\"@type\":\"WebPage\",\"@id\":\"https:\/\/veritasinfo.org\/?p=45267\",\"url\":\"https:\/\/veritasinfo.org\/?p=45267\",\"name\":\"Policia e Kosov\u00ebs forcon radh\u00ebt: Gjenerata e 63-t\u00eb e kadet\u00ebve nis trajnimin, d\u00ebshmi e ngritjes s\u00eb kapaciteteve profesionale -\",\"isPartOf\":{\"@id\":\"https:\/\/veritasinfo.org\/#website\"},\"primaryImageOfPage\":{\"@id\":\"https:\/\/veritasinfo.org\/?p=45267#primaryimage\"},\"image\":{\"@id\":\"https:\/\/veritasinfo.org\/?p=45267#primaryimage\"},\"thumbnailUrl\":\"https:\/\/veritasinfo.org\/wp-content\/uploads\/2026\/04\/IMG-20260427-WA0003.jpg\",\"datePublished\":\"2026-04-27T12:23:34+00:00\",\"author\":{\"@id\":\"https:\/\/veritasinfo.org\/#\/schema\/person\/bc442336e35414d04494ab8fb45db4c6\"},\"breadcrumb\":{\"@id\":\"https:\/\/veritasinfo.org\/?p=45267#breadcrumb\"},\"inLanguage\":\"en-US\",\"potentialAction\":[{\"@type\":\"ReadAction\",\"target\":[\"https:\/\/veritasinfo.org\/?p=45267\"]}]},{\"@type\":\"ImageObject\",\"inLanguage\":\"en-US\",\"@id\":\"https:\/\/veritasinfo.org\/?p=45267#primaryimage\",\"url\":\"https:\/\/veritasinfo.org\/wp-content\/uploads\/2026\/04\/IMG-20260427-WA0003.jpg\",\"contentUrl\":\"https:\/\/veritasinfo.org\/wp-content\/uploads\/2026\/04\/IMG-20260427-WA0003.jpg\",\"width\":1600,\"height\":1066},{\"@type\":\"BreadcrumbList\",\"@id\":\"https:\/\/veritasinfo.org\/?p=45267#breadcrumb\",\"itemListElement\":[{\"@type\":\"ListItem\",\"position\":1,\"name\":\"Home\",\"item\":\"https:\/\/veritasinfo.org\/\"},{\"@type\":\"ListItem\",\"position\":2,\"name\":\"Policia e Kosov\u00ebs forcon radh\u00ebt: Gjenerata e 63-t\u00eb e kadet\u00ebve nis trajnimin, d\u00ebshmi e ngritjes s\u00eb kapaciteteve profesionale\"}]},{\"@type\":\"WebSite\",\"@id\":\"https:\/\/veritasinfo.org\/#website\",\"url\":\"https:\/\/veritasinfo.org\/\",\"name\":\"\",\"description\":\"\",\"potentialAction\":[{\"@type\":\"SearchAction\",\"target\":{\"@type\":\"EntryPoint\",\"urlTemplate\":\"https:\/\/veritasinfo.org\/?s={search_term_string}\"},\"query-input\":{\"@type\":\"PropertyValueSpecification\",\"valueRequired\":true,\"valueName\":\"search_term_string\"}}],\"inLanguage\":\"en-US\"},{\"@type\":\"Person\",\"@id\":\"https:\/\/veritasinfo.org\/#\/schema\/person\/bc442336e35414d04494ab8fb45db4c6\",\"name\":\"US5\",\"image\":{\"@type\":\"ImageObject\",\"inLanguage\":\"en-US\",\"@id\":\"https:\/\/veritasinfo.org\/#\/schema\/person\/image\/\",\"url\":\"https:\/\/secure.gravatar.com\/avatar\/16a61e7272a0c5d001121ebb9e60e925d5816e4ac1e443ed3e640d9a6ae55d0c?s=96&d=mm&r=g\",\"contentUrl\":\"https:\/\/secure.gravatar.com\/avatar\/16a61e7272a0c5d001121ebb9e60e925d5816e4ac1e443ed3e640d9a6ae55d0c?s=96&d=mm&r=g\",\"caption\":\"US5\"},\"url\":\"https:\/\/veritasinfo.org\/?author=6\"}]}<\/script>\n<!-- \/ Yoast SEO plugin. -->","yoast_head_json":{"title":"Policia e Kosov\u00ebs forcon radh\u00ebt: Gjenerata e 63-t\u00eb e kadet\u00ebve nis trajnimin, d\u00ebshmi e ngritjes s\u00eb kapaciteteve profesionale -","robots":{"index":"index","follow":"follow","max-snippet":"max-snippet:-1","max-image-preview":"max-image-preview:large","max-video-preview":"max-video-preview:-1"},"canonical":"https:\/\/veritasinfo.org\/?p=45267","og_locale":"en_US","og_type":"article","og_title":"Policia e Kosov\u00ebs forcon radh\u00ebt: Gjenerata e 63-t\u00eb e kadet\u00ebve nis trajnimin, d\u00ebshmi e ngritjes s\u00eb kapaciteteve profesionale -","og_description":"Prishtin\u00eb, 27 prill 2026. 14:22 Policia e Kosov\u00ebs ka pranuar sot pjes\u00ebtar\u00ebt m\u00eb t\u00eb rinj t\u00eb saj, duke mir\u00ebpritur gjenerat\u00ebn e 63-t\u00eb t\u00eb kadet\u00ebve policor\u00eb,","og_url":"https:\/\/veritasinfo.org\/?p=45267","article_published_time":"2026-04-27T12:23:34+00:00","og_image":[{"width":1600,"height":1066,"url":"https:\/\/veritasinfo.org\/wp-content\/uploads\/2026\/04\/IMG-20260427-WA0003.jpg","type":"image\/jpeg"}],"author":"US5","twitter_card":"summary_large_image","twitter_misc":{"Written by":"US5"},"schema":{"@context":"https:\/\/schema.org","@graph":[{"@type":"WebPage","@id":"https:\/\/veritasinfo.org\/?p=45267","url":"https:\/\/veritasinfo.org\/?p=45267","name":"Policia e Kosov\u00ebs forcon radh\u00ebt: Gjenerata e 63-t\u00eb e kadet\u00ebve nis trajnimin, d\u00ebshmi e ngritjes s\u00eb kapaciteteve profesionale -","isPartOf":{"@id":"https:\/\/veritasinfo.org\/#website"},"primaryImageOfPage":{"@id":"https:\/\/veritasinfo.org\/?p=45267#primaryimage"},"image":{"@id":"https:\/\/veritasinfo.org\/?p=45267#primaryimage"},"thumbnailUrl":"https:\/\/veritasinfo.org\/wp-content\/uploads\/2026\/04\/IMG-20260427-WA0003.jpg","datePublished":"2026-04-27T12:23:34+00:00","author":{"@id":"https:\/\/veritasinfo.org\/#\/schema\/person\/bc442336e35414d04494ab8fb45db4c6"},"breadcrumb":{"@id":"https:\/\/veritasinfo.org\/?p=45267#breadcrumb"},"inLanguage":"en-US","potentialAction":[{"@type":"ReadAction","target":["https:\/\/veritasinfo.org\/?p=45267"]}]},{"@type":"ImageObject","inLanguage":"en-US","@id":"https:\/\/veritasinfo.org\/?p=45267#primaryimage","url":"https:\/\/veritasinfo.org\/wp-content\/uploads\/2026\/04\/IMG-20260427-WA0003.jpg","contentUrl":"https:\/\/veritasinfo.org\/wp-content\/uploads\/2026\/04\/IMG-20260427-WA0003.jpg","width":1600,"height":1066},{"@type":"BreadcrumbList","@id":"https:\/\/veritasinfo.org\/?p=45267#breadcrumb","itemListElement":[{"@type":"ListItem","position":1,"name":"Home","item":"https:\/\/veritasinfo.org\/"},{"@type":"ListItem","position":2,"name":"Policia e Kosov\u00ebs forcon radh\u00ebt: Gjenerata e 63-t\u00eb e kadet\u00ebve nis trajnimin, d\u00ebshmi e ngritjes s\u00eb kapaciteteve profesionale"}]},{"@type":"WebSite","@id":"https:\/\/veritasinfo.org\/#website","url":"https:\/\/veritasinfo.org\/","name":"","description":"","potentialAction":[{"@type":"SearchAction","target":{"@type":"EntryPoint","urlTemplate":"https:\/\/veritasinfo.org\/?s={search_term_string}"},"query-input":{"@type":"PropertyValueSpecification","valueRequired":true,"valueName":"search_term_string"}}],"inLanguage":"en-US"},{"@type":"Person","@id":"https:\/\/veritasinfo.org\/#\/schema\/person\/bc442336e35414d04494ab8fb45db4c6","name":"US5","image":{"@type":"ImageObject","inLanguage":"en-US","@id":"https:\/\/veritasinfo.org\/#\/schema\/person\/image\/","url":"https:\/\/secure.gravatar.com\/avatar\/16a61e7272a0c5d001121ebb9e60e925d5816e4ac1e443ed3e640d9a6ae55d0c?s=96&d=mm&r=g","contentUrl":"https:\/\/secure.gravatar.com\/avatar\/16a61e7272a0c5d001121ebb9e60e925d5816e4ac1e443ed3e640d9a6ae55d0c?s=96&d=mm&r=g","caption":"US5"},"url":"https:\/\/veritasinfo.org\/?author=6"}]}},"featured_image_urls":{"full":["https:\/\/veritasinfo.org\/wp-content\/uploads\/2026\/04\/IMG-20260427-WA0003.jpg",1600,1066,false],"thumbnail":["https:\/\/veritasinfo.org\/wp-content\/uploads\/2026\/04\/IMG-20260427-WA0003-150x150.jpg",150,150,true],"medium":["https:\/\/veritasinfo.org\/wp-content\/uploads\/2026\/04\/IMG-20260427-WA0003-300x200.jpg",300,200,true],"medium_large":["https:\/\/veritasinfo.org\/wp-content\/uploads\/2026\/04\/IMG-20260427-WA0003-768x512.jpg",640,427,true],"large":["https:\/\/veritasinfo.org\/wp-content\/uploads\/2026\/04\/IMG-20260427-WA0003-1024x682.jpg",640,426,true],"1536x1536":["https:\/\/veritasinfo.org\/wp-content\/uploads\/2026\/04\/IMG-20260427-WA0003-1536x1023.jpg",1536,1023,true],"2048x2048":["https:\/\/veritasinfo.org\/wp-content\/uploads\/2026\/04\/IMG-20260427-WA0003.jpg",1600,1066,false],"kreeti-slider-full":["https:\/\/veritasinfo.org\/wp-content\/uploads\/2026\/04\/IMG-20260427-WA0003-1280x720.jpg",1280,720,true],"kreeti-featured":["https:\/\/veritasinfo.org\/wp-content\/uploads\/2026\/04\/IMG-20260427-WA0003-1024x682.jpg",1024,682,true],"kreeti-medium":["https:\/\/veritasinfo.org\/wp-content\/uploads\/2026\/04\/IMG-20260427-WA0003-720x530.jpg",720,530,true],"kreeti-medium-square":["https:\/\/veritasinfo.org\/wp-content\/uploads\/2026\/04\/IMG-20260427-WA0003-350x350.jpg",350,350,true]},"author_info":{"info":["US5"]},"category_info":"<a href=\"https:\/\/veritasinfo.org\/?cat=109\" rel=\"category\">Siguri<\/a>","tag_info":"Siguri","comment_count":"0","_links":{"self":[{"href":"https:\/\/veritasinfo.org\/index.php?rest_route=\/wp\/v2\/posts\/45267","targetHints":{"allow":["GET"]}}],"collection":[{"href":"https:\/\/veritasinfo.org\/index.php?rest_route=\/wp\/v2\/posts"}],"about":[{"href":"https:\/\/veritasinfo.org\/index.php?rest_route=\/wp\/v2\/types\/post"}],"author":[{"embeddable":true,"href":"https:\/\/veritasinfo.org\/index.php?rest_route=\/wp\/v2\/users\/6"}],"replies":[{"embeddable":true,"href":"https:\/\/veritasinfo.org\/index.php?rest_route=%2Fwp%2Fv2%2Fcomments&post=45267"}],"version-history":[{"count":1,"href":"https:\/\/veritasinfo.org\/index.php?rest_route=\/wp\/v2\/posts\/45267\/revisions"}],"predecessor-version":[{"id":45269,"href":"https:\/\/veritasinfo.org\/index.php?rest_route=\/wp\/v2\/posts\/45267\/revisions\/45269"}],"wp:featuredmedia":[{"embeddable":true,"href":"https:\/\/veritasinfo.org\/index.php?rest_route=\/wp\/v2\/media\/45268"}],"wp:attachment":[{"href":"https:\/\/veritasinfo.org\/index.php?rest_route=%2Fwp%2Fv2%2Fmedia&parent=45267"}],"wp:term":[{"taxonomy":"category","embeddable":true,"href":"https:\/\/veritasinfo.org\/index.php?rest_route=%2Fwp%2Fv2%2Fcategories&post=45267"},{"taxonomy":"post_tag","embeddable":true,"href":"https:\/\/veritasinfo.org\/index.php?rest_route=%2Fwp%2Fv2%2Ftags&post=45267"}],"curies":[{"name":"wp","href":"https:\/\/api.w.org\/{rel}","templated":true}]}}