{"id":4521,"date":"2025-07-20T16:26:04","date_gmt":"2025-07-20T14:26:04","guid":{"rendered":"https:\/\/veritasinfo.org\/?p=4521"},"modified":"2025-07-20T17:57:24","modified_gmt":"2025-07-20T15:57:24","slug":"e-trishte-erdhi-ne-kosove-per-pushime-ky-eshte-mergimtari-qe-dyshohet-se-beri-vetevrasje-me-armen-personale","status":"publish","type":"post","link":"https:\/\/veritasinfo.org\/?p=4521","title":{"rendered":"Erdhi n\u00eb Kosov\u00eb p\u00ebr pushime, ky \u00ebsht\u00eb m\u00ebrgimtari q\u00eb dyshohet se b\u00ebri vet\u00ebvrasje me arm\u00ebn personale"},"content":{"rendered":"<p>Prizren, 20 Korrik 2025<\/p>\n<p><strong>Nj\u00eb ngjarje e r\u00ebnd\u00eb ka ndodhur sot paradite n\u00eb qytetin e Prizrenit, ku nj\u00eb burr\u00eb ka nd\u00ebrruar jet\u00eb si pasoj\u00eb e plag\u00ebve nga arma e zjarrit.<\/strong><\/p>\n<p><strong>Sinjali <\/strong>m\u00ebson se rasti ka ndodhur rreth or\u00ebs 11:15 n\u00eb lagjen Tusus, ku 62-vje\u00e7ari <strong><em>Ajvaz Pireci<\/em><\/strong> \u00ebsht\u00eb gjetur i plagosur r\u00ebnd\u00eb dhe m\u00eb pas \u00ebsht\u00eb d\u00ebrguar n\u00eb emergjenc\u00ebn e Spitalit Rajonal t\u00eb Prizrenit.<\/p>\n<p>Pavar\u00ebsisht p\u00ebrpjekjeve t\u00eb stafit mjek\u00ebsor p\u00ebr ta shp\u00ebtuar, ai nuk ka arritur t\u2019u mbijetoj\u00eb plag\u00ebve dhe \u00ebsht\u00eb konstatuar i vdekur.<\/p>\n<p>Burimet e Sinjalit brenda Policis\u00eb b\u00ebjn\u00eb me dije se bazuar n\u00eb informacionet fillestare dhe d\u00ebshmit\u00eb nga vendi i ngjarjes, dyshohet se b\u00ebhet fjal\u00eb p\u00ebr vet\u00ebvrasje me arm\u00eb personale.<br \/>\nLajmin e ka konfirmuar edhe Policia e Prizrenit.<\/p>\n<p>N\u00eb vendin e ngjarjes kan\u00eb dal\u00eb nj\u00ebsit\u00eb relevante policore, hetuesit dhe ekspert\u00ebt e kriminalistik\u00ebs, nd\u00ebrsa me urdh\u00ebr t\u00eb Prokurorit t\u00eb Shtetit, trupi i pajet\u00eb \u00ebsht\u00eb d\u00ebrguar p\u00ebr obduksion n\u00eb Institutin e Mjek\u00ebsis\u00eb Ligjore.<\/p>\n<p>Hetimet lidhur me rastin jan\u00eb duke vazhduar dhe autoritetet jan\u00eb duke punuar p\u00ebr zbardhjen e plot\u00eb t\u00eb rrethanave.<\/p>\n<p>&nbsp;<\/p>\n","protected":false},"excerpt":{"rendered":"<p>Prizren, 20 Korrik 2025 Nj\u00eb ngjarje e r\u00ebnd\u00eb ka ndodhur sot paradite n\u00eb qytetin e Prizrenit, ku nj\u00eb burr\u00eb ka nd\u00ebrruar jet\u00eb si pasoj\u00eb e<\/p>\n","protected":false},"author":1,"featured_media":4522,"comment_status":"open","ping_status":"open","sticky":false,"template":"","format":"standard","meta":{"footnotes":""},"categories":[60],"tags":[],"class_list":["post-4521","post","type-post","status-publish","format-standard","has-post-thumbnail","hentry","category-shoqerore-sq"],"yoast_head":"<!-- This site is optimized with the Yoast SEO plugin v25.3.1 - https:\/\/yoast.com\/wordpress\/plugins\/seo\/ -->\n<title>Erdhi n\u00eb Kosov\u00eb p\u00ebr pushime, ky \u00ebsht\u00eb m\u00ebrgimtari q\u00eb dyshohet se b\u00ebri vet\u00ebvrasje me arm\u00ebn personale -<\/title>\n<meta name=\"robots\" content=\"index, follow, max-snippet:-1, max-image-preview:large, max-video-preview:-1\" \/>\n<link rel=\"canonical\" href=\"https:\/\/veritasinfo.org\/?p=4521\" \/>\n<meta property=\"og:locale\" content=\"en_US\" \/>\n<meta property=\"og:type\" content=\"article\" \/>\n<meta property=\"og:title\" content=\"Erdhi n\u00eb Kosov\u00eb p\u00ebr pushime, ky \u00ebsht\u00eb m\u00ebrgimtari q\u00eb dyshohet se b\u00ebri vet\u00ebvrasje me arm\u00ebn personale -\" \/>\n<meta property=\"og:description\" content=\"Prizren, 20 Korrik 2025 Nj\u00eb ngjarje e r\u00ebnd\u00eb ka ndodhur sot paradite n\u00eb qytetin e Prizrenit, ku nj\u00eb burr\u00eb ka nd\u00ebrruar jet\u00eb si pasoj\u00eb e\" \/>\n<meta property=\"og:url\" content=\"https:\/\/veritasinfo.org\/?p=4521\" \/>\n<meta property=\"article:published_time\" content=\"2025-07-20T14:26:04+00:00\" \/>\n<meta property=\"article:modified_time\" content=\"2025-07-20T15:57:24+00:00\" \/>\n<meta property=\"og:image\" content=\"https:\/\/veritasinfo.org\/wp-content\/uploads\/2025\/07\/IMG_2175.jpeg\" \/>\n\t<meta property=\"og:image:width\" content=\"960\" \/>\n\t<meta property=\"og:image:height\" content=\"640\" \/>\n\t<meta property=\"og:image:type\" content=\"image\/jpeg\" \/>\n<meta name=\"author\" content=\"admin\" \/>\n<meta name=\"twitter:card\" content=\"summary_large_image\" \/>\n<meta name=\"twitter:label1\" content=\"Written by\" \/>\n\t<meta name=\"twitter:data1\" content=\"admin\" \/>\n\t<meta name=\"twitter:label2\" content=\"Est. reading time\" \/>\n\t<meta name=\"twitter:data2\" content=\"1 minute\" \/>\n<script type=\"application\/ld+json\" class=\"yoast-schema-graph\">{\"@context\":\"https:\/\/schema.org\",\"@graph\":[{\"@type\":\"WebPage\",\"@id\":\"https:\/\/veritasinfo.org\/?p=4521\",\"url\":\"https:\/\/veritasinfo.org\/?p=4521\",\"name\":\"Erdhi n\u00eb Kosov\u00eb p\u00ebr pushime, ky \u00ebsht\u00eb m\u00ebrgimtari q\u00eb dyshohet se b\u00ebri vet\u00ebvrasje me arm\u00ebn personale -\",\"isPartOf\":{\"@id\":\"https:\/\/veritasinfo.org\/#website\"},\"primaryImageOfPage\":{\"@id\":\"https:\/\/veritasinfo.org\/?p=4521#primaryimage\"},\"image\":{\"@id\":\"https:\/\/veritasinfo.org\/?p=4521#primaryimage\"},\"thumbnailUrl\":\"https:\/\/veritasinfo.org\/wp-content\/uploads\/2025\/07\/IMG_2175.jpeg\",\"datePublished\":\"2025-07-20T14:26:04+00:00\",\"dateModified\":\"2025-07-20T15:57:24+00:00\",\"author\":{\"@id\":\"https:\/\/veritasinfo.org\/#\/schema\/person\/7701f8c088bece422266b100a712374f\"},\"breadcrumb\":{\"@id\":\"https:\/\/veritasinfo.org\/?p=4521#breadcrumb\"},\"inLanguage\":\"en-US\",\"potentialAction\":[{\"@type\":\"ReadAction\",\"target\":[\"https:\/\/veritasinfo.org\/?p=4521\"]}]},{\"@type\":\"ImageObject\",\"inLanguage\":\"en-US\",\"@id\":\"https:\/\/veritasinfo.org\/?p=4521#primaryimage\",\"url\":\"https:\/\/veritasinfo.org\/wp-content\/uploads\/2025\/07\/IMG_2175.jpeg\",\"contentUrl\":\"https:\/\/veritasinfo.org\/wp-content\/uploads\/2025\/07\/IMG_2175.jpeg\",\"width\":960,\"height\":640},{\"@type\":\"BreadcrumbList\",\"@id\":\"https:\/\/veritasinfo.org\/?p=4521#breadcrumb\",\"itemListElement\":[{\"@type\":\"ListItem\",\"position\":1,\"name\":\"Home\",\"item\":\"https:\/\/veritasinfo.org\/\"},{\"@type\":\"ListItem\",\"position\":2,\"name\":\"Erdhi n\u00eb Kosov\u00eb p\u00ebr pushime, ky \u00ebsht\u00eb m\u00ebrgimtari q\u00eb dyshohet se b\u00ebri vet\u00ebvrasje me arm\u00ebn personale\"}]},{\"@type\":\"WebSite\",\"@id\":\"https:\/\/veritasinfo.org\/#website\",\"url\":\"https:\/\/veritasinfo.org\/\",\"name\":\"\",\"description\":\"\",\"potentialAction\":[{\"@type\":\"SearchAction\",\"target\":{\"@type\":\"EntryPoint\",\"urlTemplate\":\"https:\/\/veritasinfo.org\/?s={search_term_string}\"},\"query-input\":{\"@type\":\"PropertyValueSpecification\",\"valueRequired\":true,\"valueName\":\"search_term_string\"}}],\"inLanguage\":\"en-US\"},{\"@type\":\"Person\",\"@id\":\"https:\/\/veritasinfo.org\/#\/schema\/person\/7701f8c088bece422266b100a712374f\",\"name\":\"admin\",\"image\":{\"@type\":\"ImageObject\",\"inLanguage\":\"en-US\",\"@id\":\"https:\/\/veritasinfo.org\/#\/schema\/person\/image\/\",\"url\":\"https:\/\/secure.gravatar.com\/avatar\/ea53aa3bf6c9a12d5fde8ce4deff43fef3885ae33cf60184161a50d6987cfd2f?s=96&d=mm&r=g\",\"contentUrl\":\"https:\/\/secure.gravatar.com\/avatar\/ea53aa3bf6c9a12d5fde8ce4deff43fef3885ae33cf60184161a50d6987cfd2f?s=96&d=mm&r=g\",\"caption\":\"admin\"},\"sameAs\":[\"https:\/\/veritasinfo.org\"],\"url\":\"https:\/\/veritasinfo.org\/?author=1\"}]}<\/script>\n<!-- \/ Yoast SEO plugin. -->","yoast_head_json":{"title":"Erdhi n\u00eb Kosov\u00eb p\u00ebr pushime, ky \u00ebsht\u00eb m\u00ebrgimtari q\u00eb dyshohet se b\u00ebri vet\u00ebvrasje me arm\u00ebn personale -","robots":{"index":"index","follow":"follow","max-snippet":"max-snippet:-1","max-image-preview":"max-image-preview:large","max-video-preview":"max-video-preview:-1"},"canonical":"https:\/\/veritasinfo.org\/?p=4521","og_locale":"en_US","og_type":"article","og_title":"Erdhi n\u00eb Kosov\u00eb p\u00ebr pushime, ky \u00ebsht\u00eb m\u00ebrgimtari q\u00eb dyshohet se b\u00ebri vet\u00ebvrasje me arm\u00ebn personale -","og_description":"Prizren, 20 Korrik 2025 Nj\u00eb ngjarje e r\u00ebnd\u00eb ka ndodhur sot paradite n\u00eb qytetin e Prizrenit, ku nj\u00eb burr\u00eb ka nd\u00ebrruar jet\u00eb si pasoj\u00eb e","og_url":"https:\/\/veritasinfo.org\/?p=4521","article_published_time":"2025-07-20T14:26:04+00:00","article_modified_time":"2025-07-20T15:57:24+00:00","og_image":[{"width":960,"height":640,"url":"https:\/\/veritasinfo.org\/wp-content\/uploads\/2025\/07\/IMG_2175.jpeg","type":"image\/jpeg"}],"author":"admin","twitter_card":"summary_large_image","twitter_misc":{"Written by":"admin","Est. reading time":"1 minute"},"schema":{"@context":"https:\/\/schema.org","@graph":[{"@type":"WebPage","@id":"https:\/\/veritasinfo.org\/?p=4521","url":"https:\/\/veritasinfo.org\/?p=4521","name":"Erdhi n\u00eb Kosov\u00eb p\u00ebr pushime, ky \u00ebsht\u00eb m\u00ebrgimtari q\u00eb dyshohet se b\u00ebri vet\u00ebvrasje me arm\u00ebn personale -","isPartOf":{"@id":"https:\/\/veritasinfo.org\/#website"},"primaryImageOfPage":{"@id":"https:\/\/veritasinfo.org\/?p=4521#primaryimage"},"image":{"@id":"https:\/\/veritasinfo.org\/?p=4521#primaryimage"},"thumbnailUrl":"https:\/\/veritasinfo.org\/wp-content\/uploads\/2025\/07\/IMG_2175.jpeg","datePublished":"2025-07-20T14:26:04+00:00","dateModified":"2025-07-20T15:57:24+00:00","author":{"@id":"https:\/\/veritasinfo.org\/#\/schema\/person\/7701f8c088bece422266b100a712374f"},"breadcrumb":{"@id":"https:\/\/veritasinfo.org\/?p=4521#breadcrumb"},"inLanguage":"en-US","potentialAction":[{"@type":"ReadAction","target":["https:\/\/veritasinfo.org\/?p=4521"]}]},{"@type":"ImageObject","inLanguage":"en-US","@id":"https:\/\/veritasinfo.org\/?p=4521#primaryimage","url":"https:\/\/veritasinfo.org\/wp-content\/uploads\/2025\/07\/IMG_2175.jpeg","contentUrl":"https:\/\/veritasinfo.org\/wp-content\/uploads\/2025\/07\/IMG_2175.jpeg","width":960,"height":640},{"@type":"BreadcrumbList","@id":"https:\/\/veritasinfo.org\/?p=4521#breadcrumb","itemListElement":[{"@type":"ListItem","position":1,"name":"Home","item":"https:\/\/veritasinfo.org\/"},{"@type":"ListItem","position":2,"name":"Erdhi n\u00eb Kosov\u00eb p\u00ebr pushime, ky \u00ebsht\u00eb m\u00ebrgimtari q\u00eb dyshohet se b\u00ebri vet\u00ebvrasje me arm\u00ebn personale"}]},{"@type":"WebSite","@id":"https:\/\/veritasinfo.org\/#website","url":"https:\/\/veritasinfo.org\/","name":"","description":"","potentialAction":[{"@type":"SearchAction","target":{"@type":"EntryPoint","urlTemplate":"https:\/\/veritasinfo.org\/?s={search_term_string}"},"query-input":{"@type":"PropertyValueSpecification","valueRequired":true,"valueName":"search_term_string"}}],"inLanguage":"en-US"},{"@type":"Person","@id":"https:\/\/veritasinfo.org\/#\/schema\/person\/7701f8c088bece422266b100a712374f","name":"admin","image":{"@type":"ImageObject","inLanguage":"en-US","@id":"https:\/\/veritasinfo.org\/#\/schema\/person\/image\/","url":"https:\/\/secure.gravatar.com\/avatar\/ea53aa3bf6c9a12d5fde8ce4deff43fef3885ae33cf60184161a50d6987cfd2f?s=96&d=mm&r=g","contentUrl":"https:\/\/secure.gravatar.com\/avatar\/ea53aa3bf6c9a12d5fde8ce4deff43fef3885ae33cf60184161a50d6987cfd2f?s=96&d=mm&r=g","caption":"admin"},"sameAs":["https:\/\/veritasinfo.org"],"url":"https:\/\/veritasinfo.org\/?author=1"}]}},"featured_image_urls":{"full":["https:\/\/veritasinfo.org\/wp-content\/uploads\/2025\/07\/IMG_2175.jpeg",960,640,false],"thumbnail":["https:\/\/veritasinfo.org\/wp-content\/uploads\/2025\/07\/IMG_2175-150x150.jpeg",150,150,true],"medium":["https:\/\/veritasinfo.org\/wp-content\/uploads\/2025\/07\/IMG_2175-300x200.jpeg",300,200,true],"medium_large":["https:\/\/veritasinfo.org\/wp-content\/uploads\/2025\/07\/IMG_2175-768x512.jpeg",640,427,true],"large":["https:\/\/veritasinfo.org\/wp-content\/uploads\/2025\/07\/IMG_2175.jpeg",640,427,false],"1536x1536":["https:\/\/veritasinfo.org\/wp-content\/uploads\/2025\/07\/IMG_2175.jpeg",960,640,false],"2048x2048":["https:\/\/veritasinfo.org\/wp-content\/uploads\/2025\/07\/IMG_2175.jpeg",960,640,false],"kreeti-slider-full":["https:\/\/veritasinfo.org\/wp-content\/uploads\/2025\/07\/IMG_2175.jpeg",960,640,false],"kreeti-featured":["https:\/\/veritasinfo.org\/wp-content\/uploads\/2025\/07\/IMG_2175.jpeg",960,640,false],"kreeti-medium":["https:\/\/veritasinfo.org\/wp-content\/uploads\/2025\/07\/IMG_2175.jpeg",720,480,false],"kreeti-medium-square":["https:\/\/veritasinfo.org\/wp-content\/uploads\/2025\/07\/IMG_2175.jpeg",350,233,false]},"author_info":{"info":["admin"]},"category_info":"<a href=\"https:\/\/veritasinfo.org\/?cat=60\" rel=\"category\">Shoq\u00ebrore<\/a>","tag_info":"Shoq\u00ebrore","comment_count":"0","_links":{"self":[{"href":"https:\/\/veritasinfo.org\/index.php?rest_route=\/wp\/v2\/posts\/4521","targetHints":{"allow":["GET"]}}],"collection":[{"href":"https:\/\/veritasinfo.org\/index.php?rest_route=\/wp\/v2\/posts"}],"about":[{"href":"https:\/\/veritasinfo.org\/index.php?rest_route=\/wp\/v2\/types\/post"}],"author":[{"embeddable":true,"href":"https:\/\/veritasinfo.org\/index.php?rest_route=\/wp\/v2\/users\/1"}],"replies":[{"embeddable":true,"href":"https:\/\/veritasinfo.org\/index.php?rest_route=%2Fwp%2Fv2%2Fcomments&post=4521"}],"version-history":[{"count":2,"href":"https:\/\/veritasinfo.org\/index.php?rest_route=\/wp\/v2\/posts\/4521\/revisions"}],"predecessor-version":[{"id":4529,"href":"https:\/\/veritasinfo.org\/index.php?rest_route=\/wp\/v2\/posts\/4521\/revisions\/4529"}],"wp:featuredmedia":[{"embeddable":true,"href":"https:\/\/veritasinfo.org\/index.php?rest_route=\/wp\/v2\/media\/4522"}],"wp:attachment":[{"href":"https:\/\/veritasinfo.org\/index.php?rest_route=%2Fwp%2Fv2%2Fmedia&parent=4521"}],"wp:term":[{"taxonomy":"category","embeddable":true,"href":"https:\/\/veritasinfo.org\/index.php?rest_route=%2Fwp%2Fv2%2Fcategories&post=4521"},{"taxonomy":"post_tag","embeddable":true,"href":"https:\/\/veritasinfo.org\/index.php?rest_route=%2Fwp%2Fv2%2Ftags&post=4521"}],"curies":[{"name":"wp","href":"https:\/\/api.w.org\/{rel}","templated":true}]}}