{"id":45181,"date":"2026-04-27T09:27:09","date_gmt":"2026-04-27T07:27:09","guid":{"rendered":"https:\/\/veritasinfo.org\/?p=45181"},"modified":"2026-04-27T09:27:09","modified_gmt":"2026-04-27T07:27:09","slug":"pec-opstinska-zgrada-sada-ima-lift-za-osobe-sa-posebnim-potrebama","status":"publish","type":"post","link":"https:\/\/veritasinfo.org\/?p=45181&lang=sr","title":{"rendered":"Pec\u0301: Op\u0161tinska zgrada sada ima lift za osobe sa posebnim potrebama"},"content":{"rendered":"<p>albanski<br \/>\nsrpski<br \/>\nPrishtin\u00eb 27 Prill 2026 9:24<\/p>\n<p>Kryetari i Mitrovic\u00ebs s\u00eb Jugut, Faton Peci ka treguar se nga tani personave me nevoja t\u00eb ve\u00e7anta n\u00eb objektin e komun\u00ebs do ta ken\u00eb ashensorin p\u00ebr qasje m\u00eb t\u00eb leht\u00eb,<\/p>\n<p>Peci, e ka b\u00ebr\u00eb t\u00eb ditur k\u00ebt\u00eb p\u00ebrmes nj\u00eb postimi n\u00eb profilin e saj n\u00eb rrjetin social Facebook.<\/p>\n<p>Postimi i tij i plot\u00eb:<\/p>\n<p>Mir\u00ebm\u00ebngjesi<\/p>\n<p>Nga sot, personat me nevoja t\u00eb ve\u00e7anta tashm\u00eb n\u00eb objektin e komun\u00ebs e kan\u00eb ashensorin p\u00ebr qasje m\u00eb t\u00eb leht\u00eb.<br \/>\nPrika\u017ei rje\u010dnik<br \/>\n437<br \/>\n\u041f\u0440\u0438\u0448\u0442\u0438\u043d\u0430, 27. \u0430\u043f\u0440\u0438\u043b 2026. 9:24<\/p>\n<p>\u0413\u0440\u0430\u0434\u043e\u043d\u0430\u0447\u0435\u043b\u043d\u0438\u043a \u0408\u0443\u0436\u043d\u0435 \u041c\u0438\u0442\u0440\u043e\u0432\u0438\u0446\u0435, \u0424\u0430\u0442\u043e\u043d \u041f\u0435\u0446\u0438, \u043d\u0430\u0437\u043d\u0430\u0447\u0438\u043e \u0458\u0435 \u0434\u0430 \u045b\u0435 \u043e\u0434 \u0441\u0430\u0434\u0430 \u043e\u0441\u043e\u0431\u0435 \u0441\u0430 \u043f\u043e\u0441\u0435\u0431\u043d\u0438\u043c \u043f\u043e\u0442\u0440\u0435\u0431\u0430\u043c\u0430 \u0443 \u043e\u043f\u0448\u0442\u0438\u043d\u0441\u043a\u043e\u0458 \u0437\u0433\u0440\u0430\u0434\u0438 \u0438\u043c\u0430\u0442\u0438 \u043b\u0438\u0444\u0442 \u0440\u0430\u0434\u0438 \u043b\u0430\u043a\u0448\u0435\u0433 \u043f\u0440\u0438\u0441\u0442\u0443\u043f\u0430.<\/p>\n<p>\u041f\u0435\u0446\u0438 \u0458\u0435 \u043e\u0432\u043e \u043e\u0431\u0458\u0430\u0432\u0438\u043b\u0430 \u043f\u0443\u0442\u0435\u043c \u043e\u0431\u0458\u0430\u0432\u0435 \u043d\u0430 \u0441\u0432\u043e\u043c \u043f\u0440\u043e\u0444\u0438\u043b\u0443 \u043d\u0430 \u0434\u0440\u0443\u0448\u0442\u0432\u0435\u043d\u043e\u0458 \u043c\u0440\u0435\u0436\u0438 \u0424\u0435\u0458\u0441\u0431\u0443\u043a.<\/p>\n<p>\u040a\u0435\u0433\u043e\u0432\u0430 \u0446\u0435\u043b\u0430 \u043e\u0431\u0458\u0430\u0432\u0430:<\/p>\n<p>\u0414\u043e\u0431\u0440\u043e \u0458\u0443\u0442\u0440\u043e<\/p>\n<p>\u041e\u0434 \u0434\u0430\u043d\u0430\u0441 \u043e\u0441\u043e\u0431\u0435 \u0441\u0430 \u043f\u043e\u0441\u0435\u0431\u043d\u0438\u043c \u043f\u043e\u0442\u0440\u0435\u0431\u0430\u043c\u0430 \u0441\u0430\u0434\u0430 \u0438\u043c\u0430\u0458\u0443 \u043b\u0438\u0444\u0442 \u0440\u0430\u0434\u0438 \u043b\u0430\u043a\u0448\u0435\u0433 \u043f\u0440\u0438\u0441\u0442\u0443\u043f\u0430 \u043e\u043f\u0448\u0442\u0438\u043d\u0441\u043a\u043e\u0458 \u0437\u0433\u0440\u0430\u0434\u0438.<br \/>\nPri\u0161tina, 27. april 2026. 9:24<\/p>\n<p>Gradona\u010delnik Ju\u017ene Mitrovice, Faton Peci, nazna\u010dio je da c\u0301e od sada osobe sa posebnim potrebama u op\u0161tinskoj zgradi imati lift radi lak\u0161eg pristupa.<\/p>\n<p>Peci je ovo objavila putem objave na svom profilu na dru\u0161tvenoj mre\u017ei Fejsbuk.<\/p>\n<p>Njegova cela objava:<\/p>\n<p>Dobro jutro<\/p>\n<p>Od danas osobe sa posebnim potrebama sada imaju lift radi lak\u0161eg pristupa op\u0161tinskoj zgradi.<\/p>\n","protected":false},"excerpt":{"rendered":"<p>albanski srpski Prishtin\u00eb 27 Prill 2026 9:24 Kryetari i Mitrovic\u00ebs s\u00eb Jugut, Faton Peci ka treguar se nga tani personave me nevoja t\u00eb ve\u00e7anta n\u00eb<\/p>\n","protected":false},"author":6,"featured_media":45182,"comment_status":"open","ping_status":"open","sticky":false,"template":"","format":"standard","meta":{"footnotes":""},"categories":[32],"tags":[],"class_list":["post-45181","post","type-post","status-publish","format-standard","has-post-thumbnail","hentry","category-opstine"],"yoast_head":"<!-- This site is optimized with the Yoast SEO plugin v25.3.1 - https:\/\/yoast.com\/wordpress\/plugins\/seo\/ -->\n<title>Pec\u0301: Op\u0161tinska zgrada sada ima lift za osobe sa posebnim potrebama -<\/title>\n<meta name=\"robots\" content=\"index, follow, max-snippet:-1, max-image-preview:large, max-video-preview:-1\" \/>\n<link rel=\"canonical\" href=\"https:\/\/veritasinfo.org\/?p=45181&lang=sr\" \/>\n<meta property=\"og:locale\" content=\"en_US\" \/>\n<meta property=\"og:type\" content=\"article\" \/>\n<meta property=\"og:title\" content=\"Pec\u0301: Op\u0161tinska zgrada sada ima lift za osobe sa posebnim potrebama -\" \/>\n<meta property=\"og:description\" content=\"albanski srpski Prishtin\u00eb 27 Prill 2026 9:24 Kryetari i Mitrovic\u00ebs s\u00eb Jugut, Faton Peci ka treguar se nga tani personave me nevoja t\u00eb ve\u00e7anta n\u00eb\" \/>\n<meta property=\"og:url\" content=\"https:\/\/veritasinfo.org\/?p=45181&amp;lang=sr\" \/>\n<meta property=\"article:published_time\" content=\"2026-04-27T07:27:09+00:00\" \/>\n<meta property=\"og:image\" content=\"https:\/\/veritasinfo.org\/wp-content\/uploads\/2026\/04\/nnnnn-1.jpg\" \/>\n\t<meta property=\"og:image:width\" content=\"680\" \/>\n\t<meta property=\"og:image:height\" content=\"373\" \/>\n\t<meta property=\"og:image:type\" content=\"image\/jpeg\" \/>\n<meta name=\"author\" content=\"US5\" \/>\n<meta name=\"twitter:card\" content=\"summary_large_image\" \/>\n<meta name=\"twitter:label1\" content=\"Written by\" \/>\n\t<meta name=\"twitter:data1\" content=\"US5\" \/>\n<script type=\"application\/ld+json\" class=\"yoast-schema-graph\">{\"@context\":\"https:\/\/schema.org\",\"@graph\":[{\"@type\":\"WebPage\",\"@id\":\"https:\/\/veritasinfo.org\/?p=45181&lang=sr\",\"url\":\"https:\/\/veritasinfo.org\/?p=45181&lang=sr\",\"name\":\"Pec\u0301: Op\u0161tinska zgrada sada ima lift za osobe sa posebnim potrebama -\",\"isPartOf\":{\"@id\":\"https:\/\/veritasinfo.org\/#website\"},\"primaryImageOfPage\":{\"@id\":\"https:\/\/veritasinfo.org\/?p=45181&lang=sr#primaryimage\"},\"image\":{\"@id\":\"https:\/\/veritasinfo.org\/?p=45181&lang=sr#primaryimage\"},\"thumbnailUrl\":\"https:\/\/veritasinfo.org\/wp-content\/uploads\/2026\/04\/nnnnn-1.jpg\",\"datePublished\":\"2026-04-27T07:27:09+00:00\",\"author\":{\"@id\":\"https:\/\/veritasinfo.org\/#\/schema\/person\/bc442336e35414d04494ab8fb45db4c6\"},\"breadcrumb\":{\"@id\":\"https:\/\/veritasinfo.org\/?p=45181&lang=sr#breadcrumb\"},\"inLanguage\":\"en-US\",\"potentialAction\":[{\"@type\":\"ReadAction\",\"target\":[\"https:\/\/veritasinfo.org\/?p=45181&lang=sr\"]}]},{\"@type\":\"ImageObject\",\"inLanguage\":\"en-US\",\"@id\":\"https:\/\/veritasinfo.org\/?p=45181&lang=sr#primaryimage\",\"url\":\"https:\/\/veritasinfo.org\/wp-content\/uploads\/2026\/04\/nnnnn-1.jpg\",\"contentUrl\":\"https:\/\/veritasinfo.org\/wp-content\/uploads\/2026\/04\/nnnnn-1.jpg\",\"width\":680,\"height\":373},{\"@type\":\"BreadcrumbList\",\"@id\":\"https:\/\/veritasinfo.org\/?p=45181&lang=sr#breadcrumb\",\"itemListElement\":[{\"@type\":\"ListItem\",\"position\":1,\"name\":\"Home\",\"item\":\"https:\/\/veritasinfo.org\/\"},{\"@type\":\"ListItem\",\"position\":2,\"name\":\"Pec\u0301: Op\u0161tinska zgrada sada ima lift za osobe sa posebnim potrebama\"}]},{\"@type\":\"WebSite\",\"@id\":\"https:\/\/veritasinfo.org\/#website\",\"url\":\"https:\/\/veritasinfo.org\/\",\"name\":\"\",\"description\":\"\",\"potentialAction\":[{\"@type\":\"SearchAction\",\"target\":{\"@type\":\"EntryPoint\",\"urlTemplate\":\"https:\/\/veritasinfo.org\/?s={search_term_string}\"},\"query-input\":{\"@type\":\"PropertyValueSpecification\",\"valueRequired\":true,\"valueName\":\"search_term_string\"}}],\"inLanguage\":\"en-US\"},{\"@type\":\"Person\",\"@id\":\"https:\/\/veritasinfo.org\/#\/schema\/person\/bc442336e35414d04494ab8fb45db4c6\",\"name\":\"US5\",\"image\":{\"@type\":\"ImageObject\",\"inLanguage\":\"en-US\",\"@id\":\"https:\/\/veritasinfo.org\/#\/schema\/person\/image\/\",\"url\":\"https:\/\/secure.gravatar.com\/avatar\/16a61e7272a0c5d001121ebb9e60e925d5816e4ac1e443ed3e640d9a6ae55d0c?s=96&d=mm&r=g\",\"contentUrl\":\"https:\/\/secure.gravatar.com\/avatar\/16a61e7272a0c5d001121ebb9e60e925d5816e4ac1e443ed3e640d9a6ae55d0c?s=96&d=mm&r=g\",\"caption\":\"US5\"},\"url\":\"https:\/\/veritasinfo.org\/?author=6\"}]}<\/script>\n<!-- \/ Yoast SEO plugin. -->","yoast_head_json":{"title":"Pec\u0301: Op\u0161tinska zgrada sada ima lift za osobe sa posebnim potrebama -","robots":{"index":"index","follow":"follow","max-snippet":"max-snippet:-1","max-image-preview":"max-image-preview:large","max-video-preview":"max-video-preview:-1"},"canonical":"https:\/\/veritasinfo.org\/?p=45181&lang=sr","og_locale":"en_US","og_type":"article","og_title":"Pec\u0301: Op\u0161tinska zgrada sada ima lift za osobe sa posebnim potrebama -","og_description":"albanski srpski Prishtin\u00eb 27 Prill 2026 9:24 Kryetari i Mitrovic\u00ebs s\u00eb Jugut, Faton Peci ka treguar se nga tani personave me nevoja t\u00eb ve\u00e7anta n\u00eb","og_url":"https:\/\/veritasinfo.org\/?p=45181&lang=sr","article_published_time":"2026-04-27T07:27:09+00:00","og_image":[{"width":680,"height":373,"url":"https:\/\/veritasinfo.org\/wp-content\/uploads\/2026\/04\/nnnnn-1.jpg","type":"image\/jpeg"}],"author":"US5","twitter_card":"summary_large_image","twitter_misc":{"Written by":"US5"},"schema":{"@context":"https:\/\/schema.org","@graph":[{"@type":"WebPage","@id":"https:\/\/veritasinfo.org\/?p=45181&lang=sr","url":"https:\/\/veritasinfo.org\/?p=45181&lang=sr","name":"Pec\u0301: Op\u0161tinska zgrada sada ima lift za osobe sa posebnim potrebama -","isPartOf":{"@id":"https:\/\/veritasinfo.org\/#website"},"primaryImageOfPage":{"@id":"https:\/\/veritasinfo.org\/?p=45181&lang=sr#primaryimage"},"image":{"@id":"https:\/\/veritasinfo.org\/?p=45181&lang=sr#primaryimage"},"thumbnailUrl":"https:\/\/veritasinfo.org\/wp-content\/uploads\/2026\/04\/nnnnn-1.jpg","datePublished":"2026-04-27T07:27:09+00:00","author":{"@id":"https:\/\/veritasinfo.org\/#\/schema\/person\/bc442336e35414d04494ab8fb45db4c6"},"breadcrumb":{"@id":"https:\/\/veritasinfo.org\/?p=45181&lang=sr#breadcrumb"},"inLanguage":"en-US","potentialAction":[{"@type":"ReadAction","target":["https:\/\/veritasinfo.org\/?p=45181&lang=sr"]}]},{"@type":"ImageObject","inLanguage":"en-US","@id":"https:\/\/veritasinfo.org\/?p=45181&lang=sr#primaryimage","url":"https:\/\/veritasinfo.org\/wp-content\/uploads\/2026\/04\/nnnnn-1.jpg","contentUrl":"https:\/\/veritasinfo.org\/wp-content\/uploads\/2026\/04\/nnnnn-1.jpg","width":680,"height":373},{"@type":"BreadcrumbList","@id":"https:\/\/veritasinfo.org\/?p=45181&lang=sr#breadcrumb","itemListElement":[{"@type":"ListItem","position":1,"name":"Home","item":"https:\/\/veritasinfo.org\/"},{"@type":"ListItem","position":2,"name":"Pec\u0301: Op\u0161tinska zgrada sada ima lift za osobe sa posebnim potrebama"}]},{"@type":"WebSite","@id":"https:\/\/veritasinfo.org\/#website","url":"https:\/\/veritasinfo.org\/","name":"","description":"","potentialAction":[{"@type":"SearchAction","target":{"@type":"EntryPoint","urlTemplate":"https:\/\/veritasinfo.org\/?s={search_term_string}"},"query-input":{"@type":"PropertyValueSpecification","valueRequired":true,"valueName":"search_term_string"}}],"inLanguage":"en-US"},{"@type":"Person","@id":"https:\/\/veritasinfo.org\/#\/schema\/person\/bc442336e35414d04494ab8fb45db4c6","name":"US5","image":{"@type":"ImageObject","inLanguage":"en-US","@id":"https:\/\/veritasinfo.org\/#\/schema\/person\/image\/","url":"https:\/\/secure.gravatar.com\/avatar\/16a61e7272a0c5d001121ebb9e60e925d5816e4ac1e443ed3e640d9a6ae55d0c?s=96&d=mm&r=g","contentUrl":"https:\/\/secure.gravatar.com\/avatar\/16a61e7272a0c5d001121ebb9e60e925d5816e4ac1e443ed3e640d9a6ae55d0c?s=96&d=mm&r=g","caption":"US5"},"url":"https:\/\/veritasinfo.org\/?author=6"}]}},"featured_image_urls":{"full":["https:\/\/veritasinfo.org\/wp-content\/uploads\/2026\/04\/nnnnn-1.jpg",680,373,false],"thumbnail":["https:\/\/veritasinfo.org\/wp-content\/uploads\/2026\/04\/nnnnn-1-150x150.jpg",150,150,true],"medium":["https:\/\/veritasinfo.org\/wp-content\/uploads\/2026\/04\/nnnnn-1-300x165.jpg",300,165,true],"medium_large":["https:\/\/veritasinfo.org\/wp-content\/uploads\/2026\/04\/nnnnn-1.jpg",640,351,false],"large":["https:\/\/veritasinfo.org\/wp-content\/uploads\/2026\/04\/nnnnn-1.jpg",640,351,false],"1536x1536":["https:\/\/veritasinfo.org\/wp-content\/uploads\/2026\/04\/nnnnn-1.jpg",680,373,false],"2048x2048":["https:\/\/veritasinfo.org\/wp-content\/uploads\/2026\/04\/nnnnn-1.jpg",680,373,false],"kreeti-slider-full":["https:\/\/veritasinfo.org\/wp-content\/uploads\/2026\/04\/nnnnn-1.jpg",680,373,false],"kreeti-featured":["https:\/\/veritasinfo.org\/wp-content\/uploads\/2026\/04\/nnnnn-1.jpg",680,373,false],"kreeti-medium":["https:\/\/veritasinfo.org\/wp-content\/uploads\/2026\/04\/nnnnn-1.jpg",680,373,false],"kreeti-medium-square":["https:\/\/veritasinfo.org\/wp-content\/uploads\/2026\/04\/nnnnn-1-350x350.jpg",350,350,true]},"author_info":{"info":["US5"]},"category_info":"<a href=\"https:\/\/veritasinfo.org\/?cat=32&#038;lang=sr\" rel=\"category\">Op\u0161tine<\/a>","tag_info":"Op\u0161tine","comment_count":"0","_links":{"self":[{"href":"https:\/\/veritasinfo.org\/index.php?rest_route=\/wp\/v2\/posts\/45181","targetHints":{"allow":["GET"]}}],"collection":[{"href":"https:\/\/veritasinfo.org\/index.php?rest_route=\/wp\/v2\/posts"}],"about":[{"href":"https:\/\/veritasinfo.org\/index.php?rest_route=\/wp\/v2\/types\/post"}],"author":[{"embeddable":true,"href":"https:\/\/veritasinfo.org\/index.php?rest_route=\/wp\/v2\/users\/6"}],"replies":[{"embeddable":true,"href":"https:\/\/veritasinfo.org\/index.php?rest_route=%2Fwp%2Fv2%2Fcomments&post=45181"}],"version-history":[{"count":1,"href":"https:\/\/veritasinfo.org\/index.php?rest_route=\/wp\/v2\/posts\/45181\/revisions"}],"predecessor-version":[{"id":45183,"href":"https:\/\/veritasinfo.org\/index.php?rest_route=\/wp\/v2\/posts\/45181\/revisions\/45183"}],"wp:featuredmedia":[{"embeddable":true,"href":"https:\/\/veritasinfo.org\/index.php?rest_route=\/wp\/v2\/media\/45182"}],"wp:attachment":[{"href":"https:\/\/veritasinfo.org\/index.php?rest_route=%2Fwp%2Fv2%2Fmedia&parent=45181"}],"wp:term":[{"taxonomy":"category","embeddable":true,"href":"https:\/\/veritasinfo.org\/index.php?rest_route=%2Fwp%2Fv2%2Fcategories&post=45181"},{"taxonomy":"post_tag","embeddable":true,"href":"https:\/\/veritasinfo.org\/index.php?rest_route=%2Fwp%2Fv2%2Ftags&post=45181"}],"curies":[{"name":"wp","href":"https:\/\/api.w.org\/{rel}","templated":true}]}}