{"id":45167,"date":"2026-04-27T08:32:08","date_gmt":"2026-04-27T06:32:08","guid":{"rendered":"https:\/\/veritasinfo.org\/?p=45167"},"modified":"2026-04-27T08:32:08","modified_gmt":"2026-04-27T06:32:08","slug":"27-april-donosi-otvorene-rane-preko-1-600-ljudi-se-i-dalje-vodi-kao-nestalo-srbija-cuti","status":"publish","type":"post","link":"https:\/\/veritasinfo.org\/?p=45167&lang=sr","title":{"rendered":"27. april donosi otvorene rane: preko 1.600 ljudi se i dalje vodi kao nestalo, Srbija c\u0301uti"},"content":{"rendered":"<p>Pri\u0161tina. 27. april 2026. 08:29<\/p>\n<p>Danas, 27. aprila, na Nacionalni dan nestalih lica na Kosovu, pa\u017enja se vrac\u0301a na jednu od najozbiljnijih rana posleratnog perioda, koja i dalje ostaje nezaceljena za hiljade albanskih porodica. Ovaj dan obele\u017eava \u017ertve prisilnog nestanka tokom rata 1998\u20131999, ali pre svega otkriva kontinuirani neuspeh u razja\u0161njavanju njihove sudbine.<\/p>\n<p>Prema zvani\u010dnim podacima, preko 1.600 ljudi se i dalje smatra nestalim iz rata na Kosovu, brojka koja je ostala gotovo nepromenjena tokom godina, uprkos institucionalnim i me\u0111unarodnim naporima.<\/p>\n<p>Ova gorka realnost nije samo posledica vremena, vec\u0301 je direktno povezana sa nedostatkom politi\u010dke volje Srbije da razjasni zlo\u010dine iz pro\u0161losti. Iako su masovne grobnice prona\u0111ene na teritoriji Srbije, srpske vlasti i dalje odbijaju da u potpunosti otvore arhive i pru\u017ee klju\u010dne informacije o tome gde se nalaze nestali.<\/p>\n<p>U skora\u0161njim izve\u0161tajima, porodice nestalih osoba tako\u0111e razmatraju me\u0111unarodnu pravdu kao poslednji poku\u0161aj da se srpska dr\u017eava pozove na odgovornost. Ovo dolazi kao rezultat kontinuirane blokade i pristupa koji se smatra namernim da se proces odugovla\u010di i izbegne odgovornost.<\/p>\n<p>Uprkos sporazumima postignutim u okviru dijaloga izme\u0111u Kosova i Srbije, uklju\u010dujuc\u0301i Deklaraciju o nestalim osobama, u praksi nije postignut stvarni napredak. Kosovske institucije i me\u0111unarodne organizacije su vi\u0161e puta isticale da nedostatak saradnje i odbijanje Srbije da omoguc\u0301i pristup sumnjivim dokumentima i lokacijama ostaje glavna prepreka za razja\u0161njavanje sudbine nestalih.<\/p>\n<p>Na ovaj dan sec\u0301anja, bol porodica je sve\u017e kao i pre 25 godina. Oni tra\u017ee ni\u0161ta vi\u0161e od osnovnog prava da saznaju istinu, prava koje im se i dalje uskrac\u0301uje.<\/p>\n<p>U me\u0111uvremenu, istorijska i moralna odgovornost te\u0161ko opterec\u0301uje Srbiju, koja, sve dok se ne suo\u010di sa svojom pro\u0161lo\u0161c\u0301u i ne otvori svoje arhive, ostaje glavna prepreka pravdi i pomirenju u regionu.<\/p>\n<p>Umesto transparentnosti, c\u0301utanje se nastavlja, a to c\u0301utanje je ozbiljno kao i sam zlo\u010din<\/p>\n","protected":false},"excerpt":{"rendered":"<p>Pri\u0161tina. 27. april 2026. 08:29 Danas, 27. aprila, na Nacionalni dan nestalih lica na Kosovu, pa\u017enja se vrac\u0301a na jednu od najozbiljnijih rana posleratnog perioda,<\/p>\n","protected":false},"author":7,"featured_media":45168,"comment_status":"open","ping_status":"open","sticky":false,"template":"","format":"standard","meta":{"footnotes":""},"categories":[30],"tags":[],"class_list":["post-45167","post","type-post","status-publish","format-standard","has-post-thumbnail","hentry","category-drustvo"],"yoast_head":"<!-- This site is optimized with the Yoast SEO plugin v25.3.1 - https:\/\/yoast.com\/wordpress\/plugins\/seo\/ -->\n<title>27. april donosi otvorene rane: preko 1.600 ljudi se i dalje vodi kao nestalo, Srbija c\u0301uti -<\/title>\n<meta name=\"robots\" content=\"index, follow, max-snippet:-1, max-image-preview:large, max-video-preview:-1\" \/>\n<link rel=\"canonical\" href=\"https:\/\/veritasinfo.org\/?p=45167&lang=sr\" \/>\n<meta property=\"og:locale\" content=\"en_US\" \/>\n<meta property=\"og:type\" content=\"article\" \/>\n<meta property=\"og:title\" content=\"27. april donosi otvorene rane: preko 1.600 ljudi se i dalje vodi kao nestalo, Srbija c\u0301uti -\" \/>\n<meta property=\"og:description\" content=\"Pri\u0161tina. 27. april 2026. 08:29 Danas, 27. aprila, na Nacionalni dan nestalih lica na Kosovu, pa\u017enja se vrac\u0301a na jednu od najozbiljnijih rana posleratnog perioda,\" \/>\n<meta property=\"og:url\" content=\"https:\/\/veritasinfo.org\/?p=45167&amp;lang=sr\" \/>\n<meta property=\"article:published_time\" content=\"2026-04-27T06:32:08+00:00\" \/>\n<meta property=\"og:image\" content=\"https:\/\/veritasinfo.org\/wp-content\/uploads\/2026\/04\/te-pagjeturit-kosove-780x439-1-1.jpg\" \/>\n\t<meta property=\"og:image:width\" content=\"780\" \/>\n\t<meta property=\"og:image:height\" content=\"439\" \/>\n\t<meta property=\"og:image:type\" content=\"image\/jpeg\" \/>\n<meta name=\"author\" content=\"US6\" \/>\n<meta name=\"twitter:card\" content=\"summary_large_image\" \/>\n<meta name=\"twitter:label1\" content=\"Written by\" \/>\n\t<meta name=\"twitter:data1\" content=\"US6\" \/>\n\t<meta name=\"twitter:label2\" content=\"Est. reading time\" \/>\n\t<meta name=\"twitter:data2\" content=\"2 minutes\" \/>\n<script type=\"application\/ld+json\" class=\"yoast-schema-graph\">{\"@context\":\"https:\/\/schema.org\",\"@graph\":[{\"@type\":\"WebPage\",\"@id\":\"https:\/\/veritasinfo.org\/?p=45167&lang=sr\",\"url\":\"https:\/\/veritasinfo.org\/?p=45167&lang=sr\",\"name\":\"27. april donosi otvorene rane: preko 1.600 ljudi se i dalje vodi kao nestalo, Srbija c\u0301uti -\",\"isPartOf\":{\"@id\":\"https:\/\/veritasinfo.org\/#website\"},\"primaryImageOfPage\":{\"@id\":\"https:\/\/veritasinfo.org\/?p=45167&lang=sr#primaryimage\"},\"image\":{\"@id\":\"https:\/\/veritasinfo.org\/?p=45167&lang=sr#primaryimage\"},\"thumbnailUrl\":\"https:\/\/veritasinfo.org\/wp-content\/uploads\/2026\/04\/te-pagjeturit-kosove-780x439-1-1.jpg\",\"datePublished\":\"2026-04-27T06:32:08+00:00\",\"author\":{\"@id\":\"https:\/\/veritasinfo.org\/#\/schema\/person\/fe199eede04c3937362892b7444747cc\"},\"breadcrumb\":{\"@id\":\"https:\/\/veritasinfo.org\/?p=45167&lang=sr#breadcrumb\"},\"inLanguage\":\"en-US\",\"potentialAction\":[{\"@type\":\"ReadAction\",\"target\":[\"https:\/\/veritasinfo.org\/?p=45167&lang=sr\"]}]},{\"@type\":\"ImageObject\",\"inLanguage\":\"en-US\",\"@id\":\"https:\/\/veritasinfo.org\/?p=45167&lang=sr#primaryimage\",\"url\":\"https:\/\/veritasinfo.org\/wp-content\/uploads\/2026\/04\/te-pagjeturit-kosove-780x439-1-1.jpg\",\"contentUrl\":\"https:\/\/veritasinfo.org\/wp-content\/uploads\/2026\/04\/te-pagjeturit-kosove-780x439-1-1.jpg\",\"width\":780,\"height\":439},{\"@type\":\"BreadcrumbList\",\"@id\":\"https:\/\/veritasinfo.org\/?p=45167&lang=sr#breadcrumb\",\"itemListElement\":[{\"@type\":\"ListItem\",\"position\":1,\"name\":\"Home\",\"item\":\"https:\/\/veritasinfo.org\/\"},{\"@type\":\"ListItem\",\"position\":2,\"name\":\"27. april donosi otvorene rane: preko 1.600 ljudi se i dalje vodi kao nestalo, Srbija c\u0301uti\"}]},{\"@type\":\"WebSite\",\"@id\":\"https:\/\/veritasinfo.org\/#website\",\"url\":\"https:\/\/veritasinfo.org\/\",\"name\":\"\",\"description\":\"\",\"potentialAction\":[{\"@type\":\"SearchAction\",\"target\":{\"@type\":\"EntryPoint\",\"urlTemplate\":\"https:\/\/veritasinfo.org\/?s={search_term_string}\"},\"query-input\":{\"@type\":\"PropertyValueSpecification\",\"valueRequired\":true,\"valueName\":\"search_term_string\"}}],\"inLanguage\":\"en-US\"},{\"@type\":\"Person\",\"@id\":\"https:\/\/veritasinfo.org\/#\/schema\/person\/fe199eede04c3937362892b7444747cc\",\"name\":\"US6\",\"image\":{\"@type\":\"ImageObject\",\"inLanguage\":\"en-US\",\"@id\":\"https:\/\/veritasinfo.org\/#\/schema\/person\/image\/\",\"url\":\"https:\/\/secure.gravatar.com\/avatar\/cb16c3c31c9d23b9b8c705964598220b3014e42ff51eb540ff23cefa3ae8c15f?s=96&d=mm&r=g\",\"contentUrl\":\"https:\/\/secure.gravatar.com\/avatar\/cb16c3c31c9d23b9b8c705964598220b3014e42ff51eb540ff23cefa3ae8c15f?s=96&d=mm&r=g\",\"caption\":\"US6\"},\"url\":\"https:\/\/veritasinfo.org\/?author=7\"}]}<\/script>\n<!-- \/ Yoast SEO plugin. -->","yoast_head_json":{"title":"27. april donosi otvorene rane: preko 1.600 ljudi se i dalje vodi kao nestalo, Srbija c\u0301uti -","robots":{"index":"index","follow":"follow","max-snippet":"max-snippet:-1","max-image-preview":"max-image-preview:large","max-video-preview":"max-video-preview:-1"},"canonical":"https:\/\/veritasinfo.org\/?p=45167&lang=sr","og_locale":"en_US","og_type":"article","og_title":"27. april donosi otvorene rane: preko 1.600 ljudi se i dalje vodi kao nestalo, Srbija c\u0301uti -","og_description":"Pri\u0161tina. 27. april 2026. 08:29 Danas, 27. aprila, na Nacionalni dan nestalih lica na Kosovu, pa\u017enja se vrac\u0301a na jednu od najozbiljnijih rana posleratnog perioda,","og_url":"https:\/\/veritasinfo.org\/?p=45167&lang=sr","article_published_time":"2026-04-27T06:32:08+00:00","og_image":[{"width":780,"height":439,"url":"https:\/\/veritasinfo.org\/wp-content\/uploads\/2026\/04\/te-pagjeturit-kosove-780x439-1-1.jpg","type":"image\/jpeg"}],"author":"US6","twitter_card":"summary_large_image","twitter_misc":{"Written by":"US6","Est. reading time":"2 minutes"},"schema":{"@context":"https:\/\/schema.org","@graph":[{"@type":"WebPage","@id":"https:\/\/veritasinfo.org\/?p=45167&lang=sr","url":"https:\/\/veritasinfo.org\/?p=45167&lang=sr","name":"27. april donosi otvorene rane: preko 1.600 ljudi se i dalje vodi kao nestalo, Srbija c\u0301uti -","isPartOf":{"@id":"https:\/\/veritasinfo.org\/#website"},"primaryImageOfPage":{"@id":"https:\/\/veritasinfo.org\/?p=45167&lang=sr#primaryimage"},"image":{"@id":"https:\/\/veritasinfo.org\/?p=45167&lang=sr#primaryimage"},"thumbnailUrl":"https:\/\/veritasinfo.org\/wp-content\/uploads\/2026\/04\/te-pagjeturit-kosove-780x439-1-1.jpg","datePublished":"2026-04-27T06:32:08+00:00","author":{"@id":"https:\/\/veritasinfo.org\/#\/schema\/person\/fe199eede04c3937362892b7444747cc"},"breadcrumb":{"@id":"https:\/\/veritasinfo.org\/?p=45167&lang=sr#breadcrumb"},"inLanguage":"en-US","potentialAction":[{"@type":"ReadAction","target":["https:\/\/veritasinfo.org\/?p=45167&lang=sr"]}]},{"@type":"ImageObject","inLanguage":"en-US","@id":"https:\/\/veritasinfo.org\/?p=45167&lang=sr#primaryimage","url":"https:\/\/veritasinfo.org\/wp-content\/uploads\/2026\/04\/te-pagjeturit-kosove-780x439-1-1.jpg","contentUrl":"https:\/\/veritasinfo.org\/wp-content\/uploads\/2026\/04\/te-pagjeturit-kosove-780x439-1-1.jpg","width":780,"height":439},{"@type":"BreadcrumbList","@id":"https:\/\/veritasinfo.org\/?p=45167&lang=sr#breadcrumb","itemListElement":[{"@type":"ListItem","position":1,"name":"Home","item":"https:\/\/veritasinfo.org\/"},{"@type":"ListItem","position":2,"name":"27. april donosi otvorene rane: preko 1.600 ljudi se i dalje vodi kao nestalo, Srbija c\u0301uti"}]},{"@type":"WebSite","@id":"https:\/\/veritasinfo.org\/#website","url":"https:\/\/veritasinfo.org\/","name":"","description":"","potentialAction":[{"@type":"SearchAction","target":{"@type":"EntryPoint","urlTemplate":"https:\/\/veritasinfo.org\/?s={search_term_string}"},"query-input":{"@type":"PropertyValueSpecification","valueRequired":true,"valueName":"search_term_string"}}],"inLanguage":"en-US"},{"@type":"Person","@id":"https:\/\/veritasinfo.org\/#\/schema\/person\/fe199eede04c3937362892b7444747cc","name":"US6","image":{"@type":"ImageObject","inLanguage":"en-US","@id":"https:\/\/veritasinfo.org\/#\/schema\/person\/image\/","url":"https:\/\/secure.gravatar.com\/avatar\/cb16c3c31c9d23b9b8c705964598220b3014e42ff51eb540ff23cefa3ae8c15f?s=96&d=mm&r=g","contentUrl":"https:\/\/secure.gravatar.com\/avatar\/cb16c3c31c9d23b9b8c705964598220b3014e42ff51eb540ff23cefa3ae8c15f?s=96&d=mm&r=g","caption":"US6"},"url":"https:\/\/veritasinfo.org\/?author=7"}]}},"featured_image_urls":{"full":["https:\/\/veritasinfo.org\/wp-content\/uploads\/2026\/04\/te-pagjeturit-kosove-780x439-1-1.jpg",780,439,false],"thumbnail":["https:\/\/veritasinfo.org\/wp-content\/uploads\/2026\/04\/te-pagjeturit-kosove-780x439-1-1-150x150.jpg",150,150,true],"medium":["https:\/\/veritasinfo.org\/wp-content\/uploads\/2026\/04\/te-pagjeturit-kosove-780x439-1-1-300x169.jpg",300,169,true],"medium_large":["https:\/\/veritasinfo.org\/wp-content\/uploads\/2026\/04\/te-pagjeturit-kosove-780x439-1-1-768x432.jpg",640,360,true],"large":["https:\/\/veritasinfo.org\/wp-content\/uploads\/2026\/04\/te-pagjeturit-kosove-780x439-1-1.jpg",640,360,false],"1536x1536":["https:\/\/veritasinfo.org\/wp-content\/uploads\/2026\/04\/te-pagjeturit-kosove-780x439-1-1.jpg",780,439,false],"2048x2048":["https:\/\/veritasinfo.org\/wp-content\/uploads\/2026\/04\/te-pagjeturit-kosove-780x439-1-1.jpg",780,439,false],"kreeti-slider-full":["https:\/\/veritasinfo.org\/wp-content\/uploads\/2026\/04\/te-pagjeturit-kosove-780x439-1-1.jpg",780,439,false],"kreeti-featured":["https:\/\/veritasinfo.org\/wp-content\/uploads\/2026\/04\/te-pagjeturit-kosove-780x439-1-1.jpg",780,439,false],"kreeti-medium":["https:\/\/veritasinfo.org\/wp-content\/uploads\/2026\/04\/te-pagjeturit-kosove-780x439-1-1-720x439.jpg",720,439,true],"kreeti-medium-square":["https:\/\/veritasinfo.org\/wp-content\/uploads\/2026\/04\/te-pagjeturit-kosove-780x439-1-1-350x350.jpg",350,350,true]},"author_info":{"info":["US6"]},"category_info":"<a href=\"https:\/\/veritasinfo.org\/?cat=30&#038;lang=sr\" rel=\"category\">Dru\u0161tvo<\/a>","tag_info":"Dru\u0161tvo","comment_count":"0","_links":{"self":[{"href":"https:\/\/veritasinfo.org\/index.php?rest_route=\/wp\/v2\/posts\/45167","targetHints":{"allow":["GET"]}}],"collection":[{"href":"https:\/\/veritasinfo.org\/index.php?rest_route=\/wp\/v2\/posts"}],"about":[{"href":"https:\/\/veritasinfo.org\/index.php?rest_route=\/wp\/v2\/types\/post"}],"author":[{"embeddable":true,"href":"https:\/\/veritasinfo.org\/index.php?rest_route=\/wp\/v2\/users\/7"}],"replies":[{"embeddable":true,"href":"https:\/\/veritasinfo.org\/index.php?rest_route=%2Fwp%2Fv2%2Fcomments&post=45167"}],"version-history":[{"count":1,"href":"https:\/\/veritasinfo.org\/index.php?rest_route=\/wp\/v2\/posts\/45167\/revisions"}],"predecessor-version":[{"id":45169,"href":"https:\/\/veritasinfo.org\/index.php?rest_route=\/wp\/v2\/posts\/45167\/revisions\/45169"}],"wp:featuredmedia":[{"embeddable":true,"href":"https:\/\/veritasinfo.org\/index.php?rest_route=\/wp\/v2\/media\/45168"}],"wp:attachment":[{"href":"https:\/\/veritasinfo.org\/index.php?rest_route=%2Fwp%2Fv2%2Fmedia&parent=45167"}],"wp:term":[{"taxonomy":"category","embeddable":true,"href":"https:\/\/veritasinfo.org\/index.php?rest_route=%2Fwp%2Fv2%2Fcategories&post=45167"},{"taxonomy":"post_tag","embeddable":true,"href":"https:\/\/veritasinfo.org\/index.php?rest_route=%2Fwp%2Fv2%2Ftags&post=45167"}],"curies":[{"name":"wp","href":"https:\/\/api.w.org\/{rel}","templated":true}]}}