{"id":45164,"date":"2026-04-27T08:30:32","date_gmt":"2026-04-27T06:30:32","guid":{"rendered":"https:\/\/veritasinfo.org\/?p=45164"},"modified":"2026-04-27T08:30:32","modified_gmt":"2026-04-27T06:30:32","slug":"27-prilli-i-kujton-plaget-e-hapura-mbi-1600-persona-ende-te-zhdukur-serbia-vazhdon-te-heshte","status":"publish","type":"post","link":"https:\/\/veritasinfo.org\/?p=45164","title":{"rendered":"27 prilli i kujton plag\u00ebt e hapura: mbi 1,600 persona ende t\u00eb zhdukur, Serbia vazhdon t\u00eb hesht\u00eb"},"content":{"rendered":"<p><span style=\"font-size: 18px;\">Prishtin\u00eb. 27 prill 2026 08:29<\/span><\/p>\n<p><span style=\"font-size: 18px;\">Sot, m\u00eb 27 prill, n\u00eb Dit\u00ebn Komb\u00ebtare t\u00eb Personave t\u00eb Zhdukur n\u00eb Kosov\u00eb rikthehet n\u00eb v\u00ebmendje nj\u00eb nga plag\u00ebt m\u00eb t\u00eb r\u00ebnda t\u00eb pasluft\u00ebs, q\u00eb vazhdon t\u00eb mbetet e pambyllur p\u00ebr mij\u00ebra familje shqiptare. Kjo dit\u00eb p\u00ebrkujton viktimat e zhdukjes me dhun\u00eb gjat\u00eb luft\u00ebs s\u00eb viteve 1998\u20131999, por mbi t\u00eb gjitha ekspozon d\u00ebshtimin e vazhduesh\u00ebm p\u00ebr zbardhjen e fatit t\u00eb tyre.<\/span><\/p>\n<p><span style=\"font-size: 18px;\">Sipas t\u00eb dh\u00ebnave zyrtare, mbi 1,600 persona ende konsiderohen t\u00eb zhdukur nga lufta n\u00eb Kosov\u00eb, nj\u00eb shif\u00ebr q\u00eb mbetet pothuajse e pandryshuar nd\u00ebr vite, pavar\u00ebsisht p\u00ebrpjekjeve institucionale dhe nd\u00ebrkomb\u00ebtare. <\/span><br \/>\n<span style=\"font-size: 18px;\">Kjo realitet i hidhur nuk \u00ebsht\u00eb thjesht pasoj\u00eb e koh\u00ebs, por lidhet drejtp\u00ebrdrejt me munges\u00ebn e vullnetit politik nga Serbia p\u00ebr t\u00eb zbardhur krimet e s\u00eb kaluar\u00ebs. Edhe pse jan\u00eb gjetur varreza masive brenda territorit t\u00eb Serbis\u00eb, autoritetet serbe vazhdojn\u00eb t\u00eb refuzojn\u00eb hapjen e plot\u00eb t\u00eb arkivave dhe ofrimin e informacioneve ky\u00e7e p\u00ebr vendndodhjen e trupave t\u00eb zhdukur.<\/span><\/p>\n<p><span style=\"font-size: 18px;\">N\u00eb raportimet e fundit, familjar\u00ebt e personave t\u00eb zhdukur po shqyrtojn\u00eb edhe rrug\u00ebn e drejt\u00ebsis\u00eb nd\u00ebrkomb\u00ebtare, si nj\u00eb p\u00ebrpjekje e fundit p\u00ebr t\u00eb k\u00ebrkuar llogari nga shteti serb. Kjo vjen si pasoj\u00eb e nj\u00eb bllokade t\u00eb vazhdueshme dhe nj\u00eb qasje q\u00eb shihet si e q\u00ebllimshme p\u00ebr t\u00eb zvarritur procesin dhe p\u00ebr t\u00eb shmangur p\u00ebrgjegj\u00ebsin\u00eb.<\/span><\/p>\n<p><span style=\"font-size: 18px;\">P\u00ebrkund\u00ebr marr\u00ebveshjeve t\u00eb arritura n\u00eb kuad\u00ebr t\u00eb dialogut Kosov\u00eb\u2013Serbi, p\u00ebrfshir\u00eb edhe Deklarat\u00ebn p\u00ebr Personat e Zhdukur, n\u00eb praktik\u00eb nuk ka pasur progres real. Institucionet kosovare dhe organizatat nd\u00ebrkomb\u00ebtare kan\u00eb theksuar vazhdimisht se mosbashk\u00ebpunimi i Serbis\u00eb dhe refuzimi p\u00ebr qasje n\u00eb dokumente dhe lokacione t\u00eb dyshuara mbetet pengesa kryesore n\u00eb zbardhjen e fatit t\u00eb t\u00eb zhdukurve. <\/span><\/p>\n<p><span style=\"font-size: 18px;\">N\u00eb k\u00ebt\u00eb dit\u00eb p\u00ebrkujtimore, dhimbja e familjar\u00ebve \u00ebsht\u00eb po aq e fresk\u00ebt sa para 25 vjet\u00ebsh. Ata nuk k\u00ebrkojn\u00eb m\u00eb shum\u00eb se t\u00eb drejt\u00ebn elementare p\u00ebr t\u00eb ditur t\u00eb v\u00ebrtet\u00ebn, nj\u00eb e drejt\u00eb q\u00eb vazhdon t\u2019u mohohet.<\/span><\/p>\n<p><span style=\"font-size: 18px;\">Nd\u00ebrkoh\u00eb, p\u00ebrgjegj\u00ebsia historike dhe morale r\u00ebndon mbi Serbin\u00eb, e cila, p\u00ebr sa koh\u00eb nuk p\u00ebrballet me t\u00eb kaluar\u00ebn dhe nuk hap arkivat e saj, mbetet pengesa kryesore p\u00ebr drejt\u00ebsin\u00eb dhe pajtimin n\u00eb rajon. <\/span><\/p>\n<p><span style=\"font-size: 18px;\">N\u00eb vend t\u00eb transparenc\u00ebs, vazhdon heshtja, dhe kjo heshtje \u00ebsht\u00eb po aq e r\u00ebnd\u00eb sa vet\u00eb krimi.<\/span><br \/>\n<!--\/data\/user\/0\/com.samsung.android.app.notes\/files\/clipdata\/clipdata_bodytext_260427_082750_883.sdocx--><\/p>\n","protected":false},"excerpt":{"rendered":"<p>Prishtin\u00eb. 27 prill 2026 08:29 Sot, m\u00eb 27 prill, n\u00eb Dit\u00ebn Komb\u00ebtare t\u00eb Personave t\u00eb Zhdukur n\u00eb Kosov\u00eb rikthehet n\u00eb v\u00ebmendje nj\u00eb nga plag\u00ebt m\u00eb<\/p>\n","protected":false},"author":7,"featured_media":45165,"comment_status":"open","ping_status":"open","sticky":false,"template":"","format":"standard","meta":{"footnotes":""},"categories":[60],"tags":[],"class_list":["post-45164","post","type-post","status-publish","format-standard","has-post-thumbnail","hentry","category-shoqerore-sq"],"yoast_head":"<!-- This site is optimized with the Yoast SEO plugin v25.3.1 - https:\/\/yoast.com\/wordpress\/plugins\/seo\/ -->\n<title>27 prilli i kujton plag\u00ebt e hapura: mbi 1,600 persona ende t\u00eb zhdukur, Serbia vazhdon t\u00eb hesht\u00eb -<\/title>\n<meta name=\"robots\" content=\"index, follow, max-snippet:-1, max-image-preview:large, max-video-preview:-1\" \/>\n<link rel=\"canonical\" href=\"https:\/\/veritasinfo.org\/?p=45164\" \/>\n<meta property=\"og:locale\" content=\"en_US\" \/>\n<meta property=\"og:type\" content=\"article\" \/>\n<meta property=\"og:title\" content=\"27 prilli i kujton plag\u00ebt e hapura: mbi 1,600 persona ende t\u00eb zhdukur, Serbia vazhdon t\u00eb hesht\u00eb -\" \/>\n<meta property=\"og:description\" content=\"Prishtin\u00eb. 27 prill 2026 08:29 Sot, m\u00eb 27 prill, n\u00eb Dit\u00ebn Komb\u00ebtare t\u00eb Personave t\u00eb Zhdukur n\u00eb Kosov\u00eb rikthehet n\u00eb v\u00ebmendje nj\u00eb nga plag\u00ebt m\u00eb\" \/>\n<meta property=\"og:url\" content=\"https:\/\/veritasinfo.org\/?p=45164\" \/>\n<meta property=\"article:published_time\" content=\"2026-04-27T06:30:32+00:00\" \/>\n<meta property=\"og:image\" content=\"https:\/\/veritasinfo.org\/wp-content\/uploads\/2026\/04\/te-pagjeturit-kosove-780x439-1.jpg\" \/>\n\t<meta property=\"og:image:width\" content=\"780\" \/>\n\t<meta property=\"og:image:height\" content=\"439\" \/>\n\t<meta property=\"og:image:type\" content=\"image\/jpeg\" \/>\n<meta name=\"author\" content=\"US6\" \/>\n<meta name=\"twitter:card\" content=\"summary_large_image\" \/>\n<meta name=\"twitter:label1\" content=\"Written by\" \/>\n\t<meta name=\"twitter:data1\" content=\"US6\" \/>\n\t<meta name=\"twitter:label2\" content=\"Est. reading time\" \/>\n\t<meta name=\"twitter:data2\" content=\"2 minutes\" \/>\n<script type=\"application\/ld+json\" class=\"yoast-schema-graph\">{\"@context\":\"https:\/\/schema.org\",\"@graph\":[{\"@type\":\"WebPage\",\"@id\":\"https:\/\/veritasinfo.org\/?p=45164\",\"url\":\"https:\/\/veritasinfo.org\/?p=45164\",\"name\":\"27 prilli i kujton plag\u00ebt e hapura: mbi 1,600 persona ende t\u00eb zhdukur, Serbia vazhdon t\u00eb hesht\u00eb -\",\"isPartOf\":{\"@id\":\"https:\/\/veritasinfo.org\/#website\"},\"primaryImageOfPage\":{\"@id\":\"https:\/\/veritasinfo.org\/?p=45164#primaryimage\"},\"image\":{\"@id\":\"https:\/\/veritasinfo.org\/?p=45164#primaryimage\"},\"thumbnailUrl\":\"https:\/\/veritasinfo.org\/wp-content\/uploads\/2026\/04\/te-pagjeturit-kosove-780x439-1.jpg\",\"datePublished\":\"2026-04-27T06:30:32+00:00\",\"author\":{\"@id\":\"https:\/\/veritasinfo.org\/#\/schema\/person\/fe199eede04c3937362892b7444747cc\"},\"breadcrumb\":{\"@id\":\"https:\/\/veritasinfo.org\/?p=45164#breadcrumb\"},\"inLanguage\":\"en-US\",\"potentialAction\":[{\"@type\":\"ReadAction\",\"target\":[\"https:\/\/veritasinfo.org\/?p=45164\"]}]},{\"@type\":\"ImageObject\",\"inLanguage\":\"en-US\",\"@id\":\"https:\/\/veritasinfo.org\/?p=45164#primaryimage\",\"url\":\"https:\/\/veritasinfo.org\/wp-content\/uploads\/2026\/04\/te-pagjeturit-kosove-780x439-1.jpg\",\"contentUrl\":\"https:\/\/veritasinfo.org\/wp-content\/uploads\/2026\/04\/te-pagjeturit-kosove-780x439-1.jpg\",\"width\":780,\"height\":439},{\"@type\":\"BreadcrumbList\",\"@id\":\"https:\/\/veritasinfo.org\/?p=45164#breadcrumb\",\"itemListElement\":[{\"@type\":\"ListItem\",\"position\":1,\"name\":\"Home\",\"item\":\"https:\/\/veritasinfo.org\/\"},{\"@type\":\"ListItem\",\"position\":2,\"name\":\"27 prilli i kujton plag\u00ebt e hapura: mbi 1,600 persona ende t\u00eb zhdukur, Serbia vazhdon t\u00eb hesht\u00eb\"}]},{\"@type\":\"WebSite\",\"@id\":\"https:\/\/veritasinfo.org\/#website\",\"url\":\"https:\/\/veritasinfo.org\/\",\"name\":\"\",\"description\":\"\",\"potentialAction\":[{\"@type\":\"SearchAction\",\"target\":{\"@type\":\"EntryPoint\",\"urlTemplate\":\"https:\/\/veritasinfo.org\/?s={search_term_string}\"},\"query-input\":{\"@type\":\"PropertyValueSpecification\",\"valueRequired\":true,\"valueName\":\"search_term_string\"}}],\"inLanguage\":\"en-US\"},{\"@type\":\"Person\",\"@id\":\"https:\/\/veritasinfo.org\/#\/schema\/person\/fe199eede04c3937362892b7444747cc\",\"name\":\"US6\",\"image\":{\"@type\":\"ImageObject\",\"inLanguage\":\"en-US\",\"@id\":\"https:\/\/veritasinfo.org\/#\/schema\/person\/image\/\",\"url\":\"https:\/\/secure.gravatar.com\/avatar\/cb16c3c31c9d23b9b8c705964598220b3014e42ff51eb540ff23cefa3ae8c15f?s=96&d=mm&r=g\",\"contentUrl\":\"https:\/\/secure.gravatar.com\/avatar\/cb16c3c31c9d23b9b8c705964598220b3014e42ff51eb540ff23cefa3ae8c15f?s=96&d=mm&r=g\",\"caption\":\"US6\"},\"url\":\"https:\/\/veritasinfo.org\/?author=7\"}]}<\/script>\n<!-- \/ Yoast SEO plugin. -->","yoast_head_json":{"title":"27 prilli i kujton plag\u00ebt e hapura: mbi 1,600 persona ende t\u00eb zhdukur, Serbia vazhdon t\u00eb hesht\u00eb -","robots":{"index":"index","follow":"follow","max-snippet":"max-snippet:-1","max-image-preview":"max-image-preview:large","max-video-preview":"max-video-preview:-1"},"canonical":"https:\/\/veritasinfo.org\/?p=45164","og_locale":"en_US","og_type":"article","og_title":"27 prilli i kujton plag\u00ebt e hapura: mbi 1,600 persona ende t\u00eb zhdukur, Serbia vazhdon t\u00eb hesht\u00eb -","og_description":"Prishtin\u00eb. 27 prill 2026 08:29 Sot, m\u00eb 27 prill, n\u00eb Dit\u00ebn Komb\u00ebtare t\u00eb Personave t\u00eb Zhdukur n\u00eb Kosov\u00eb rikthehet n\u00eb v\u00ebmendje nj\u00eb nga plag\u00ebt m\u00eb","og_url":"https:\/\/veritasinfo.org\/?p=45164","article_published_time":"2026-04-27T06:30:32+00:00","og_image":[{"width":780,"height":439,"url":"https:\/\/veritasinfo.org\/wp-content\/uploads\/2026\/04\/te-pagjeturit-kosove-780x439-1.jpg","type":"image\/jpeg"}],"author":"US6","twitter_card":"summary_large_image","twitter_misc":{"Written by":"US6","Est. reading time":"2 minutes"},"schema":{"@context":"https:\/\/schema.org","@graph":[{"@type":"WebPage","@id":"https:\/\/veritasinfo.org\/?p=45164","url":"https:\/\/veritasinfo.org\/?p=45164","name":"27 prilli i kujton plag\u00ebt e hapura: mbi 1,600 persona ende t\u00eb zhdukur, Serbia vazhdon t\u00eb hesht\u00eb -","isPartOf":{"@id":"https:\/\/veritasinfo.org\/#website"},"primaryImageOfPage":{"@id":"https:\/\/veritasinfo.org\/?p=45164#primaryimage"},"image":{"@id":"https:\/\/veritasinfo.org\/?p=45164#primaryimage"},"thumbnailUrl":"https:\/\/veritasinfo.org\/wp-content\/uploads\/2026\/04\/te-pagjeturit-kosove-780x439-1.jpg","datePublished":"2026-04-27T06:30:32+00:00","author":{"@id":"https:\/\/veritasinfo.org\/#\/schema\/person\/fe199eede04c3937362892b7444747cc"},"breadcrumb":{"@id":"https:\/\/veritasinfo.org\/?p=45164#breadcrumb"},"inLanguage":"en-US","potentialAction":[{"@type":"ReadAction","target":["https:\/\/veritasinfo.org\/?p=45164"]}]},{"@type":"ImageObject","inLanguage":"en-US","@id":"https:\/\/veritasinfo.org\/?p=45164#primaryimage","url":"https:\/\/veritasinfo.org\/wp-content\/uploads\/2026\/04\/te-pagjeturit-kosove-780x439-1.jpg","contentUrl":"https:\/\/veritasinfo.org\/wp-content\/uploads\/2026\/04\/te-pagjeturit-kosove-780x439-1.jpg","width":780,"height":439},{"@type":"BreadcrumbList","@id":"https:\/\/veritasinfo.org\/?p=45164#breadcrumb","itemListElement":[{"@type":"ListItem","position":1,"name":"Home","item":"https:\/\/veritasinfo.org\/"},{"@type":"ListItem","position":2,"name":"27 prilli i kujton plag\u00ebt e hapura: mbi 1,600 persona ende t\u00eb zhdukur, Serbia vazhdon t\u00eb hesht\u00eb"}]},{"@type":"WebSite","@id":"https:\/\/veritasinfo.org\/#website","url":"https:\/\/veritasinfo.org\/","name":"","description":"","potentialAction":[{"@type":"SearchAction","target":{"@type":"EntryPoint","urlTemplate":"https:\/\/veritasinfo.org\/?s={search_term_string}"},"query-input":{"@type":"PropertyValueSpecification","valueRequired":true,"valueName":"search_term_string"}}],"inLanguage":"en-US"},{"@type":"Person","@id":"https:\/\/veritasinfo.org\/#\/schema\/person\/fe199eede04c3937362892b7444747cc","name":"US6","image":{"@type":"ImageObject","inLanguage":"en-US","@id":"https:\/\/veritasinfo.org\/#\/schema\/person\/image\/","url":"https:\/\/secure.gravatar.com\/avatar\/cb16c3c31c9d23b9b8c705964598220b3014e42ff51eb540ff23cefa3ae8c15f?s=96&d=mm&r=g","contentUrl":"https:\/\/secure.gravatar.com\/avatar\/cb16c3c31c9d23b9b8c705964598220b3014e42ff51eb540ff23cefa3ae8c15f?s=96&d=mm&r=g","caption":"US6"},"url":"https:\/\/veritasinfo.org\/?author=7"}]}},"featured_image_urls":{"full":["https:\/\/veritasinfo.org\/wp-content\/uploads\/2026\/04\/te-pagjeturit-kosove-780x439-1.jpg",780,439,false],"thumbnail":["https:\/\/veritasinfo.org\/wp-content\/uploads\/2026\/04\/te-pagjeturit-kosove-780x439-1-150x150.jpg",150,150,true],"medium":["https:\/\/veritasinfo.org\/wp-content\/uploads\/2026\/04\/te-pagjeturit-kosove-780x439-1-300x169.jpg",300,169,true],"medium_large":["https:\/\/veritasinfo.org\/wp-content\/uploads\/2026\/04\/te-pagjeturit-kosove-780x439-1-768x432.jpg",640,360,true],"large":["https:\/\/veritasinfo.org\/wp-content\/uploads\/2026\/04\/te-pagjeturit-kosove-780x439-1.jpg",640,360,false],"1536x1536":["https:\/\/veritasinfo.org\/wp-content\/uploads\/2026\/04\/te-pagjeturit-kosove-780x439-1.jpg",780,439,false],"2048x2048":["https:\/\/veritasinfo.org\/wp-content\/uploads\/2026\/04\/te-pagjeturit-kosove-780x439-1.jpg",780,439,false],"kreeti-slider-full":["https:\/\/veritasinfo.org\/wp-content\/uploads\/2026\/04\/te-pagjeturit-kosove-780x439-1.jpg",780,439,false],"kreeti-featured":["https:\/\/veritasinfo.org\/wp-content\/uploads\/2026\/04\/te-pagjeturit-kosove-780x439-1.jpg",780,439,false],"kreeti-medium":["https:\/\/veritasinfo.org\/wp-content\/uploads\/2026\/04\/te-pagjeturit-kosove-780x439-1-720x439.jpg",720,439,true],"kreeti-medium-square":["https:\/\/veritasinfo.org\/wp-content\/uploads\/2026\/04\/te-pagjeturit-kosove-780x439-1-350x350.jpg",350,350,true]},"author_info":{"info":["US6"]},"category_info":"<a href=\"https:\/\/veritasinfo.org\/?cat=60\" rel=\"category\">Shoq\u00ebrore<\/a>","tag_info":"Shoq\u00ebrore","comment_count":"0","_links":{"self":[{"href":"https:\/\/veritasinfo.org\/index.php?rest_route=\/wp\/v2\/posts\/45164","targetHints":{"allow":["GET"]}}],"collection":[{"href":"https:\/\/veritasinfo.org\/index.php?rest_route=\/wp\/v2\/posts"}],"about":[{"href":"https:\/\/veritasinfo.org\/index.php?rest_route=\/wp\/v2\/types\/post"}],"author":[{"embeddable":true,"href":"https:\/\/veritasinfo.org\/index.php?rest_route=\/wp\/v2\/users\/7"}],"replies":[{"embeddable":true,"href":"https:\/\/veritasinfo.org\/index.php?rest_route=%2Fwp%2Fv2%2Fcomments&post=45164"}],"version-history":[{"count":1,"href":"https:\/\/veritasinfo.org\/index.php?rest_route=\/wp\/v2\/posts\/45164\/revisions"}],"predecessor-version":[{"id":45166,"href":"https:\/\/veritasinfo.org\/index.php?rest_route=\/wp\/v2\/posts\/45164\/revisions\/45166"}],"wp:featuredmedia":[{"embeddable":true,"href":"https:\/\/veritasinfo.org\/index.php?rest_route=\/wp\/v2\/media\/45165"}],"wp:attachment":[{"href":"https:\/\/veritasinfo.org\/index.php?rest_route=%2Fwp%2Fv2%2Fmedia&parent=45164"}],"wp:term":[{"taxonomy":"category","embeddable":true,"href":"https:\/\/veritasinfo.org\/index.php?rest_route=%2Fwp%2Fv2%2Fcategories&post=45164"},{"taxonomy":"post_tag","embeddable":true,"href":"https:\/\/veritasinfo.org\/index.php?rest_route=%2Fwp%2Fv2%2Ftags&post=45164"}],"curies":[{"name":"wp","href":"https:\/\/api.w.org\/{rel}","templated":true}]}}