{"id":45149,"date":"2026-04-27T08:07:27","date_gmt":"2026-04-27T06:07:27","guid":{"rendered":"https:\/\/veritasinfo.org\/?p=45149"},"modified":"2026-04-27T08:07:27","modified_gmt":"2026-04-27T06:07:27","slug":"vlahovic-van-kosova-se-veoma-malo-zna-o-odnosu-srbije-prema-albancima-tokom-godina","status":"publish","type":"post","link":"https:\/\/veritasinfo.org\/?p=45149&lang=sr","title":{"rendered":"Vlahovic\u0301: Van Kosova se veoma malo zna o odnosu Srbije prema Albancima tokom godina"},"content":{"rendered":"<p>Pri\u0161tina, 27. april 2026. 08:05<\/p>\n<p>U razgovoru u podkastu \u201ePIK\u00cb\u201c sa publicistom Vetonom Suroijem, biv\u0161i ministar spoljnih poslova Crne Gore, Miodrag Vlahovic\u0301, izjavio je da se van granica Kosova vrlo malo zna o na\u010dinu na koji je Srbija decenijama postupala sa Albancima.<\/p>\n<p>Prema Vlahovic\u0301u, Srbija je, od 1912. godine pa nadalje, pokazala nesposobnost i nedostatak volje da integri\u0161e Albance i tretira ih kao ravnopravne gra\u0111ane. Naglasio je da je ovaj pristup, prema njegovim re\u010dima, proizveo razvoj doga\u0111aja koji je kasnije usledio u regionu.<\/p>\n<p>Podr\u017eite KOH\u00cbN. Sa\u010duvajte istinu.<\/p>\n<p>Profesionalno novinarstvo je u javnom interesu. Va\u0161a podr\u0161ka mu poma\u017ee da ostane nezavisno i kredibilno. Doprinesite i vi. 1 evro \u010dini razliku.<\/p>\n<p>Dodao je da postoji namerna politi\u010dka ti\u0161ina u vezi sa ovom istorijskom stvarno\u0161c\u0301u, ne samo za periode pre Drugog svetskog rata, vec\u0301 i za kasnije doga\u0111aje koji su uticali na trenutne percepcije u Srbiji i Crnoj Gori.<\/p>\n<p>Vlahovic\u0301 je tako\u0111e kritikovao snage koje je opisao kao nacionalisti\u010dke i fanati\u010dne, rekav\u0161i da one i dalje uti\u010du na na\u010din na koji se tuma\u010de istorija i odnosi sa Albancima.<\/p>\n<p>Govorec\u0301i o periodu nakon NATO intervencije, naglasio je da je Crna Gora imala novi pristup prema Kosovu, distancirajuc\u0301i se od prethodnih politika i zadr\u017eavajuc\u0301i neutralan stav.<\/p>\n<p>\u201eRekli smo da Kosovo nije na\u0161 problem i da nemamo mesta za tim stolom\u201c, rekao je, dodajuc\u0301i da je Crna Gora zainteresovana za mirno i demokratsko re\u0161enje, uz po\u0161tovanje prava svih zajednica.<\/p>\n<p>Prema njegovim re\u010dima, ovaj stav nije uvek bio dobro shvac\u0301en, ali je imao prec\u0301utnu podr\u0161ku tada\u0161njeg rukovodstva, uklju\u010dujuc\u0301i predsednika Mila \u0110ukanovic\u0301a.<\/p>\n","protected":false},"excerpt":{"rendered":"<p>Pri\u0161tina, 27. april 2026. 08:05 U razgovoru u podkastu \u201ePIK\u00cb\u201c sa publicistom Vetonom Suroijem, biv\u0161i ministar spoljnih poslova Crne Gore, Miodrag Vlahovic\u0301, izjavio je da<\/p>\n","protected":false},"author":6,"featured_media":45150,"comment_status":"open","ping_status":"open","sticky":false,"template":"","format":"standard","meta":{"footnotes":""},"categories":[28],"tags":[],"class_list":["post-45149","post","type-post","status-publish","format-standard","has-post-thumbnail","hentry","category-politika"],"yoast_head":"<!-- This site is optimized with the Yoast SEO plugin v25.3.1 - https:\/\/yoast.com\/wordpress\/plugins\/seo\/ -->\n<title>Vlahovic\u0301: Van Kosova se veoma malo zna o odnosu Srbije prema Albancima tokom godina -<\/title>\n<meta name=\"robots\" content=\"index, follow, max-snippet:-1, max-image-preview:large, max-video-preview:-1\" \/>\n<link rel=\"canonical\" href=\"https:\/\/veritasinfo.org\/?p=45149&lang=sr\" \/>\n<meta property=\"og:locale\" content=\"en_US\" \/>\n<meta property=\"og:type\" content=\"article\" \/>\n<meta property=\"og:title\" content=\"Vlahovic\u0301: Van Kosova se veoma malo zna o odnosu Srbije prema Albancima tokom godina -\" \/>\n<meta property=\"og:description\" content=\"Pri\u0161tina, 27. april 2026. 08:05 U razgovoru u podkastu \u201ePIK\u00cb\u201c sa publicistom Vetonom Suroijem, biv\u0161i ministar spoljnih poslova Crne Gore, Miodrag Vlahovic\u0301, izjavio je da\" \/>\n<meta property=\"og:url\" content=\"https:\/\/veritasinfo.org\/?p=45149&amp;lang=sr\" \/>\n<meta property=\"article:published_time\" content=\"2026-04-27T06:07:27+00:00\" \/>\n<meta property=\"og:image\" content=\"https:\/\/veritasinfo.org\/wp-content\/uploads\/2026\/04\/c5a0c03e-2420-46f0-9d8b-e6150cdb1ae9-1.webp\" \/>\n\t<meta property=\"og:image:width\" content=\"883\" \/>\n\t<meta property=\"og:image:height\" content=\"564\" \/>\n\t<meta property=\"og:image:type\" content=\"image\/webp\" \/>\n<meta name=\"author\" content=\"US5\" \/>\n<meta name=\"twitter:card\" content=\"summary_large_image\" \/>\n<meta name=\"twitter:label1\" content=\"Written by\" \/>\n\t<meta name=\"twitter:data1\" content=\"US5\" \/>\n<script type=\"application\/ld+json\" class=\"yoast-schema-graph\">{\"@context\":\"https:\/\/schema.org\",\"@graph\":[{\"@type\":\"WebPage\",\"@id\":\"https:\/\/veritasinfo.org\/?p=45149&lang=sr\",\"url\":\"https:\/\/veritasinfo.org\/?p=45149&lang=sr\",\"name\":\"Vlahovic\u0301: Van Kosova se veoma malo zna o odnosu Srbije prema Albancima tokom godina -\",\"isPartOf\":{\"@id\":\"https:\/\/veritasinfo.org\/#website\"},\"primaryImageOfPage\":{\"@id\":\"https:\/\/veritasinfo.org\/?p=45149&lang=sr#primaryimage\"},\"image\":{\"@id\":\"https:\/\/veritasinfo.org\/?p=45149&lang=sr#primaryimage\"},\"thumbnailUrl\":\"https:\/\/veritasinfo.org\/wp-content\/uploads\/2026\/04\/c5a0c03e-2420-46f0-9d8b-e6150cdb1ae9-1.webp\",\"datePublished\":\"2026-04-27T06:07:27+00:00\",\"author\":{\"@id\":\"https:\/\/veritasinfo.org\/#\/schema\/person\/bc442336e35414d04494ab8fb45db4c6\"},\"breadcrumb\":{\"@id\":\"https:\/\/veritasinfo.org\/?p=45149&lang=sr#breadcrumb\"},\"inLanguage\":\"en-US\",\"potentialAction\":[{\"@type\":\"ReadAction\",\"target\":[\"https:\/\/veritasinfo.org\/?p=45149&lang=sr\"]}]},{\"@type\":\"ImageObject\",\"inLanguage\":\"en-US\",\"@id\":\"https:\/\/veritasinfo.org\/?p=45149&lang=sr#primaryimage\",\"url\":\"https:\/\/veritasinfo.org\/wp-content\/uploads\/2026\/04\/c5a0c03e-2420-46f0-9d8b-e6150cdb1ae9-1.webp\",\"contentUrl\":\"https:\/\/veritasinfo.org\/wp-content\/uploads\/2026\/04\/c5a0c03e-2420-46f0-9d8b-e6150cdb1ae9-1.webp\",\"width\":883,\"height\":564},{\"@type\":\"BreadcrumbList\",\"@id\":\"https:\/\/veritasinfo.org\/?p=45149&lang=sr#breadcrumb\",\"itemListElement\":[{\"@type\":\"ListItem\",\"position\":1,\"name\":\"Home\",\"item\":\"https:\/\/veritasinfo.org\/\"},{\"@type\":\"ListItem\",\"position\":2,\"name\":\"Vlahovic\u0301: Van Kosova se veoma malo zna o odnosu Srbije prema Albancima tokom godina\"}]},{\"@type\":\"WebSite\",\"@id\":\"https:\/\/veritasinfo.org\/#website\",\"url\":\"https:\/\/veritasinfo.org\/\",\"name\":\"\",\"description\":\"\",\"potentialAction\":[{\"@type\":\"SearchAction\",\"target\":{\"@type\":\"EntryPoint\",\"urlTemplate\":\"https:\/\/veritasinfo.org\/?s={search_term_string}\"},\"query-input\":{\"@type\":\"PropertyValueSpecification\",\"valueRequired\":true,\"valueName\":\"search_term_string\"}}],\"inLanguage\":\"en-US\"},{\"@type\":\"Person\",\"@id\":\"https:\/\/veritasinfo.org\/#\/schema\/person\/bc442336e35414d04494ab8fb45db4c6\",\"name\":\"US5\",\"image\":{\"@type\":\"ImageObject\",\"inLanguage\":\"en-US\",\"@id\":\"https:\/\/veritasinfo.org\/#\/schema\/person\/image\/\",\"url\":\"https:\/\/secure.gravatar.com\/avatar\/16a61e7272a0c5d001121ebb9e60e925d5816e4ac1e443ed3e640d9a6ae55d0c?s=96&d=mm&r=g\",\"contentUrl\":\"https:\/\/secure.gravatar.com\/avatar\/16a61e7272a0c5d001121ebb9e60e925d5816e4ac1e443ed3e640d9a6ae55d0c?s=96&d=mm&r=g\",\"caption\":\"US5\"},\"url\":\"https:\/\/veritasinfo.org\/?author=6\"}]}<\/script>\n<!-- \/ Yoast SEO plugin. -->","yoast_head_json":{"title":"Vlahovic\u0301: Van Kosova se veoma malo zna o odnosu Srbije prema Albancima tokom godina -","robots":{"index":"index","follow":"follow","max-snippet":"max-snippet:-1","max-image-preview":"max-image-preview:large","max-video-preview":"max-video-preview:-1"},"canonical":"https:\/\/veritasinfo.org\/?p=45149&lang=sr","og_locale":"en_US","og_type":"article","og_title":"Vlahovic\u0301: Van Kosova se veoma malo zna o odnosu Srbije prema Albancima tokom godina -","og_description":"Pri\u0161tina, 27. april 2026. 08:05 U razgovoru u podkastu \u201ePIK\u00cb\u201c sa publicistom Vetonom Suroijem, biv\u0161i ministar spoljnih poslova Crne Gore, Miodrag Vlahovic\u0301, izjavio je da","og_url":"https:\/\/veritasinfo.org\/?p=45149&lang=sr","article_published_time":"2026-04-27T06:07:27+00:00","og_image":[{"width":883,"height":564,"url":"https:\/\/veritasinfo.org\/wp-content\/uploads\/2026\/04\/c5a0c03e-2420-46f0-9d8b-e6150cdb1ae9-1.webp","type":"image\/webp"}],"author":"US5","twitter_card":"summary_large_image","twitter_misc":{"Written by":"US5"},"schema":{"@context":"https:\/\/schema.org","@graph":[{"@type":"WebPage","@id":"https:\/\/veritasinfo.org\/?p=45149&lang=sr","url":"https:\/\/veritasinfo.org\/?p=45149&lang=sr","name":"Vlahovic\u0301: Van Kosova se veoma malo zna o odnosu Srbije prema Albancima tokom godina -","isPartOf":{"@id":"https:\/\/veritasinfo.org\/#website"},"primaryImageOfPage":{"@id":"https:\/\/veritasinfo.org\/?p=45149&lang=sr#primaryimage"},"image":{"@id":"https:\/\/veritasinfo.org\/?p=45149&lang=sr#primaryimage"},"thumbnailUrl":"https:\/\/veritasinfo.org\/wp-content\/uploads\/2026\/04\/c5a0c03e-2420-46f0-9d8b-e6150cdb1ae9-1.webp","datePublished":"2026-04-27T06:07:27+00:00","author":{"@id":"https:\/\/veritasinfo.org\/#\/schema\/person\/bc442336e35414d04494ab8fb45db4c6"},"breadcrumb":{"@id":"https:\/\/veritasinfo.org\/?p=45149&lang=sr#breadcrumb"},"inLanguage":"en-US","potentialAction":[{"@type":"ReadAction","target":["https:\/\/veritasinfo.org\/?p=45149&lang=sr"]}]},{"@type":"ImageObject","inLanguage":"en-US","@id":"https:\/\/veritasinfo.org\/?p=45149&lang=sr#primaryimage","url":"https:\/\/veritasinfo.org\/wp-content\/uploads\/2026\/04\/c5a0c03e-2420-46f0-9d8b-e6150cdb1ae9-1.webp","contentUrl":"https:\/\/veritasinfo.org\/wp-content\/uploads\/2026\/04\/c5a0c03e-2420-46f0-9d8b-e6150cdb1ae9-1.webp","width":883,"height":564},{"@type":"BreadcrumbList","@id":"https:\/\/veritasinfo.org\/?p=45149&lang=sr#breadcrumb","itemListElement":[{"@type":"ListItem","position":1,"name":"Home","item":"https:\/\/veritasinfo.org\/"},{"@type":"ListItem","position":2,"name":"Vlahovic\u0301: Van Kosova se veoma malo zna o odnosu Srbije prema Albancima tokom godina"}]},{"@type":"WebSite","@id":"https:\/\/veritasinfo.org\/#website","url":"https:\/\/veritasinfo.org\/","name":"","description":"","potentialAction":[{"@type":"SearchAction","target":{"@type":"EntryPoint","urlTemplate":"https:\/\/veritasinfo.org\/?s={search_term_string}"},"query-input":{"@type":"PropertyValueSpecification","valueRequired":true,"valueName":"search_term_string"}}],"inLanguage":"en-US"},{"@type":"Person","@id":"https:\/\/veritasinfo.org\/#\/schema\/person\/bc442336e35414d04494ab8fb45db4c6","name":"US5","image":{"@type":"ImageObject","inLanguage":"en-US","@id":"https:\/\/veritasinfo.org\/#\/schema\/person\/image\/","url":"https:\/\/secure.gravatar.com\/avatar\/16a61e7272a0c5d001121ebb9e60e925d5816e4ac1e443ed3e640d9a6ae55d0c?s=96&d=mm&r=g","contentUrl":"https:\/\/secure.gravatar.com\/avatar\/16a61e7272a0c5d001121ebb9e60e925d5816e4ac1e443ed3e640d9a6ae55d0c?s=96&d=mm&r=g","caption":"US5"},"url":"https:\/\/veritasinfo.org\/?author=6"}]}},"featured_image_urls":{"full":["https:\/\/veritasinfo.org\/wp-content\/uploads\/2026\/04\/c5a0c03e-2420-46f0-9d8b-e6150cdb1ae9-1.webp",883,564,false],"thumbnail":["https:\/\/veritasinfo.org\/wp-content\/uploads\/2026\/04\/c5a0c03e-2420-46f0-9d8b-e6150cdb1ae9-1-150x150.webp",150,150,true],"medium":["https:\/\/veritasinfo.org\/wp-content\/uploads\/2026\/04\/c5a0c03e-2420-46f0-9d8b-e6150cdb1ae9-1-300x192.webp",300,192,true],"medium_large":["https:\/\/veritasinfo.org\/wp-content\/uploads\/2026\/04\/c5a0c03e-2420-46f0-9d8b-e6150cdb1ae9-1-768x491.webp",640,409,true],"large":["https:\/\/veritasinfo.org\/wp-content\/uploads\/2026\/04\/c5a0c03e-2420-46f0-9d8b-e6150cdb1ae9-1.webp",640,409,false],"1536x1536":["https:\/\/veritasinfo.org\/wp-content\/uploads\/2026\/04\/c5a0c03e-2420-46f0-9d8b-e6150cdb1ae9-1.webp",883,564,false],"2048x2048":["https:\/\/veritasinfo.org\/wp-content\/uploads\/2026\/04\/c5a0c03e-2420-46f0-9d8b-e6150cdb1ae9-1.webp",883,564,false],"kreeti-slider-full":["https:\/\/veritasinfo.org\/wp-content\/uploads\/2026\/04\/c5a0c03e-2420-46f0-9d8b-e6150cdb1ae9-1.webp",883,564,false],"kreeti-featured":["https:\/\/veritasinfo.org\/wp-content\/uploads\/2026\/04\/c5a0c03e-2420-46f0-9d8b-e6150cdb1ae9-1.webp",883,564,false],"kreeti-medium":["https:\/\/veritasinfo.org\/wp-content\/uploads\/2026\/04\/c5a0c03e-2420-46f0-9d8b-e6150cdb1ae9-1-720x530.webp",720,530,true],"kreeti-medium-square":["https:\/\/veritasinfo.org\/wp-content\/uploads\/2026\/04\/c5a0c03e-2420-46f0-9d8b-e6150cdb1ae9-1-350x350.webp",350,350,true]},"author_info":{"info":["US5"]},"category_info":"<a href=\"https:\/\/veritasinfo.org\/?cat=28&#038;lang=sr\" rel=\"category\">Politika<\/a>","tag_info":"Politika","comment_count":"0","_links":{"self":[{"href":"https:\/\/veritasinfo.org\/index.php?rest_route=\/wp\/v2\/posts\/45149","targetHints":{"allow":["GET"]}}],"collection":[{"href":"https:\/\/veritasinfo.org\/index.php?rest_route=\/wp\/v2\/posts"}],"about":[{"href":"https:\/\/veritasinfo.org\/index.php?rest_route=\/wp\/v2\/types\/post"}],"author":[{"embeddable":true,"href":"https:\/\/veritasinfo.org\/index.php?rest_route=\/wp\/v2\/users\/6"}],"replies":[{"embeddable":true,"href":"https:\/\/veritasinfo.org\/index.php?rest_route=%2Fwp%2Fv2%2Fcomments&post=45149"}],"version-history":[{"count":1,"href":"https:\/\/veritasinfo.org\/index.php?rest_route=\/wp\/v2\/posts\/45149\/revisions"}],"predecessor-version":[{"id":45151,"href":"https:\/\/veritasinfo.org\/index.php?rest_route=\/wp\/v2\/posts\/45149\/revisions\/45151"}],"wp:featuredmedia":[{"embeddable":true,"href":"https:\/\/veritasinfo.org\/index.php?rest_route=\/wp\/v2\/media\/45150"}],"wp:attachment":[{"href":"https:\/\/veritasinfo.org\/index.php?rest_route=%2Fwp%2Fv2%2Fmedia&parent=45149"}],"wp:term":[{"taxonomy":"category","embeddable":true,"href":"https:\/\/veritasinfo.org\/index.php?rest_route=%2Fwp%2Fv2%2Fcategories&post=45149"},{"taxonomy":"post_tag","embeddable":true,"href":"https:\/\/veritasinfo.org\/index.php?rest_route=%2Fwp%2Fv2%2Ftags&post=45149"}],"curies":[{"name":"wp","href":"https:\/\/api.w.org\/{rel}","templated":true}]}}