{"id":45144,"date":"2026-04-27T08:05:54","date_gmt":"2026-04-27T06:05:54","guid":{"rendered":"https:\/\/veritasinfo.org\/?p=45144"},"modified":"2026-04-27T08:05:54","modified_gmt":"2026-04-27T06:05:54","slug":"vlahoviq-jashte-kosoves-dihet-shume-pak-per-trajtimin-e-shqiptareve-nga-serbia-nder-vite","status":"publish","type":"post","link":"https:\/\/veritasinfo.org\/?p=45144","title":{"rendered":"Vlahoviq: Jasht\u00eb Kosov\u00ebs dihet shum\u00eb pak p\u00ebr trajtimin e shqiptar\u00ebve nga Serbia nd\u00ebr vite"},"content":{"rendered":"<p>Prishtin\u00eb 27 Prill 2026 08:05<\/p>\n<p>N\u00eb nj\u00eb bashk\u00ebbisedim n\u00eb podcastin \u201cPIK\u00cb\u201d me publicistin Veton Surroi, ish-ministri i Jasht\u00ebm i Malit t\u00eb Zi, Miodrag Vlahoviq, ka deklaruar se jasht\u00eb kufijve t\u00eb Kosov\u00ebs dihet shum\u00eb pak p\u00ebr m\u00ebnyr\u00ebn se si Serbia i ka trajtuar shqiptar\u00ebt nd\u00ebr dekada.<\/p>\n<p>Sipas Vlahoviqit, Serbia, q\u00eb nga viti 1912 e tutje, ka treguar pamund\u00ebsi dhe munges\u00eb vullneti p\u00ebr t\u2019i integruar shqiptar\u00ebt dhe p\u00ebr t\u2019i trajtuar ata si qytetar\u00eb t\u00eb barabart\u00eb. Ai theksoi se kjo qasje, sipas tij, ka prodhuar zhvillimet q\u00eb pasuan m\u00eb von\u00eb n\u00eb rajon.<\/p>\n<p>Mb\u00ebshtete KOH\u00cbN. Ruaje t\u00eb v\u00ebrtet\u00ebn.<br \/>\nGazetaria profesionale \u00ebsht\u00eb interes publik. Mb\u00ebshtetja juaj ndihmon q\u00eb ajo t\u00eb mbetet e pavarur dhe e besueshme. Kontribuoni edhe ju. 1 euro e b\u00ebn dallimin.<\/p>\n<p>Ai shtoi se ekziston nj\u00eb heshtje e q\u00ebllimshme politike lidhur me k\u00ebt\u00eb realitet historik, jo vet\u00ebm p\u00ebr periudhat para Luft\u00ebs s\u00eb Dyt\u00eb Bot\u00ebrore, por edhe p\u00ebr zhvillimet e m\u00ebvonshme q\u00eb kan\u00eb ndikuar n\u00eb perceptimet aktuale n\u00eb Serbi dhe Mal t\u00eb Zi.<\/p>\n<p>Vlahoviq kritikoi gjithashtu forcat q\u00eb i cil\u00ebsoi si nacionaliste dhe serbom\u00ebdha, duke th\u00ebn\u00eb se ato vazhdojn\u00eb t\u00eb ndikojn\u00eb n\u00eb m\u00ebnyr\u00ebn se si interpretohet historia dhe marr\u00ebdh\u00ebniet me shqiptar\u00ebt.<br \/>\nDuke folur p\u00ebr periudh\u00ebn pas nd\u00ebrhyrjes s\u00eb NATO-s, ai theksoi se Mali i Zi kishte nj\u00eb qasje t\u00eb re ndaj Kosov\u00ebs, duke u distancuar nga politikat e m\u00ebhershme dhe duke mbajtur nj\u00eb q\u00ebndrim neutral.<\/p>\n<p>\u201cNe tham\u00eb se Kosova nuk \u00ebsht\u00eb problemi yn\u00eb dhe se nuk kemi vend n\u00eb at\u00eb tryez\u00eb\u201d, u shpreh ai, duke shtuar se Mali i Zi ishte i interesuar p\u00ebr nj\u00eb zgjidhje paq\u00ebsore dhe demokratike, me respektim t\u00eb t\u00eb drejtave t\u00eb t\u00eb gjitha komuniteteve.<\/p>\n<p>Sipas tij, ky q\u00ebndrim nuk u mir\u00ebkuptua gjithmon\u00eb, por kishte mb\u00ebshtetje t\u00eb heshtur nga udh\u00ebheqja e at\u00ebhershme, p\u00ebrfshir\u00eb edhe presidentin Milo Gjukanoviq.<\/p>\n","protected":false},"excerpt":{"rendered":"<p>Prishtin\u00eb 27 Prill 2026 08:05 N\u00eb nj\u00eb bashk\u00ebbisedim n\u00eb podcastin \u201cPIK\u00cb\u201d me publicistin Veton Surroi, ish-ministri i Jasht\u00ebm i Malit t\u00eb Zi, Miodrag Vlahoviq, ka<\/p>\n","protected":false},"author":6,"featured_media":45145,"comment_status":"open","ping_status":"open","sticky":false,"template":"","format":"standard","meta":{"footnotes":""},"categories":[58],"tags":[],"class_list":["post-45144","post","type-post","status-publish","format-standard","has-post-thumbnail","hentry","category-politike-sq"],"yoast_head":"<!-- This site is optimized with the Yoast SEO plugin v25.3.1 - https:\/\/yoast.com\/wordpress\/plugins\/seo\/ -->\n<title>Vlahoviq: Jasht\u00eb Kosov\u00ebs dihet shum\u00eb pak p\u00ebr trajtimin e shqiptar\u00ebve nga Serbia nd\u00ebr vite -<\/title>\n<meta name=\"robots\" content=\"index, follow, max-snippet:-1, max-image-preview:large, max-video-preview:-1\" \/>\n<link rel=\"canonical\" href=\"https:\/\/veritasinfo.org\/?p=45144\" \/>\n<meta property=\"og:locale\" content=\"en_US\" \/>\n<meta property=\"og:type\" content=\"article\" \/>\n<meta property=\"og:title\" content=\"Vlahoviq: Jasht\u00eb Kosov\u00ebs dihet shum\u00eb pak p\u00ebr trajtimin e shqiptar\u00ebve nga Serbia nd\u00ebr vite -\" \/>\n<meta property=\"og:description\" content=\"Prishtin\u00eb 27 Prill 2026 08:05 N\u00eb nj\u00eb bashk\u00ebbisedim n\u00eb podcastin \u201cPIK\u00cb\u201d me publicistin Veton Surroi, ish-ministri i Jasht\u00ebm i Malit t\u00eb Zi, Miodrag Vlahoviq, ka\" \/>\n<meta property=\"og:url\" content=\"https:\/\/veritasinfo.org\/?p=45144\" \/>\n<meta property=\"article:published_time\" content=\"2026-04-27T06:05:54+00:00\" \/>\n<meta property=\"og:image\" content=\"https:\/\/veritasinfo.org\/wp-content\/uploads\/2026\/04\/c5a0c03e-2420-46f0-9d8b-e6150cdb1ae9.webp\" \/>\n\t<meta property=\"og:image:width\" content=\"883\" \/>\n\t<meta property=\"og:image:height\" content=\"564\" \/>\n\t<meta property=\"og:image:type\" content=\"image\/webp\" \/>\n<meta name=\"author\" content=\"US5\" \/>\n<meta name=\"twitter:card\" content=\"summary_large_image\" \/>\n<meta name=\"twitter:label1\" content=\"Written by\" \/>\n\t<meta name=\"twitter:data1\" content=\"US5\" \/>\n\t<meta name=\"twitter:label2\" content=\"Est. reading time\" \/>\n\t<meta name=\"twitter:data2\" content=\"1 minute\" \/>\n<script type=\"application\/ld+json\" class=\"yoast-schema-graph\">{\"@context\":\"https:\/\/schema.org\",\"@graph\":[{\"@type\":\"WebPage\",\"@id\":\"https:\/\/veritasinfo.org\/?p=45144\",\"url\":\"https:\/\/veritasinfo.org\/?p=45144\",\"name\":\"Vlahoviq: Jasht\u00eb Kosov\u00ebs dihet shum\u00eb pak p\u00ebr trajtimin e shqiptar\u00ebve nga Serbia nd\u00ebr vite -\",\"isPartOf\":{\"@id\":\"https:\/\/veritasinfo.org\/#website\"},\"primaryImageOfPage\":{\"@id\":\"https:\/\/veritasinfo.org\/?p=45144#primaryimage\"},\"image\":{\"@id\":\"https:\/\/veritasinfo.org\/?p=45144#primaryimage\"},\"thumbnailUrl\":\"https:\/\/veritasinfo.org\/wp-content\/uploads\/2026\/04\/c5a0c03e-2420-46f0-9d8b-e6150cdb1ae9.webp\",\"datePublished\":\"2026-04-27T06:05:54+00:00\",\"author\":{\"@id\":\"https:\/\/veritasinfo.org\/#\/schema\/person\/bc442336e35414d04494ab8fb45db4c6\"},\"breadcrumb\":{\"@id\":\"https:\/\/veritasinfo.org\/?p=45144#breadcrumb\"},\"inLanguage\":\"en-US\",\"potentialAction\":[{\"@type\":\"ReadAction\",\"target\":[\"https:\/\/veritasinfo.org\/?p=45144\"]}]},{\"@type\":\"ImageObject\",\"inLanguage\":\"en-US\",\"@id\":\"https:\/\/veritasinfo.org\/?p=45144#primaryimage\",\"url\":\"https:\/\/veritasinfo.org\/wp-content\/uploads\/2026\/04\/c5a0c03e-2420-46f0-9d8b-e6150cdb1ae9.webp\",\"contentUrl\":\"https:\/\/veritasinfo.org\/wp-content\/uploads\/2026\/04\/c5a0c03e-2420-46f0-9d8b-e6150cdb1ae9.webp\",\"width\":883,\"height\":564},{\"@type\":\"BreadcrumbList\",\"@id\":\"https:\/\/veritasinfo.org\/?p=45144#breadcrumb\",\"itemListElement\":[{\"@type\":\"ListItem\",\"position\":1,\"name\":\"Home\",\"item\":\"https:\/\/veritasinfo.org\/\"},{\"@type\":\"ListItem\",\"position\":2,\"name\":\"Vlahoviq: Jasht\u00eb Kosov\u00ebs dihet shum\u00eb pak p\u00ebr trajtimin e shqiptar\u00ebve nga Serbia nd\u00ebr vite\"}]},{\"@type\":\"WebSite\",\"@id\":\"https:\/\/veritasinfo.org\/#website\",\"url\":\"https:\/\/veritasinfo.org\/\",\"name\":\"\",\"description\":\"\",\"potentialAction\":[{\"@type\":\"SearchAction\",\"target\":{\"@type\":\"EntryPoint\",\"urlTemplate\":\"https:\/\/veritasinfo.org\/?s={search_term_string}\"},\"query-input\":{\"@type\":\"PropertyValueSpecification\",\"valueRequired\":true,\"valueName\":\"search_term_string\"}}],\"inLanguage\":\"en-US\"},{\"@type\":\"Person\",\"@id\":\"https:\/\/veritasinfo.org\/#\/schema\/person\/bc442336e35414d04494ab8fb45db4c6\",\"name\":\"US5\",\"image\":{\"@type\":\"ImageObject\",\"inLanguage\":\"en-US\",\"@id\":\"https:\/\/veritasinfo.org\/#\/schema\/person\/image\/\",\"url\":\"https:\/\/secure.gravatar.com\/avatar\/16a61e7272a0c5d001121ebb9e60e925d5816e4ac1e443ed3e640d9a6ae55d0c?s=96&d=mm&r=g\",\"contentUrl\":\"https:\/\/secure.gravatar.com\/avatar\/16a61e7272a0c5d001121ebb9e60e925d5816e4ac1e443ed3e640d9a6ae55d0c?s=96&d=mm&r=g\",\"caption\":\"US5\"},\"url\":\"https:\/\/veritasinfo.org\/?author=6\"}]}<\/script>\n<!-- \/ Yoast SEO plugin. -->","yoast_head_json":{"title":"Vlahoviq: Jasht\u00eb Kosov\u00ebs dihet shum\u00eb pak p\u00ebr trajtimin e shqiptar\u00ebve nga Serbia nd\u00ebr vite -","robots":{"index":"index","follow":"follow","max-snippet":"max-snippet:-1","max-image-preview":"max-image-preview:large","max-video-preview":"max-video-preview:-1"},"canonical":"https:\/\/veritasinfo.org\/?p=45144","og_locale":"en_US","og_type":"article","og_title":"Vlahoviq: Jasht\u00eb Kosov\u00ebs dihet shum\u00eb pak p\u00ebr trajtimin e shqiptar\u00ebve nga Serbia nd\u00ebr vite -","og_description":"Prishtin\u00eb 27 Prill 2026 08:05 N\u00eb nj\u00eb bashk\u00ebbisedim n\u00eb podcastin \u201cPIK\u00cb\u201d me publicistin Veton Surroi, ish-ministri i Jasht\u00ebm i Malit t\u00eb Zi, Miodrag Vlahoviq, ka","og_url":"https:\/\/veritasinfo.org\/?p=45144","article_published_time":"2026-04-27T06:05:54+00:00","og_image":[{"width":883,"height":564,"url":"https:\/\/veritasinfo.org\/wp-content\/uploads\/2026\/04\/c5a0c03e-2420-46f0-9d8b-e6150cdb1ae9.webp","type":"image\/webp"}],"author":"US5","twitter_card":"summary_large_image","twitter_misc":{"Written by":"US5","Est. reading time":"1 minute"},"schema":{"@context":"https:\/\/schema.org","@graph":[{"@type":"WebPage","@id":"https:\/\/veritasinfo.org\/?p=45144","url":"https:\/\/veritasinfo.org\/?p=45144","name":"Vlahoviq: Jasht\u00eb Kosov\u00ebs dihet shum\u00eb pak p\u00ebr trajtimin e shqiptar\u00ebve nga Serbia nd\u00ebr vite -","isPartOf":{"@id":"https:\/\/veritasinfo.org\/#website"},"primaryImageOfPage":{"@id":"https:\/\/veritasinfo.org\/?p=45144#primaryimage"},"image":{"@id":"https:\/\/veritasinfo.org\/?p=45144#primaryimage"},"thumbnailUrl":"https:\/\/veritasinfo.org\/wp-content\/uploads\/2026\/04\/c5a0c03e-2420-46f0-9d8b-e6150cdb1ae9.webp","datePublished":"2026-04-27T06:05:54+00:00","author":{"@id":"https:\/\/veritasinfo.org\/#\/schema\/person\/bc442336e35414d04494ab8fb45db4c6"},"breadcrumb":{"@id":"https:\/\/veritasinfo.org\/?p=45144#breadcrumb"},"inLanguage":"en-US","potentialAction":[{"@type":"ReadAction","target":["https:\/\/veritasinfo.org\/?p=45144"]}]},{"@type":"ImageObject","inLanguage":"en-US","@id":"https:\/\/veritasinfo.org\/?p=45144#primaryimage","url":"https:\/\/veritasinfo.org\/wp-content\/uploads\/2026\/04\/c5a0c03e-2420-46f0-9d8b-e6150cdb1ae9.webp","contentUrl":"https:\/\/veritasinfo.org\/wp-content\/uploads\/2026\/04\/c5a0c03e-2420-46f0-9d8b-e6150cdb1ae9.webp","width":883,"height":564},{"@type":"BreadcrumbList","@id":"https:\/\/veritasinfo.org\/?p=45144#breadcrumb","itemListElement":[{"@type":"ListItem","position":1,"name":"Home","item":"https:\/\/veritasinfo.org\/"},{"@type":"ListItem","position":2,"name":"Vlahoviq: Jasht\u00eb Kosov\u00ebs dihet shum\u00eb pak p\u00ebr trajtimin e shqiptar\u00ebve nga Serbia nd\u00ebr vite"}]},{"@type":"WebSite","@id":"https:\/\/veritasinfo.org\/#website","url":"https:\/\/veritasinfo.org\/","name":"","description":"","potentialAction":[{"@type":"SearchAction","target":{"@type":"EntryPoint","urlTemplate":"https:\/\/veritasinfo.org\/?s={search_term_string}"},"query-input":{"@type":"PropertyValueSpecification","valueRequired":true,"valueName":"search_term_string"}}],"inLanguage":"en-US"},{"@type":"Person","@id":"https:\/\/veritasinfo.org\/#\/schema\/person\/bc442336e35414d04494ab8fb45db4c6","name":"US5","image":{"@type":"ImageObject","inLanguage":"en-US","@id":"https:\/\/veritasinfo.org\/#\/schema\/person\/image\/","url":"https:\/\/secure.gravatar.com\/avatar\/16a61e7272a0c5d001121ebb9e60e925d5816e4ac1e443ed3e640d9a6ae55d0c?s=96&d=mm&r=g","contentUrl":"https:\/\/secure.gravatar.com\/avatar\/16a61e7272a0c5d001121ebb9e60e925d5816e4ac1e443ed3e640d9a6ae55d0c?s=96&d=mm&r=g","caption":"US5"},"url":"https:\/\/veritasinfo.org\/?author=6"}]}},"featured_image_urls":{"full":["https:\/\/veritasinfo.org\/wp-content\/uploads\/2026\/04\/c5a0c03e-2420-46f0-9d8b-e6150cdb1ae9.webp",883,564,false],"thumbnail":["https:\/\/veritasinfo.org\/wp-content\/uploads\/2026\/04\/c5a0c03e-2420-46f0-9d8b-e6150cdb1ae9-150x150.webp",150,150,true],"medium":["https:\/\/veritasinfo.org\/wp-content\/uploads\/2026\/04\/c5a0c03e-2420-46f0-9d8b-e6150cdb1ae9-300x192.webp",300,192,true],"medium_large":["https:\/\/veritasinfo.org\/wp-content\/uploads\/2026\/04\/c5a0c03e-2420-46f0-9d8b-e6150cdb1ae9-768x491.webp",640,409,true],"large":["https:\/\/veritasinfo.org\/wp-content\/uploads\/2026\/04\/c5a0c03e-2420-46f0-9d8b-e6150cdb1ae9.webp",640,409,false],"1536x1536":["https:\/\/veritasinfo.org\/wp-content\/uploads\/2026\/04\/c5a0c03e-2420-46f0-9d8b-e6150cdb1ae9.webp",883,564,false],"2048x2048":["https:\/\/veritasinfo.org\/wp-content\/uploads\/2026\/04\/c5a0c03e-2420-46f0-9d8b-e6150cdb1ae9.webp",883,564,false],"kreeti-slider-full":["https:\/\/veritasinfo.org\/wp-content\/uploads\/2026\/04\/c5a0c03e-2420-46f0-9d8b-e6150cdb1ae9.webp",883,564,false],"kreeti-featured":["https:\/\/veritasinfo.org\/wp-content\/uploads\/2026\/04\/c5a0c03e-2420-46f0-9d8b-e6150cdb1ae9.webp",883,564,false],"kreeti-medium":["https:\/\/veritasinfo.org\/wp-content\/uploads\/2026\/04\/c5a0c03e-2420-46f0-9d8b-e6150cdb1ae9-720x530.webp",720,530,true],"kreeti-medium-square":["https:\/\/veritasinfo.org\/wp-content\/uploads\/2026\/04\/c5a0c03e-2420-46f0-9d8b-e6150cdb1ae9-350x350.webp",350,350,true]},"author_info":{"info":["US5"]},"category_info":"<a href=\"https:\/\/veritasinfo.org\/?cat=58\" rel=\"category\">Politik\u00eb<\/a>","tag_info":"Politik\u00eb","comment_count":"0","_links":{"self":[{"href":"https:\/\/veritasinfo.org\/index.php?rest_route=\/wp\/v2\/posts\/45144","targetHints":{"allow":["GET"]}}],"collection":[{"href":"https:\/\/veritasinfo.org\/index.php?rest_route=\/wp\/v2\/posts"}],"about":[{"href":"https:\/\/veritasinfo.org\/index.php?rest_route=\/wp\/v2\/types\/post"}],"author":[{"embeddable":true,"href":"https:\/\/veritasinfo.org\/index.php?rest_route=\/wp\/v2\/users\/6"}],"replies":[{"embeddable":true,"href":"https:\/\/veritasinfo.org\/index.php?rest_route=%2Fwp%2Fv2%2Fcomments&post=45144"}],"version-history":[{"count":2,"href":"https:\/\/veritasinfo.org\/index.php?rest_route=\/wp\/v2\/posts\/45144\/revisions"}],"predecessor-version":[{"id":45147,"href":"https:\/\/veritasinfo.org\/index.php?rest_route=\/wp\/v2\/posts\/45144\/revisions\/45147"}],"wp:featuredmedia":[{"embeddable":true,"href":"https:\/\/veritasinfo.org\/index.php?rest_route=\/wp\/v2\/media\/45145"}],"wp:attachment":[{"href":"https:\/\/veritasinfo.org\/index.php?rest_route=%2Fwp%2Fv2%2Fmedia&parent=45144"}],"wp:term":[{"taxonomy":"category","embeddable":true,"href":"https:\/\/veritasinfo.org\/index.php?rest_route=%2Fwp%2Fv2%2Fcategories&post=45144"},{"taxonomy":"post_tag","embeddable":true,"href":"https:\/\/veritasinfo.org\/index.php?rest_route=%2Fwp%2Fv2%2Ftags&post=45144"}],"curies":[{"name":"wp","href":"https:\/\/api.w.org\/{rel}","templated":true}]}}