{"id":45137,"date":"2026-04-27T07:51:09","date_gmt":"2026-04-27T05:51:09","guid":{"rendered":"https:\/\/veritasinfo.org\/?p=45137"},"modified":"2026-04-27T07:51:09","modified_gmt":"2026-04-27T05:51:09","slug":"27-godina-od-masakra-u-meji-gde-je-ubijeno-376-ljudi","status":"publish","type":"post","link":"https:\/\/veritasinfo.org\/?p=45137&lang=sr","title":{"rendered":"27 godina od masakra u Meji, gde je ubijeno 376 ljudi"},"content":{"rendered":"<p>Pri\u0161tina, 27. april 2026. 07:46<\/p>\n<p>Danas se navr\u0161ava 27. godi\u0161njica masakra u Meji, \u0110akovica, gde je 27. aprila 1999. godine ubijeno 376 ljudi.<\/p>\n<p>Pre 27 godina, srpske snage su opkolile Reku e Kec\u0301e i Lug i Karagojes u blizini \u0110akovice.<\/p>\n<p>U roku od nekoliko sati, izvr\u0161ena je najmakabralnija egzekucija i najvec\u0301i masakr u ratu na Kosovu tokom 1998-1999. godine.<\/p>\n<p>U planiranoj operaciji, svi putevi su prese\u010deni, ostavljajuc\u0301i otvorena samo dva puta u pravcu Meje.<\/p>\n<p>Okupljanje de\u010daka i mu\u0161karaca u grupama od 15 do 60 godina po\u010delo je u ranim jutarnjim satima.<\/p>\n<p>U stravi\u010dnom bilansu, pogo\u0111eno je 15 sela u okrugu \u0110akovice, pri \u010demu su svi de\u010daci i mu\u0161karci pogubljeni kuc\u0301u po kuc\u0301u.<\/p>\n<p>Jedinice srpske vojske, policija, crvene beretke, paravojske, maskirane kom\u0161ije stvorile su kordon sa slikama Srebrenice, pogubiv\u0161i 376 albanskih mu\u0161karaca na dan koji je poznat kao praznik poslednje Jugoslavije, koji je pod plesom krvi stvoren igrama advokata Slobodana Milo\u0161evic\u0301a 27. aprila 1992. godine.<\/p>\n<p>Tog dana, niko od pritvorenih nije uspeo da iza\u0111e \u017eiv iz Meje, a nakon rata, njihova masakrirana tela, neki su prona\u0111ena u masovnim grobnicama \u0161irom Kosova, dok se za druga navodi da se jo\u0161 uvek nalaze negde u Srbiji.<\/p>\n<p>Uprkos zahtevima porodica i raznih organizacija na Kosovu da se njihova tela vrate iz Srbije, to je odlo\u017eeno od strane srpske dr\u017eave i jo\u0161 uvek nije u\u010dinjeno<\/p>\n","protected":false},"excerpt":{"rendered":"<p>Pri\u0161tina, 27. april 2026. 07:46 Danas se navr\u0161ava 27. godi\u0161njica masakra u Meji, \u0110akovica, gde je 27. aprila 1999. godine ubijeno 376 ljudi. Pre 27<\/p>\n","protected":false},"author":7,"featured_media":45138,"comment_status":"open","ping_status":"open","sticky":false,"template":"","format":"standard","meta":{"footnotes":""},"categories":[30],"tags":[],"class_list":["post-45137","post","type-post","status-publish","format-standard","has-post-thumbnail","hentry","category-drustvo"],"yoast_head":"<!-- This site is optimized with the Yoast SEO plugin v25.3.1 - https:\/\/yoast.com\/wordpress\/plugins\/seo\/ -->\n<title>27 godina od masakra u Meji, gde je ubijeno 376 ljudi -<\/title>\n<meta name=\"robots\" content=\"index, follow, max-snippet:-1, max-image-preview:large, max-video-preview:-1\" \/>\n<link rel=\"canonical\" href=\"https:\/\/veritasinfo.org\/?p=45137&lang=sr\" \/>\n<meta property=\"og:locale\" content=\"en_US\" \/>\n<meta property=\"og:type\" content=\"article\" \/>\n<meta property=\"og:title\" content=\"27 godina od masakra u Meji, gde je ubijeno 376 ljudi -\" \/>\n<meta property=\"og:description\" content=\"Pri\u0161tina, 27. april 2026. 07:46 Danas se navr\u0161ava 27. godi\u0161njica masakra u Meji, \u0110akovica, gde je 27. aprila 1999. godine ubijeno 376 ljudi. Pre 27\" \/>\n<meta property=\"og:url\" content=\"https:\/\/veritasinfo.org\/?p=45137&amp;lang=sr\" \/>\n<meta property=\"article:published_time\" content=\"2026-04-27T05:51:09+00:00\" \/>\n<meta property=\"og:image\" content=\"https:\/\/veritasinfo.org\/wp-content\/uploads\/2026\/04\/721408_Meje-1.webp\" \/>\n\t<meta property=\"og:image:width\" content=\"900\" \/>\n\t<meta property=\"og:image:height\" content=\"481\" \/>\n\t<meta property=\"og:image:type\" content=\"image\/webp\" \/>\n<meta name=\"author\" content=\"US6\" \/>\n<meta name=\"twitter:card\" content=\"summary_large_image\" \/>\n<meta name=\"twitter:label1\" content=\"Written by\" \/>\n\t<meta name=\"twitter:data1\" content=\"US6\" \/>\n\t<meta name=\"twitter:label2\" content=\"Est. reading time\" \/>\n\t<meta name=\"twitter:data2\" content=\"2 minutes\" \/>\n<script type=\"application\/ld+json\" class=\"yoast-schema-graph\">{\"@context\":\"https:\/\/schema.org\",\"@graph\":[{\"@type\":\"WebPage\",\"@id\":\"https:\/\/veritasinfo.org\/?p=45137&lang=sr\",\"url\":\"https:\/\/veritasinfo.org\/?p=45137&lang=sr\",\"name\":\"27 godina od masakra u Meji, gde je ubijeno 376 ljudi -\",\"isPartOf\":{\"@id\":\"https:\/\/veritasinfo.org\/#website\"},\"primaryImageOfPage\":{\"@id\":\"https:\/\/veritasinfo.org\/?p=45137&lang=sr#primaryimage\"},\"image\":{\"@id\":\"https:\/\/veritasinfo.org\/?p=45137&lang=sr#primaryimage\"},\"thumbnailUrl\":\"https:\/\/veritasinfo.org\/wp-content\/uploads\/2026\/04\/721408_Meje-1.webp\",\"datePublished\":\"2026-04-27T05:51:09+00:00\",\"author\":{\"@id\":\"https:\/\/veritasinfo.org\/#\/schema\/person\/fe199eede04c3937362892b7444747cc\"},\"breadcrumb\":{\"@id\":\"https:\/\/veritasinfo.org\/?p=45137&lang=sr#breadcrumb\"},\"inLanguage\":\"en-US\",\"potentialAction\":[{\"@type\":\"ReadAction\",\"target\":[\"https:\/\/veritasinfo.org\/?p=45137&lang=sr\"]}]},{\"@type\":\"ImageObject\",\"inLanguage\":\"en-US\",\"@id\":\"https:\/\/veritasinfo.org\/?p=45137&lang=sr#primaryimage\",\"url\":\"https:\/\/veritasinfo.org\/wp-content\/uploads\/2026\/04\/721408_Meje-1.webp\",\"contentUrl\":\"https:\/\/veritasinfo.org\/wp-content\/uploads\/2026\/04\/721408_Meje-1.webp\",\"width\":900,\"height\":481},{\"@type\":\"BreadcrumbList\",\"@id\":\"https:\/\/veritasinfo.org\/?p=45137&lang=sr#breadcrumb\",\"itemListElement\":[{\"@type\":\"ListItem\",\"position\":1,\"name\":\"Home\",\"item\":\"https:\/\/veritasinfo.org\/\"},{\"@type\":\"ListItem\",\"position\":2,\"name\":\"27 godina od masakra u Meji, gde je ubijeno 376 ljudi\"}]},{\"@type\":\"WebSite\",\"@id\":\"https:\/\/veritasinfo.org\/#website\",\"url\":\"https:\/\/veritasinfo.org\/\",\"name\":\"\",\"description\":\"\",\"potentialAction\":[{\"@type\":\"SearchAction\",\"target\":{\"@type\":\"EntryPoint\",\"urlTemplate\":\"https:\/\/veritasinfo.org\/?s={search_term_string}\"},\"query-input\":{\"@type\":\"PropertyValueSpecification\",\"valueRequired\":true,\"valueName\":\"search_term_string\"}}],\"inLanguage\":\"en-US\"},{\"@type\":\"Person\",\"@id\":\"https:\/\/veritasinfo.org\/#\/schema\/person\/fe199eede04c3937362892b7444747cc\",\"name\":\"US6\",\"image\":{\"@type\":\"ImageObject\",\"inLanguage\":\"en-US\",\"@id\":\"https:\/\/veritasinfo.org\/#\/schema\/person\/image\/\",\"url\":\"https:\/\/secure.gravatar.com\/avatar\/cb16c3c31c9d23b9b8c705964598220b3014e42ff51eb540ff23cefa3ae8c15f?s=96&d=mm&r=g\",\"contentUrl\":\"https:\/\/secure.gravatar.com\/avatar\/cb16c3c31c9d23b9b8c705964598220b3014e42ff51eb540ff23cefa3ae8c15f?s=96&d=mm&r=g\",\"caption\":\"US6\"},\"url\":\"https:\/\/veritasinfo.org\/?author=7\"}]}<\/script>\n<!-- \/ Yoast SEO plugin. -->","yoast_head_json":{"title":"27 godina od masakra u Meji, gde je ubijeno 376 ljudi -","robots":{"index":"index","follow":"follow","max-snippet":"max-snippet:-1","max-image-preview":"max-image-preview:large","max-video-preview":"max-video-preview:-1"},"canonical":"https:\/\/veritasinfo.org\/?p=45137&lang=sr","og_locale":"en_US","og_type":"article","og_title":"27 godina od masakra u Meji, gde je ubijeno 376 ljudi -","og_description":"Pri\u0161tina, 27. april 2026. 07:46 Danas se navr\u0161ava 27. godi\u0161njica masakra u Meji, \u0110akovica, gde je 27. aprila 1999. godine ubijeno 376 ljudi. Pre 27","og_url":"https:\/\/veritasinfo.org\/?p=45137&lang=sr","article_published_time":"2026-04-27T05:51:09+00:00","og_image":[{"width":900,"height":481,"url":"https:\/\/veritasinfo.org\/wp-content\/uploads\/2026\/04\/721408_Meje-1.webp","type":"image\/webp"}],"author":"US6","twitter_card":"summary_large_image","twitter_misc":{"Written by":"US6","Est. reading time":"2 minutes"},"schema":{"@context":"https:\/\/schema.org","@graph":[{"@type":"WebPage","@id":"https:\/\/veritasinfo.org\/?p=45137&lang=sr","url":"https:\/\/veritasinfo.org\/?p=45137&lang=sr","name":"27 godina od masakra u Meji, gde je ubijeno 376 ljudi -","isPartOf":{"@id":"https:\/\/veritasinfo.org\/#website"},"primaryImageOfPage":{"@id":"https:\/\/veritasinfo.org\/?p=45137&lang=sr#primaryimage"},"image":{"@id":"https:\/\/veritasinfo.org\/?p=45137&lang=sr#primaryimage"},"thumbnailUrl":"https:\/\/veritasinfo.org\/wp-content\/uploads\/2026\/04\/721408_Meje-1.webp","datePublished":"2026-04-27T05:51:09+00:00","author":{"@id":"https:\/\/veritasinfo.org\/#\/schema\/person\/fe199eede04c3937362892b7444747cc"},"breadcrumb":{"@id":"https:\/\/veritasinfo.org\/?p=45137&lang=sr#breadcrumb"},"inLanguage":"en-US","potentialAction":[{"@type":"ReadAction","target":["https:\/\/veritasinfo.org\/?p=45137&lang=sr"]}]},{"@type":"ImageObject","inLanguage":"en-US","@id":"https:\/\/veritasinfo.org\/?p=45137&lang=sr#primaryimage","url":"https:\/\/veritasinfo.org\/wp-content\/uploads\/2026\/04\/721408_Meje-1.webp","contentUrl":"https:\/\/veritasinfo.org\/wp-content\/uploads\/2026\/04\/721408_Meje-1.webp","width":900,"height":481},{"@type":"BreadcrumbList","@id":"https:\/\/veritasinfo.org\/?p=45137&lang=sr#breadcrumb","itemListElement":[{"@type":"ListItem","position":1,"name":"Home","item":"https:\/\/veritasinfo.org\/"},{"@type":"ListItem","position":2,"name":"27 godina od masakra u Meji, gde je ubijeno 376 ljudi"}]},{"@type":"WebSite","@id":"https:\/\/veritasinfo.org\/#website","url":"https:\/\/veritasinfo.org\/","name":"","description":"","potentialAction":[{"@type":"SearchAction","target":{"@type":"EntryPoint","urlTemplate":"https:\/\/veritasinfo.org\/?s={search_term_string}"},"query-input":{"@type":"PropertyValueSpecification","valueRequired":true,"valueName":"search_term_string"}}],"inLanguage":"en-US"},{"@type":"Person","@id":"https:\/\/veritasinfo.org\/#\/schema\/person\/fe199eede04c3937362892b7444747cc","name":"US6","image":{"@type":"ImageObject","inLanguage":"en-US","@id":"https:\/\/veritasinfo.org\/#\/schema\/person\/image\/","url":"https:\/\/secure.gravatar.com\/avatar\/cb16c3c31c9d23b9b8c705964598220b3014e42ff51eb540ff23cefa3ae8c15f?s=96&d=mm&r=g","contentUrl":"https:\/\/secure.gravatar.com\/avatar\/cb16c3c31c9d23b9b8c705964598220b3014e42ff51eb540ff23cefa3ae8c15f?s=96&d=mm&r=g","caption":"US6"},"url":"https:\/\/veritasinfo.org\/?author=7"}]}},"featured_image_urls":{"full":["https:\/\/veritasinfo.org\/wp-content\/uploads\/2026\/04\/721408_Meje-1.webp",900,481,false],"thumbnail":["https:\/\/veritasinfo.org\/wp-content\/uploads\/2026\/04\/721408_Meje-1-150x150.webp",150,150,true],"medium":["https:\/\/veritasinfo.org\/wp-content\/uploads\/2026\/04\/721408_Meje-1-300x160.webp",300,160,true],"medium_large":["https:\/\/veritasinfo.org\/wp-content\/uploads\/2026\/04\/721408_Meje-1-768x410.webp",640,342,true],"large":["https:\/\/veritasinfo.org\/wp-content\/uploads\/2026\/04\/721408_Meje-1.webp",640,342,false],"1536x1536":["https:\/\/veritasinfo.org\/wp-content\/uploads\/2026\/04\/721408_Meje-1.webp",900,481,false],"2048x2048":["https:\/\/veritasinfo.org\/wp-content\/uploads\/2026\/04\/721408_Meje-1.webp",900,481,false],"kreeti-slider-full":["https:\/\/veritasinfo.org\/wp-content\/uploads\/2026\/04\/721408_Meje-1.webp",900,481,false],"kreeti-featured":["https:\/\/veritasinfo.org\/wp-content\/uploads\/2026\/04\/721408_Meje-1.webp",900,481,false],"kreeti-medium":["https:\/\/veritasinfo.org\/wp-content\/uploads\/2026\/04\/721408_Meje-1-720x481.webp",720,481,true],"kreeti-medium-square":["https:\/\/veritasinfo.org\/wp-content\/uploads\/2026\/04\/721408_Meje-1-350x350.webp",350,350,true]},"author_info":{"info":["US6"]},"category_info":"<a href=\"https:\/\/veritasinfo.org\/?cat=30&#038;lang=sr\" rel=\"category\">Dru\u0161tvo<\/a>","tag_info":"Dru\u0161tvo","comment_count":"0","_links":{"self":[{"href":"https:\/\/veritasinfo.org\/index.php?rest_route=\/wp\/v2\/posts\/45137","targetHints":{"allow":["GET"]}}],"collection":[{"href":"https:\/\/veritasinfo.org\/index.php?rest_route=\/wp\/v2\/posts"}],"about":[{"href":"https:\/\/veritasinfo.org\/index.php?rest_route=\/wp\/v2\/types\/post"}],"author":[{"embeddable":true,"href":"https:\/\/veritasinfo.org\/index.php?rest_route=\/wp\/v2\/users\/7"}],"replies":[{"embeddable":true,"href":"https:\/\/veritasinfo.org\/index.php?rest_route=%2Fwp%2Fv2%2Fcomments&post=45137"}],"version-history":[{"count":1,"href":"https:\/\/veritasinfo.org\/index.php?rest_route=\/wp\/v2\/posts\/45137\/revisions"}],"predecessor-version":[{"id":45139,"href":"https:\/\/veritasinfo.org\/index.php?rest_route=\/wp\/v2\/posts\/45137\/revisions\/45139"}],"wp:featuredmedia":[{"embeddable":true,"href":"https:\/\/veritasinfo.org\/index.php?rest_route=\/wp\/v2\/media\/45138"}],"wp:attachment":[{"href":"https:\/\/veritasinfo.org\/index.php?rest_route=%2Fwp%2Fv2%2Fmedia&parent=45137"}],"wp:term":[{"taxonomy":"category","embeddable":true,"href":"https:\/\/veritasinfo.org\/index.php?rest_route=%2Fwp%2Fv2%2Fcategories&post=45137"},{"taxonomy":"post_tag","embeddable":true,"href":"https:\/\/veritasinfo.org\/index.php?rest_route=%2Fwp%2Fv2%2Ftags&post=45137"}],"curies":[{"name":"wp","href":"https:\/\/api.w.org\/{rel}","templated":true}]}}