{"id":45110,"date":"2026-04-26T22:08:49","date_gmt":"2026-04-26T20:08:49","guid":{"rendered":"https:\/\/veritasinfo.org\/?p=45110"},"modified":"2026-04-26T22:08:49","modified_gmt":"2026-04-26T20:08:49","slug":"taktizime-politike-per-presidentin-analistet-paralajmerojne-zgjedhje","status":"publish","type":"post","link":"https:\/\/veritasinfo.org\/?p=45110","title":{"rendered":"Taktizime politike p\u00ebr presidentin, analist\u00ebt paralajm\u00ebrojn\u00eb zgjedhje"},"content":{"rendered":"<p>Prishtin\u00eb, 26 prill 2026 22:08<\/p>\n<p>Pavar\u00ebsisht ofert\u00ebs s\u00eb b\u00ebr\u00eb nga L\u00ebvizja Vet\u00ebvendosje, nuk pati reflektim nga partit\u00eb opozitare p\u00ebr zgjidhjen e \u00e7\u00ebshtjes. PDK-ja refuzoi ofert\u00ebn, duke e cil\u00ebsuar si taktik\u00eb politike t\u00eb Kurtit, nd\u00ebrsa LDK-ja k\u00ebrkoi garanci p\u00ebr 66 vota nga pushteti duke p\u00ebrmendur edhe mund\u00ebsin\u00eb e kandidimit t\u00eb Vjosa Osmanit. Analist\u00ebt vler\u00ebsojn\u00eb se zhvillimet e fundit m\u00eb shum\u00eb i ngjajn\u00eb taktikave politike p\u00ebr fushat\u00ebn zgjedhore.<\/p>\n<p>T\u00eb gjitha l\u00ebvizjet politike t\u00eb fundjav\u00ebs, ku partia n\u00eb pushtet i ofroj\u00eb opozit\u00ebs postin e presidentit me nj\u00eb kandidat jo partiak, sipas njoh\u00ebsve t\u00eb rrethanave politike, konsiderohen si taktikizime t\u00eb momentit dhe p\u00ebrgatitja e terrenit p\u00ebr fushat\u00ebn zgjedhore.<\/p>\n<p>\u201cKrejt\u00ebsisht e qart\u00eb q\u00eb asnj\u00eb lider, asnj\u00eb parti nuk e ka seriosisht gjetjen e nj\u00eb zgjidhjeje adekuate, nj\u00eb zgjidhje t\u00eb duhur dhe tashm\u00eb kemi hy n\u00eb fush\u00ebn e spektaklit politik, me q\u00ebllimin e vet\u00ebm q\u00eb maksimalisht t\u00eb faj\u00ebsohet pala tjet\u00ebr dhe t\u00eb krijohen kauza p\u00ebr fushat\u00ebn zgjedhore e cila na pret. Pra, \u00e7do gj\u00eb q\u00eb \u00ebsht\u00eb duke ndodhur tash \u00ebsht\u00eb n\u00eb funksion t\u00eb gjetjes s\u00eb element\u00ebve q\u00eb do t\u00eb shfryt\u00ebzohen n\u00eb fushat\u00ebn e cila na pret, sepse nuk ka m\u00eb as koh\u00eb, nuk ka m\u00eb as kuptim q\u00eb me kaq shpejt\u00ebsi t\u00eb merret nj\u00eb vendim kaq madhor si \u00e7\u00ebshtja e presidentit\u201d, tha Artan Muhaxhiti, njoh\u00ebs i rrethanave politike.<\/p>\n<p>Oferta e Kurtit d\u00ebshmi e prov\u00eb p\u00ebr opozit\u00ebn p\u00ebr t\u00eb paraqitur at\u00eb si bllokuese, thot\u00eb profesori universitar Mazllum Baraliu. Sipas tij, Gjykata Kushtetuese e ka sqaruar p\u00ebrfundimisht \u00e7\u00ebshtjen dhe n\u00ebse nuk zgjidhet presidenti, Kuvendi do t\u00eb shp\u00ebrndahet automatikisht t\u00eb mart\u00ebn.<\/p>\n<p>\u201cKjo \u00e7\u00ebshtje \u00ebsht\u00eb e shteruar nga vendimi i fundit i Gjykat\u00ebs Kushtetuese po edhe nga vendimet e m\u00ebhershme. Dhe vet\u00ebm mund t\u00eb jet\u00eb vazhdim\u00ebsi eventuale e nj\u00eb ping-pongu, nj\u00eb loje politike t\u00eb subjekteve politike q\u00eb kan\u00eb interes p\u00ebr t\u00eb caktuar n\u00eb k\u00ebt\u00eb rast eventualisht p\u00ebr t\u2019i shtyr\u00eb zgjedhjet n\u00eb nj\u00eb koh\u00eb kur p\u00ebrgjigjet dikujt apo dikujt tjet\u00ebr m\u00eb shum\u00eb, p\u00ebrndryshe nuk ka ndonj\u00eb baz\u00eb e cila do duhej t&#8217;ishte si k\u00ebrkes\u00eb pra e pranueshme p\u00ebr Gjykat\u00ebn Kushtetuese n\u00eb rastin dhe situat\u00ebn q\u00eb jemi tani\u201d, tha ai.<\/p>\n<p>N\u00eb dy dit\u00ebt e mbetura skena politike duket e larguar nga nj\u00eb marr\u00ebveshje p\u00ebr zgjedhjen e presidentit t\u00eb ri. Vet\u00ebvendosje ka k\u00ebrkuar nga Partia Demokratike dhe Lidhja Demokratike propozimin e tre emrave t\u00eb p\u00ebrbashk\u00ebt, nd\u00ebrsa kryetari i Lidhjes Demokratike Lumir Abdixhiku ia ka paraqitur kryeministrit Albin Kurti emrin e Vjosa Osmanit, duke k\u00ebrkuar garanci p\u00ebr 66 vota nga pushteti.<\/p>\n<p>Pa nj\u00eb reagim nga Kurti, deputet\u00ebt po flasin gjithnj\u00eb e m\u00eb shum\u00eb p\u00ebr mund\u00ebsin\u00eb e zgjedhjeve t\u00eb reja<\/p>\n","protected":false},"excerpt":{"rendered":"<p>Prishtin\u00eb, 26 prill 2026 22:08 Pavar\u00ebsisht ofert\u00ebs s\u00eb b\u00ebr\u00eb nga L\u00ebvizja Vet\u00ebvendosje, nuk pati reflektim nga partit\u00eb opozitare p\u00ebr zgjidhjen e \u00e7\u00ebshtjes. PDK-ja refuzoi ofert\u00ebn,<\/p>\n","protected":false},"author":7,"featured_media":45111,"comment_status":"open","ping_status":"open","sticky":false,"template":"","format":"standard","meta":{"footnotes":""},"categories":[58],"tags":[],"class_list":["post-45110","post","type-post","status-publish","format-standard","has-post-thumbnail","hentry","category-politike-sq"],"yoast_head":"<!-- This site is optimized with the Yoast SEO plugin v25.3.1 - https:\/\/yoast.com\/wordpress\/plugins\/seo\/ -->\n<title>Taktizime politike p\u00ebr presidentin, analist\u00ebt paralajm\u00ebrojn\u00eb zgjedhje -<\/title>\n<meta name=\"robots\" content=\"index, follow, max-snippet:-1, max-image-preview:large, max-video-preview:-1\" \/>\n<link rel=\"canonical\" href=\"https:\/\/veritasinfo.org\/?p=45110\" \/>\n<meta property=\"og:locale\" content=\"en_US\" \/>\n<meta property=\"og:type\" content=\"article\" \/>\n<meta property=\"og:title\" content=\"Taktizime politike p\u00ebr presidentin, analist\u00ebt paralajm\u00ebrojn\u00eb zgjedhje -\" \/>\n<meta property=\"og:description\" content=\"Prishtin\u00eb, 26 prill 2026 22:08 Pavar\u00ebsisht ofert\u00ebs s\u00eb b\u00ebr\u00eb nga L\u00ebvizja Vet\u00ebvendosje, nuk pati reflektim nga partit\u00eb opozitare p\u00ebr zgjidhjen e \u00e7\u00ebshtjes. PDK-ja refuzoi ofert\u00ebn,\" \/>\n<meta property=\"og:url\" content=\"https:\/\/veritasinfo.org\/?p=45110\" \/>\n<meta property=\"article:published_time\" content=\"2026-04-26T20:08:49+00:00\" \/>\n<meta property=\"og:image\" content=\"https:\/\/veritasinfo.org\/wp-content\/uploads\/2026\/04\/723160-ThVumgodxb.jpg\" \/>\n\t<meta property=\"og:image:width\" content=\"780\" \/>\n\t<meta property=\"og:image:height\" content=\"500\" \/>\n\t<meta property=\"og:image:type\" content=\"image\/jpeg\" \/>\n<meta name=\"author\" content=\"US6\" \/>\n<meta name=\"twitter:card\" content=\"summary_large_image\" \/>\n<meta name=\"twitter:label1\" content=\"Written by\" \/>\n\t<meta name=\"twitter:data1\" content=\"US6\" \/>\n\t<meta name=\"twitter:label2\" content=\"Est. reading time\" \/>\n\t<meta name=\"twitter:data2\" content=\"3 minutes\" \/>\n<script type=\"application\/ld+json\" class=\"yoast-schema-graph\">{\"@context\":\"https:\/\/schema.org\",\"@graph\":[{\"@type\":\"WebPage\",\"@id\":\"https:\/\/veritasinfo.org\/?p=45110\",\"url\":\"https:\/\/veritasinfo.org\/?p=45110\",\"name\":\"Taktizime politike p\u00ebr presidentin, analist\u00ebt paralajm\u00ebrojn\u00eb zgjedhje -\",\"isPartOf\":{\"@id\":\"https:\/\/veritasinfo.org\/#website\"},\"primaryImageOfPage\":{\"@id\":\"https:\/\/veritasinfo.org\/?p=45110#primaryimage\"},\"image\":{\"@id\":\"https:\/\/veritasinfo.org\/?p=45110#primaryimage\"},\"thumbnailUrl\":\"https:\/\/veritasinfo.org\/wp-content\/uploads\/2026\/04\/723160-ThVumgodxb.jpg\",\"datePublished\":\"2026-04-26T20:08:49+00:00\",\"author\":{\"@id\":\"https:\/\/veritasinfo.org\/#\/schema\/person\/fe199eede04c3937362892b7444747cc\"},\"breadcrumb\":{\"@id\":\"https:\/\/veritasinfo.org\/?p=45110#breadcrumb\"},\"inLanguage\":\"en-US\",\"potentialAction\":[{\"@type\":\"ReadAction\",\"target\":[\"https:\/\/veritasinfo.org\/?p=45110\"]}]},{\"@type\":\"ImageObject\",\"inLanguage\":\"en-US\",\"@id\":\"https:\/\/veritasinfo.org\/?p=45110#primaryimage\",\"url\":\"https:\/\/veritasinfo.org\/wp-content\/uploads\/2026\/04\/723160-ThVumgodxb.jpg\",\"contentUrl\":\"https:\/\/veritasinfo.org\/wp-content\/uploads\/2026\/04\/723160-ThVumgodxb.jpg\",\"width\":780,\"height\":500},{\"@type\":\"BreadcrumbList\",\"@id\":\"https:\/\/veritasinfo.org\/?p=45110#breadcrumb\",\"itemListElement\":[{\"@type\":\"ListItem\",\"position\":1,\"name\":\"Home\",\"item\":\"https:\/\/veritasinfo.org\/\"},{\"@type\":\"ListItem\",\"position\":2,\"name\":\"Taktizime politike p\u00ebr presidentin, analist\u00ebt paralajm\u00ebrojn\u00eb zgjedhje\"}]},{\"@type\":\"WebSite\",\"@id\":\"https:\/\/veritasinfo.org\/#website\",\"url\":\"https:\/\/veritasinfo.org\/\",\"name\":\"\",\"description\":\"\",\"potentialAction\":[{\"@type\":\"SearchAction\",\"target\":{\"@type\":\"EntryPoint\",\"urlTemplate\":\"https:\/\/veritasinfo.org\/?s={search_term_string}\"},\"query-input\":{\"@type\":\"PropertyValueSpecification\",\"valueRequired\":true,\"valueName\":\"search_term_string\"}}],\"inLanguage\":\"en-US\"},{\"@type\":\"Person\",\"@id\":\"https:\/\/veritasinfo.org\/#\/schema\/person\/fe199eede04c3937362892b7444747cc\",\"name\":\"US6\",\"image\":{\"@type\":\"ImageObject\",\"inLanguage\":\"en-US\",\"@id\":\"https:\/\/veritasinfo.org\/#\/schema\/person\/image\/\",\"url\":\"https:\/\/secure.gravatar.com\/avatar\/cb16c3c31c9d23b9b8c705964598220b3014e42ff51eb540ff23cefa3ae8c15f?s=96&d=mm&r=g\",\"contentUrl\":\"https:\/\/secure.gravatar.com\/avatar\/cb16c3c31c9d23b9b8c705964598220b3014e42ff51eb540ff23cefa3ae8c15f?s=96&d=mm&r=g\",\"caption\":\"US6\"},\"url\":\"https:\/\/veritasinfo.org\/?author=7\"}]}<\/script>\n<!-- \/ Yoast SEO plugin. -->","yoast_head_json":{"title":"Taktizime politike p\u00ebr presidentin, analist\u00ebt paralajm\u00ebrojn\u00eb zgjedhje -","robots":{"index":"index","follow":"follow","max-snippet":"max-snippet:-1","max-image-preview":"max-image-preview:large","max-video-preview":"max-video-preview:-1"},"canonical":"https:\/\/veritasinfo.org\/?p=45110","og_locale":"en_US","og_type":"article","og_title":"Taktizime politike p\u00ebr presidentin, analist\u00ebt paralajm\u00ebrojn\u00eb zgjedhje -","og_description":"Prishtin\u00eb, 26 prill 2026 22:08 Pavar\u00ebsisht ofert\u00ebs s\u00eb b\u00ebr\u00eb nga L\u00ebvizja Vet\u00ebvendosje, nuk pati reflektim nga partit\u00eb opozitare p\u00ebr zgjidhjen e \u00e7\u00ebshtjes. PDK-ja refuzoi ofert\u00ebn,","og_url":"https:\/\/veritasinfo.org\/?p=45110","article_published_time":"2026-04-26T20:08:49+00:00","og_image":[{"width":780,"height":500,"url":"https:\/\/veritasinfo.org\/wp-content\/uploads\/2026\/04\/723160-ThVumgodxb.jpg","type":"image\/jpeg"}],"author":"US6","twitter_card":"summary_large_image","twitter_misc":{"Written by":"US6","Est. reading time":"3 minutes"},"schema":{"@context":"https:\/\/schema.org","@graph":[{"@type":"WebPage","@id":"https:\/\/veritasinfo.org\/?p=45110","url":"https:\/\/veritasinfo.org\/?p=45110","name":"Taktizime politike p\u00ebr presidentin, analist\u00ebt paralajm\u00ebrojn\u00eb zgjedhje -","isPartOf":{"@id":"https:\/\/veritasinfo.org\/#website"},"primaryImageOfPage":{"@id":"https:\/\/veritasinfo.org\/?p=45110#primaryimage"},"image":{"@id":"https:\/\/veritasinfo.org\/?p=45110#primaryimage"},"thumbnailUrl":"https:\/\/veritasinfo.org\/wp-content\/uploads\/2026\/04\/723160-ThVumgodxb.jpg","datePublished":"2026-04-26T20:08:49+00:00","author":{"@id":"https:\/\/veritasinfo.org\/#\/schema\/person\/fe199eede04c3937362892b7444747cc"},"breadcrumb":{"@id":"https:\/\/veritasinfo.org\/?p=45110#breadcrumb"},"inLanguage":"en-US","potentialAction":[{"@type":"ReadAction","target":["https:\/\/veritasinfo.org\/?p=45110"]}]},{"@type":"ImageObject","inLanguage":"en-US","@id":"https:\/\/veritasinfo.org\/?p=45110#primaryimage","url":"https:\/\/veritasinfo.org\/wp-content\/uploads\/2026\/04\/723160-ThVumgodxb.jpg","contentUrl":"https:\/\/veritasinfo.org\/wp-content\/uploads\/2026\/04\/723160-ThVumgodxb.jpg","width":780,"height":500},{"@type":"BreadcrumbList","@id":"https:\/\/veritasinfo.org\/?p=45110#breadcrumb","itemListElement":[{"@type":"ListItem","position":1,"name":"Home","item":"https:\/\/veritasinfo.org\/"},{"@type":"ListItem","position":2,"name":"Taktizime politike p\u00ebr presidentin, analist\u00ebt paralajm\u00ebrojn\u00eb zgjedhje"}]},{"@type":"WebSite","@id":"https:\/\/veritasinfo.org\/#website","url":"https:\/\/veritasinfo.org\/","name":"","description":"","potentialAction":[{"@type":"SearchAction","target":{"@type":"EntryPoint","urlTemplate":"https:\/\/veritasinfo.org\/?s={search_term_string}"},"query-input":{"@type":"PropertyValueSpecification","valueRequired":true,"valueName":"search_term_string"}}],"inLanguage":"en-US"},{"@type":"Person","@id":"https:\/\/veritasinfo.org\/#\/schema\/person\/fe199eede04c3937362892b7444747cc","name":"US6","image":{"@type":"ImageObject","inLanguage":"en-US","@id":"https:\/\/veritasinfo.org\/#\/schema\/person\/image\/","url":"https:\/\/secure.gravatar.com\/avatar\/cb16c3c31c9d23b9b8c705964598220b3014e42ff51eb540ff23cefa3ae8c15f?s=96&d=mm&r=g","contentUrl":"https:\/\/secure.gravatar.com\/avatar\/cb16c3c31c9d23b9b8c705964598220b3014e42ff51eb540ff23cefa3ae8c15f?s=96&d=mm&r=g","caption":"US6"},"url":"https:\/\/veritasinfo.org\/?author=7"}]}},"featured_image_urls":{"full":["https:\/\/veritasinfo.org\/wp-content\/uploads\/2026\/04\/723160-ThVumgodxb.jpg",780,500,false],"thumbnail":["https:\/\/veritasinfo.org\/wp-content\/uploads\/2026\/04\/723160-ThVumgodxb-150x150.jpg",150,150,true],"medium":["https:\/\/veritasinfo.org\/wp-content\/uploads\/2026\/04\/723160-ThVumgodxb-300x192.jpg",300,192,true],"medium_large":["https:\/\/veritasinfo.org\/wp-content\/uploads\/2026\/04\/723160-ThVumgodxb-768x492.jpg",640,410,true],"large":["https:\/\/veritasinfo.org\/wp-content\/uploads\/2026\/04\/723160-ThVumgodxb.jpg",640,410,false],"1536x1536":["https:\/\/veritasinfo.org\/wp-content\/uploads\/2026\/04\/723160-ThVumgodxb.jpg",780,500,false],"2048x2048":["https:\/\/veritasinfo.org\/wp-content\/uploads\/2026\/04\/723160-ThVumgodxb.jpg",780,500,false],"kreeti-slider-full":["https:\/\/veritasinfo.org\/wp-content\/uploads\/2026\/04\/723160-ThVumgodxb.jpg",780,500,false],"kreeti-featured":["https:\/\/veritasinfo.org\/wp-content\/uploads\/2026\/04\/723160-ThVumgodxb.jpg",780,500,false],"kreeti-medium":["https:\/\/veritasinfo.org\/wp-content\/uploads\/2026\/04\/723160-ThVumgodxb-720x500.jpg",720,500,true],"kreeti-medium-square":["https:\/\/veritasinfo.org\/wp-content\/uploads\/2026\/04\/723160-ThVumgodxb-350x350.jpg",350,350,true]},"author_info":{"info":["US6"]},"category_info":"<a href=\"https:\/\/veritasinfo.org\/?cat=58\" rel=\"category\">Politik\u00eb<\/a>","tag_info":"Politik\u00eb","comment_count":"0","_links":{"self":[{"href":"https:\/\/veritasinfo.org\/index.php?rest_route=\/wp\/v2\/posts\/45110","targetHints":{"allow":["GET"]}}],"collection":[{"href":"https:\/\/veritasinfo.org\/index.php?rest_route=\/wp\/v2\/posts"}],"about":[{"href":"https:\/\/veritasinfo.org\/index.php?rest_route=\/wp\/v2\/types\/post"}],"author":[{"embeddable":true,"href":"https:\/\/veritasinfo.org\/index.php?rest_route=\/wp\/v2\/users\/7"}],"replies":[{"embeddable":true,"href":"https:\/\/veritasinfo.org\/index.php?rest_route=%2Fwp%2Fv2%2Fcomments&post=45110"}],"version-history":[{"count":1,"href":"https:\/\/veritasinfo.org\/index.php?rest_route=\/wp\/v2\/posts\/45110\/revisions"}],"predecessor-version":[{"id":45112,"href":"https:\/\/veritasinfo.org\/index.php?rest_route=\/wp\/v2\/posts\/45110\/revisions\/45112"}],"wp:featuredmedia":[{"embeddable":true,"href":"https:\/\/veritasinfo.org\/index.php?rest_route=\/wp\/v2\/media\/45111"}],"wp:attachment":[{"href":"https:\/\/veritasinfo.org\/index.php?rest_route=%2Fwp%2Fv2%2Fmedia&parent=45110"}],"wp:term":[{"taxonomy":"category","embeddable":true,"href":"https:\/\/veritasinfo.org\/index.php?rest_route=%2Fwp%2Fv2%2Fcategories&post=45110"},{"taxonomy":"post_tag","embeddable":true,"href":"https:\/\/veritasinfo.org\/index.php?rest_route=%2Fwp%2Fv2%2Ftags&post=45110"}],"curies":[{"name":"wp","href":"https:\/\/api.w.org\/{rel}","templated":true}]}}