{"id":45107,"date":"2026-04-26T20:58:29","date_gmt":"2026-04-26T18:58:29","guid":{"rendered":"https:\/\/veritasinfo.org\/?p=45107"},"modified":"2026-04-26T20:58:29","modified_gmt":"2026-04-26T18:58:29","slug":"baljidemaj-bezbednost-na-kosovu-ostaje-vazna-za-nemacku","status":"publish","type":"post","link":"https:\/\/veritasinfo.org\/?p=45107&lang=sr","title":{"rendered":"Baljidemaj: Bezbednost na Kosovu ostaje va\u017ena za Nema\u010dku"},"content":{"rendered":"<p>Pri\u0161tina, 26. april 2026. 20:56<\/p>\n<p>Politi\u010dar albanskog porekla u Minhenu, Nema\u010dka, Delji Baljidemaj, izjavio je u \u010dasopisu Info da bezbednost na Kosovu ostaje va\u017ena za nema\u010dku dr\u017eavu.<\/p>\n<p>On je rekao da je odluka o produ\u017eenju mandata nema\u010dke vojske u okviru KFOR-a za jo\u0161 godinu dana politika ove dr\u017eave, \u0161to, prema njegovim re\u010dima, dokazuje koliki prioritet daje pitanju bezbednosti na teritoriji Kosova.<\/p>\n<p>\u201eBezbednost dr\u017eave Kosovo je va\u017ena za Nema\u010dku iz vi\u0161e razloga. To su bezbednosne politike, kao i \u0161iri globalni kontekst. Stabilnost Evrope je jedna od glavnih ta\u010daka koja je veoma va\u017ena za Nema\u010dku, \u0161to uti\u010de i na svaki pokret na Kosovu. Kosovo se nalazi u regionu koji je bio uklju\u010den u velike sukobe 1990-ih, posebno tokom rata 1998-1999. Nestabilnost tamo mo\u017ee brzo uticati na druge delove Evrope, tako da Nema\u010dka ima veliki interes da izbegne tenzije i nasilje. Jo\u0161 jedna ta\u010dka je spre\u010davanje sukoba i migracija, ako se situacija pogor\u0161a, mogli bi biti izazvani novi talasi migracija\u201c, rekao je Baljidemaj.<\/p>\n<p>Tako\u0111e je rekao da su teroristi\u010dki napadi na Kosovu 2024. godine, koji su se dogodili u vodovodnim i elektroenergetskim sistemima, bili jedna od glavnih briga za sve u Evropi, posebno za nema\u010dku dr\u017eavu.<\/p>\n","protected":false},"excerpt":{"rendered":"<p>Pri\u0161tina, 26. april 2026. 20:56 Politi\u010dar albanskog porekla u Minhenu, Nema\u010dka, Delji Baljidemaj, izjavio je u \u010dasopisu Info da bezbednost na Kosovu ostaje va\u017ena za<\/p>\n","protected":false},"author":7,"featured_media":45108,"comment_status":"open","ping_status":"open","sticky":false,"template":"","format":"standard","meta":{"footnotes":""},"categories":[111],"tags":[],"class_list":["post-45107","post","type-post","status-publish","format-standard","has-post-thumbnail","hentry","category-bezbednost"],"yoast_head":"<!-- This site is optimized with the Yoast SEO plugin v25.3.1 - https:\/\/yoast.com\/wordpress\/plugins\/seo\/ -->\n<title>Baljidemaj: Bezbednost na Kosovu ostaje va\u017ena za Nema\u010dku -<\/title>\n<meta name=\"robots\" content=\"index, follow, max-snippet:-1, max-image-preview:large, max-video-preview:-1\" \/>\n<link rel=\"canonical\" href=\"https:\/\/veritasinfo.org\/?p=45107&lang=sr\" \/>\n<meta property=\"og:locale\" content=\"en_US\" \/>\n<meta property=\"og:type\" content=\"article\" \/>\n<meta property=\"og:title\" content=\"Baljidemaj: Bezbednost na Kosovu ostaje va\u017ena za Nema\u010dku -\" \/>\n<meta property=\"og:description\" content=\"Pri\u0161tina, 26. april 2026. 20:56 Politi\u010dar albanskog porekla u Minhenu, Nema\u010dka, Delji Baljidemaj, izjavio je u \u010dasopisu Info da bezbednost na Kosovu ostaje va\u017ena za\" \/>\n<meta property=\"og:url\" content=\"https:\/\/veritasinfo.org\/?p=45107&amp;lang=sr\" \/>\n<meta property=\"article:published_time\" content=\"2026-04-26T18:58:29+00:00\" \/>\n<meta property=\"og:image\" content=\"https:\/\/veritasinfo.org\/wp-content\/uploads\/2026\/04\/1-64.jpg\" \/>\n\t<meta property=\"og:image:width\" content=\"664\" \/>\n\t<meta property=\"og:image:height\" content=\"394\" \/>\n\t<meta property=\"og:image:type\" content=\"image\/jpeg\" \/>\n<meta name=\"author\" content=\"US6\" \/>\n<meta name=\"twitter:card\" content=\"summary_large_image\" \/>\n<meta name=\"twitter:label1\" content=\"Written by\" \/>\n\t<meta name=\"twitter:data1\" content=\"US6\" \/>\n\t<meta name=\"twitter:label2\" content=\"Est. reading time\" \/>\n\t<meta name=\"twitter:data2\" content=\"2 minutes\" \/>\n<script type=\"application\/ld+json\" class=\"yoast-schema-graph\">{\"@context\":\"https:\/\/schema.org\",\"@graph\":[{\"@type\":\"WebPage\",\"@id\":\"https:\/\/veritasinfo.org\/?p=45107&lang=sr\",\"url\":\"https:\/\/veritasinfo.org\/?p=45107&lang=sr\",\"name\":\"Baljidemaj: Bezbednost na Kosovu ostaje va\u017ena za Nema\u010dku -\",\"isPartOf\":{\"@id\":\"https:\/\/veritasinfo.org\/#website\"},\"primaryImageOfPage\":{\"@id\":\"https:\/\/veritasinfo.org\/?p=45107&lang=sr#primaryimage\"},\"image\":{\"@id\":\"https:\/\/veritasinfo.org\/?p=45107&lang=sr#primaryimage\"},\"thumbnailUrl\":\"https:\/\/veritasinfo.org\/wp-content\/uploads\/2026\/04\/1-64.jpg\",\"datePublished\":\"2026-04-26T18:58:29+00:00\",\"author\":{\"@id\":\"https:\/\/veritasinfo.org\/#\/schema\/person\/fe199eede04c3937362892b7444747cc\"},\"breadcrumb\":{\"@id\":\"https:\/\/veritasinfo.org\/?p=45107&lang=sr#breadcrumb\"},\"inLanguage\":\"en-US\",\"potentialAction\":[{\"@type\":\"ReadAction\",\"target\":[\"https:\/\/veritasinfo.org\/?p=45107&lang=sr\"]}]},{\"@type\":\"ImageObject\",\"inLanguage\":\"en-US\",\"@id\":\"https:\/\/veritasinfo.org\/?p=45107&lang=sr#primaryimage\",\"url\":\"https:\/\/veritasinfo.org\/wp-content\/uploads\/2026\/04\/1-64.jpg\",\"contentUrl\":\"https:\/\/veritasinfo.org\/wp-content\/uploads\/2026\/04\/1-64.jpg\",\"width\":664,\"height\":394},{\"@type\":\"BreadcrumbList\",\"@id\":\"https:\/\/veritasinfo.org\/?p=45107&lang=sr#breadcrumb\",\"itemListElement\":[{\"@type\":\"ListItem\",\"position\":1,\"name\":\"Home\",\"item\":\"https:\/\/veritasinfo.org\/\"},{\"@type\":\"ListItem\",\"position\":2,\"name\":\"Baljidemaj: Bezbednost na Kosovu ostaje va\u017ena za Nema\u010dku\"}]},{\"@type\":\"WebSite\",\"@id\":\"https:\/\/veritasinfo.org\/#website\",\"url\":\"https:\/\/veritasinfo.org\/\",\"name\":\"\",\"description\":\"\",\"potentialAction\":[{\"@type\":\"SearchAction\",\"target\":{\"@type\":\"EntryPoint\",\"urlTemplate\":\"https:\/\/veritasinfo.org\/?s={search_term_string}\"},\"query-input\":{\"@type\":\"PropertyValueSpecification\",\"valueRequired\":true,\"valueName\":\"search_term_string\"}}],\"inLanguage\":\"en-US\"},{\"@type\":\"Person\",\"@id\":\"https:\/\/veritasinfo.org\/#\/schema\/person\/fe199eede04c3937362892b7444747cc\",\"name\":\"US6\",\"image\":{\"@type\":\"ImageObject\",\"inLanguage\":\"en-US\",\"@id\":\"https:\/\/veritasinfo.org\/#\/schema\/person\/image\/\",\"url\":\"https:\/\/secure.gravatar.com\/avatar\/cb16c3c31c9d23b9b8c705964598220b3014e42ff51eb540ff23cefa3ae8c15f?s=96&d=mm&r=g\",\"contentUrl\":\"https:\/\/secure.gravatar.com\/avatar\/cb16c3c31c9d23b9b8c705964598220b3014e42ff51eb540ff23cefa3ae8c15f?s=96&d=mm&r=g\",\"caption\":\"US6\"},\"url\":\"https:\/\/veritasinfo.org\/?author=7\"}]}<\/script>\n<!-- \/ Yoast SEO plugin. -->","yoast_head_json":{"title":"Baljidemaj: Bezbednost na Kosovu ostaje va\u017ena za Nema\u010dku -","robots":{"index":"index","follow":"follow","max-snippet":"max-snippet:-1","max-image-preview":"max-image-preview:large","max-video-preview":"max-video-preview:-1"},"canonical":"https:\/\/veritasinfo.org\/?p=45107&lang=sr","og_locale":"en_US","og_type":"article","og_title":"Baljidemaj: Bezbednost na Kosovu ostaje va\u017ena za Nema\u010dku -","og_description":"Pri\u0161tina, 26. april 2026. 20:56 Politi\u010dar albanskog porekla u Minhenu, Nema\u010dka, Delji Baljidemaj, izjavio je u \u010dasopisu Info da bezbednost na Kosovu ostaje va\u017ena za","og_url":"https:\/\/veritasinfo.org\/?p=45107&lang=sr","article_published_time":"2026-04-26T18:58:29+00:00","og_image":[{"width":664,"height":394,"url":"https:\/\/veritasinfo.org\/wp-content\/uploads\/2026\/04\/1-64.jpg","type":"image\/jpeg"}],"author":"US6","twitter_card":"summary_large_image","twitter_misc":{"Written by":"US6","Est. reading time":"2 minutes"},"schema":{"@context":"https:\/\/schema.org","@graph":[{"@type":"WebPage","@id":"https:\/\/veritasinfo.org\/?p=45107&lang=sr","url":"https:\/\/veritasinfo.org\/?p=45107&lang=sr","name":"Baljidemaj: Bezbednost na Kosovu ostaje va\u017ena za Nema\u010dku -","isPartOf":{"@id":"https:\/\/veritasinfo.org\/#website"},"primaryImageOfPage":{"@id":"https:\/\/veritasinfo.org\/?p=45107&lang=sr#primaryimage"},"image":{"@id":"https:\/\/veritasinfo.org\/?p=45107&lang=sr#primaryimage"},"thumbnailUrl":"https:\/\/veritasinfo.org\/wp-content\/uploads\/2026\/04\/1-64.jpg","datePublished":"2026-04-26T18:58:29+00:00","author":{"@id":"https:\/\/veritasinfo.org\/#\/schema\/person\/fe199eede04c3937362892b7444747cc"},"breadcrumb":{"@id":"https:\/\/veritasinfo.org\/?p=45107&lang=sr#breadcrumb"},"inLanguage":"en-US","potentialAction":[{"@type":"ReadAction","target":["https:\/\/veritasinfo.org\/?p=45107&lang=sr"]}]},{"@type":"ImageObject","inLanguage":"en-US","@id":"https:\/\/veritasinfo.org\/?p=45107&lang=sr#primaryimage","url":"https:\/\/veritasinfo.org\/wp-content\/uploads\/2026\/04\/1-64.jpg","contentUrl":"https:\/\/veritasinfo.org\/wp-content\/uploads\/2026\/04\/1-64.jpg","width":664,"height":394},{"@type":"BreadcrumbList","@id":"https:\/\/veritasinfo.org\/?p=45107&lang=sr#breadcrumb","itemListElement":[{"@type":"ListItem","position":1,"name":"Home","item":"https:\/\/veritasinfo.org\/"},{"@type":"ListItem","position":2,"name":"Baljidemaj: Bezbednost na Kosovu ostaje va\u017ena za Nema\u010dku"}]},{"@type":"WebSite","@id":"https:\/\/veritasinfo.org\/#website","url":"https:\/\/veritasinfo.org\/","name":"","description":"","potentialAction":[{"@type":"SearchAction","target":{"@type":"EntryPoint","urlTemplate":"https:\/\/veritasinfo.org\/?s={search_term_string}"},"query-input":{"@type":"PropertyValueSpecification","valueRequired":true,"valueName":"search_term_string"}}],"inLanguage":"en-US"},{"@type":"Person","@id":"https:\/\/veritasinfo.org\/#\/schema\/person\/fe199eede04c3937362892b7444747cc","name":"US6","image":{"@type":"ImageObject","inLanguage":"en-US","@id":"https:\/\/veritasinfo.org\/#\/schema\/person\/image\/","url":"https:\/\/secure.gravatar.com\/avatar\/cb16c3c31c9d23b9b8c705964598220b3014e42ff51eb540ff23cefa3ae8c15f?s=96&d=mm&r=g","contentUrl":"https:\/\/secure.gravatar.com\/avatar\/cb16c3c31c9d23b9b8c705964598220b3014e42ff51eb540ff23cefa3ae8c15f?s=96&d=mm&r=g","caption":"US6"},"url":"https:\/\/veritasinfo.org\/?author=7"}]}},"featured_image_urls":{"full":["https:\/\/veritasinfo.org\/wp-content\/uploads\/2026\/04\/1-64.jpg",664,394,false],"thumbnail":["https:\/\/veritasinfo.org\/wp-content\/uploads\/2026\/04\/1-64-150x150.jpg",150,150,true],"medium":["https:\/\/veritasinfo.org\/wp-content\/uploads\/2026\/04\/1-64-300x178.jpg",300,178,true],"medium_large":["https:\/\/veritasinfo.org\/wp-content\/uploads\/2026\/04\/1-64.jpg",640,380,false],"large":["https:\/\/veritasinfo.org\/wp-content\/uploads\/2026\/04\/1-64.jpg",640,380,false],"1536x1536":["https:\/\/veritasinfo.org\/wp-content\/uploads\/2026\/04\/1-64.jpg",664,394,false],"2048x2048":["https:\/\/veritasinfo.org\/wp-content\/uploads\/2026\/04\/1-64.jpg",664,394,false],"kreeti-slider-full":["https:\/\/veritasinfo.org\/wp-content\/uploads\/2026\/04\/1-64.jpg",664,394,false],"kreeti-featured":["https:\/\/veritasinfo.org\/wp-content\/uploads\/2026\/04\/1-64.jpg",664,394,false],"kreeti-medium":["https:\/\/veritasinfo.org\/wp-content\/uploads\/2026\/04\/1-64.jpg",664,394,false],"kreeti-medium-square":["https:\/\/veritasinfo.org\/wp-content\/uploads\/2026\/04\/1-64-350x350.jpg",350,350,true]},"author_info":{"info":["US6"]},"category_info":"<a href=\"https:\/\/veritasinfo.org\/?cat=111&#038;lang=sr\" rel=\"category\">Bezbednost<\/a>","tag_info":"Bezbednost","comment_count":"0","_links":{"self":[{"href":"https:\/\/veritasinfo.org\/index.php?rest_route=\/wp\/v2\/posts\/45107","targetHints":{"allow":["GET"]}}],"collection":[{"href":"https:\/\/veritasinfo.org\/index.php?rest_route=\/wp\/v2\/posts"}],"about":[{"href":"https:\/\/veritasinfo.org\/index.php?rest_route=\/wp\/v2\/types\/post"}],"author":[{"embeddable":true,"href":"https:\/\/veritasinfo.org\/index.php?rest_route=\/wp\/v2\/users\/7"}],"replies":[{"embeddable":true,"href":"https:\/\/veritasinfo.org\/index.php?rest_route=%2Fwp%2Fv2%2Fcomments&post=45107"}],"version-history":[{"count":1,"href":"https:\/\/veritasinfo.org\/index.php?rest_route=\/wp\/v2\/posts\/45107\/revisions"}],"predecessor-version":[{"id":45109,"href":"https:\/\/veritasinfo.org\/index.php?rest_route=\/wp\/v2\/posts\/45107\/revisions\/45109"}],"wp:featuredmedia":[{"embeddable":true,"href":"https:\/\/veritasinfo.org\/index.php?rest_route=\/wp\/v2\/media\/45108"}],"wp:attachment":[{"href":"https:\/\/veritasinfo.org\/index.php?rest_route=%2Fwp%2Fv2%2Fmedia&parent=45107"}],"wp:term":[{"taxonomy":"category","embeddable":true,"href":"https:\/\/veritasinfo.org\/index.php?rest_route=%2Fwp%2Fv2%2Fcategories&post=45107"},{"taxonomy":"post_tag","embeddable":true,"href":"https:\/\/veritasinfo.org\/index.php?rest_route=%2Fwp%2Fv2%2Ftags&post=45107"}],"curies":[{"name":"wp","href":"https:\/\/api.w.org\/{rel}","templated":true}]}}