{"id":45101,"date":"2026-04-26T20:03:08","date_gmt":"2026-04-26T18:03:08","guid":{"rendered":"https:\/\/veritasinfo.org\/?p=45101"},"modified":"2026-04-26T20:03:08","modified_gmt":"2026-04-26T18:03:08","slug":"begaj-boston-snazna-podrska-albaniji-i-kosovu","status":"publish","type":"post","link":"https:\/\/veritasinfo.org\/?p=45101&lang=sr","title":{"rendered":"Begaj: Boston, sna\u017ena podr\u0161ka Albaniji i Kosovu"},"content":{"rendered":"<p>Pri\u0161tina, 26. april 2026. 19:59<\/p>\n<p>Predsednik Albanije, Bajram Begaj, posetio je Boston, gde su ga primili najvi\u0161i lokalni organi vlasti i odr\u017eao sastanke sa institucionalnim predstavnicima i albanskom zajednicom.<\/p>\n<p>Tokom posete, predsednik Begaj se sastao sa zamenikom guvernera Masa\u010dusetsa, Maurom Hili, gradona\u010delnicima i predstavnicima lokalnih institucija u oblastima gde Albanci \u017eive i rade, cenec\u0301i bliske odnose izme\u0111u Albanije i Sjedinjenih Dr\u017eava.<\/p>\n<p>Sa svoje strane, gradona\u010delnik Vustera, D\u017eo Peti, uru\u010dio je predsedniku Begaju klju\u010d grada.<\/p>\n<p>Predsednik je tako\u0111e posetio katedralu \u201eSveti \u0110or\u0111e\u201c u Bostonu, biblioteku Fan Noli i albansku pravoslavnu crkvu \u201eSveta Marija\u201c.<\/p>\n<p>U Albanskom centru zajednice u Beverliju, do\u010dekao ga je gradona\u010delnik Beverlija Majkl P. Kejhil i stotine Albanaca iz svih regiona u kojima se govori albanski, na sastanku koji je poprimio karakter istinske proslave dijaspore.<\/p>\n<p>U svom govoru, predsednik Begaj je naglasio istorijski zna\u010daj Bostona za Albance i ulogu dijaspore u oblikovanju albanske dr\u017eave.<\/p>\n<p>\u201eBoston je za nas Albance mesto sec\u0301anja. Mesto gde na\u0161a istorija nije samo u knjigama, vec\u0301 u ljudima, u porodicama, u institucijama i u zajednici koju ste izgradili radom i posvec\u0301eno\u0161c\u0301u\u201c, rekao je predsednik Begaj.<\/p>\n<p>Dodao je da su u ovom gradu postavljeni va\u017eni temelji za albansku stvar i zapadnu orijentaciju zemlje.<\/p>\n<p>\u201eOvde su se govorile rane ideje o dr\u017eavi, naciji i na\u0161oj zapadnoj orijentaciji. Od rane dijaspore, od vremena Fana Nolija, do porodica koje su do\u0161le 90-ih, ova zajednica je uvek bila sna\u017ean glas podr\u0161ke Albaniji i Kosovu\u201c, pohvalio je predsednik.<\/p>\n<p>Govorec\u0301i o putovanju albanskih imigranata, predsednik je naglasio njihove \u017ertve i uspehe.<\/p>\n<p>\u201eMnogi od vas znaju iz li\u010dnog iskustva \u0161ta zna\u010di napustiti svoju zemlju. Ali ono \u0161to je va\u017enije jeste da nikada niste zaboravili odakle dolazite. Sa\u010duvali ste svoj jezik, tradiciju i vezu sa Albanijom i Kosovom\u201c, rekao je Begaj.<\/p>\n<p>Podvukao je da su Albanci aktivan deo ameri\u010dkog dru\u0161tva i pri\u010da o uspehu u mnogim oblastima.<\/p>\n<p>Zaklju\u010dno, Begaj je naglasio potrebu za ja\u010dom vezom izme\u0111u dr\u017eave i dijaspore.<\/p>\n<p>\u201eMnogo smo pro\u0161li kao nacija i imamo novu priliku da gradimo buduc\u0301nost. To se ne radi samo iz zemlje, vec\u0301 zajedno sa vama. Niste daleko od Albanije, deo ste nje\u201c, izjavio je predsednik.<\/p>\n<p>Zaklju\u010dno, Begaj je naglasio potrebu za ja\u010dom vezom izme\u0111u dr\u017eave i dijaspore.<\/p>\n<p>\u201eMnogo smo pro\u0161li kao nacija i imamo novu priliku da gradimo buduc\u0301nost. To se ne radi samo iz zemlje, vec\u0301 zajedno sa vama. Niste daleko od Albanije, deo ste nje\u201c, izjavio je predsednik.<\/p>\n","protected":false},"excerpt":{"rendered":"<p>Pri\u0161tina, 26. april 2026. 19:59 Predsednik Albanije, Bajram Begaj, posetio je Boston, gde su ga primili najvi\u0161i lokalni organi vlasti i odr\u017eao sastanke sa institucionalnim<\/p>\n","protected":false},"author":7,"featured_media":45102,"comment_status":"open","ping_status":"open","sticky":false,"template":"","format":"standard","meta":{"footnotes":""},"categories":[30],"tags":[],"class_list":["post-45101","post","type-post","status-publish","format-standard","has-post-thumbnail","hentry","category-drustvo"],"yoast_head":"<!-- This site is optimized with the Yoast SEO plugin v25.3.1 - https:\/\/yoast.com\/wordpress\/plugins\/seo\/ -->\n<title>Begaj: Boston, sna\u017ena podr\u0161ka Albaniji i Kosovu -<\/title>\n<meta name=\"robots\" content=\"index, follow, max-snippet:-1, max-image-preview:large, max-video-preview:-1\" \/>\n<link rel=\"canonical\" href=\"https:\/\/veritasinfo.org\/?p=45101&lang=sr\" \/>\n<meta property=\"og:locale\" content=\"en_US\" \/>\n<meta property=\"og:type\" content=\"article\" \/>\n<meta property=\"og:title\" content=\"Begaj: Boston, sna\u017ena podr\u0161ka Albaniji i Kosovu -\" \/>\n<meta property=\"og:description\" content=\"Pri\u0161tina, 26. april 2026. 19:59 Predsednik Albanije, Bajram Begaj, posetio je Boston, gde su ga primili najvi\u0161i lokalni organi vlasti i odr\u017eao sastanke sa institucionalnim\" \/>\n<meta property=\"og:url\" content=\"https:\/\/veritasinfo.org\/?p=45101&amp;lang=sr\" \/>\n<meta property=\"article:published_time\" content=\"2026-04-26T18:03:08+00:00\" \/>\n<meta property=\"og:image\" content=\"https:\/\/veritasinfo.org\/wp-content\/uploads\/2026\/04\/1-62.jpg\" \/>\n\t<meta property=\"og:image:width\" content=\"666\" \/>\n\t<meta property=\"og:image:height\" content=\"478\" \/>\n\t<meta property=\"og:image:type\" content=\"image\/jpeg\" \/>\n<meta name=\"author\" content=\"US6\" \/>\n<meta name=\"twitter:card\" content=\"summary_large_image\" \/>\n<meta name=\"twitter:label1\" content=\"Written by\" \/>\n\t<meta name=\"twitter:data1\" content=\"US6\" \/>\n\t<meta name=\"twitter:label2\" content=\"Est. reading time\" \/>\n\t<meta name=\"twitter:data2\" content=\"2 minutes\" \/>\n<script type=\"application\/ld+json\" class=\"yoast-schema-graph\">{\"@context\":\"https:\/\/schema.org\",\"@graph\":[{\"@type\":\"WebPage\",\"@id\":\"https:\/\/veritasinfo.org\/?p=45101&lang=sr\",\"url\":\"https:\/\/veritasinfo.org\/?p=45101&lang=sr\",\"name\":\"Begaj: Boston, sna\u017ena podr\u0161ka Albaniji i Kosovu -\",\"isPartOf\":{\"@id\":\"https:\/\/veritasinfo.org\/#website\"},\"primaryImageOfPage\":{\"@id\":\"https:\/\/veritasinfo.org\/?p=45101&lang=sr#primaryimage\"},\"image\":{\"@id\":\"https:\/\/veritasinfo.org\/?p=45101&lang=sr#primaryimage\"},\"thumbnailUrl\":\"https:\/\/veritasinfo.org\/wp-content\/uploads\/2026\/04\/1-62.jpg\",\"datePublished\":\"2026-04-26T18:03:08+00:00\",\"author\":{\"@id\":\"https:\/\/veritasinfo.org\/#\/schema\/person\/fe199eede04c3937362892b7444747cc\"},\"breadcrumb\":{\"@id\":\"https:\/\/veritasinfo.org\/?p=45101&lang=sr#breadcrumb\"},\"inLanguage\":\"en-US\",\"potentialAction\":[{\"@type\":\"ReadAction\",\"target\":[\"https:\/\/veritasinfo.org\/?p=45101&lang=sr\"]}]},{\"@type\":\"ImageObject\",\"inLanguage\":\"en-US\",\"@id\":\"https:\/\/veritasinfo.org\/?p=45101&lang=sr#primaryimage\",\"url\":\"https:\/\/veritasinfo.org\/wp-content\/uploads\/2026\/04\/1-62.jpg\",\"contentUrl\":\"https:\/\/veritasinfo.org\/wp-content\/uploads\/2026\/04\/1-62.jpg\",\"width\":666,\"height\":478},{\"@type\":\"BreadcrumbList\",\"@id\":\"https:\/\/veritasinfo.org\/?p=45101&lang=sr#breadcrumb\",\"itemListElement\":[{\"@type\":\"ListItem\",\"position\":1,\"name\":\"Home\",\"item\":\"https:\/\/veritasinfo.org\/\"},{\"@type\":\"ListItem\",\"position\":2,\"name\":\"Begaj: Boston, sna\u017ena podr\u0161ka Albaniji i Kosovu\"}]},{\"@type\":\"WebSite\",\"@id\":\"https:\/\/veritasinfo.org\/#website\",\"url\":\"https:\/\/veritasinfo.org\/\",\"name\":\"\",\"description\":\"\",\"potentialAction\":[{\"@type\":\"SearchAction\",\"target\":{\"@type\":\"EntryPoint\",\"urlTemplate\":\"https:\/\/veritasinfo.org\/?s={search_term_string}\"},\"query-input\":{\"@type\":\"PropertyValueSpecification\",\"valueRequired\":true,\"valueName\":\"search_term_string\"}}],\"inLanguage\":\"en-US\"},{\"@type\":\"Person\",\"@id\":\"https:\/\/veritasinfo.org\/#\/schema\/person\/fe199eede04c3937362892b7444747cc\",\"name\":\"US6\",\"image\":{\"@type\":\"ImageObject\",\"inLanguage\":\"en-US\",\"@id\":\"https:\/\/veritasinfo.org\/#\/schema\/person\/image\/\",\"url\":\"https:\/\/secure.gravatar.com\/avatar\/cb16c3c31c9d23b9b8c705964598220b3014e42ff51eb540ff23cefa3ae8c15f?s=96&d=mm&r=g\",\"contentUrl\":\"https:\/\/secure.gravatar.com\/avatar\/cb16c3c31c9d23b9b8c705964598220b3014e42ff51eb540ff23cefa3ae8c15f?s=96&d=mm&r=g\",\"caption\":\"US6\"},\"url\":\"https:\/\/veritasinfo.org\/?author=7\"}]}<\/script>\n<!-- \/ Yoast SEO plugin. -->","yoast_head_json":{"title":"Begaj: Boston, sna\u017ena podr\u0161ka Albaniji i Kosovu -","robots":{"index":"index","follow":"follow","max-snippet":"max-snippet:-1","max-image-preview":"max-image-preview:large","max-video-preview":"max-video-preview:-1"},"canonical":"https:\/\/veritasinfo.org\/?p=45101&lang=sr","og_locale":"en_US","og_type":"article","og_title":"Begaj: Boston, sna\u017ena podr\u0161ka Albaniji i Kosovu -","og_description":"Pri\u0161tina, 26. april 2026. 19:59 Predsednik Albanije, Bajram Begaj, posetio je Boston, gde su ga primili najvi\u0161i lokalni organi vlasti i odr\u017eao sastanke sa institucionalnim","og_url":"https:\/\/veritasinfo.org\/?p=45101&lang=sr","article_published_time":"2026-04-26T18:03:08+00:00","og_image":[{"width":666,"height":478,"url":"https:\/\/veritasinfo.org\/wp-content\/uploads\/2026\/04\/1-62.jpg","type":"image\/jpeg"}],"author":"US6","twitter_card":"summary_large_image","twitter_misc":{"Written by":"US6","Est. reading time":"2 minutes"},"schema":{"@context":"https:\/\/schema.org","@graph":[{"@type":"WebPage","@id":"https:\/\/veritasinfo.org\/?p=45101&lang=sr","url":"https:\/\/veritasinfo.org\/?p=45101&lang=sr","name":"Begaj: Boston, sna\u017ena podr\u0161ka Albaniji i Kosovu -","isPartOf":{"@id":"https:\/\/veritasinfo.org\/#website"},"primaryImageOfPage":{"@id":"https:\/\/veritasinfo.org\/?p=45101&lang=sr#primaryimage"},"image":{"@id":"https:\/\/veritasinfo.org\/?p=45101&lang=sr#primaryimage"},"thumbnailUrl":"https:\/\/veritasinfo.org\/wp-content\/uploads\/2026\/04\/1-62.jpg","datePublished":"2026-04-26T18:03:08+00:00","author":{"@id":"https:\/\/veritasinfo.org\/#\/schema\/person\/fe199eede04c3937362892b7444747cc"},"breadcrumb":{"@id":"https:\/\/veritasinfo.org\/?p=45101&lang=sr#breadcrumb"},"inLanguage":"en-US","potentialAction":[{"@type":"ReadAction","target":["https:\/\/veritasinfo.org\/?p=45101&lang=sr"]}]},{"@type":"ImageObject","inLanguage":"en-US","@id":"https:\/\/veritasinfo.org\/?p=45101&lang=sr#primaryimage","url":"https:\/\/veritasinfo.org\/wp-content\/uploads\/2026\/04\/1-62.jpg","contentUrl":"https:\/\/veritasinfo.org\/wp-content\/uploads\/2026\/04\/1-62.jpg","width":666,"height":478},{"@type":"BreadcrumbList","@id":"https:\/\/veritasinfo.org\/?p=45101&lang=sr#breadcrumb","itemListElement":[{"@type":"ListItem","position":1,"name":"Home","item":"https:\/\/veritasinfo.org\/"},{"@type":"ListItem","position":2,"name":"Begaj: Boston, sna\u017ena podr\u0161ka Albaniji i Kosovu"}]},{"@type":"WebSite","@id":"https:\/\/veritasinfo.org\/#website","url":"https:\/\/veritasinfo.org\/","name":"","description":"","potentialAction":[{"@type":"SearchAction","target":{"@type":"EntryPoint","urlTemplate":"https:\/\/veritasinfo.org\/?s={search_term_string}"},"query-input":{"@type":"PropertyValueSpecification","valueRequired":true,"valueName":"search_term_string"}}],"inLanguage":"en-US"},{"@type":"Person","@id":"https:\/\/veritasinfo.org\/#\/schema\/person\/fe199eede04c3937362892b7444747cc","name":"US6","image":{"@type":"ImageObject","inLanguage":"en-US","@id":"https:\/\/veritasinfo.org\/#\/schema\/person\/image\/","url":"https:\/\/secure.gravatar.com\/avatar\/cb16c3c31c9d23b9b8c705964598220b3014e42ff51eb540ff23cefa3ae8c15f?s=96&d=mm&r=g","contentUrl":"https:\/\/secure.gravatar.com\/avatar\/cb16c3c31c9d23b9b8c705964598220b3014e42ff51eb540ff23cefa3ae8c15f?s=96&d=mm&r=g","caption":"US6"},"url":"https:\/\/veritasinfo.org\/?author=7"}]}},"featured_image_urls":{"full":["https:\/\/veritasinfo.org\/wp-content\/uploads\/2026\/04\/1-62.jpg",666,478,false],"thumbnail":["https:\/\/veritasinfo.org\/wp-content\/uploads\/2026\/04\/1-62-150x150.jpg",150,150,true],"medium":["https:\/\/veritasinfo.org\/wp-content\/uploads\/2026\/04\/1-62-300x215.jpg",300,215,true],"medium_large":["https:\/\/veritasinfo.org\/wp-content\/uploads\/2026\/04\/1-62.jpg",640,459,false],"large":["https:\/\/veritasinfo.org\/wp-content\/uploads\/2026\/04\/1-62.jpg",640,459,false],"1536x1536":["https:\/\/veritasinfo.org\/wp-content\/uploads\/2026\/04\/1-62.jpg",666,478,false],"2048x2048":["https:\/\/veritasinfo.org\/wp-content\/uploads\/2026\/04\/1-62.jpg",666,478,false],"kreeti-slider-full":["https:\/\/veritasinfo.org\/wp-content\/uploads\/2026\/04\/1-62.jpg",666,478,false],"kreeti-featured":["https:\/\/veritasinfo.org\/wp-content\/uploads\/2026\/04\/1-62.jpg",666,478,false],"kreeti-medium":["https:\/\/veritasinfo.org\/wp-content\/uploads\/2026\/04\/1-62.jpg",666,478,false],"kreeti-medium-square":["https:\/\/veritasinfo.org\/wp-content\/uploads\/2026\/04\/1-62-350x350.jpg",350,350,true]},"author_info":{"info":["US6"]},"category_info":"<a href=\"https:\/\/veritasinfo.org\/?cat=30&#038;lang=sr\" rel=\"category\">Dru\u0161tvo<\/a>","tag_info":"Dru\u0161tvo","comment_count":"0","_links":{"self":[{"href":"https:\/\/veritasinfo.org\/index.php?rest_route=\/wp\/v2\/posts\/45101","targetHints":{"allow":["GET"]}}],"collection":[{"href":"https:\/\/veritasinfo.org\/index.php?rest_route=\/wp\/v2\/posts"}],"about":[{"href":"https:\/\/veritasinfo.org\/index.php?rest_route=\/wp\/v2\/types\/post"}],"author":[{"embeddable":true,"href":"https:\/\/veritasinfo.org\/index.php?rest_route=\/wp\/v2\/users\/7"}],"replies":[{"embeddable":true,"href":"https:\/\/veritasinfo.org\/index.php?rest_route=%2Fwp%2Fv2%2Fcomments&post=45101"}],"version-history":[{"count":1,"href":"https:\/\/veritasinfo.org\/index.php?rest_route=\/wp\/v2\/posts\/45101\/revisions"}],"predecessor-version":[{"id":45103,"href":"https:\/\/veritasinfo.org\/index.php?rest_route=\/wp\/v2\/posts\/45101\/revisions\/45103"}],"wp:featuredmedia":[{"embeddable":true,"href":"https:\/\/veritasinfo.org\/index.php?rest_route=\/wp\/v2\/media\/45102"}],"wp:attachment":[{"href":"https:\/\/veritasinfo.org\/index.php?rest_route=%2Fwp%2Fv2%2Fmedia&parent=45101"}],"wp:term":[{"taxonomy":"category","embeddable":true,"href":"https:\/\/veritasinfo.org\/index.php?rest_route=%2Fwp%2Fv2%2Fcategories&post=45101"},{"taxonomy":"post_tag","embeddable":true,"href":"https:\/\/veritasinfo.org\/index.php?rest_route=%2Fwp%2Fv2%2Ftags&post=45101"}],"curies":[{"name":"wp","href":"https:\/\/api.w.org\/{rel}","templated":true}]}}