{"id":4510,"date":"2025-07-20T14:24:21","date_gmt":"2025-07-20T12:24:21","guid":{"rendered":"https:\/\/veritasinfo.org\/?p=4510"},"modified":"2025-07-20T14:24:21","modified_gmt":"2025-07-20T12:24:21","slug":"autokefalna-pravoslavna-crkva-kosova-odlikovala-laerta-vasilija-titulom-vitez-svetog-konstantina-dardanaca","status":"publish","type":"post","link":"https:\/\/veritasinfo.org\/?p=4510&lang=sr","title":{"rendered":"Autokefalna Pravoslavna Crkva Kosova odlikovala Laerta Vasilija titulom \u201eVitez Svetog Konstantina Dardanaca\u201c"},"content":{"rendered":"<p>Pri\u0161tina, 20. jul 2025.<\/p>\n<p>Autokefalna Pravoslavna Crkva Kosova odlikovala je poznatog glumca Nacionalnog Teatra Albanije, Laerta Vasilija, visokim crkvenim priznanjem \u201eVitez Svetog Konstantina Dardanaca\u201c, kao priznanje za njegov izuzetan doprinos umetnosti i kulturi, kao i za podr\u0161ku duhovnom i kulturnom nasle\u0111u Albanaca.<\/p>\n<p>\u201eOse\u0107am se po\u010dastvovano i duboko ponizno \u0161to danas stojim pred vama na ovaj poseban dan. Okupili smo se da odamo po\u010dast posebnom slu\u017eitelju na\u0161e crkve. Duhovnom vitezu, neumornom misionaru, bratu koji je dao sve u slu\u017ebi Hrista i na\u0161eg naroda, gospodinu Laertu Vasiliju. Danas, uz va\u0161e blagoslove, zvani\u010dno progla\u0161avamo titulu Viteza Svetog Konstantina Dardanaca. Ovo nije samo simboli\u010dna titula, ve\u0107 svedo\u010danstvo o njegovom posve\u0107enom duhu, njegovom tihom, ali sjajnom radu \u2013 odgovor na Bo\u017eji poziv da bude svetlost u tami, nada u o\u010daju i snaga u slabosti\u201c, izjavio je predstavnik Crkve, Alban Hoti.<\/p>\n<p>Prva Albanska Pravoslavna Mitropolija na Kosovu je inaugurisana u Pri\u0161tini 20. aprila, na dan Uskrsa, u crkvi \u201eSveti Anton Padovanski\u201c, pod rukovodstvom prvog arhiepiskopa Kosova, Nikole Xhufke. Prema njegovim re\u010dima, otvaranje Prve Albanske Pravoslavne Mitropolije na Kosovu je rezultat sve ve\u0107e svesti zajednice.<\/p>\n<p>Tokom slu\u017ebe dodele titule, arhiepiskop Autokefalne Pravoslavne Crkve Kosova, Nikoll\u00eb Xhufka, uputio je molitvu za Kosovo.<\/p>\n<p>\u201eAutokefalna Pravoslavna Crkva Kosova stoji blizu svih ljudi. Blizu premijera, politi\u010dara, dr\u017eave \u2013 ali iznad svega, stoji blizu otad\u017ebine. Molimo se kao crkva da Bog osna\u017ei dr\u017eavu Kosovo sa verom i hrabro\u0161\u0107u. Blagosloveni su svi oni koji poma\u017eu u ime Gospoda.\u201c<\/p>\n<p>Ceremonija dodele titule odr\u017eana je u crkvenom objektu u Pri\u0161tini, uz prisustvo predstavnika Autokefalne Pravoslavne Crkve Kosova i pravoslavnih vernika.<\/p>\n<p>Laert Vasilij je sa zahvalno\u0161\u0107u prihvatio priznanje i istakao zna\u010daj o\u010duvanja kulturnog i duhovnog identiteta.<\/p>\n<p>\u201eOvo putovanje je po\u010delo pre otprilike dve godine, kada je Njegova Svetost tada, sa izuzetnom hrabro\u0161\u0107u, rizikovao svoj \u017eivot u ime albanskog pravoslavnog hri\u0161\u0107anskog verovanja, nastavljaju\u0107i put imzot Fan Nolija da se liturgija slu\u017ei na albanskom jeziku. On je zare\u0111en za mitropolita od strane ujaka moje bake, Jerothea Andon Jahua. Albanska pravoslavna vera je amanet mojih predaka \u2013 da slu\u017eimo liturgiju na na\u0161em jeziku, na albanskom. Imao sam sre\u0107u da tada pratim Njegovu Svetost na ro\u0111endan \u0110er\u0111a Kastriotija ovde u Pri\u0161tini, a sada, posle 15 meseci, nalazimo se ovde gde je osnovana Autokefalna Crkva Kosova. Koristim ovu priliku da zahvalim Albanu Hotiju na nesebi\u010dnoj podr\u0161ci Njegovoj Svetosti, Nikoli Prvom, kao i na blagoslovima mojih predaka, od Jerothea Andon Jahua, koji je preminuo na Svetoj Gori u prvoj polovini pro\u0161log veka, prvo kao egzarh Vaseljenskog Patrijarha, a potom kao obi\u010dni monah\u201c, izjavio je Vasilij.<\/p>\n<p>Sveti Konstantin, za\u0161titnik Dardanije, je sveta figura za Albance, a dodeljena titula glumcu simbolizuje sna\u017enu vezu umetnosti i duhovnosti.<\/p>\n","protected":false},"excerpt":{"rendered":"<p>Pri\u0161tina, 20. jul 2025. Autokefalna Pravoslavna Crkva Kosova odlikovala je poznatog glumca Nacionalnog Teatra Albanije, Laerta Vasilija, visokim crkvenim priznanjem \u201eVitez Svetog Konstantina Dardanaca\u201c, kao<\/p>\n","protected":false},"author":1,"featured_media":4508,"comment_status":"open","ping_status":"open","sticky":false,"template":"","format":"standard","meta":{"footnotes":""},"categories":[34],"tags":[],"class_list":["post-4510","post","type-post","status-publish","format-standard","has-post-thumbnail","hentry","category-kultura"],"yoast_head":"<!-- This site is optimized with the Yoast SEO plugin v25.3.1 - https:\/\/yoast.com\/wordpress\/plugins\/seo\/ -->\n<title>Autokefalna Pravoslavna Crkva Kosova odlikovala Laerta Vasilija titulom \u201eVitez Svetog Konstantina Dardanaca\u201c -<\/title>\n<meta name=\"robots\" content=\"index, follow, max-snippet:-1, max-image-preview:large, max-video-preview:-1\" \/>\n<link rel=\"canonical\" href=\"https:\/\/veritasinfo.org\/?p=4510&lang=sr\" \/>\n<meta property=\"og:locale\" content=\"en_US\" \/>\n<meta property=\"og:type\" content=\"article\" \/>\n<meta property=\"og:title\" content=\"Autokefalna Pravoslavna Crkva Kosova odlikovala Laerta Vasilija titulom \u201eVitez Svetog Konstantina Dardanaca\u201c -\" \/>\n<meta property=\"og:description\" content=\"Pri\u0161tina, 20. jul 2025. Autokefalna Pravoslavna Crkva Kosova odlikovala je poznatog glumca Nacionalnog Teatra Albanije, Laerta Vasilija, visokim crkvenim priznanjem \u201eVitez Svetog Konstantina Dardanaca\u201c, kao\" \/>\n<meta property=\"og:url\" content=\"https:\/\/veritasinfo.org\/?p=4510&amp;lang=sr\" \/>\n<meta property=\"article:published_time\" content=\"2025-07-20T12:24:21+00:00\" \/>\n<meta property=\"og:image\" content=\"https:\/\/veritasinfo.org\/wp-content\/uploads\/2025\/07\/IMG_2173.webp\" \/>\n\t<meta property=\"og:image:width\" content=\"900\" \/>\n\t<meta property=\"og:image:height\" content=\"579\" \/>\n\t<meta property=\"og:image:type\" content=\"image\/webp\" \/>\n<meta name=\"author\" content=\"admin\" \/>\n<meta name=\"twitter:card\" content=\"summary_large_image\" \/>\n<meta name=\"twitter:label1\" content=\"Written by\" \/>\n\t<meta name=\"twitter:data1\" content=\"admin\" \/>\n\t<meta name=\"twitter:label2\" content=\"Est. reading time\" \/>\n\t<meta name=\"twitter:data2\" content=\"3 minutes\" \/>\n<script type=\"application\/ld+json\" class=\"yoast-schema-graph\">{\"@context\":\"https:\/\/schema.org\",\"@graph\":[{\"@type\":\"WebPage\",\"@id\":\"https:\/\/veritasinfo.org\/?p=4510&lang=sr\",\"url\":\"https:\/\/veritasinfo.org\/?p=4510&lang=sr\",\"name\":\"Autokefalna Pravoslavna Crkva Kosova odlikovala Laerta Vasilija titulom \u201eVitez Svetog Konstantina Dardanaca\u201c -\",\"isPartOf\":{\"@id\":\"https:\/\/veritasinfo.org\/#website\"},\"primaryImageOfPage\":{\"@id\":\"https:\/\/veritasinfo.org\/?p=4510&lang=sr#primaryimage\"},\"image\":{\"@id\":\"https:\/\/veritasinfo.org\/?p=4510&lang=sr#primaryimage\"},\"thumbnailUrl\":\"https:\/\/veritasinfo.org\/wp-content\/uploads\/2025\/07\/IMG_2173.webp\",\"datePublished\":\"2025-07-20T12:24:21+00:00\",\"author\":{\"@id\":\"https:\/\/veritasinfo.org\/#\/schema\/person\/7701f8c088bece422266b100a712374f\"},\"breadcrumb\":{\"@id\":\"https:\/\/veritasinfo.org\/?p=4510&lang=sr#breadcrumb\"},\"inLanguage\":\"en-US\",\"potentialAction\":[{\"@type\":\"ReadAction\",\"target\":[\"https:\/\/veritasinfo.org\/?p=4510&lang=sr\"]}]},{\"@type\":\"ImageObject\",\"inLanguage\":\"en-US\",\"@id\":\"https:\/\/veritasinfo.org\/?p=4510&lang=sr#primaryimage\",\"url\":\"https:\/\/veritasinfo.org\/wp-content\/uploads\/2025\/07\/IMG_2173.webp\",\"contentUrl\":\"https:\/\/veritasinfo.org\/wp-content\/uploads\/2025\/07\/IMG_2173.webp\",\"width\":900,\"height\":579},{\"@type\":\"BreadcrumbList\",\"@id\":\"https:\/\/veritasinfo.org\/?p=4510&lang=sr#breadcrumb\",\"itemListElement\":[{\"@type\":\"ListItem\",\"position\":1,\"name\":\"Home\",\"item\":\"https:\/\/veritasinfo.org\/\"},{\"@type\":\"ListItem\",\"position\":2,\"name\":\"Autokefalna Pravoslavna Crkva Kosova odlikovala Laerta Vasilija titulom \u201eVitez Svetog Konstantina Dardanaca\u201c\"}]},{\"@type\":\"WebSite\",\"@id\":\"https:\/\/veritasinfo.org\/#website\",\"url\":\"https:\/\/veritasinfo.org\/\",\"name\":\"\",\"description\":\"\",\"potentialAction\":[{\"@type\":\"SearchAction\",\"target\":{\"@type\":\"EntryPoint\",\"urlTemplate\":\"https:\/\/veritasinfo.org\/?s={search_term_string}\"},\"query-input\":{\"@type\":\"PropertyValueSpecification\",\"valueRequired\":true,\"valueName\":\"search_term_string\"}}],\"inLanguage\":\"en-US\"},{\"@type\":\"Person\",\"@id\":\"https:\/\/veritasinfo.org\/#\/schema\/person\/7701f8c088bece422266b100a712374f\",\"name\":\"admin\",\"image\":{\"@type\":\"ImageObject\",\"inLanguage\":\"en-US\",\"@id\":\"https:\/\/veritasinfo.org\/#\/schema\/person\/image\/\",\"url\":\"https:\/\/secure.gravatar.com\/avatar\/ea53aa3bf6c9a12d5fde8ce4deff43fef3885ae33cf60184161a50d6987cfd2f?s=96&d=mm&r=g\",\"contentUrl\":\"https:\/\/secure.gravatar.com\/avatar\/ea53aa3bf6c9a12d5fde8ce4deff43fef3885ae33cf60184161a50d6987cfd2f?s=96&d=mm&r=g\",\"caption\":\"admin\"},\"sameAs\":[\"https:\/\/veritasinfo.org\"],\"url\":\"https:\/\/veritasinfo.org\/?author=1\"}]}<\/script>\n<!-- \/ Yoast SEO plugin. -->","yoast_head_json":{"title":"Autokefalna Pravoslavna Crkva Kosova odlikovala Laerta Vasilija titulom \u201eVitez Svetog Konstantina Dardanaca\u201c -","robots":{"index":"index","follow":"follow","max-snippet":"max-snippet:-1","max-image-preview":"max-image-preview:large","max-video-preview":"max-video-preview:-1"},"canonical":"https:\/\/veritasinfo.org\/?p=4510&lang=sr","og_locale":"en_US","og_type":"article","og_title":"Autokefalna Pravoslavna Crkva Kosova odlikovala Laerta Vasilija titulom \u201eVitez Svetog Konstantina Dardanaca\u201c -","og_description":"Pri\u0161tina, 20. jul 2025. Autokefalna Pravoslavna Crkva Kosova odlikovala je poznatog glumca Nacionalnog Teatra Albanije, Laerta Vasilija, visokim crkvenim priznanjem \u201eVitez Svetog Konstantina Dardanaca\u201c, kao","og_url":"https:\/\/veritasinfo.org\/?p=4510&lang=sr","article_published_time":"2025-07-20T12:24:21+00:00","og_image":[{"width":900,"height":579,"url":"https:\/\/veritasinfo.org\/wp-content\/uploads\/2025\/07\/IMG_2173.webp","type":"image\/webp"}],"author":"admin","twitter_card":"summary_large_image","twitter_misc":{"Written by":"admin","Est. reading time":"3 minutes"},"schema":{"@context":"https:\/\/schema.org","@graph":[{"@type":"WebPage","@id":"https:\/\/veritasinfo.org\/?p=4510&lang=sr","url":"https:\/\/veritasinfo.org\/?p=4510&lang=sr","name":"Autokefalna Pravoslavna Crkva Kosova odlikovala Laerta Vasilija titulom \u201eVitez Svetog Konstantina Dardanaca\u201c -","isPartOf":{"@id":"https:\/\/veritasinfo.org\/#website"},"primaryImageOfPage":{"@id":"https:\/\/veritasinfo.org\/?p=4510&lang=sr#primaryimage"},"image":{"@id":"https:\/\/veritasinfo.org\/?p=4510&lang=sr#primaryimage"},"thumbnailUrl":"https:\/\/veritasinfo.org\/wp-content\/uploads\/2025\/07\/IMG_2173.webp","datePublished":"2025-07-20T12:24:21+00:00","author":{"@id":"https:\/\/veritasinfo.org\/#\/schema\/person\/7701f8c088bece422266b100a712374f"},"breadcrumb":{"@id":"https:\/\/veritasinfo.org\/?p=4510&lang=sr#breadcrumb"},"inLanguage":"en-US","potentialAction":[{"@type":"ReadAction","target":["https:\/\/veritasinfo.org\/?p=4510&lang=sr"]}]},{"@type":"ImageObject","inLanguage":"en-US","@id":"https:\/\/veritasinfo.org\/?p=4510&lang=sr#primaryimage","url":"https:\/\/veritasinfo.org\/wp-content\/uploads\/2025\/07\/IMG_2173.webp","contentUrl":"https:\/\/veritasinfo.org\/wp-content\/uploads\/2025\/07\/IMG_2173.webp","width":900,"height":579},{"@type":"BreadcrumbList","@id":"https:\/\/veritasinfo.org\/?p=4510&lang=sr#breadcrumb","itemListElement":[{"@type":"ListItem","position":1,"name":"Home","item":"https:\/\/veritasinfo.org\/"},{"@type":"ListItem","position":2,"name":"Autokefalna Pravoslavna Crkva Kosova odlikovala Laerta Vasilija titulom \u201eVitez Svetog Konstantina Dardanaca\u201c"}]},{"@type":"WebSite","@id":"https:\/\/veritasinfo.org\/#website","url":"https:\/\/veritasinfo.org\/","name":"","description":"","potentialAction":[{"@type":"SearchAction","target":{"@type":"EntryPoint","urlTemplate":"https:\/\/veritasinfo.org\/?s={search_term_string}"},"query-input":{"@type":"PropertyValueSpecification","valueRequired":true,"valueName":"search_term_string"}}],"inLanguage":"en-US"},{"@type":"Person","@id":"https:\/\/veritasinfo.org\/#\/schema\/person\/7701f8c088bece422266b100a712374f","name":"admin","image":{"@type":"ImageObject","inLanguage":"en-US","@id":"https:\/\/veritasinfo.org\/#\/schema\/person\/image\/","url":"https:\/\/secure.gravatar.com\/avatar\/ea53aa3bf6c9a12d5fde8ce4deff43fef3885ae33cf60184161a50d6987cfd2f?s=96&d=mm&r=g","contentUrl":"https:\/\/secure.gravatar.com\/avatar\/ea53aa3bf6c9a12d5fde8ce4deff43fef3885ae33cf60184161a50d6987cfd2f?s=96&d=mm&r=g","caption":"admin"},"sameAs":["https:\/\/veritasinfo.org"],"url":"https:\/\/veritasinfo.org\/?author=1"}]}},"featured_image_urls":{"full":["https:\/\/veritasinfo.org\/wp-content\/uploads\/2025\/07\/IMG_2173.webp",900,579,false],"thumbnail":["https:\/\/veritasinfo.org\/wp-content\/uploads\/2025\/07\/IMG_2173-150x150.webp",150,150,true],"medium":["https:\/\/veritasinfo.org\/wp-content\/uploads\/2025\/07\/IMG_2173-300x193.webp",300,193,true],"medium_large":["https:\/\/veritasinfo.org\/wp-content\/uploads\/2025\/07\/IMG_2173-768x494.webp",640,412,true],"large":["https:\/\/veritasinfo.org\/wp-content\/uploads\/2025\/07\/IMG_2173.webp",640,412,false],"1536x1536":["https:\/\/veritasinfo.org\/wp-content\/uploads\/2025\/07\/IMG_2173.webp",900,579,false],"2048x2048":["https:\/\/veritasinfo.org\/wp-content\/uploads\/2025\/07\/IMG_2173.webp",900,579,false],"kreeti-slider-full":["https:\/\/veritasinfo.org\/wp-content\/uploads\/2025\/07\/IMG_2173.webp",900,579,false],"kreeti-featured":["https:\/\/veritasinfo.org\/wp-content\/uploads\/2025\/07\/IMG_2173.webp",900,579,false],"kreeti-medium":["https:\/\/veritasinfo.org\/wp-content\/uploads\/2025\/07\/IMG_2173.webp",720,463,false],"kreeti-medium-square":["https:\/\/veritasinfo.org\/wp-content\/uploads\/2025\/07\/IMG_2173.webp",350,225,false]},"author_info":{"info":["admin"]},"category_info":"<a href=\"https:\/\/veritasinfo.org\/?cat=34&#038;lang=sr\" rel=\"category\">Kultura<\/a>","tag_info":"Kultura","comment_count":"0","_links":{"self":[{"href":"https:\/\/veritasinfo.org\/index.php?rest_route=\/wp\/v2\/posts\/4510","targetHints":{"allow":["GET"]}}],"collection":[{"href":"https:\/\/veritasinfo.org\/index.php?rest_route=\/wp\/v2\/posts"}],"about":[{"href":"https:\/\/veritasinfo.org\/index.php?rest_route=\/wp\/v2\/types\/post"}],"author":[{"embeddable":true,"href":"https:\/\/veritasinfo.org\/index.php?rest_route=\/wp\/v2\/users\/1"}],"replies":[{"embeddable":true,"href":"https:\/\/veritasinfo.org\/index.php?rest_route=%2Fwp%2Fv2%2Fcomments&post=4510"}],"version-history":[{"count":1,"href":"https:\/\/veritasinfo.org\/index.php?rest_route=\/wp\/v2\/posts\/4510\/revisions"}],"predecessor-version":[{"id":4511,"href":"https:\/\/veritasinfo.org\/index.php?rest_route=\/wp\/v2\/posts\/4510\/revisions\/4511"}],"wp:featuredmedia":[{"embeddable":true,"href":"https:\/\/veritasinfo.org\/index.php?rest_route=\/wp\/v2\/media\/4508"}],"wp:attachment":[{"href":"https:\/\/veritasinfo.org\/index.php?rest_route=%2Fwp%2Fv2%2Fmedia&parent=4510"}],"wp:term":[{"taxonomy":"category","embeddable":true,"href":"https:\/\/veritasinfo.org\/index.php?rest_route=%2Fwp%2Fv2%2Fcategories&post=4510"},{"taxonomy":"post_tag","embeddable":true,"href":"https:\/\/veritasinfo.org\/index.php?rest_route=%2Fwp%2Fv2%2Ftags&post=4510"}],"curies":[{"name":"wp","href":"https:\/\/api.w.org\/{rel}","templated":true}]}}