{"id":45080,"date":"2026-04-26T18:02:35","date_gmt":"2026-04-26T16:02:35","guid":{"rendered":"https:\/\/veritasinfo.org\/?p=45080"},"modified":"2026-04-26T18:02:35","modified_gmt":"2026-04-26T16:02:35","slug":"fsk-ja-forcon-kapacitetet-oficeret-kosovare-diplomojne-me-sukses-ne-akademite-e-nato-s","status":"publish","type":"post","link":"https:\/\/veritasinfo.org\/?p=45080","title":{"rendered":"FSK-ja forcon kapacitetet: Oficer\u00ebt kosovar\u00eb diplomojn\u00eb me sukses n\u00eb akademit\u00eb e NATO-s"},"content":{"rendered":"<p>Prishtin\u00eb, 26 prill 2026 18:02<\/p>\n<p>Ministri i Mbrojtjes, Ejup Maqedonci, ka b\u00ebr\u00eb t\u00eb ditur se ushtarak\u00ebt e Forc\u00ebs s\u00eb Siguris\u00eb s\u00eb Kosov\u00ebs (FSK) po vazhdojn\u00eb t\u00eb sh\u00ebnojn\u00eb suksese t\u00eb r\u00ebnd\u00ebsishme n\u00eb akademit\u00eb ushtarake t\u00eb vendeve partnere t\u00eb NATO-s, duke d\u00ebshmuar nivel t\u00eb lart\u00eb profesionalizmi dhe p\u00ebrgatitjeje.<\/p>\n<p>Sipas njoftimit, gjat\u00eb muajit prill dy oficer\u00eb t\u00eb FSK-s\u00eb kan\u00eb diplomuar me sukses n\u00eb dy nga shtetet m\u00eb t\u00eb fuqishme aleate \u2013 n\u00eb Mbret\u00ebrin\u00eb e Bashkuar dhe n\u00eb Shtetet e Bashkuara t\u00eb Amerik\u00ebs.<\/p>\n<p>N\u00eb Britani t\u00eb Madhe, n\u00ebntoger Endi Sherifi ka p\u00ebrfunduar me sukses nj\u00eb nga trajnimet m\u00eb sfiduese t\u00eb k\u00ebmb\u00ebsoris\u00eb, kursin p\u00ebr komandant toge (Platoon Commander Battle Course \u2013 PCBC) n\u00eb Brecon t\u00eb Uellsit. P\u00ebr performanc\u00ebn e tij t\u00eb dalluar, ai \u00ebsht\u00eb vler\u00ebsuar me Mir\u00ebnjohje t\u00eb Ve\u00e7ant\u00eb nga Komandanti i Shkoll\u00ebs s\u00eb K\u00ebmb\u00ebsoris\u00eb.<\/p>\n<p>Nd\u00ebrkoh\u00eb, n\u00eb Shtetet e Bashkuara, oficerja Ermonda Meshi ka diplomuar n\u00eb kursin baz\u00eb p\u00ebr oficer\u00eb t\u00eb fush\u00ebs s\u00eb administrimit ushtarak (AGBOLC), nj\u00eb program i avancuar q\u00eb p\u00ebrgatit kuadro p\u00ebr menaxhimin e personelit dhe mb\u00ebshtetjen administrative n\u00eb operacione ushtarake. P\u00ebr suksesin e saj, ajo \u00ebsht\u00eb nderuar me medaljen \u201cUnited States Diplomatic Medal\u201d.<\/p>\n<p>Ministri Maqedonci ka theksuar se k\u00ebto arritje jan\u00eb rezultat i p\u00ebrkushtimit individual t\u00eb ushtarak\u00ebve, por edhe i investimeve t\u00eb vazhdueshme t\u00eb Ministris\u00eb s\u00eb Mbrojtjes n\u00eb edukimin dhe zhvillimin profesional t\u00eb tyre.<\/p>\n<p>\u201cDuke zgjeruar mund\u00ebsit\u00eb p\u00ebr shkollim dhe specializim n\u00eb akademit\u00eb m\u00eb prestigjioze t\u00eb vendeve partnere, po nd\u00ebrtojm\u00eb nj\u00eb ushtri m\u00eb profesionale dhe t\u00eb aft\u00eb p\u00ebr t\u2019u p\u00ebrballur me sfidat sipas standardeve t\u00eb NATO-s\u201d, thuhet n\u00eb njoftim.<\/p>\n<p>Ai ka shtuar se sukseset e ushtarak\u00ebve t\u00eb FSK-s\u00eb p\u00ebrfaq\u00ebsojn\u00eb jo vet\u00ebm arritje personale, por edhe sukses t\u00eb shtetit t\u00eb Kosov\u00ebs dhe t\u00eb rrug\u00ebtimit t\u00eb tij drejt forcimit t\u00eb kapaciteteve mbrojt\u00ebse.<\/p>\n<p>Ministria e Mbrojtjes ka ritheksuar se do t\u00eb vazhdoj\u00eb t\u00eb mb\u00ebshtes\u00eb ngritjen profesionale t\u00eb pjes\u00ebtar\u00ebve t\u00eb FSK-s\u00eb, me synim rritjen e nd\u00ebrveprueshm\u00ebris\u00eb me forcat aleate dhe avancimin e m\u00ebtejm\u00eb t\u00eb standardeve ushtarake.<\/p>\n","protected":false},"excerpt":{"rendered":"<p>Prishtin\u00eb, 26 prill 2026 18:02 Ministri i Mbrojtjes, Ejup Maqedonci, ka b\u00ebr\u00eb t\u00eb ditur se ushtarak\u00ebt e Forc\u00ebs s\u00eb Siguris\u00eb s\u00eb Kosov\u00ebs (FSK) po vazhdojn\u00eb<\/p>\n","protected":false},"author":7,"featured_media":45081,"comment_status":"open","ping_status":"open","sticky":false,"template":"","format":"standard","meta":{"footnotes":""},"categories":[109],"tags":[],"class_list":["post-45080","post","type-post","status-publish","format-standard","has-post-thumbnail","hentry","category-siguri"],"yoast_head":"<!-- This site is optimized with the Yoast SEO plugin v25.3.1 - https:\/\/yoast.com\/wordpress\/plugins\/seo\/ -->\n<title>FSK-ja forcon kapacitetet: Oficer\u00ebt kosovar\u00eb diplomojn\u00eb me sukses n\u00eb akademit\u00eb e NATO-s -<\/title>\n<meta name=\"robots\" content=\"index, follow, max-snippet:-1, max-image-preview:large, max-video-preview:-1\" \/>\n<link rel=\"canonical\" href=\"https:\/\/veritasinfo.org\/?p=45080\" \/>\n<meta property=\"og:locale\" content=\"en_US\" \/>\n<meta property=\"og:type\" content=\"article\" \/>\n<meta property=\"og:title\" content=\"FSK-ja forcon kapacitetet: Oficer\u00ebt kosovar\u00eb diplomojn\u00eb me sukses n\u00eb akademit\u00eb e NATO-s -\" \/>\n<meta property=\"og:description\" content=\"Prishtin\u00eb, 26 prill 2026 18:02 Ministri i Mbrojtjes, Ejup Maqedonci, ka b\u00ebr\u00eb t\u00eb ditur se ushtarak\u00ebt e Forc\u00ebs s\u00eb Siguris\u00eb s\u00eb Kosov\u00ebs (FSK) po vazhdojn\u00eb\" \/>\n<meta property=\"og:url\" content=\"https:\/\/veritasinfo.org\/?p=45080\" \/>\n<meta property=\"article:published_time\" content=\"2026-04-26T16:02:35+00:00\" \/>\n<meta property=\"og:image\" content=\"https:\/\/veritasinfo.org\/wp-content\/uploads\/2026\/04\/FB_IMG_1777219283983.jpg\" \/>\n\t<meta property=\"og:image:width\" content=\"1200\" \/>\n\t<meta property=\"og:image:height\" content=\"1600\" \/>\n\t<meta property=\"og:image:type\" content=\"image\/jpeg\" \/>\n<meta name=\"author\" content=\"US6\" \/>\n<meta name=\"twitter:card\" content=\"summary_large_image\" \/>\n<meta name=\"twitter:label1\" content=\"Written by\" \/>\n\t<meta name=\"twitter:data1\" content=\"US6\" \/>\n\t<meta name=\"twitter:label2\" content=\"Est. reading time\" \/>\n\t<meta name=\"twitter:data2\" content=\"2 minutes\" \/>\n<script type=\"application\/ld+json\" class=\"yoast-schema-graph\">{\"@context\":\"https:\/\/schema.org\",\"@graph\":[{\"@type\":\"WebPage\",\"@id\":\"https:\/\/veritasinfo.org\/?p=45080\",\"url\":\"https:\/\/veritasinfo.org\/?p=45080\",\"name\":\"FSK-ja forcon kapacitetet: Oficer\u00ebt kosovar\u00eb diplomojn\u00eb me sukses n\u00eb akademit\u00eb e NATO-s -\",\"isPartOf\":{\"@id\":\"https:\/\/veritasinfo.org\/#website\"},\"primaryImageOfPage\":{\"@id\":\"https:\/\/veritasinfo.org\/?p=45080#primaryimage\"},\"image\":{\"@id\":\"https:\/\/veritasinfo.org\/?p=45080#primaryimage\"},\"thumbnailUrl\":\"https:\/\/veritasinfo.org\/wp-content\/uploads\/2026\/04\/FB_IMG_1777219283983.jpg\",\"datePublished\":\"2026-04-26T16:02:35+00:00\",\"author\":{\"@id\":\"https:\/\/veritasinfo.org\/#\/schema\/person\/fe199eede04c3937362892b7444747cc\"},\"breadcrumb\":{\"@id\":\"https:\/\/veritasinfo.org\/?p=45080#breadcrumb\"},\"inLanguage\":\"en-US\",\"potentialAction\":[{\"@type\":\"ReadAction\",\"target\":[\"https:\/\/veritasinfo.org\/?p=45080\"]}]},{\"@type\":\"ImageObject\",\"inLanguage\":\"en-US\",\"@id\":\"https:\/\/veritasinfo.org\/?p=45080#primaryimage\",\"url\":\"https:\/\/veritasinfo.org\/wp-content\/uploads\/2026\/04\/FB_IMG_1777219283983.jpg\",\"contentUrl\":\"https:\/\/veritasinfo.org\/wp-content\/uploads\/2026\/04\/FB_IMG_1777219283983.jpg\",\"width\":1200,\"height\":1600},{\"@type\":\"BreadcrumbList\",\"@id\":\"https:\/\/veritasinfo.org\/?p=45080#breadcrumb\",\"itemListElement\":[{\"@type\":\"ListItem\",\"position\":1,\"name\":\"Home\",\"item\":\"https:\/\/veritasinfo.org\/\"},{\"@type\":\"ListItem\",\"position\":2,\"name\":\"FSK-ja forcon kapacitetet: Oficer\u00ebt kosovar\u00eb diplomojn\u00eb me sukses n\u00eb akademit\u00eb e NATO-s\"}]},{\"@type\":\"WebSite\",\"@id\":\"https:\/\/veritasinfo.org\/#website\",\"url\":\"https:\/\/veritasinfo.org\/\",\"name\":\"\",\"description\":\"\",\"potentialAction\":[{\"@type\":\"SearchAction\",\"target\":{\"@type\":\"EntryPoint\",\"urlTemplate\":\"https:\/\/veritasinfo.org\/?s={search_term_string}\"},\"query-input\":{\"@type\":\"PropertyValueSpecification\",\"valueRequired\":true,\"valueName\":\"search_term_string\"}}],\"inLanguage\":\"en-US\"},{\"@type\":\"Person\",\"@id\":\"https:\/\/veritasinfo.org\/#\/schema\/person\/fe199eede04c3937362892b7444747cc\",\"name\":\"US6\",\"image\":{\"@type\":\"ImageObject\",\"inLanguage\":\"en-US\",\"@id\":\"https:\/\/veritasinfo.org\/#\/schema\/person\/image\/\",\"url\":\"https:\/\/secure.gravatar.com\/avatar\/cb16c3c31c9d23b9b8c705964598220b3014e42ff51eb540ff23cefa3ae8c15f?s=96&d=mm&r=g\",\"contentUrl\":\"https:\/\/secure.gravatar.com\/avatar\/cb16c3c31c9d23b9b8c705964598220b3014e42ff51eb540ff23cefa3ae8c15f?s=96&d=mm&r=g\",\"caption\":\"US6\"},\"url\":\"https:\/\/veritasinfo.org\/?author=7\"}]}<\/script>\n<!-- \/ Yoast SEO plugin. -->","yoast_head_json":{"title":"FSK-ja forcon kapacitetet: Oficer\u00ebt kosovar\u00eb diplomojn\u00eb me sukses n\u00eb akademit\u00eb e NATO-s -","robots":{"index":"index","follow":"follow","max-snippet":"max-snippet:-1","max-image-preview":"max-image-preview:large","max-video-preview":"max-video-preview:-1"},"canonical":"https:\/\/veritasinfo.org\/?p=45080","og_locale":"en_US","og_type":"article","og_title":"FSK-ja forcon kapacitetet: Oficer\u00ebt kosovar\u00eb diplomojn\u00eb me sukses n\u00eb akademit\u00eb e NATO-s -","og_description":"Prishtin\u00eb, 26 prill 2026 18:02 Ministri i Mbrojtjes, Ejup Maqedonci, ka b\u00ebr\u00eb t\u00eb ditur se ushtarak\u00ebt e Forc\u00ebs s\u00eb Siguris\u00eb s\u00eb Kosov\u00ebs (FSK) po vazhdojn\u00eb","og_url":"https:\/\/veritasinfo.org\/?p=45080","article_published_time":"2026-04-26T16:02:35+00:00","og_image":[{"width":1200,"height":1600,"url":"https:\/\/veritasinfo.org\/wp-content\/uploads\/2026\/04\/FB_IMG_1777219283983.jpg","type":"image\/jpeg"}],"author":"US6","twitter_card":"summary_large_image","twitter_misc":{"Written by":"US6","Est. reading time":"2 minutes"},"schema":{"@context":"https:\/\/schema.org","@graph":[{"@type":"WebPage","@id":"https:\/\/veritasinfo.org\/?p=45080","url":"https:\/\/veritasinfo.org\/?p=45080","name":"FSK-ja forcon kapacitetet: Oficer\u00ebt kosovar\u00eb diplomojn\u00eb me sukses n\u00eb akademit\u00eb e NATO-s -","isPartOf":{"@id":"https:\/\/veritasinfo.org\/#website"},"primaryImageOfPage":{"@id":"https:\/\/veritasinfo.org\/?p=45080#primaryimage"},"image":{"@id":"https:\/\/veritasinfo.org\/?p=45080#primaryimage"},"thumbnailUrl":"https:\/\/veritasinfo.org\/wp-content\/uploads\/2026\/04\/FB_IMG_1777219283983.jpg","datePublished":"2026-04-26T16:02:35+00:00","author":{"@id":"https:\/\/veritasinfo.org\/#\/schema\/person\/fe199eede04c3937362892b7444747cc"},"breadcrumb":{"@id":"https:\/\/veritasinfo.org\/?p=45080#breadcrumb"},"inLanguage":"en-US","potentialAction":[{"@type":"ReadAction","target":["https:\/\/veritasinfo.org\/?p=45080"]}]},{"@type":"ImageObject","inLanguage":"en-US","@id":"https:\/\/veritasinfo.org\/?p=45080#primaryimage","url":"https:\/\/veritasinfo.org\/wp-content\/uploads\/2026\/04\/FB_IMG_1777219283983.jpg","contentUrl":"https:\/\/veritasinfo.org\/wp-content\/uploads\/2026\/04\/FB_IMG_1777219283983.jpg","width":1200,"height":1600},{"@type":"BreadcrumbList","@id":"https:\/\/veritasinfo.org\/?p=45080#breadcrumb","itemListElement":[{"@type":"ListItem","position":1,"name":"Home","item":"https:\/\/veritasinfo.org\/"},{"@type":"ListItem","position":2,"name":"FSK-ja forcon kapacitetet: Oficer\u00ebt kosovar\u00eb diplomojn\u00eb me sukses n\u00eb akademit\u00eb e NATO-s"}]},{"@type":"WebSite","@id":"https:\/\/veritasinfo.org\/#website","url":"https:\/\/veritasinfo.org\/","name":"","description":"","potentialAction":[{"@type":"SearchAction","target":{"@type":"EntryPoint","urlTemplate":"https:\/\/veritasinfo.org\/?s={search_term_string}"},"query-input":{"@type":"PropertyValueSpecification","valueRequired":true,"valueName":"search_term_string"}}],"inLanguage":"en-US"},{"@type":"Person","@id":"https:\/\/veritasinfo.org\/#\/schema\/person\/fe199eede04c3937362892b7444747cc","name":"US6","image":{"@type":"ImageObject","inLanguage":"en-US","@id":"https:\/\/veritasinfo.org\/#\/schema\/person\/image\/","url":"https:\/\/secure.gravatar.com\/avatar\/cb16c3c31c9d23b9b8c705964598220b3014e42ff51eb540ff23cefa3ae8c15f?s=96&d=mm&r=g","contentUrl":"https:\/\/secure.gravatar.com\/avatar\/cb16c3c31c9d23b9b8c705964598220b3014e42ff51eb540ff23cefa3ae8c15f?s=96&d=mm&r=g","caption":"US6"},"url":"https:\/\/veritasinfo.org\/?author=7"}]}},"featured_image_urls":{"full":["https:\/\/veritasinfo.org\/wp-content\/uploads\/2026\/04\/FB_IMG_1777219283983.jpg",1200,1600,false],"thumbnail":["https:\/\/veritasinfo.org\/wp-content\/uploads\/2026\/04\/FB_IMG_1777219283983-150x150.jpg",150,150,true],"medium":["https:\/\/veritasinfo.org\/wp-content\/uploads\/2026\/04\/FB_IMG_1777219283983-225x300.jpg",225,300,true],"medium_large":["https:\/\/veritasinfo.org\/wp-content\/uploads\/2026\/04\/FB_IMG_1777219283983-768x1024.jpg",640,853,true],"large":["https:\/\/veritasinfo.org\/wp-content\/uploads\/2026\/04\/FB_IMG_1777219283983-768x1024.jpg",640,853,true],"1536x1536":["https:\/\/veritasinfo.org\/wp-content\/uploads\/2026\/04\/FB_IMG_1777219283983-1152x1536.jpg",1152,1536,true],"2048x2048":["https:\/\/veritasinfo.org\/wp-content\/uploads\/2026\/04\/FB_IMG_1777219283983.jpg",1200,1600,false],"kreeti-slider-full":["https:\/\/veritasinfo.org\/wp-content\/uploads\/2026\/04\/FB_IMG_1777219283983-1200x720.jpg",1200,720,true],"kreeti-featured":["https:\/\/veritasinfo.org\/wp-content\/uploads\/2026\/04\/FB_IMG_1777219283983-1024x1365.jpg",1024,1365,true],"kreeti-medium":["https:\/\/veritasinfo.org\/wp-content\/uploads\/2026\/04\/FB_IMG_1777219283983-720x530.jpg",720,530,true],"kreeti-medium-square":["https:\/\/veritasinfo.org\/wp-content\/uploads\/2026\/04\/FB_IMG_1777219283983-350x350.jpg",350,350,true]},"author_info":{"info":["US6"]},"category_info":"<a href=\"https:\/\/veritasinfo.org\/?cat=109\" rel=\"category\">Siguri<\/a>","tag_info":"Siguri","comment_count":"0","_links":{"self":[{"href":"https:\/\/veritasinfo.org\/index.php?rest_route=\/wp\/v2\/posts\/45080","targetHints":{"allow":["GET"]}}],"collection":[{"href":"https:\/\/veritasinfo.org\/index.php?rest_route=\/wp\/v2\/posts"}],"about":[{"href":"https:\/\/veritasinfo.org\/index.php?rest_route=\/wp\/v2\/types\/post"}],"author":[{"embeddable":true,"href":"https:\/\/veritasinfo.org\/index.php?rest_route=\/wp\/v2\/users\/7"}],"replies":[{"embeddable":true,"href":"https:\/\/veritasinfo.org\/index.php?rest_route=%2Fwp%2Fv2%2Fcomments&post=45080"}],"version-history":[{"count":1,"href":"https:\/\/veritasinfo.org\/index.php?rest_route=\/wp\/v2\/posts\/45080\/revisions"}],"predecessor-version":[{"id":45082,"href":"https:\/\/veritasinfo.org\/index.php?rest_route=\/wp\/v2\/posts\/45080\/revisions\/45082"}],"wp:featuredmedia":[{"embeddable":true,"href":"https:\/\/veritasinfo.org\/index.php?rest_route=\/wp\/v2\/media\/45081"}],"wp:attachment":[{"href":"https:\/\/veritasinfo.org\/index.php?rest_route=%2Fwp%2Fv2%2Fmedia&parent=45080"}],"wp:term":[{"taxonomy":"category","embeddable":true,"href":"https:\/\/veritasinfo.org\/index.php?rest_route=%2Fwp%2Fv2%2Fcategories&post=45080"},{"taxonomy":"post_tag","embeddable":true,"href":"https:\/\/veritasinfo.org\/index.php?rest_route=%2Fwp%2Fv2%2Ftags&post=45080"}],"curies":[{"name":"wp","href":"https:\/\/api.w.org\/{rel}","templated":true}]}}