{"id":4507,"date":"2025-07-20T14:21:47","date_gmt":"2025-07-20T12:21:47","guid":{"rendered":"https:\/\/veritasinfo.org\/?p=4507"},"modified":"2025-07-20T14:21:47","modified_gmt":"2025-07-20T12:21:47","slug":"kisha-ortodokse-autoqefale-e-kosoves-nderon-laert-vasilin-me-titullin-kalores-i-shen-kostandin-dardanasit","status":"publish","type":"post","link":"https:\/\/veritasinfo.org\/?p=4507","title":{"rendered":"Kisha Ortodokse Autoqefale e Kosov\u00ebs nderon Laert Vasilin me titullin \u201cKalor\u00ebs i Sh\u00ebn Kostandin Dardanasit\u201d"},"content":{"rendered":"<p>Prishtin\u00eb, 20 Korrik 2025<\/p>\n<p>Kisha Ortodokse Autoqefale e Kosov\u00ebs nderoi aktorin e njohur t\u00eb Teatrit Komb\u00ebtar t\u00eb Shqip\u00ebris\u00eb, Laert Vasili, me titullin e lart\u00eb kishtar \u201cKalor\u00ebs i Sh\u00ebn Kostandin Dardanasit\u201d, nj\u00eb vler\u00ebsim p\u00ebr kontributin e tij t\u00eb shquar n\u00eb art dhe kultur\u00eb, si dhe p\u00ebr mb\u00ebshtetje ndaj trash\u00ebgimis\u00eb shpirt\u00ebrore dhe kulturore t\u00eb shqiptar\u00ebve<\/p>\n<p>\u201cNdihem i privilegjuar dhe thell\u00ebsisht i p\u00ebrulur t\u00eb q\u00ebndroj sot para jush n\u00eb k\u00ebt\u00eb dit\u00eb t\u00eb ve\u00e7ant\u00eb. Jemi mbledhur p\u00ebr t\u00eb nderuar nj\u00eb sh\u00ebrbes\u00ebtar t\u00eb ve\u00e7ant\u00eb t\u00eb kish\u00ebs son\u00eb. Nj\u00eb kalor\u00ebs shpirt\u00ebror, nj\u00eb misionar t\u00eb palodhur, nj\u00eb v\u00eblla q\u00eb ka dh\u00ebn\u00eb gjith\u00e7ka n\u00eb sh\u00ebrbim t\u00eb Krishtit dhe popullit ton\u00eb, zot\u00ebri Laert Vasili. Sot n\u00eb bekimin e lumturis\u00eb tuaj, shpallim zyrtarisht titullin Kalor\u00ebs i Sh\u00ebn Konstadin Dardanasit. Ky nuk \u00ebsht\u00eb vet\u00ebm nj\u00eb titull simbolik, \u00ebsht\u00eb nj\u00eb d\u00ebshmi e shpirtit t\u00eb tij t\u00eb p\u00ebrkushtuar, pun\u00ebs s\u00eb tij t\u00eb heshtur por t\u00eb ndritshme, \u00ebsht\u00eb nj\u00eb p\u00ebrgjigje ndaj thirrjes s\u00eb Zotit p\u00ebr t\u00eb qen\u00eb drit\u00eb n\u00eb err\u00ebsir\u00eb, shpres\u00eb n\u00eb d\u00ebshp\u00ebrim dhe forc\u00eb n\u00eb dob\u00ebsi\u201d, tha p\u00ebrfaq\u00ebsuesi i Kish\u00ebs, Alban Hoti.<\/p>\n<p>Mitropolia e par\u00eb Ortodokse Shqiptare e Kosov\u00ebs, n\u00eb Kish\u00ebn Katolike \u201cSh\u00ebn Antonio i Padov\u00ebs\u201d, \u00ebsht\u00eb p\u00ebruruar n\u00eb Prishtin\u00eb m\u00eb 20 prill, n\u00eb dit\u00ebn e Pashk\u00ebve, n\u00eb nj\u00eb ceremoni inaugurimi t\u00eb drejtuar nga kryepeshkopi i par\u00eb i Kosov\u00ebs, Nikolla Xhufka. Sipas tij, hapja e Mitropolis\u00eb s\u00eb par\u00eb Ortodokse Shqiptare t\u00eb Kosov\u00ebs, do t\u00eb jet\u00eb rezultat i vet\u00ebdijesimit t\u00eb komunitetit n\u00eb Kosov\u00eb.<br \/>\nP\u00ebrgjat\u00eb sh\u00ebrbes\u00ebs s\u00eb dh\u00ebnies s\u00eb titullit, kryepeshkopi i Kish\u00ebs Ortodokse Autoqefale t\u00eb Kosov\u00ebs, Nikoll\u00eb Xhufka b\u00ebri lutje p\u00ebr Kosov\u00ebn.<\/p>\n<p>\u201cKisha Ortodokse Autoqefale e Kosov\u00ebs q\u00ebndron af\u00ebr t\u00eb gjith\u00eb njer\u00ebzve. Af\u00ebr kryeministrit, af\u00ebr politikan\u00ebve, af\u00ebr shtetit por mbi t\u00eb gjitha q\u00ebndron af\u00ebr atdheut dhe lutemi si kish\u00eb q\u00eb per\u00ebndia ta forcoj\u00eb shtetin e Kosov\u00ebs me besim dhe me kuraj\u00eb. T\u00eb bekuar jan\u00eb t\u00eb gjith\u00eb ata q\u00eb ndihmojn\u00eb n\u00eb emrin e Zotit\u201d.<br \/>\nCeremonia e ndarjes s\u00eb k\u00ebtij titulli u mbajt n\u00eb objektin e Kish\u00ebs n\u00eb Prishtin\u00eb, ku mor\u00ebn pjes\u00eb p\u00ebrfaq\u00ebsues t\u00eb Kish\u00ebs Ortodokse Autoqefale t\u00eb Kosov\u00ebs dhe besimtar\u00eb ortodoks\u00eb.<br \/>\nLaert Vasili e pranoi k\u00ebt\u00eb vler\u00ebsim me mir\u00ebnjohje dhe theksoi r\u00ebnd\u00ebsin\u00eb e ruajtjes s\u00eb identitetit kulturor dhe shpirt\u00ebror.<\/p>\n<p>\u201cKy rrug\u00ebtim filloi para diku dy vitesh kur fortlumturia e tij at\u00ebher\u00eb me nj\u00eb guxim t\u00eb jasht\u00ebzakonsh\u00ebm rrezikoi jet\u00ebn p\u00ebr hir t\u00eb besimit t\u00eb krishter\u00eb ortodoks shqiptar duke vazhduar udh\u00ebn e imzot Fan Nolit p\u00ebr mesh\u00ebn n\u00eb shqip dhe i cili u shugura mitropolit nga ungji i gjyshes sime, Jerotheo Andon Jahu. Ortodoksia shqiptare \u00ebsht\u00eb nj\u00eb amanet i t\u00eb pareve t\u00eb mi p\u00ebr t\u00eb mbajtur mesh\u00ebn n\u00eb gjuh\u00ebn ton\u00eb, n\u00eb gjuh\u00ebn shqipe. E un\u00eb pata fatin t\u00eb shoq\u00ebroja at\u00ebher\u00eb fortlumturin\u00eb e tij n\u00eb dit\u00eblindjen e Gjergj Kastriotit k\u00ebtu n\u00eb Prishtin\u00eb dhe tani pas 15 muajsh gjendemi k\u00ebtu, ku \u00ebsht\u00eb themeluar tashm\u00eb kisha autoqefale e Kosov\u00ebs dhe k\u00ebtu gjej rastin t\u00eb fal\u00ebnderoj Alban Hotin p\u00ebr gjith\u00eb mb\u00ebshtetjen me vetmohim q\u00eb i ka dh\u00ebn\u00eb fortlumturis\u00eb s\u00eb tij, Nikoll\u00ebs s\u00eb pare dhe bekimi i t\u00eb pareve t\u00eb mi nga Jerotheo Andon Jahu, i cili fjeti n\u00eb malin e shenjt\u00eb n\u00eb gjysm\u00ebn e par\u00eb t\u00eb shekullit t\u00eb kaluar si ekzark patriarkal i Konstandinopoj\u00ebs dhe pastaj si murg i thjesht\u00eb\u201d, tha ai.<\/p>\n<p>Sh\u00ebn Kostandini, shenjti mbrojt\u00ebs i Dardanasis\u00eb, \u00ebsht\u00eb nj\u00eb figur\u00eb e shenjt\u00eb p\u00ebr shqiptar\u00ebt, dhe titulli i dh\u00ebn\u00eb aktorit simbolizon lidhjen e ngusht\u00eb t\u00eb artit dhe shpirt\u00ebris\u00eb.<\/p>\n","protected":false},"excerpt":{"rendered":"<p>Prishtin\u00eb, 20 Korrik 2025 Kisha Ortodokse Autoqefale e Kosov\u00ebs nderoi aktorin e njohur t\u00eb Teatrit Komb\u00ebtar t\u00eb Shqip\u00ebris\u00eb, Laert Vasili, me titullin e lart\u00eb kishtar<\/p>\n","protected":false},"author":1,"featured_media":4508,"comment_status":"open","ping_status":"open","sticky":false,"template":"","format":"standard","meta":{"footnotes":""},"categories":[54],"tags":[],"class_list":["post-4507","post","type-post","status-publish","format-standard","has-post-thumbnail","hentry","category-kulture-sq"],"yoast_head":"<!-- This site is optimized with the Yoast SEO plugin v25.3.1 - https:\/\/yoast.com\/wordpress\/plugins\/seo\/ -->\n<title>Kisha Ortodokse Autoqefale e Kosov\u00ebs nderon Laert Vasilin me titullin \u201cKalor\u00ebs i Sh\u00ebn Kostandin Dardanasit\u201d -<\/title>\n<meta name=\"robots\" content=\"index, follow, max-snippet:-1, max-image-preview:large, max-video-preview:-1\" \/>\n<link rel=\"canonical\" href=\"https:\/\/veritasinfo.org\/?p=4507\" \/>\n<meta property=\"og:locale\" content=\"en_US\" \/>\n<meta property=\"og:type\" content=\"article\" \/>\n<meta property=\"og:title\" content=\"Kisha Ortodokse Autoqefale e Kosov\u00ebs nderon Laert Vasilin me titullin \u201cKalor\u00ebs i Sh\u00ebn Kostandin Dardanasit\u201d -\" \/>\n<meta property=\"og:description\" content=\"Prishtin\u00eb, 20 Korrik 2025 Kisha Ortodokse Autoqefale e Kosov\u00ebs nderoi aktorin e njohur t\u00eb Teatrit Komb\u00ebtar t\u00eb Shqip\u00ebris\u00eb, Laert Vasili, me titullin e lart\u00eb kishtar\" \/>\n<meta property=\"og:url\" content=\"https:\/\/veritasinfo.org\/?p=4507\" \/>\n<meta property=\"article:published_time\" content=\"2025-07-20T12:21:47+00:00\" \/>\n<meta property=\"og:image\" content=\"https:\/\/veritasinfo.org\/wp-content\/uploads\/2025\/07\/IMG_2173.webp\" \/>\n\t<meta property=\"og:image:width\" content=\"900\" \/>\n\t<meta property=\"og:image:height\" content=\"579\" \/>\n\t<meta property=\"og:image:type\" content=\"image\/webp\" \/>\n<meta name=\"author\" content=\"admin\" \/>\n<meta name=\"twitter:card\" content=\"summary_large_image\" \/>\n<meta name=\"twitter:label1\" content=\"Written by\" \/>\n\t<meta name=\"twitter:data1\" content=\"admin\" \/>\n\t<meta name=\"twitter:label2\" content=\"Est. reading time\" \/>\n\t<meta name=\"twitter:data2\" content=\"3 minutes\" \/>\n<script type=\"application\/ld+json\" class=\"yoast-schema-graph\">{\"@context\":\"https:\/\/schema.org\",\"@graph\":[{\"@type\":\"WebPage\",\"@id\":\"https:\/\/veritasinfo.org\/?p=4507\",\"url\":\"https:\/\/veritasinfo.org\/?p=4507\",\"name\":\"Kisha Ortodokse Autoqefale e Kosov\u00ebs nderon Laert Vasilin me titullin \u201cKalor\u00ebs i Sh\u00ebn Kostandin Dardanasit\u201d -\",\"isPartOf\":{\"@id\":\"https:\/\/veritasinfo.org\/#website\"},\"primaryImageOfPage\":{\"@id\":\"https:\/\/veritasinfo.org\/?p=4507#primaryimage\"},\"image\":{\"@id\":\"https:\/\/veritasinfo.org\/?p=4507#primaryimage\"},\"thumbnailUrl\":\"https:\/\/veritasinfo.org\/wp-content\/uploads\/2025\/07\/IMG_2173.webp\",\"datePublished\":\"2025-07-20T12:21:47+00:00\",\"author\":{\"@id\":\"https:\/\/veritasinfo.org\/#\/schema\/person\/7701f8c088bece422266b100a712374f\"},\"breadcrumb\":{\"@id\":\"https:\/\/veritasinfo.org\/?p=4507#breadcrumb\"},\"inLanguage\":\"en-US\",\"potentialAction\":[{\"@type\":\"ReadAction\",\"target\":[\"https:\/\/veritasinfo.org\/?p=4507\"]}]},{\"@type\":\"ImageObject\",\"inLanguage\":\"en-US\",\"@id\":\"https:\/\/veritasinfo.org\/?p=4507#primaryimage\",\"url\":\"https:\/\/veritasinfo.org\/wp-content\/uploads\/2025\/07\/IMG_2173.webp\",\"contentUrl\":\"https:\/\/veritasinfo.org\/wp-content\/uploads\/2025\/07\/IMG_2173.webp\",\"width\":900,\"height\":579},{\"@type\":\"BreadcrumbList\",\"@id\":\"https:\/\/veritasinfo.org\/?p=4507#breadcrumb\",\"itemListElement\":[{\"@type\":\"ListItem\",\"position\":1,\"name\":\"Home\",\"item\":\"https:\/\/veritasinfo.org\/\"},{\"@type\":\"ListItem\",\"position\":2,\"name\":\"Kisha Ortodokse Autoqefale e Kosov\u00ebs nderon Laert Vasilin me titullin \u201cKalor\u00ebs i Sh\u00ebn Kostandin Dardanasit\u201d\"}]},{\"@type\":\"WebSite\",\"@id\":\"https:\/\/veritasinfo.org\/#website\",\"url\":\"https:\/\/veritasinfo.org\/\",\"name\":\"\",\"description\":\"\",\"potentialAction\":[{\"@type\":\"SearchAction\",\"target\":{\"@type\":\"EntryPoint\",\"urlTemplate\":\"https:\/\/veritasinfo.org\/?s={search_term_string}\"},\"query-input\":{\"@type\":\"PropertyValueSpecification\",\"valueRequired\":true,\"valueName\":\"search_term_string\"}}],\"inLanguage\":\"en-US\"},{\"@type\":\"Person\",\"@id\":\"https:\/\/veritasinfo.org\/#\/schema\/person\/7701f8c088bece422266b100a712374f\",\"name\":\"admin\",\"image\":{\"@type\":\"ImageObject\",\"inLanguage\":\"en-US\",\"@id\":\"https:\/\/veritasinfo.org\/#\/schema\/person\/image\/\",\"url\":\"https:\/\/secure.gravatar.com\/avatar\/ea53aa3bf6c9a12d5fde8ce4deff43fef3885ae33cf60184161a50d6987cfd2f?s=96&d=mm&r=g\",\"contentUrl\":\"https:\/\/secure.gravatar.com\/avatar\/ea53aa3bf6c9a12d5fde8ce4deff43fef3885ae33cf60184161a50d6987cfd2f?s=96&d=mm&r=g\",\"caption\":\"admin\"},\"sameAs\":[\"https:\/\/veritasinfo.org\"],\"url\":\"https:\/\/veritasinfo.org\/?author=1\"}]}<\/script>\n<!-- \/ Yoast SEO plugin. -->","yoast_head_json":{"title":"Kisha Ortodokse Autoqefale e Kosov\u00ebs nderon Laert Vasilin me titullin \u201cKalor\u00ebs i Sh\u00ebn Kostandin Dardanasit\u201d -","robots":{"index":"index","follow":"follow","max-snippet":"max-snippet:-1","max-image-preview":"max-image-preview:large","max-video-preview":"max-video-preview:-1"},"canonical":"https:\/\/veritasinfo.org\/?p=4507","og_locale":"en_US","og_type":"article","og_title":"Kisha Ortodokse Autoqefale e Kosov\u00ebs nderon Laert Vasilin me titullin \u201cKalor\u00ebs i Sh\u00ebn Kostandin Dardanasit\u201d -","og_description":"Prishtin\u00eb, 20 Korrik 2025 Kisha Ortodokse Autoqefale e Kosov\u00ebs nderoi aktorin e njohur t\u00eb Teatrit Komb\u00ebtar t\u00eb Shqip\u00ebris\u00eb, Laert Vasili, me titullin e lart\u00eb kishtar","og_url":"https:\/\/veritasinfo.org\/?p=4507","article_published_time":"2025-07-20T12:21:47+00:00","og_image":[{"width":900,"height":579,"url":"https:\/\/veritasinfo.org\/wp-content\/uploads\/2025\/07\/IMG_2173.webp","type":"image\/webp"}],"author":"admin","twitter_card":"summary_large_image","twitter_misc":{"Written by":"admin","Est. reading time":"3 minutes"},"schema":{"@context":"https:\/\/schema.org","@graph":[{"@type":"WebPage","@id":"https:\/\/veritasinfo.org\/?p=4507","url":"https:\/\/veritasinfo.org\/?p=4507","name":"Kisha Ortodokse Autoqefale e Kosov\u00ebs nderon Laert Vasilin me titullin \u201cKalor\u00ebs i Sh\u00ebn Kostandin Dardanasit\u201d -","isPartOf":{"@id":"https:\/\/veritasinfo.org\/#website"},"primaryImageOfPage":{"@id":"https:\/\/veritasinfo.org\/?p=4507#primaryimage"},"image":{"@id":"https:\/\/veritasinfo.org\/?p=4507#primaryimage"},"thumbnailUrl":"https:\/\/veritasinfo.org\/wp-content\/uploads\/2025\/07\/IMG_2173.webp","datePublished":"2025-07-20T12:21:47+00:00","author":{"@id":"https:\/\/veritasinfo.org\/#\/schema\/person\/7701f8c088bece422266b100a712374f"},"breadcrumb":{"@id":"https:\/\/veritasinfo.org\/?p=4507#breadcrumb"},"inLanguage":"en-US","potentialAction":[{"@type":"ReadAction","target":["https:\/\/veritasinfo.org\/?p=4507"]}]},{"@type":"ImageObject","inLanguage":"en-US","@id":"https:\/\/veritasinfo.org\/?p=4507#primaryimage","url":"https:\/\/veritasinfo.org\/wp-content\/uploads\/2025\/07\/IMG_2173.webp","contentUrl":"https:\/\/veritasinfo.org\/wp-content\/uploads\/2025\/07\/IMG_2173.webp","width":900,"height":579},{"@type":"BreadcrumbList","@id":"https:\/\/veritasinfo.org\/?p=4507#breadcrumb","itemListElement":[{"@type":"ListItem","position":1,"name":"Home","item":"https:\/\/veritasinfo.org\/"},{"@type":"ListItem","position":2,"name":"Kisha Ortodokse Autoqefale e Kosov\u00ebs nderon Laert Vasilin me titullin \u201cKalor\u00ebs i Sh\u00ebn Kostandin Dardanasit\u201d"}]},{"@type":"WebSite","@id":"https:\/\/veritasinfo.org\/#website","url":"https:\/\/veritasinfo.org\/","name":"","description":"","potentialAction":[{"@type":"SearchAction","target":{"@type":"EntryPoint","urlTemplate":"https:\/\/veritasinfo.org\/?s={search_term_string}"},"query-input":{"@type":"PropertyValueSpecification","valueRequired":true,"valueName":"search_term_string"}}],"inLanguage":"en-US"},{"@type":"Person","@id":"https:\/\/veritasinfo.org\/#\/schema\/person\/7701f8c088bece422266b100a712374f","name":"admin","image":{"@type":"ImageObject","inLanguage":"en-US","@id":"https:\/\/veritasinfo.org\/#\/schema\/person\/image\/","url":"https:\/\/secure.gravatar.com\/avatar\/ea53aa3bf6c9a12d5fde8ce4deff43fef3885ae33cf60184161a50d6987cfd2f?s=96&d=mm&r=g","contentUrl":"https:\/\/secure.gravatar.com\/avatar\/ea53aa3bf6c9a12d5fde8ce4deff43fef3885ae33cf60184161a50d6987cfd2f?s=96&d=mm&r=g","caption":"admin"},"sameAs":["https:\/\/veritasinfo.org"],"url":"https:\/\/veritasinfo.org\/?author=1"}]}},"featured_image_urls":{"full":["https:\/\/veritasinfo.org\/wp-content\/uploads\/2025\/07\/IMG_2173.webp",900,579,false],"thumbnail":["https:\/\/veritasinfo.org\/wp-content\/uploads\/2025\/07\/IMG_2173-150x150.webp",150,150,true],"medium":["https:\/\/veritasinfo.org\/wp-content\/uploads\/2025\/07\/IMG_2173-300x193.webp",300,193,true],"medium_large":["https:\/\/veritasinfo.org\/wp-content\/uploads\/2025\/07\/IMG_2173-768x494.webp",640,412,true],"large":["https:\/\/veritasinfo.org\/wp-content\/uploads\/2025\/07\/IMG_2173.webp",640,412,false],"1536x1536":["https:\/\/veritasinfo.org\/wp-content\/uploads\/2025\/07\/IMG_2173.webp",900,579,false],"2048x2048":["https:\/\/veritasinfo.org\/wp-content\/uploads\/2025\/07\/IMG_2173.webp",900,579,false],"kreeti-slider-full":["https:\/\/veritasinfo.org\/wp-content\/uploads\/2025\/07\/IMG_2173.webp",900,579,false],"kreeti-featured":["https:\/\/veritasinfo.org\/wp-content\/uploads\/2025\/07\/IMG_2173.webp",900,579,false],"kreeti-medium":["https:\/\/veritasinfo.org\/wp-content\/uploads\/2025\/07\/IMG_2173.webp",720,463,false],"kreeti-medium-square":["https:\/\/veritasinfo.org\/wp-content\/uploads\/2025\/07\/IMG_2173.webp",350,225,false]},"author_info":{"info":["admin"]},"category_info":"<a href=\"https:\/\/veritasinfo.org\/?cat=54\" rel=\"category\">Kultur\u00eb<\/a>","tag_info":"Kultur\u00eb","comment_count":"0","_links":{"self":[{"href":"https:\/\/veritasinfo.org\/index.php?rest_route=\/wp\/v2\/posts\/4507","targetHints":{"allow":["GET"]}}],"collection":[{"href":"https:\/\/veritasinfo.org\/index.php?rest_route=\/wp\/v2\/posts"}],"about":[{"href":"https:\/\/veritasinfo.org\/index.php?rest_route=\/wp\/v2\/types\/post"}],"author":[{"embeddable":true,"href":"https:\/\/veritasinfo.org\/index.php?rest_route=\/wp\/v2\/users\/1"}],"replies":[{"embeddable":true,"href":"https:\/\/veritasinfo.org\/index.php?rest_route=%2Fwp%2Fv2%2Fcomments&post=4507"}],"version-history":[{"count":1,"href":"https:\/\/veritasinfo.org\/index.php?rest_route=\/wp\/v2\/posts\/4507\/revisions"}],"predecessor-version":[{"id":4509,"href":"https:\/\/veritasinfo.org\/index.php?rest_route=\/wp\/v2\/posts\/4507\/revisions\/4509"}],"wp:featuredmedia":[{"embeddable":true,"href":"https:\/\/veritasinfo.org\/index.php?rest_route=\/wp\/v2\/media\/4508"}],"wp:attachment":[{"href":"https:\/\/veritasinfo.org\/index.php?rest_route=%2Fwp%2Fv2%2Fmedia&parent=4507"}],"wp:term":[{"taxonomy":"category","embeddable":true,"href":"https:\/\/veritasinfo.org\/index.php?rest_route=%2Fwp%2Fv2%2Fcategories&post=4507"},{"taxonomy":"post_tag","embeddable":true,"href":"https:\/\/veritasinfo.org\/index.php?rest_route=%2Fwp%2Fv2%2Ftags&post=4507"}],"curies":[{"name":"wp","href":"https:\/\/api.w.org\/{rel}","templated":true}]}}