{"id":45030,"date":"2026-04-26T09:18:21","date_gmt":"2026-04-26T07:18:21","guid":{"rendered":"https:\/\/veritasinfo.org\/?p=45030"},"modified":"2026-04-26T09:18:21","modified_gmt":"2026-04-26T07:18:21","slug":"kanin-radojiceva-ekstradicija-srbija-zna-samo-jezik-novca","status":"publish","type":"post","link":"https:\/\/veritasinfo.org\/?p=45030&lang=sr","title":{"rendered":"Kanin: Radojic\u0301eva ekstradicija &#8211; Srbija zna samo jezik novca"},"content":{"rendered":"<p>Pri\u0161tina, 26. april 2026. 09:10<\/p>\n<p>Dejvid Kanin, profesor evropskih studija na Univerzitetu D\u017eons Hopkins u Va\u0161ingtonu, ka\u017ee da je, kada je u pitanju napad u Banjskoj, novac jedini jezik koji Beograd zaista razume.<\/p>\n<p>Prema njegovim re\u010dima, rukovodstvo Srbije nec\u0301e izru\u010diti Milana Radojic\u0301a, niti c\u0301e ozbiljno shvatiti odgovornost, osim ako Brisel jasno ne pove\u017ee sredstva EU i napredak u \u010dlanstvu sa konkretnim koracima po tom pitanju.<\/p>\n<p>\u201eOvo ne bi nu\u017eno nateralo [predsednika Srbije Aleksandra] Vu\u010dic\u0301a da bilo \u0161ta preduzme, ali bi stvorilo materijalne tro\u0161kove za Srbiju ako ne bi delovao\u201c, rekao je Kanin za REL.<\/p>\n<p>&nbsp;<\/p>\n<p>Milan Radoi\u010dic\u0301, koji je preuzeo odgovornost za napad 24. septembra 2023. godine, i desetine drugih ljudi koje su optu\u017eile kosovske vlasti su u bekstvu.<\/p>\n<p>&nbsp;<\/p>\n<p>Osnovni sud u Pri\u0161tini ju\u010de je objavio presudu osu\u0111ujuc\u0301u na do\u017eivotni zatvor za dvojicu optu\u017eenih Blagoja Spasojevic\u0301a i Vladimira Tolic\u0301a, dok je Du\u0161ana Maksimovic\u0301a osudio na 30 godina zatvora, sve optu\u017eene za teroristi\u010dki napad u Banjskoj, Zve\u010dan, koji se dogodio 24. septembra. U ovom napadu je ubijen policijski narednik Afrim Bunjaku<\/p>\n","protected":false},"excerpt":{"rendered":"<p>Pri\u0161tina, 26. april 2026. 09:10 Dejvid Kanin, profesor evropskih studija na Univerzitetu D\u017eons Hopkins u Va\u0161ingtonu, ka\u017ee da je, kada je u pitanju napad u<\/p>\n","protected":false},"author":7,"featured_media":45031,"comment_status":"open","ping_status":"open","sticky":false,"template":"","format":"standard","meta":{"footnotes":""},"categories":[28],"tags":[],"class_list":["post-45030","post","type-post","status-publish","format-standard","has-post-thumbnail","hentry","category-politika"],"yoast_head":"<!-- This site is optimized with the Yoast SEO plugin v25.3.1 - https:\/\/yoast.com\/wordpress\/plugins\/seo\/ -->\n<title>Kanin: Radojic\u0301eva ekstradicija - Srbija zna samo jezik novca -<\/title>\n<meta name=\"robots\" content=\"index, follow, max-snippet:-1, max-image-preview:large, max-video-preview:-1\" \/>\n<link rel=\"canonical\" href=\"https:\/\/veritasinfo.org\/?p=45030&lang=sr\" \/>\n<meta property=\"og:locale\" content=\"en_US\" \/>\n<meta property=\"og:type\" content=\"article\" \/>\n<meta property=\"og:title\" content=\"Kanin: Radojic\u0301eva ekstradicija - Srbija zna samo jezik novca -\" \/>\n<meta property=\"og:description\" content=\"Pri\u0161tina, 26. april 2026. 09:10 Dejvid Kanin, profesor evropskih studija na Univerzitetu D\u017eons Hopkins u Va\u0161ingtonu, ka\u017ee da je, kada je u pitanju napad u\" \/>\n<meta property=\"og:url\" content=\"https:\/\/veritasinfo.org\/?p=45030&amp;lang=sr\" \/>\n<meta property=\"article:published_time\" content=\"2026-04-26T07:18:21+00:00\" \/>\n<meta property=\"og:image\" content=\"https:\/\/veritasinfo.org\/wp-content\/uploads\/2026\/04\/96121777151312-1.jpg\" \/>\n\t<meta property=\"og:image:width\" content=\"600\" \/>\n\t<meta property=\"og:image:height\" content=\"352\" \/>\n\t<meta property=\"og:image:type\" content=\"image\/jpeg\" \/>\n<meta name=\"author\" content=\"US6\" \/>\n<meta name=\"twitter:card\" content=\"summary_large_image\" \/>\n<meta name=\"twitter:label1\" content=\"Written by\" \/>\n\t<meta name=\"twitter:data1\" content=\"US6\" \/>\n\t<meta name=\"twitter:label2\" content=\"Est. reading time\" \/>\n\t<meta name=\"twitter:data2\" content=\"1 minute\" \/>\n<script type=\"application\/ld+json\" class=\"yoast-schema-graph\">{\"@context\":\"https:\/\/schema.org\",\"@graph\":[{\"@type\":\"WebPage\",\"@id\":\"https:\/\/veritasinfo.org\/?p=45030&lang=sr\",\"url\":\"https:\/\/veritasinfo.org\/?p=45030&lang=sr\",\"name\":\"Kanin: Radojic\u0301eva ekstradicija - Srbija zna samo jezik novca -\",\"isPartOf\":{\"@id\":\"https:\/\/veritasinfo.org\/#website\"},\"primaryImageOfPage\":{\"@id\":\"https:\/\/veritasinfo.org\/?p=45030&lang=sr#primaryimage\"},\"image\":{\"@id\":\"https:\/\/veritasinfo.org\/?p=45030&lang=sr#primaryimage\"},\"thumbnailUrl\":\"https:\/\/veritasinfo.org\/wp-content\/uploads\/2026\/04\/96121777151312-1.jpg\",\"datePublished\":\"2026-04-26T07:18:21+00:00\",\"author\":{\"@id\":\"https:\/\/veritasinfo.org\/#\/schema\/person\/fe199eede04c3937362892b7444747cc\"},\"breadcrumb\":{\"@id\":\"https:\/\/veritasinfo.org\/?p=45030&lang=sr#breadcrumb\"},\"inLanguage\":\"en-US\",\"potentialAction\":[{\"@type\":\"ReadAction\",\"target\":[\"https:\/\/veritasinfo.org\/?p=45030&lang=sr\"]}]},{\"@type\":\"ImageObject\",\"inLanguage\":\"en-US\",\"@id\":\"https:\/\/veritasinfo.org\/?p=45030&lang=sr#primaryimage\",\"url\":\"https:\/\/veritasinfo.org\/wp-content\/uploads\/2026\/04\/96121777151312-1.jpg\",\"contentUrl\":\"https:\/\/veritasinfo.org\/wp-content\/uploads\/2026\/04\/96121777151312-1.jpg\",\"width\":600,\"height\":352},{\"@type\":\"BreadcrumbList\",\"@id\":\"https:\/\/veritasinfo.org\/?p=45030&lang=sr#breadcrumb\",\"itemListElement\":[{\"@type\":\"ListItem\",\"position\":1,\"name\":\"Home\",\"item\":\"https:\/\/veritasinfo.org\/\"},{\"@type\":\"ListItem\",\"position\":2,\"name\":\"Kanin: Radojic\u0301eva ekstradicija &#8211; Srbija zna samo jezik novca\"}]},{\"@type\":\"WebSite\",\"@id\":\"https:\/\/veritasinfo.org\/#website\",\"url\":\"https:\/\/veritasinfo.org\/\",\"name\":\"\",\"description\":\"\",\"potentialAction\":[{\"@type\":\"SearchAction\",\"target\":{\"@type\":\"EntryPoint\",\"urlTemplate\":\"https:\/\/veritasinfo.org\/?s={search_term_string}\"},\"query-input\":{\"@type\":\"PropertyValueSpecification\",\"valueRequired\":true,\"valueName\":\"search_term_string\"}}],\"inLanguage\":\"en-US\"},{\"@type\":\"Person\",\"@id\":\"https:\/\/veritasinfo.org\/#\/schema\/person\/fe199eede04c3937362892b7444747cc\",\"name\":\"US6\",\"image\":{\"@type\":\"ImageObject\",\"inLanguage\":\"en-US\",\"@id\":\"https:\/\/veritasinfo.org\/#\/schema\/person\/image\/\",\"url\":\"https:\/\/secure.gravatar.com\/avatar\/cb16c3c31c9d23b9b8c705964598220b3014e42ff51eb540ff23cefa3ae8c15f?s=96&d=mm&r=g\",\"contentUrl\":\"https:\/\/secure.gravatar.com\/avatar\/cb16c3c31c9d23b9b8c705964598220b3014e42ff51eb540ff23cefa3ae8c15f?s=96&d=mm&r=g\",\"caption\":\"US6\"},\"url\":\"https:\/\/veritasinfo.org\/?author=7\"}]}<\/script>\n<!-- \/ Yoast SEO plugin. -->","yoast_head_json":{"title":"Kanin: Radojic\u0301eva ekstradicija - Srbija zna samo jezik novca -","robots":{"index":"index","follow":"follow","max-snippet":"max-snippet:-1","max-image-preview":"max-image-preview:large","max-video-preview":"max-video-preview:-1"},"canonical":"https:\/\/veritasinfo.org\/?p=45030&lang=sr","og_locale":"en_US","og_type":"article","og_title":"Kanin: Radojic\u0301eva ekstradicija - Srbija zna samo jezik novca -","og_description":"Pri\u0161tina, 26. april 2026. 09:10 Dejvid Kanin, profesor evropskih studija na Univerzitetu D\u017eons Hopkins u Va\u0161ingtonu, ka\u017ee da je, kada je u pitanju napad u","og_url":"https:\/\/veritasinfo.org\/?p=45030&lang=sr","article_published_time":"2026-04-26T07:18:21+00:00","og_image":[{"width":600,"height":352,"url":"https:\/\/veritasinfo.org\/wp-content\/uploads\/2026\/04\/96121777151312-1.jpg","type":"image\/jpeg"}],"author":"US6","twitter_card":"summary_large_image","twitter_misc":{"Written by":"US6","Est. reading time":"1 minute"},"schema":{"@context":"https:\/\/schema.org","@graph":[{"@type":"WebPage","@id":"https:\/\/veritasinfo.org\/?p=45030&lang=sr","url":"https:\/\/veritasinfo.org\/?p=45030&lang=sr","name":"Kanin: Radojic\u0301eva ekstradicija - Srbija zna samo jezik novca -","isPartOf":{"@id":"https:\/\/veritasinfo.org\/#website"},"primaryImageOfPage":{"@id":"https:\/\/veritasinfo.org\/?p=45030&lang=sr#primaryimage"},"image":{"@id":"https:\/\/veritasinfo.org\/?p=45030&lang=sr#primaryimage"},"thumbnailUrl":"https:\/\/veritasinfo.org\/wp-content\/uploads\/2026\/04\/96121777151312-1.jpg","datePublished":"2026-04-26T07:18:21+00:00","author":{"@id":"https:\/\/veritasinfo.org\/#\/schema\/person\/fe199eede04c3937362892b7444747cc"},"breadcrumb":{"@id":"https:\/\/veritasinfo.org\/?p=45030&lang=sr#breadcrumb"},"inLanguage":"en-US","potentialAction":[{"@type":"ReadAction","target":["https:\/\/veritasinfo.org\/?p=45030&lang=sr"]}]},{"@type":"ImageObject","inLanguage":"en-US","@id":"https:\/\/veritasinfo.org\/?p=45030&lang=sr#primaryimage","url":"https:\/\/veritasinfo.org\/wp-content\/uploads\/2026\/04\/96121777151312-1.jpg","contentUrl":"https:\/\/veritasinfo.org\/wp-content\/uploads\/2026\/04\/96121777151312-1.jpg","width":600,"height":352},{"@type":"BreadcrumbList","@id":"https:\/\/veritasinfo.org\/?p=45030&lang=sr#breadcrumb","itemListElement":[{"@type":"ListItem","position":1,"name":"Home","item":"https:\/\/veritasinfo.org\/"},{"@type":"ListItem","position":2,"name":"Kanin: Radojic\u0301eva ekstradicija &#8211; Srbija zna samo jezik novca"}]},{"@type":"WebSite","@id":"https:\/\/veritasinfo.org\/#website","url":"https:\/\/veritasinfo.org\/","name":"","description":"","potentialAction":[{"@type":"SearchAction","target":{"@type":"EntryPoint","urlTemplate":"https:\/\/veritasinfo.org\/?s={search_term_string}"},"query-input":{"@type":"PropertyValueSpecification","valueRequired":true,"valueName":"search_term_string"}}],"inLanguage":"en-US"},{"@type":"Person","@id":"https:\/\/veritasinfo.org\/#\/schema\/person\/fe199eede04c3937362892b7444747cc","name":"US6","image":{"@type":"ImageObject","inLanguage":"en-US","@id":"https:\/\/veritasinfo.org\/#\/schema\/person\/image\/","url":"https:\/\/secure.gravatar.com\/avatar\/cb16c3c31c9d23b9b8c705964598220b3014e42ff51eb540ff23cefa3ae8c15f?s=96&d=mm&r=g","contentUrl":"https:\/\/secure.gravatar.com\/avatar\/cb16c3c31c9d23b9b8c705964598220b3014e42ff51eb540ff23cefa3ae8c15f?s=96&d=mm&r=g","caption":"US6"},"url":"https:\/\/veritasinfo.org\/?author=7"}]}},"featured_image_urls":{"full":["https:\/\/veritasinfo.org\/wp-content\/uploads\/2026\/04\/96121777151312-1.jpg",600,352,false],"thumbnail":["https:\/\/veritasinfo.org\/wp-content\/uploads\/2026\/04\/96121777151312-1-150x150.jpg",150,150,true],"medium":["https:\/\/veritasinfo.org\/wp-content\/uploads\/2026\/04\/96121777151312-1-300x176.jpg",300,176,true],"medium_large":["https:\/\/veritasinfo.org\/wp-content\/uploads\/2026\/04\/96121777151312-1.jpg",600,352,false],"large":["https:\/\/veritasinfo.org\/wp-content\/uploads\/2026\/04\/96121777151312-1.jpg",600,352,false],"1536x1536":["https:\/\/veritasinfo.org\/wp-content\/uploads\/2026\/04\/96121777151312-1.jpg",600,352,false],"2048x2048":["https:\/\/veritasinfo.org\/wp-content\/uploads\/2026\/04\/96121777151312-1.jpg",600,352,false],"kreeti-slider-full":["https:\/\/veritasinfo.org\/wp-content\/uploads\/2026\/04\/96121777151312-1.jpg",600,352,false],"kreeti-featured":["https:\/\/veritasinfo.org\/wp-content\/uploads\/2026\/04\/96121777151312-1.jpg",600,352,false],"kreeti-medium":["https:\/\/veritasinfo.org\/wp-content\/uploads\/2026\/04\/96121777151312-1.jpg",600,352,false],"kreeti-medium-square":["https:\/\/veritasinfo.org\/wp-content\/uploads\/2026\/04\/96121777151312-1-350x350.jpg",350,350,true]},"author_info":{"info":["US6"]},"category_info":"<a href=\"https:\/\/veritasinfo.org\/?cat=28&#038;lang=sr\" rel=\"category\">Politika<\/a>","tag_info":"Politika","comment_count":"0","_links":{"self":[{"href":"https:\/\/veritasinfo.org\/index.php?rest_route=\/wp\/v2\/posts\/45030","targetHints":{"allow":["GET"]}}],"collection":[{"href":"https:\/\/veritasinfo.org\/index.php?rest_route=\/wp\/v2\/posts"}],"about":[{"href":"https:\/\/veritasinfo.org\/index.php?rest_route=\/wp\/v2\/types\/post"}],"author":[{"embeddable":true,"href":"https:\/\/veritasinfo.org\/index.php?rest_route=\/wp\/v2\/users\/7"}],"replies":[{"embeddable":true,"href":"https:\/\/veritasinfo.org\/index.php?rest_route=%2Fwp%2Fv2%2Fcomments&post=45030"}],"version-history":[{"count":1,"href":"https:\/\/veritasinfo.org\/index.php?rest_route=\/wp\/v2\/posts\/45030\/revisions"}],"predecessor-version":[{"id":45032,"href":"https:\/\/veritasinfo.org\/index.php?rest_route=\/wp\/v2\/posts\/45030\/revisions\/45032"}],"wp:featuredmedia":[{"embeddable":true,"href":"https:\/\/veritasinfo.org\/index.php?rest_route=\/wp\/v2\/media\/45031"}],"wp:attachment":[{"href":"https:\/\/veritasinfo.org\/index.php?rest_route=%2Fwp%2Fv2%2Fmedia&parent=45030"}],"wp:term":[{"taxonomy":"category","embeddable":true,"href":"https:\/\/veritasinfo.org\/index.php?rest_route=%2Fwp%2Fv2%2Fcategories&post=45030"},{"taxonomy":"post_tag","embeddable":true,"href":"https:\/\/veritasinfo.org\/index.php?rest_route=%2Fwp%2Fv2%2Ftags&post=45030"}],"curies":[{"name":"wp","href":"https:\/\/api.w.org\/{rel}","templated":true}]}}