{"id":45026,"date":"2026-04-26T09:12:08","date_gmt":"2026-04-26T07:12:08","guid":{"rendered":"https:\/\/veritasinfo.org\/?p=45026"},"modified":"2026-04-26T09:16:49","modified_gmt":"2026-04-26T07:16:49","slug":"kanin-ekstradimi-i-radoiciqit-serbia-njeh-vetem-gjuhen-e-parave","status":"publish","type":"post","link":"https:\/\/veritasinfo.org\/?p=45026","title":{"rendered":"Kanin: Ekstradimi i Radoi\u00e7iqit &#8211; Serbia njeh vet\u00ebm gjuh\u00ebn e parave"},"content":{"rendered":"<p>Prishtin\u00eb, 26 prill 2026 09:10<\/p>\n<p>David Kanin, profesor i Studimeve Evropiane n\u00eb Universitetin Johns Hopkins n\u00eb Uashington, thot\u00eb se, kur b\u00ebhet fjal\u00eb p\u00ebr sulmin n\u00eb Banjsk\u00eb, parat\u00eb jan\u00eb e vetmja gjuh\u00eb q\u00eb Beogradi e kupton v\u00ebrtet.<\/p>\n<p>Sipas tij, udh\u00ebheqja e Serbis\u00eb nuk do ta ekstradoj\u00eb Millan Radoi\u00e7iqin dhe as nuk do ta marr\u00eb seriozisht p\u00ebrgjegj\u00ebsin\u00eb, p\u00ebrve\u00e7 n\u00ebse Brukseli i lidh qart\u00eb fondet e BE-s\u00eb dhe progresin e an\u00ebtar\u00ebsimit me hapa konkret\u00eb n\u00eb k\u00ebt\u00eb \u00e7\u00ebshtje.<\/p>\n<p>\u201cKjo nuk do ta detyronte domosdoshm\u00ebrisht [presidentin e Serbis\u00eb, Aleksandar] Vu\u00e7iq t\u00eb b\u00ebnte di\u00e7ka, por do t\u2019i krijonte Serbis\u00eb kosto materiale, n\u00ebse ai nuk do t\u00eb vepronte\u201d, thot\u00eb Kanin p\u00ebr REL.<\/p>\n<p>Millan Radoi\u00e7iq, i cili mori p\u00ebrgjegj\u00ebsin\u00eb p\u00ebr sulmin e 24 shtatorit 2023, dhe dhjet\u00ebra persona t\u00eb tjer\u00eb t\u00eb akuzuar nga autoritetet e Kosov\u00ebs jan\u00eb n\u00eb arrati.<\/p>\n<p>Gjykata Themelore t\u00eb Prishtin\u00eb, dje ka shpallur aktgjykim d\u00ebnues me burgim t\u00eb p\u00ebrjetsh\u00ebm ndaj dy t\u00eb akuzuarve Blagoje Spasojeviq dhe Vladimir Toliq, nd\u00ebrsa Dushan Maksimoviqin e d\u00ebnoi me 30 vjet burgim, t\u00eb gjith\u00eb t\u00eb akuzuar p\u00ebr sulmin terrorist n\u00eb Banjsk\u00eb t\u00eb Zve\u00e7anit, i cili ndodhi m\u00eb 24 shtator. Si pasoj\u00eb e k\u00ebtij sulmi mbeti i vrar\u00eb rreshteri policor, Afrim Bunjaku.<\/p>\n<p>&nbsp;<\/p>\n","protected":false},"excerpt":{"rendered":"<p>Prishtin\u00eb, 26 prill 2026 09:10 David Kanin, profesor i Studimeve Evropiane n\u00eb Universitetin Johns Hopkins n\u00eb Uashington, thot\u00eb se, kur b\u00ebhet fjal\u00eb p\u00ebr sulmin n\u00eb<\/p>\n","protected":false},"author":7,"featured_media":45027,"comment_status":"open","ping_status":"open","sticky":false,"template":"","format":"standard","meta":{"footnotes":""},"categories":[58],"tags":[],"class_list":["post-45026","post","type-post","status-publish","format-standard","has-post-thumbnail","hentry","category-politike-sq"],"yoast_head":"<!-- This site is optimized with the Yoast SEO plugin v25.3.1 - https:\/\/yoast.com\/wordpress\/plugins\/seo\/ -->\n<title>Kanin: Ekstradimi i Radoi\u00e7iqit - Serbia njeh vet\u00ebm gjuh\u00ebn e parave -<\/title>\n<meta name=\"robots\" content=\"index, follow, max-snippet:-1, max-image-preview:large, max-video-preview:-1\" \/>\n<link rel=\"canonical\" href=\"https:\/\/veritasinfo.org\/?p=45026\" \/>\n<meta property=\"og:locale\" content=\"en_US\" \/>\n<meta property=\"og:type\" content=\"article\" \/>\n<meta property=\"og:title\" content=\"Kanin: Ekstradimi i Radoi\u00e7iqit - Serbia njeh vet\u00ebm gjuh\u00ebn e parave -\" \/>\n<meta property=\"og:description\" content=\"Prishtin\u00eb, 26 prill 2026 09:10 David Kanin, profesor i Studimeve Evropiane n\u00eb Universitetin Johns Hopkins n\u00eb Uashington, thot\u00eb se, kur b\u00ebhet fjal\u00eb p\u00ebr sulmin n\u00eb\" \/>\n<meta property=\"og:url\" content=\"https:\/\/veritasinfo.org\/?p=45026\" \/>\n<meta property=\"article:published_time\" content=\"2026-04-26T07:12:08+00:00\" \/>\n<meta property=\"article:modified_time\" content=\"2026-04-26T07:16:49+00:00\" \/>\n<meta property=\"og:image\" content=\"https:\/\/veritasinfo.org\/wp-content\/uploads\/2026\/04\/96121777151312.jpg\" \/>\n\t<meta property=\"og:image:width\" content=\"600\" \/>\n\t<meta property=\"og:image:height\" content=\"352\" \/>\n\t<meta property=\"og:image:type\" content=\"image\/jpeg\" \/>\n<meta name=\"author\" content=\"US6\" \/>\n<meta name=\"twitter:card\" content=\"summary_large_image\" \/>\n<meta name=\"twitter:label1\" content=\"Written by\" \/>\n\t<meta name=\"twitter:data1\" content=\"US6\" \/>\n\t<meta name=\"twitter:label2\" content=\"Est. reading time\" \/>\n\t<meta name=\"twitter:data2\" content=\"2 minutes\" \/>\n<script type=\"application\/ld+json\" class=\"yoast-schema-graph\">{\"@context\":\"https:\/\/schema.org\",\"@graph\":[{\"@type\":\"WebPage\",\"@id\":\"https:\/\/veritasinfo.org\/?p=45026\",\"url\":\"https:\/\/veritasinfo.org\/?p=45026\",\"name\":\"Kanin: Ekstradimi i Radoi\u00e7iqit - Serbia njeh vet\u00ebm gjuh\u00ebn e parave -\",\"isPartOf\":{\"@id\":\"https:\/\/veritasinfo.org\/#website\"},\"primaryImageOfPage\":{\"@id\":\"https:\/\/veritasinfo.org\/?p=45026#primaryimage\"},\"image\":{\"@id\":\"https:\/\/veritasinfo.org\/?p=45026#primaryimage\"},\"thumbnailUrl\":\"https:\/\/veritasinfo.org\/wp-content\/uploads\/2026\/04\/96121777151312.jpg\",\"datePublished\":\"2026-04-26T07:12:08+00:00\",\"dateModified\":\"2026-04-26T07:16:49+00:00\",\"author\":{\"@id\":\"https:\/\/veritasinfo.org\/#\/schema\/person\/fe199eede04c3937362892b7444747cc\"},\"breadcrumb\":{\"@id\":\"https:\/\/veritasinfo.org\/?p=45026#breadcrumb\"},\"inLanguage\":\"en-US\",\"potentialAction\":[{\"@type\":\"ReadAction\",\"target\":[\"https:\/\/veritasinfo.org\/?p=45026\"]}]},{\"@type\":\"ImageObject\",\"inLanguage\":\"en-US\",\"@id\":\"https:\/\/veritasinfo.org\/?p=45026#primaryimage\",\"url\":\"https:\/\/veritasinfo.org\/wp-content\/uploads\/2026\/04\/96121777151312.jpg\",\"contentUrl\":\"https:\/\/veritasinfo.org\/wp-content\/uploads\/2026\/04\/96121777151312.jpg\",\"width\":600,\"height\":352},{\"@type\":\"BreadcrumbList\",\"@id\":\"https:\/\/veritasinfo.org\/?p=45026#breadcrumb\",\"itemListElement\":[{\"@type\":\"ListItem\",\"position\":1,\"name\":\"Home\",\"item\":\"https:\/\/veritasinfo.org\/\"},{\"@type\":\"ListItem\",\"position\":2,\"name\":\"Kanin: Ekstradimi i Radoi\u00e7iqit &#8211; Serbia njeh vet\u00ebm gjuh\u00ebn e parave\"}]},{\"@type\":\"WebSite\",\"@id\":\"https:\/\/veritasinfo.org\/#website\",\"url\":\"https:\/\/veritasinfo.org\/\",\"name\":\"\",\"description\":\"\",\"potentialAction\":[{\"@type\":\"SearchAction\",\"target\":{\"@type\":\"EntryPoint\",\"urlTemplate\":\"https:\/\/veritasinfo.org\/?s={search_term_string}\"},\"query-input\":{\"@type\":\"PropertyValueSpecification\",\"valueRequired\":true,\"valueName\":\"search_term_string\"}}],\"inLanguage\":\"en-US\"},{\"@type\":\"Person\",\"@id\":\"https:\/\/veritasinfo.org\/#\/schema\/person\/fe199eede04c3937362892b7444747cc\",\"name\":\"US6\",\"image\":{\"@type\":\"ImageObject\",\"inLanguage\":\"en-US\",\"@id\":\"https:\/\/veritasinfo.org\/#\/schema\/person\/image\/\",\"url\":\"https:\/\/secure.gravatar.com\/avatar\/cb16c3c31c9d23b9b8c705964598220b3014e42ff51eb540ff23cefa3ae8c15f?s=96&d=mm&r=g\",\"contentUrl\":\"https:\/\/secure.gravatar.com\/avatar\/cb16c3c31c9d23b9b8c705964598220b3014e42ff51eb540ff23cefa3ae8c15f?s=96&d=mm&r=g\",\"caption\":\"US6\"},\"url\":\"https:\/\/veritasinfo.org\/?author=7\"}]}<\/script>\n<!-- \/ Yoast SEO plugin. -->","yoast_head_json":{"title":"Kanin: Ekstradimi i Radoi\u00e7iqit - Serbia njeh vet\u00ebm gjuh\u00ebn e parave -","robots":{"index":"index","follow":"follow","max-snippet":"max-snippet:-1","max-image-preview":"max-image-preview:large","max-video-preview":"max-video-preview:-1"},"canonical":"https:\/\/veritasinfo.org\/?p=45026","og_locale":"en_US","og_type":"article","og_title":"Kanin: Ekstradimi i Radoi\u00e7iqit - Serbia njeh vet\u00ebm gjuh\u00ebn e parave -","og_description":"Prishtin\u00eb, 26 prill 2026 09:10 David Kanin, profesor i Studimeve Evropiane n\u00eb Universitetin Johns Hopkins n\u00eb Uashington, thot\u00eb se, kur b\u00ebhet fjal\u00eb p\u00ebr sulmin n\u00eb","og_url":"https:\/\/veritasinfo.org\/?p=45026","article_published_time":"2026-04-26T07:12:08+00:00","article_modified_time":"2026-04-26T07:16:49+00:00","og_image":[{"width":600,"height":352,"url":"https:\/\/veritasinfo.org\/wp-content\/uploads\/2026\/04\/96121777151312.jpg","type":"image\/jpeg"}],"author":"US6","twitter_card":"summary_large_image","twitter_misc":{"Written by":"US6","Est. reading time":"2 minutes"},"schema":{"@context":"https:\/\/schema.org","@graph":[{"@type":"WebPage","@id":"https:\/\/veritasinfo.org\/?p=45026","url":"https:\/\/veritasinfo.org\/?p=45026","name":"Kanin: Ekstradimi i Radoi\u00e7iqit - Serbia njeh vet\u00ebm gjuh\u00ebn e parave -","isPartOf":{"@id":"https:\/\/veritasinfo.org\/#website"},"primaryImageOfPage":{"@id":"https:\/\/veritasinfo.org\/?p=45026#primaryimage"},"image":{"@id":"https:\/\/veritasinfo.org\/?p=45026#primaryimage"},"thumbnailUrl":"https:\/\/veritasinfo.org\/wp-content\/uploads\/2026\/04\/96121777151312.jpg","datePublished":"2026-04-26T07:12:08+00:00","dateModified":"2026-04-26T07:16:49+00:00","author":{"@id":"https:\/\/veritasinfo.org\/#\/schema\/person\/fe199eede04c3937362892b7444747cc"},"breadcrumb":{"@id":"https:\/\/veritasinfo.org\/?p=45026#breadcrumb"},"inLanguage":"en-US","potentialAction":[{"@type":"ReadAction","target":["https:\/\/veritasinfo.org\/?p=45026"]}]},{"@type":"ImageObject","inLanguage":"en-US","@id":"https:\/\/veritasinfo.org\/?p=45026#primaryimage","url":"https:\/\/veritasinfo.org\/wp-content\/uploads\/2026\/04\/96121777151312.jpg","contentUrl":"https:\/\/veritasinfo.org\/wp-content\/uploads\/2026\/04\/96121777151312.jpg","width":600,"height":352},{"@type":"BreadcrumbList","@id":"https:\/\/veritasinfo.org\/?p=45026#breadcrumb","itemListElement":[{"@type":"ListItem","position":1,"name":"Home","item":"https:\/\/veritasinfo.org\/"},{"@type":"ListItem","position":2,"name":"Kanin: Ekstradimi i Radoi\u00e7iqit &#8211; Serbia njeh vet\u00ebm gjuh\u00ebn e parave"}]},{"@type":"WebSite","@id":"https:\/\/veritasinfo.org\/#website","url":"https:\/\/veritasinfo.org\/","name":"","description":"","potentialAction":[{"@type":"SearchAction","target":{"@type":"EntryPoint","urlTemplate":"https:\/\/veritasinfo.org\/?s={search_term_string}"},"query-input":{"@type":"PropertyValueSpecification","valueRequired":true,"valueName":"search_term_string"}}],"inLanguage":"en-US"},{"@type":"Person","@id":"https:\/\/veritasinfo.org\/#\/schema\/person\/fe199eede04c3937362892b7444747cc","name":"US6","image":{"@type":"ImageObject","inLanguage":"en-US","@id":"https:\/\/veritasinfo.org\/#\/schema\/person\/image\/","url":"https:\/\/secure.gravatar.com\/avatar\/cb16c3c31c9d23b9b8c705964598220b3014e42ff51eb540ff23cefa3ae8c15f?s=96&d=mm&r=g","contentUrl":"https:\/\/secure.gravatar.com\/avatar\/cb16c3c31c9d23b9b8c705964598220b3014e42ff51eb540ff23cefa3ae8c15f?s=96&d=mm&r=g","caption":"US6"},"url":"https:\/\/veritasinfo.org\/?author=7"}]}},"featured_image_urls":{"full":["https:\/\/veritasinfo.org\/wp-content\/uploads\/2026\/04\/96121777151312.jpg",600,352,false],"thumbnail":["https:\/\/veritasinfo.org\/wp-content\/uploads\/2026\/04\/96121777151312-150x150.jpg",150,150,true],"medium":["https:\/\/veritasinfo.org\/wp-content\/uploads\/2026\/04\/96121777151312-300x176.jpg",300,176,true],"medium_large":["https:\/\/veritasinfo.org\/wp-content\/uploads\/2026\/04\/96121777151312.jpg",600,352,false],"large":["https:\/\/veritasinfo.org\/wp-content\/uploads\/2026\/04\/96121777151312.jpg",600,352,false],"1536x1536":["https:\/\/veritasinfo.org\/wp-content\/uploads\/2026\/04\/96121777151312.jpg",600,352,false],"2048x2048":["https:\/\/veritasinfo.org\/wp-content\/uploads\/2026\/04\/96121777151312.jpg",600,352,false],"kreeti-slider-full":["https:\/\/veritasinfo.org\/wp-content\/uploads\/2026\/04\/96121777151312.jpg",600,352,false],"kreeti-featured":["https:\/\/veritasinfo.org\/wp-content\/uploads\/2026\/04\/96121777151312.jpg",600,352,false],"kreeti-medium":["https:\/\/veritasinfo.org\/wp-content\/uploads\/2026\/04\/96121777151312.jpg",600,352,false],"kreeti-medium-square":["https:\/\/veritasinfo.org\/wp-content\/uploads\/2026\/04\/96121777151312-350x350.jpg",350,350,true]},"author_info":{"info":["US6"]},"category_info":"<a href=\"https:\/\/veritasinfo.org\/?cat=58\" rel=\"category\">Politik\u00eb<\/a>","tag_info":"Politik\u00eb","comment_count":"0","_links":{"self":[{"href":"https:\/\/veritasinfo.org\/index.php?rest_route=\/wp\/v2\/posts\/45026","targetHints":{"allow":["GET"]}}],"collection":[{"href":"https:\/\/veritasinfo.org\/index.php?rest_route=\/wp\/v2\/posts"}],"about":[{"href":"https:\/\/veritasinfo.org\/index.php?rest_route=\/wp\/v2\/types\/post"}],"author":[{"embeddable":true,"href":"https:\/\/veritasinfo.org\/index.php?rest_route=\/wp\/v2\/users\/7"}],"replies":[{"embeddable":true,"href":"https:\/\/veritasinfo.org\/index.php?rest_route=%2Fwp%2Fv2%2Fcomments&post=45026"}],"version-history":[{"count":2,"href":"https:\/\/veritasinfo.org\/index.php?rest_route=\/wp\/v2\/posts\/45026\/revisions"}],"predecessor-version":[{"id":45029,"href":"https:\/\/veritasinfo.org\/index.php?rest_route=\/wp\/v2\/posts\/45026\/revisions\/45029"}],"wp:featuredmedia":[{"embeddable":true,"href":"https:\/\/veritasinfo.org\/index.php?rest_route=\/wp\/v2\/media\/45027"}],"wp:attachment":[{"href":"https:\/\/veritasinfo.org\/index.php?rest_route=%2Fwp%2Fv2%2Fmedia&parent=45026"}],"wp:term":[{"taxonomy":"category","embeddable":true,"href":"https:\/\/veritasinfo.org\/index.php?rest_route=%2Fwp%2Fv2%2Fcategories&post=45026"},{"taxonomy":"post_tag","embeddable":true,"href":"https:\/\/veritasinfo.org\/index.php?rest_route=%2Fwp%2Fv2%2Ftags&post=45026"}],"curies":[{"name":"wp","href":"https:\/\/api.w.org\/{rel}","templated":true}]}}