{"id":45024,"date":"2026-04-26T08:50:41","date_gmt":"2026-04-26T06:50:41","guid":{"rendered":"https:\/\/veritasinfo.org\/?p=45024"},"modified":"2026-04-26T08:50:41","modified_gmt":"2026-04-26T06:50:41","slug":"pucnjava-na-veceri-donalda-trampa","status":"publish","type":"post","link":"https:\/\/veritasinfo.org\/?p=45024&lang=sr","title":{"rendered":"Pucnjava na ve\u010deri Donalda Trampa"},"content":{"rendered":"<p>Pri\u0161tina, 26. april 2026. 08:46<\/p>\n<p>Predsednik SAD Donald Tramp, koji je prvi put tokom svog predsedni\u010dkog mandata prisustvovao ve\u010deri Udru\u017eenja dopisnika Bele kuc\u0301e, hitno je udaljen iz sale nakon \u0161to su se \u010duli vriskovi i buka sli\u010dna pucnjavi.<\/p>\n<p>U slu\u010daju koji je preno\u0161en u\u017eivo, ubrzo nakon po\u010detka poslu\u017eenja hrane, situacija je postala napeta kada su Trampovi obezbe\u0111enja vi\u0111eni u sali sa dugim oru\u017ejem.<\/p>\n<p>Snage bezbednosti, probijajuc\u0301i za\u0161titne barijere, stigle su do stola za kojim je bio Tramp i odmah su ga opkolile i njegovu suprugu Melaniju Tramp, brzo ih udaljavajuc\u0301i iz sale.<\/p>\n<p>&nbsp;<\/p>\n<p>On je objavio da je osoba naoru\u017eana sa vi\u0161e oru\u017eja napala kontrolni punkt bezbednosti i da su je neutralisali agenti Tajne slu\u017ebe. Prema njegovim re\u010dima, jedan policajac je upucan, ali je pre\u017eiveo.<\/p>\n<p>&nbsp;<\/p>\n<p>\u201eRazgovarao sam sa njim pre nekog vremena, u veoma je dobrom stanju\u201c, rekao je Tramp.<\/p>\n<p>&nbsp;<\/p>\n<p>Uzimajuc\u0301i ovaj slu\u010daj kao primer, Tramp je naglasio potrebu za strogim bezbednosnim merama i adekvatnim objektima u Beloj kuc\u0301i.<\/p>\n<p>&nbsp;<\/p>\n<p>Tako\u0111e je izjavio da je zatra\u017eio da se ve\u010dera Udru\u017eenja dopisnika Bele kuc\u0301e odr\u017ei uprkos napadu, ali je dodao da c\u0301e otkazani doga\u0111aj biti pomeren u roku od 30 dana.<\/p>\n<p>&nbsp;<\/p>\n<p>Na pitanje za\u0161to se takvi doga\u0111aji \u010desto de\u0161avaju oko njega, Tramp je odgovorio: \u201eLjudi koji imaju najvec\u0301i uticaj su tako\u0111e oni koji se suo\u010davaju sa najvi\u0161e napada.\u201c<\/p>\n<p>&nbsp;<\/p>\n<p>U vezi sa moguc\u0301om vezom sa Iranom, rekao je: \u201eNe mislim tako, ali nikad se ne zna. Istraga c\u0301e pru\u017eiti vi\u0161e informacija.\u201c<\/p>\n<p>&nbsp;<\/p>\n<p>Tramp je tako\u0111e dodao da ovaj incident nec\u0301e ometati njegovu politiku: \u201eOvo me nec\u0301e spre\u010diti da pobedim u ratu u Iranu. Ne mislim da to ima ikakve veze sa ovim pitanjem.\u201c<\/p>\n<p>&nbsp;<\/p>\n<p>Na kraju, predsednik je na dru\u0161tvenim mre\u017eama objavio video sa trenutka napada i fotografije hap\u0161enja napada\u010da. \u010culo se kako neki od gostiju u sali vri\u0161te tokom incidenta, dok su drugi skandirali \u201eSAD (SAD)\u201c.<\/p>\n<p>&nbsp;<\/p>\n<p>S druge strane, ameri\u010dki mediji su izvestili da je napada\u010d uhap\u0161en u hotelu gde su se \u010duli pucnji, iako vlasti jo\u0161 nisu zvani\u010dno potvrdile ovu informaciju.<\/p>\n<p>&nbsp;<\/p>\n<p>Nakon kratke panike, objavljeno je da c\u0301e se program nastaviti. Tako\u0111e je objavljeno da se Donald Tramp mo\u017ee vratiti u salu kako bi odr\u017eao svoj govor uprkos incidentu.<\/p>\n<p>&nbsp;<\/p>\n<p>Tramp je, putem objave na dru\u0161tvenim mre\u017eama, izneo detalje u vezi sa oru\u017eanim napadom na ve\u010deri u ameri\u010dkoj prestonici.<\/p>\n<p>&nbsp;<\/p>\n<p>Nakon \u0161to su se \u010duli pucnji i nakon \u0161to su ga agenti Tajne slu\u017ebe sa suprugom Melanijom Tramp izveli iz sale, nekoliko minuta kasnije je objavio da je napada\u010d uhvac\u0301en.<\/p>\n<p>&nbsp;<\/p>\n<p>\u201eBilo je to veoma napeto ve\u010de. Tajna slu\u017eba i organi reda su odli\u010dno obavili posao. Delovali su brzo i hrabro. Naoru\u017eani napada\u010d je uhvac\u0301en\u201c, rekao je Tramp.<\/p>\n<p>&nbsp;<\/p>\n<p>Tramp je dodao da je predlo\u017eio nastavak programa u sali, ali je naglasio da c\u0301e se u potpunosti pridr\u017eavati uputstava bezbednosnih vlasti. Tako\u0111e je naglasio da c\u0301e, uprkos odluci, ve\u010de biti \u201eveoma druga\u010dije od planiranog\u201c i da c\u0301e doga\u0111aj morati biti reorganizovan.<\/p>\n<p>&nbsp;<\/p>\n<p>Na snimku koji je kru\u017eio dru\u0161tvenim mre\u017eama, zarobljeni napada\u010d je vi\u0111en kako le\u017ei licem nadole u \u200b\u200bhotelskom holu, bez odec\u0301e.<\/p>\n<p>&nbsp;<\/p>\n<p>U me\u0111uvremenu, portparolka Bele kuc\u0301e Karolina Livit objavila je na dru\u0161tvenoj platformi X da se predsednik sprema da da izjavu u Beloj kuc\u0301i. Tramp je, kada je upitan da li je napad povezan sa moguc\u0301im ratom sa Iranom, odgovorio: \u201eNe mislim tako\u201c.<\/p>\n","protected":false},"excerpt":{"rendered":"<p>Pri\u0161tina, 26. april 2026. 08:46 Predsednik SAD Donald Tramp, koji je prvi put tokom svog predsedni\u010dkog mandata prisustvovao ve\u010deri Udru\u017eenja dopisnika Bele kuc\u0301e, hitno je<\/p>\n","protected":false},"author":7,"featured_media":42073,"comment_status":"open","ping_status":"open","sticky":false,"template":"","format":"standard","meta":{"footnotes":""},"categories":[74],"tags":[],"class_list":["post-45024","post","type-post","status-publish","format-standard","has-post-thumbnail","hentry","category-svet"],"yoast_head":"<!-- This site is optimized with the Yoast SEO plugin v25.3.1 - https:\/\/yoast.com\/wordpress\/plugins\/seo\/ -->\n<title>Pucnjava na ve\u010deri Donalda Trampa -<\/title>\n<meta name=\"robots\" content=\"index, follow, max-snippet:-1, max-image-preview:large, max-video-preview:-1\" \/>\n<link rel=\"canonical\" href=\"https:\/\/veritasinfo.org\/?p=45024&lang=sr\" \/>\n<meta property=\"og:locale\" content=\"en_US\" \/>\n<meta property=\"og:type\" content=\"article\" \/>\n<meta property=\"og:title\" content=\"Pucnjava na ve\u010deri Donalda Trampa -\" \/>\n<meta property=\"og:description\" content=\"Pri\u0161tina, 26. april 2026. 08:46 Predsednik SAD Donald Tramp, koji je prvi put tokom svog predsedni\u010dkog mandata prisustvovao ve\u010deri Udru\u017eenja dopisnika Bele kuc\u0301e, hitno je\" \/>\n<meta property=\"og:url\" content=\"https:\/\/veritasinfo.org\/?p=45024&amp;lang=sr\" \/>\n<meta property=\"article:published_time\" content=\"2026-04-26T06:50:41+00:00\" \/>\n<meta property=\"og:image\" content=\"https:\/\/veritasinfo.org\/wp-content\/uploads\/2026\/04\/5881943f40be466fb30e9223431f8a6c-1.jpg\" \/>\n\t<meta property=\"og:image:width\" content=\"1498\" \/>\n\t<meta property=\"og:image:height\" content=\"998\" \/>\n\t<meta property=\"og:image:type\" content=\"image\/jpeg\" \/>\n<meta name=\"author\" content=\"US6\" \/>\n<meta name=\"twitter:card\" content=\"summary_large_image\" \/>\n<meta name=\"twitter:label1\" content=\"Written by\" \/>\n\t<meta name=\"twitter:data1\" content=\"US6\" \/>\n\t<meta name=\"twitter:label2\" content=\"Est. reading time\" \/>\n\t<meta name=\"twitter:data2\" content=\"3 minutes\" \/>\n<script type=\"application\/ld+json\" class=\"yoast-schema-graph\">{\"@context\":\"https:\/\/schema.org\",\"@graph\":[{\"@type\":\"WebPage\",\"@id\":\"https:\/\/veritasinfo.org\/?p=45024&lang=sr\",\"url\":\"https:\/\/veritasinfo.org\/?p=45024&lang=sr\",\"name\":\"Pucnjava na ve\u010deri Donalda Trampa -\",\"isPartOf\":{\"@id\":\"https:\/\/veritasinfo.org\/#website\"},\"primaryImageOfPage\":{\"@id\":\"https:\/\/veritasinfo.org\/?p=45024&lang=sr#primaryimage\"},\"image\":{\"@id\":\"https:\/\/veritasinfo.org\/?p=45024&lang=sr#primaryimage\"},\"thumbnailUrl\":\"https:\/\/veritasinfo.org\/wp-content\/uploads\/2026\/04\/5881943f40be466fb30e9223431f8a6c-1.jpg\",\"datePublished\":\"2026-04-26T06:50:41+00:00\",\"author\":{\"@id\":\"https:\/\/veritasinfo.org\/#\/schema\/person\/fe199eede04c3937362892b7444747cc\"},\"breadcrumb\":{\"@id\":\"https:\/\/veritasinfo.org\/?p=45024&lang=sr#breadcrumb\"},\"inLanguage\":\"en-US\",\"potentialAction\":[{\"@type\":\"ReadAction\",\"target\":[\"https:\/\/veritasinfo.org\/?p=45024&lang=sr\"]}]},{\"@type\":\"ImageObject\",\"inLanguage\":\"en-US\",\"@id\":\"https:\/\/veritasinfo.org\/?p=45024&lang=sr#primaryimage\",\"url\":\"https:\/\/veritasinfo.org\/wp-content\/uploads\/2026\/04\/5881943f40be466fb30e9223431f8a6c-1.jpg\",\"contentUrl\":\"https:\/\/veritasinfo.org\/wp-content\/uploads\/2026\/04\/5881943f40be466fb30e9223431f8a6c-1.jpg\",\"width\":1498,\"height\":998},{\"@type\":\"BreadcrumbList\",\"@id\":\"https:\/\/veritasinfo.org\/?p=45024&lang=sr#breadcrumb\",\"itemListElement\":[{\"@type\":\"ListItem\",\"position\":1,\"name\":\"Home\",\"item\":\"https:\/\/veritasinfo.org\/\"},{\"@type\":\"ListItem\",\"position\":2,\"name\":\"Pucnjava na ve\u010deri Donalda Trampa\"}]},{\"@type\":\"WebSite\",\"@id\":\"https:\/\/veritasinfo.org\/#website\",\"url\":\"https:\/\/veritasinfo.org\/\",\"name\":\"\",\"description\":\"\",\"potentialAction\":[{\"@type\":\"SearchAction\",\"target\":{\"@type\":\"EntryPoint\",\"urlTemplate\":\"https:\/\/veritasinfo.org\/?s={search_term_string}\"},\"query-input\":{\"@type\":\"PropertyValueSpecification\",\"valueRequired\":true,\"valueName\":\"search_term_string\"}}],\"inLanguage\":\"en-US\"},{\"@type\":\"Person\",\"@id\":\"https:\/\/veritasinfo.org\/#\/schema\/person\/fe199eede04c3937362892b7444747cc\",\"name\":\"US6\",\"image\":{\"@type\":\"ImageObject\",\"inLanguage\":\"en-US\",\"@id\":\"https:\/\/veritasinfo.org\/#\/schema\/person\/image\/\",\"url\":\"https:\/\/secure.gravatar.com\/avatar\/cb16c3c31c9d23b9b8c705964598220b3014e42ff51eb540ff23cefa3ae8c15f?s=96&d=mm&r=g\",\"contentUrl\":\"https:\/\/secure.gravatar.com\/avatar\/cb16c3c31c9d23b9b8c705964598220b3014e42ff51eb540ff23cefa3ae8c15f?s=96&d=mm&r=g\",\"caption\":\"US6\"},\"url\":\"https:\/\/veritasinfo.org\/?author=7\"}]}<\/script>\n<!-- \/ Yoast SEO plugin. -->","yoast_head_json":{"title":"Pucnjava na ve\u010deri Donalda Trampa -","robots":{"index":"index","follow":"follow","max-snippet":"max-snippet:-1","max-image-preview":"max-image-preview:large","max-video-preview":"max-video-preview:-1"},"canonical":"https:\/\/veritasinfo.org\/?p=45024&lang=sr","og_locale":"en_US","og_type":"article","og_title":"Pucnjava na ve\u010deri Donalda Trampa -","og_description":"Pri\u0161tina, 26. april 2026. 08:46 Predsednik SAD Donald Tramp, koji je prvi put tokom svog predsedni\u010dkog mandata prisustvovao ve\u010deri Udru\u017eenja dopisnika Bele kuc\u0301e, hitno je","og_url":"https:\/\/veritasinfo.org\/?p=45024&lang=sr","article_published_time":"2026-04-26T06:50:41+00:00","og_image":[{"width":1498,"height":998,"url":"https:\/\/veritasinfo.org\/wp-content\/uploads\/2026\/04\/5881943f40be466fb30e9223431f8a6c-1.jpg","type":"image\/jpeg"}],"author":"US6","twitter_card":"summary_large_image","twitter_misc":{"Written by":"US6","Est. reading time":"3 minutes"},"schema":{"@context":"https:\/\/schema.org","@graph":[{"@type":"WebPage","@id":"https:\/\/veritasinfo.org\/?p=45024&lang=sr","url":"https:\/\/veritasinfo.org\/?p=45024&lang=sr","name":"Pucnjava na ve\u010deri Donalda Trampa -","isPartOf":{"@id":"https:\/\/veritasinfo.org\/#website"},"primaryImageOfPage":{"@id":"https:\/\/veritasinfo.org\/?p=45024&lang=sr#primaryimage"},"image":{"@id":"https:\/\/veritasinfo.org\/?p=45024&lang=sr#primaryimage"},"thumbnailUrl":"https:\/\/veritasinfo.org\/wp-content\/uploads\/2026\/04\/5881943f40be466fb30e9223431f8a6c-1.jpg","datePublished":"2026-04-26T06:50:41+00:00","author":{"@id":"https:\/\/veritasinfo.org\/#\/schema\/person\/fe199eede04c3937362892b7444747cc"},"breadcrumb":{"@id":"https:\/\/veritasinfo.org\/?p=45024&lang=sr#breadcrumb"},"inLanguage":"en-US","potentialAction":[{"@type":"ReadAction","target":["https:\/\/veritasinfo.org\/?p=45024&lang=sr"]}]},{"@type":"ImageObject","inLanguage":"en-US","@id":"https:\/\/veritasinfo.org\/?p=45024&lang=sr#primaryimage","url":"https:\/\/veritasinfo.org\/wp-content\/uploads\/2026\/04\/5881943f40be466fb30e9223431f8a6c-1.jpg","contentUrl":"https:\/\/veritasinfo.org\/wp-content\/uploads\/2026\/04\/5881943f40be466fb30e9223431f8a6c-1.jpg","width":1498,"height":998},{"@type":"BreadcrumbList","@id":"https:\/\/veritasinfo.org\/?p=45024&lang=sr#breadcrumb","itemListElement":[{"@type":"ListItem","position":1,"name":"Home","item":"https:\/\/veritasinfo.org\/"},{"@type":"ListItem","position":2,"name":"Pucnjava na ve\u010deri Donalda Trampa"}]},{"@type":"WebSite","@id":"https:\/\/veritasinfo.org\/#website","url":"https:\/\/veritasinfo.org\/","name":"","description":"","potentialAction":[{"@type":"SearchAction","target":{"@type":"EntryPoint","urlTemplate":"https:\/\/veritasinfo.org\/?s={search_term_string}"},"query-input":{"@type":"PropertyValueSpecification","valueRequired":true,"valueName":"search_term_string"}}],"inLanguage":"en-US"},{"@type":"Person","@id":"https:\/\/veritasinfo.org\/#\/schema\/person\/fe199eede04c3937362892b7444747cc","name":"US6","image":{"@type":"ImageObject","inLanguage":"en-US","@id":"https:\/\/veritasinfo.org\/#\/schema\/person\/image\/","url":"https:\/\/secure.gravatar.com\/avatar\/cb16c3c31c9d23b9b8c705964598220b3014e42ff51eb540ff23cefa3ae8c15f?s=96&d=mm&r=g","contentUrl":"https:\/\/secure.gravatar.com\/avatar\/cb16c3c31c9d23b9b8c705964598220b3014e42ff51eb540ff23cefa3ae8c15f?s=96&d=mm&r=g","caption":"US6"},"url":"https:\/\/veritasinfo.org\/?author=7"}]}},"featured_image_urls":{"full":["https:\/\/veritasinfo.org\/wp-content\/uploads\/2026\/04\/5881943f40be466fb30e9223431f8a6c-1.jpg",1498,998,false],"thumbnail":["https:\/\/veritasinfo.org\/wp-content\/uploads\/2026\/04\/5881943f40be466fb30e9223431f8a6c-1-150x150.jpg",150,150,true],"medium":["https:\/\/veritasinfo.org\/wp-content\/uploads\/2026\/04\/5881943f40be466fb30e9223431f8a6c-1-300x200.jpg",300,200,true],"medium_large":["https:\/\/veritasinfo.org\/wp-content\/uploads\/2026\/04\/5881943f40be466fb30e9223431f8a6c-1-768x512.jpg",640,427,true],"large":["https:\/\/veritasinfo.org\/wp-content\/uploads\/2026\/04\/5881943f40be466fb30e9223431f8a6c-1-1024x682.jpg",640,426,true],"1536x1536":["https:\/\/veritasinfo.org\/wp-content\/uploads\/2026\/04\/5881943f40be466fb30e9223431f8a6c-1.jpg",1498,998,false],"2048x2048":["https:\/\/veritasinfo.org\/wp-content\/uploads\/2026\/04\/5881943f40be466fb30e9223431f8a6c-1.jpg",1498,998,false],"kreeti-slider-full":["https:\/\/veritasinfo.org\/wp-content\/uploads\/2026\/04\/5881943f40be466fb30e9223431f8a6c-1-1280x720.jpg",1280,720,true],"kreeti-featured":["https:\/\/veritasinfo.org\/wp-content\/uploads\/2026\/04\/5881943f40be466fb30e9223431f8a6c-1-1024x682.jpg",1024,682,true],"kreeti-medium":["https:\/\/veritasinfo.org\/wp-content\/uploads\/2026\/04\/5881943f40be466fb30e9223431f8a6c-1-720x530.jpg",720,530,true],"kreeti-medium-square":["https:\/\/veritasinfo.org\/wp-content\/uploads\/2026\/04\/5881943f40be466fb30e9223431f8a6c-1-350x350.jpg",350,350,true]},"author_info":{"info":["US6"]},"category_info":"<a href=\"https:\/\/veritasinfo.org\/?cat=74&#038;lang=sr\" rel=\"category\">Svet<\/a>","tag_info":"Svet","comment_count":"0","_links":{"self":[{"href":"https:\/\/veritasinfo.org\/index.php?rest_route=\/wp\/v2\/posts\/45024","targetHints":{"allow":["GET"]}}],"collection":[{"href":"https:\/\/veritasinfo.org\/index.php?rest_route=\/wp\/v2\/posts"}],"about":[{"href":"https:\/\/veritasinfo.org\/index.php?rest_route=\/wp\/v2\/types\/post"}],"author":[{"embeddable":true,"href":"https:\/\/veritasinfo.org\/index.php?rest_route=\/wp\/v2\/users\/7"}],"replies":[{"embeddable":true,"href":"https:\/\/veritasinfo.org\/index.php?rest_route=%2Fwp%2Fv2%2Fcomments&post=45024"}],"version-history":[{"count":1,"href":"https:\/\/veritasinfo.org\/index.php?rest_route=\/wp\/v2\/posts\/45024\/revisions"}],"predecessor-version":[{"id":45025,"href":"https:\/\/veritasinfo.org\/index.php?rest_route=\/wp\/v2\/posts\/45024\/revisions\/45025"}],"wp:featuredmedia":[{"embeddable":true,"href":"https:\/\/veritasinfo.org\/index.php?rest_route=\/wp\/v2\/media\/42073"}],"wp:attachment":[{"href":"https:\/\/veritasinfo.org\/index.php?rest_route=%2Fwp%2Fv2%2Fmedia&parent=45024"}],"wp:term":[{"taxonomy":"category","embeddable":true,"href":"https:\/\/veritasinfo.org\/index.php?rest_route=%2Fwp%2Fv2%2Fcategories&post=45024"},{"taxonomy":"post_tag","embeddable":true,"href":"https:\/\/veritasinfo.org\/index.php?rest_route=%2Fwp%2Fv2%2Ftags&post=45024"}],"curies":[{"name":"wp","href":"https:\/\/api.w.org\/{rel}","templated":true}]}}