{"id":44889,"date":"2026-04-25T08:47:13","date_gmt":"2026-04-25T06:47:13","guid":{"rendered":"https:\/\/veritasinfo.org\/?p=44889"},"modified":"2026-04-25T08:47:13","modified_gmt":"2026-04-25T06:47:13","slug":"sot-seance-e-jashtezakonshme-ne-rend-dite-plotesimi-i-ligjit-mbi-ndarjet-buxhetore","status":"publish","type":"post","link":"https:\/\/veritasinfo.org\/?p=44889","title":{"rendered":"Sot seanc\u00eb e jasht\u00ebzakonshme \u2013 n\u00eb rend dite plot\u00ebsimi i ligjit mbi ndarjet buxhetore"},"content":{"rendered":"<p>Prishtin\u00eb, 25 prill 2026 08:46<\/p>\n<p>Kuvendi i Kosov\u00ebs nga ora 12:00 do t\u00eb mbaj\u00eb seanc\u00eb t\u00eb jasht\u00ebzakonshme plenare.<\/p>\n<p>N\u00eb rend dite jan\u00eb 5 pika, si n\u00eb vijim:<\/p>\n<p>1. Shqyrtimi i par\u00eb i Projektligjit nr.10\/L-045 p\u00ebr ndryshimin dhe plot\u00ebsimin e Ligjit nr. 10\/L-001 mbi ndarjet buxhetore p\u00ebr Buxhetin e Republik\u00ebs s\u00eb Kosov\u00ebs p\u00ebr vitin 2026,<\/p>\n<p>2. Shqyrtimi i par\u00eb i Projektligjit nr.10\/L-046 p\u00ebr ndryshimin dhe plot\u00ebsimin e Ligjit Nr. 05\/L-096 p\u00ebr Parandalimin e Pastrimit t\u00eb Parave dhe Luftimin e Financimit t\u00eb Terrorizmit,<\/p>\n<p>3. Shqyrtimi i par\u00eb i Projektligjit nr.10\/L-032 p\u00ebr Energjin\u00eb Elektrike,<\/p>\n<p>4. Shqyrtimi i par\u00eb i Projektligjit nr.10\/L-031 p\u00ebr Energjin\u00eb,<\/p>\n<p>5. Mocion p\u00ebr Shqyrtimin e dyt\u00eb t\u00eb Projektligjit nr.10\/L-019 p\u00ebr Byron\u00eb Shtet\u00ebrore p\u00ebr Verifikimin dhe Konfiskimin e Pasuris\u00eb s\u00eb Pajustifikueshme, me shmangie nga afatet nga Rregullorja e Kuvendit<\/p>\n","protected":false},"excerpt":{"rendered":"<p>Prishtin\u00eb, 25 prill 2026 08:46 Kuvendi i Kosov\u00ebs nga ora 12:00 do t\u00eb mbaj\u00eb seanc\u00eb t\u00eb jasht\u00ebzakonshme plenare. N\u00eb rend dite jan\u00eb 5 pika, si<\/p>\n","protected":false},"author":7,"featured_media":44832,"comment_status":"open","ping_status":"open","sticky":false,"template":"","format":"standard","meta":{"footnotes":""},"categories":[58],"tags":[],"class_list":["post-44889","post","type-post","status-publish","format-standard","has-post-thumbnail","hentry","category-politike-sq"],"yoast_head":"<!-- This site is optimized with the Yoast SEO plugin v25.3.1 - https:\/\/yoast.com\/wordpress\/plugins\/seo\/ -->\n<title>Sot seanc\u00eb e jasht\u00ebzakonshme \u2013 n\u00eb rend dite plot\u00ebsimi i ligjit mbi ndarjet buxhetore -<\/title>\n<meta name=\"robots\" content=\"index, follow, max-snippet:-1, max-image-preview:large, max-video-preview:-1\" \/>\n<link rel=\"canonical\" href=\"https:\/\/veritasinfo.org\/?p=44889\" \/>\n<meta property=\"og:locale\" content=\"en_US\" \/>\n<meta property=\"og:type\" content=\"article\" \/>\n<meta property=\"og:title\" content=\"Sot seanc\u00eb e jasht\u00ebzakonshme \u2013 n\u00eb rend dite plot\u00ebsimi i ligjit mbi ndarjet buxhetore -\" \/>\n<meta property=\"og:description\" content=\"Prishtin\u00eb, 25 prill 2026 08:46 Kuvendi i Kosov\u00ebs nga ora 12:00 do t\u00eb mbaj\u00eb seanc\u00eb t\u00eb jasht\u00ebzakonshme plenare. N\u00eb rend dite jan\u00eb 5 pika, si\" \/>\n<meta property=\"og:url\" content=\"https:\/\/veritasinfo.org\/?p=44889\" \/>\n<meta property=\"article:published_time\" content=\"2026-04-25T06:47:13+00:00\" \/>\n<meta property=\"og:image\" content=\"https:\/\/veritasinfo.org\/wp-content\/uploads\/2026\/04\/seanca-e-kuvendit-850x638-1.jpg\" \/>\n\t<meta property=\"og:image:width\" content=\"850\" \/>\n\t<meta property=\"og:image:height\" content=\"638\" \/>\n\t<meta property=\"og:image:type\" content=\"image\/jpeg\" \/>\n<meta name=\"author\" content=\"US6\" \/>\n<meta name=\"twitter:card\" content=\"summary_large_image\" \/>\n<meta name=\"twitter:label1\" content=\"Written by\" \/>\n\t<meta name=\"twitter:data1\" content=\"US6\" \/>\n\t<meta name=\"twitter:label2\" content=\"Est. reading time\" \/>\n\t<meta name=\"twitter:data2\" content=\"1 minute\" \/>\n<script type=\"application\/ld+json\" class=\"yoast-schema-graph\">{\"@context\":\"https:\/\/schema.org\",\"@graph\":[{\"@type\":\"WebPage\",\"@id\":\"https:\/\/veritasinfo.org\/?p=44889\",\"url\":\"https:\/\/veritasinfo.org\/?p=44889\",\"name\":\"Sot seanc\u00eb e jasht\u00ebzakonshme \u2013 n\u00eb rend dite plot\u00ebsimi i ligjit mbi ndarjet buxhetore -\",\"isPartOf\":{\"@id\":\"https:\/\/veritasinfo.org\/#website\"},\"primaryImageOfPage\":{\"@id\":\"https:\/\/veritasinfo.org\/?p=44889#primaryimage\"},\"image\":{\"@id\":\"https:\/\/veritasinfo.org\/?p=44889#primaryimage\"},\"thumbnailUrl\":\"https:\/\/veritasinfo.org\/wp-content\/uploads\/2026\/04\/seanca-e-kuvendit-850x638-1.jpg\",\"datePublished\":\"2026-04-25T06:47:13+00:00\",\"author\":{\"@id\":\"https:\/\/veritasinfo.org\/#\/schema\/person\/fe199eede04c3937362892b7444747cc\"},\"breadcrumb\":{\"@id\":\"https:\/\/veritasinfo.org\/?p=44889#breadcrumb\"},\"inLanguage\":\"en-US\",\"potentialAction\":[{\"@type\":\"ReadAction\",\"target\":[\"https:\/\/veritasinfo.org\/?p=44889\"]}]},{\"@type\":\"ImageObject\",\"inLanguage\":\"en-US\",\"@id\":\"https:\/\/veritasinfo.org\/?p=44889#primaryimage\",\"url\":\"https:\/\/veritasinfo.org\/wp-content\/uploads\/2026\/04\/seanca-e-kuvendit-850x638-1.jpg\",\"contentUrl\":\"https:\/\/veritasinfo.org\/wp-content\/uploads\/2026\/04\/seanca-e-kuvendit-850x638-1.jpg\",\"width\":850,\"height\":638},{\"@type\":\"BreadcrumbList\",\"@id\":\"https:\/\/veritasinfo.org\/?p=44889#breadcrumb\",\"itemListElement\":[{\"@type\":\"ListItem\",\"position\":1,\"name\":\"Home\",\"item\":\"https:\/\/veritasinfo.org\/\"},{\"@type\":\"ListItem\",\"position\":2,\"name\":\"Sot seanc\u00eb e jasht\u00ebzakonshme \u2013 n\u00eb rend dite plot\u00ebsimi i ligjit mbi ndarjet buxhetore\"}]},{\"@type\":\"WebSite\",\"@id\":\"https:\/\/veritasinfo.org\/#website\",\"url\":\"https:\/\/veritasinfo.org\/\",\"name\":\"\",\"description\":\"\",\"potentialAction\":[{\"@type\":\"SearchAction\",\"target\":{\"@type\":\"EntryPoint\",\"urlTemplate\":\"https:\/\/veritasinfo.org\/?s={search_term_string}\"},\"query-input\":{\"@type\":\"PropertyValueSpecification\",\"valueRequired\":true,\"valueName\":\"search_term_string\"}}],\"inLanguage\":\"en-US\"},{\"@type\":\"Person\",\"@id\":\"https:\/\/veritasinfo.org\/#\/schema\/person\/fe199eede04c3937362892b7444747cc\",\"name\":\"US6\",\"image\":{\"@type\":\"ImageObject\",\"inLanguage\":\"en-US\",\"@id\":\"https:\/\/veritasinfo.org\/#\/schema\/person\/image\/\",\"url\":\"https:\/\/secure.gravatar.com\/avatar\/cb16c3c31c9d23b9b8c705964598220b3014e42ff51eb540ff23cefa3ae8c15f?s=96&d=mm&r=g\",\"contentUrl\":\"https:\/\/secure.gravatar.com\/avatar\/cb16c3c31c9d23b9b8c705964598220b3014e42ff51eb540ff23cefa3ae8c15f?s=96&d=mm&r=g\",\"caption\":\"US6\"},\"url\":\"https:\/\/veritasinfo.org\/?author=7\"}]}<\/script>\n<!-- \/ Yoast SEO plugin. -->","yoast_head_json":{"title":"Sot seanc\u00eb e jasht\u00ebzakonshme \u2013 n\u00eb rend dite plot\u00ebsimi i ligjit mbi ndarjet buxhetore -","robots":{"index":"index","follow":"follow","max-snippet":"max-snippet:-1","max-image-preview":"max-image-preview:large","max-video-preview":"max-video-preview:-1"},"canonical":"https:\/\/veritasinfo.org\/?p=44889","og_locale":"en_US","og_type":"article","og_title":"Sot seanc\u00eb e jasht\u00ebzakonshme \u2013 n\u00eb rend dite plot\u00ebsimi i ligjit mbi ndarjet buxhetore -","og_description":"Prishtin\u00eb, 25 prill 2026 08:46 Kuvendi i Kosov\u00ebs nga ora 12:00 do t\u00eb mbaj\u00eb seanc\u00eb t\u00eb jasht\u00ebzakonshme plenare. N\u00eb rend dite jan\u00eb 5 pika, si","og_url":"https:\/\/veritasinfo.org\/?p=44889","article_published_time":"2026-04-25T06:47:13+00:00","og_image":[{"width":850,"height":638,"url":"https:\/\/veritasinfo.org\/wp-content\/uploads\/2026\/04\/seanca-e-kuvendit-850x638-1.jpg","type":"image\/jpeg"}],"author":"US6","twitter_card":"summary_large_image","twitter_misc":{"Written by":"US6","Est. reading time":"1 minute"},"schema":{"@context":"https:\/\/schema.org","@graph":[{"@type":"WebPage","@id":"https:\/\/veritasinfo.org\/?p=44889","url":"https:\/\/veritasinfo.org\/?p=44889","name":"Sot seanc\u00eb e jasht\u00ebzakonshme \u2013 n\u00eb rend dite plot\u00ebsimi i ligjit mbi ndarjet buxhetore -","isPartOf":{"@id":"https:\/\/veritasinfo.org\/#website"},"primaryImageOfPage":{"@id":"https:\/\/veritasinfo.org\/?p=44889#primaryimage"},"image":{"@id":"https:\/\/veritasinfo.org\/?p=44889#primaryimage"},"thumbnailUrl":"https:\/\/veritasinfo.org\/wp-content\/uploads\/2026\/04\/seanca-e-kuvendit-850x638-1.jpg","datePublished":"2026-04-25T06:47:13+00:00","author":{"@id":"https:\/\/veritasinfo.org\/#\/schema\/person\/fe199eede04c3937362892b7444747cc"},"breadcrumb":{"@id":"https:\/\/veritasinfo.org\/?p=44889#breadcrumb"},"inLanguage":"en-US","potentialAction":[{"@type":"ReadAction","target":["https:\/\/veritasinfo.org\/?p=44889"]}]},{"@type":"ImageObject","inLanguage":"en-US","@id":"https:\/\/veritasinfo.org\/?p=44889#primaryimage","url":"https:\/\/veritasinfo.org\/wp-content\/uploads\/2026\/04\/seanca-e-kuvendit-850x638-1.jpg","contentUrl":"https:\/\/veritasinfo.org\/wp-content\/uploads\/2026\/04\/seanca-e-kuvendit-850x638-1.jpg","width":850,"height":638},{"@type":"BreadcrumbList","@id":"https:\/\/veritasinfo.org\/?p=44889#breadcrumb","itemListElement":[{"@type":"ListItem","position":1,"name":"Home","item":"https:\/\/veritasinfo.org\/"},{"@type":"ListItem","position":2,"name":"Sot seanc\u00eb e jasht\u00ebzakonshme \u2013 n\u00eb rend dite plot\u00ebsimi i ligjit mbi ndarjet buxhetore"}]},{"@type":"WebSite","@id":"https:\/\/veritasinfo.org\/#website","url":"https:\/\/veritasinfo.org\/","name":"","description":"","potentialAction":[{"@type":"SearchAction","target":{"@type":"EntryPoint","urlTemplate":"https:\/\/veritasinfo.org\/?s={search_term_string}"},"query-input":{"@type":"PropertyValueSpecification","valueRequired":true,"valueName":"search_term_string"}}],"inLanguage":"en-US"},{"@type":"Person","@id":"https:\/\/veritasinfo.org\/#\/schema\/person\/fe199eede04c3937362892b7444747cc","name":"US6","image":{"@type":"ImageObject","inLanguage":"en-US","@id":"https:\/\/veritasinfo.org\/#\/schema\/person\/image\/","url":"https:\/\/secure.gravatar.com\/avatar\/cb16c3c31c9d23b9b8c705964598220b3014e42ff51eb540ff23cefa3ae8c15f?s=96&d=mm&r=g","contentUrl":"https:\/\/secure.gravatar.com\/avatar\/cb16c3c31c9d23b9b8c705964598220b3014e42ff51eb540ff23cefa3ae8c15f?s=96&d=mm&r=g","caption":"US6"},"url":"https:\/\/veritasinfo.org\/?author=7"}]}},"featured_image_urls":{"full":["https:\/\/veritasinfo.org\/wp-content\/uploads\/2026\/04\/seanca-e-kuvendit-850x638-1.jpg",850,638,false],"thumbnail":["https:\/\/veritasinfo.org\/wp-content\/uploads\/2026\/04\/seanca-e-kuvendit-850x638-1-150x150.jpg",150,150,true],"medium":["https:\/\/veritasinfo.org\/wp-content\/uploads\/2026\/04\/seanca-e-kuvendit-850x638-1-300x225.jpg",300,225,true],"medium_large":["https:\/\/veritasinfo.org\/wp-content\/uploads\/2026\/04\/seanca-e-kuvendit-850x638-1-768x576.jpg",640,480,true],"large":["https:\/\/veritasinfo.org\/wp-content\/uploads\/2026\/04\/seanca-e-kuvendit-850x638-1.jpg",640,480,false],"1536x1536":["https:\/\/veritasinfo.org\/wp-content\/uploads\/2026\/04\/seanca-e-kuvendit-850x638-1.jpg",850,638,false],"2048x2048":["https:\/\/veritasinfo.org\/wp-content\/uploads\/2026\/04\/seanca-e-kuvendit-850x638-1.jpg",850,638,false],"kreeti-slider-full":["https:\/\/veritasinfo.org\/wp-content\/uploads\/2026\/04\/seanca-e-kuvendit-850x638-1.jpg",850,638,false],"kreeti-featured":["https:\/\/veritasinfo.org\/wp-content\/uploads\/2026\/04\/seanca-e-kuvendit-850x638-1.jpg",850,638,false],"kreeti-medium":["https:\/\/veritasinfo.org\/wp-content\/uploads\/2026\/04\/seanca-e-kuvendit-850x638-1-720x530.jpg",720,530,true],"kreeti-medium-square":["https:\/\/veritasinfo.org\/wp-content\/uploads\/2026\/04\/seanca-e-kuvendit-850x638-1-350x350.jpg",350,350,true]},"author_info":{"info":["US6"]},"category_info":"<a href=\"https:\/\/veritasinfo.org\/?cat=58\" rel=\"category\">Politik\u00eb<\/a>","tag_info":"Politik\u00eb","comment_count":"0","_links":{"self":[{"href":"https:\/\/veritasinfo.org\/index.php?rest_route=\/wp\/v2\/posts\/44889","targetHints":{"allow":["GET"]}}],"collection":[{"href":"https:\/\/veritasinfo.org\/index.php?rest_route=\/wp\/v2\/posts"}],"about":[{"href":"https:\/\/veritasinfo.org\/index.php?rest_route=\/wp\/v2\/types\/post"}],"author":[{"embeddable":true,"href":"https:\/\/veritasinfo.org\/index.php?rest_route=\/wp\/v2\/users\/7"}],"replies":[{"embeddable":true,"href":"https:\/\/veritasinfo.org\/index.php?rest_route=%2Fwp%2Fv2%2Fcomments&post=44889"}],"version-history":[{"count":1,"href":"https:\/\/veritasinfo.org\/index.php?rest_route=\/wp\/v2\/posts\/44889\/revisions"}],"predecessor-version":[{"id":44890,"href":"https:\/\/veritasinfo.org\/index.php?rest_route=\/wp\/v2\/posts\/44889\/revisions\/44890"}],"wp:featuredmedia":[{"embeddable":true,"href":"https:\/\/veritasinfo.org\/index.php?rest_route=\/wp\/v2\/media\/44832"}],"wp:attachment":[{"href":"https:\/\/veritasinfo.org\/index.php?rest_route=%2Fwp%2Fv2%2Fmedia&parent=44889"}],"wp:term":[{"taxonomy":"category","embeddable":true,"href":"https:\/\/veritasinfo.org\/index.php?rest_route=%2Fwp%2Fv2%2Fcategories&post=44889"},{"taxonomy":"post_tag","embeddable":true,"href":"https:\/\/veritasinfo.org\/index.php?rest_route=%2Fwp%2Fv2%2Ftags&post=44889"}],"curies":[{"name":"wp","href":"https:\/\/api.w.org\/{rel}","templated":true}]}}