{"id":4486,"date":"2025-07-20T10:32:33","date_gmt":"2025-07-20T08:32:33","guid":{"rendered":"https:\/\/veritasinfo.org\/?p=4486"},"modified":"2025-07-20T10:32:33","modified_gmt":"2025-07-20T08:32:33","slug":"te-merkuren-nis-regjistrimi-i-votuesve-jashte-kosoves-per-votim-me-poste","status":"publish","type":"post","link":"https:\/\/veritasinfo.org\/?p=4486","title":{"rendered":"T\u00eb m\u00ebrkur\u00ebn nis regjistrimi i votuesve jasht\u00eb Kosov\u00ebs p\u00ebr votim me post\u00eb"},"content":{"rendered":"<p><!--more-->Prishtin\u00eb, 20 Korrik 2025<\/p>\n<p style=\"font-weight: 400;\"><span style=\"font-style: inherit; font-weight: inherit;\">T\u00eb m\u00ebrkur\u00ebn, m\u00eb 23 korrik, Komisioni Qendror i Zgjedhjeve do t\u00eb hap\u00eb afatin p\u00ebr regjistrimin e votuesve jasht\u00eb Kosov\u00ebs p\u00ebr votim me post\u00eb n\u00eb zgjedhjet lokale p\u00ebr kryetar\u00eb t\u00eb komunave dhe p\u00ebr kuvende komunale, t\u00eb cilat do t\u00eb mbahen m\u00eb 12 tetor 2025.<\/span><\/p>\n<p style=\"font-weight: 400;\"><span style=\"font-style: inherit; font-weight: inherit;\">Sipas afatit t\u00eb p\u00ebrcaktuar nga KQZ-ja, periudha p\u00ebr regjistrimin e votuesve jasht\u00eb Kosov\u00ebs do t\u00eb zgjas\u00eb 38 dit\u00eb, deri m\u00eb 29 gusht 2025.<\/span><\/p>\n<p style=\"font-weight: 400;\"><span style=\"font-style: inherit; font-weight: inherit;\">Z\u00ebdh\u00ebn\u00ebsi i KQZ-s\u00eb, Valmir Elezi n\u00eb intervist\u00eb p\u00ebr EkonomiaOnline, shpjegoi se si do t\u00eb realizohet procesi i regjistrimit t\u00eb votuesve jasht\u00eb Kosov\u00ebs.<\/span><\/p>\n<p style=\"font-weight: 400;\"><span style=\"font-style: inherit; font-weight: inherit;\">\u201cGjat\u00eb periudh\u00ebs 38-ditore t\u00eb parapar\u00eb p\u00ebr regjistrim, t\u00eb gjith\u00eb shtetasit e Kosov\u00ebs q\u00eb jetojn\u00eb jasht\u00eb vendit mund t\u00eb aplikojn\u00eb p\u00ebr t\u2019u regjistruar si votues jasht\u00eb Kosov\u00ebs. \u00c7do aplikim p\u00ebr regjistrim duhet t\u00eb jet\u00eb individual dhe mund t\u00eb b\u00ebhet n\u00eb nj\u00ebr\u00ebn nga dy m\u00ebnyrat: (1) p\u00ebrmes platform\u00ebs elektronike t\u00eb KQZ-s\u00eb ose (2) p\u00ebrmes post\u00ebs, duke e d\u00ebrguar aplikacionin n\u00eb kutin\u00eb postare t\u00eb KQZ-s\u00eb n\u00eb Kosov\u00eb. Duke filluar nga data 23 korrik, n\u00eb p\u00ebrmbushje t\u00eb detyrimit ligjor, KQZ do t\u00eb aktivizoj\u00eb platform\u00ebn elektronike, p\u00ebrmes s\u00eb cil\u00ebs votuesit jasht\u00eb Kosov\u00ebs mund t\u00eb regjistrohen p\u00ebr votim\u201d, shpjegoi Elezi.<\/span><\/p>\n<p style=\"font-weight: 400;\"><span style=\"font-style: inherit; font-weight: inherit;\">Sipas tij, ndryshe nga zgjedhjet p\u00ebr Kuvend q\u00eb u mbajt\u00ebn n\u00eb shkurt, kur u mund\u00ebsua votimi n\u00eb p\u00ebrfaq\u00ebsi diplomatike t\u00eb Republik\u00ebs s\u00eb Kosov\u00ebs, n\u00eb zgjedhjet lokale nuk do t\u00eb organizohet votim n\u00eb ambasada dhe konsullata, pasi kjo s\u2019lejohet me Ligjin p\u00ebr Zgjedhjet e P\u00ebrgjithshme.<\/span><\/p>\n<p style=\"font-weight: 400;\"><span style=\"font-style: inherit; font-weight: inherit;\">\u201cN\u00eb zgjedhje lokale, sipas Ligjit p\u00ebr Zgjedhjet e P\u00ebrgjithshme, votuesit jasht\u00eb Kosov\u00ebs mund t\u00eb votojn\u00eb vet\u00ebm p\u00ebrmes post\u00ebs. Ky ligj sepcifikon qart\u00eb se votimi n\u00eb p\u00ebrfaq\u00ebsi diplomatike nuk aplikohet n\u00eb k\u00ebto lloj zgjedhjesh. Pra, do t\u00eb ket\u00eb vet\u00ebm votim me post\u00eb dhe p\u00ebr k\u00ebt\u00eb KQZ-ja do t\u00eb hap kuti postare n\u00eb shtete t\u00eb ndryshme, ku do t\u00eb mund t\u00eb d\u00ebrgohet pako me flet\u00ebvotime\u201d, sqaroi Elezi.<\/span><\/p>\n<p style=\"font-weight: 400;\"><span style=\"font-style: inherit; font-weight: inherit;\">Sipas afateve t\u00eb vendosura nga KQZ-ja, periudha e votimit jasht\u00eb Kosov\u00ebs do t\u00eb filloj\u00eb m\u00eb 17 shtator dhe do t\u00eb p\u00ebrfundoj\u00eb m\u00eb 11 tetor 2025. Kjo periudh\u00eb do t\u00eb vlej\u00eb p\u00ebr votim vet\u00ebm p\u00ebr shtetasit q\u00eb do t\u00eb regjistrohen si votues jasht\u00eb Kosov\u00ebs gjat\u00eb periudh\u00ebs 38-ditore t\u00eb regjistrimit.<\/span><\/p>\n<p>&nbsp;<\/p>\n<p>&nbsp;<\/p>\n","protected":false},"excerpt":{"rendered":"","protected":false},"author":1,"featured_media":4487,"comment_status":"open","ping_status":"open","sticky":false,"template":"","format":"standard","meta":{"footnotes":""},"categories":[60],"tags":[],"class_list":["post-4486","post","type-post","status-publish","format-standard","has-post-thumbnail","hentry","category-shoqerore-sq"],"yoast_head":"<!-- This site is optimized with the Yoast SEO plugin v25.3.1 - https:\/\/yoast.com\/wordpress\/plugins\/seo\/ -->\n<title>T\u00eb m\u00ebrkur\u00ebn nis regjistrimi i votuesve jasht\u00eb Kosov\u00ebs p\u00ebr votim me post\u00eb -<\/title>\n<meta name=\"robots\" content=\"index, follow, max-snippet:-1, max-image-preview:large, max-video-preview:-1\" \/>\n<link rel=\"canonical\" href=\"https:\/\/veritasinfo.org\/?p=4486\" \/>\n<meta property=\"og:locale\" content=\"en_US\" \/>\n<meta property=\"og:type\" content=\"article\" \/>\n<meta property=\"og:title\" content=\"T\u00eb m\u00ebrkur\u00ebn nis regjistrimi i votuesve jasht\u00eb Kosov\u00ebs p\u00ebr votim me post\u00eb -\" \/>\n<meta property=\"og:url\" content=\"https:\/\/veritasinfo.org\/?p=4486\" \/>\n<meta property=\"article:published_time\" content=\"2025-07-20T08:32:33+00:00\" \/>\n<meta property=\"og:image\" content=\"https:\/\/veritasinfo.org\/wp-content\/uploads\/2025\/07\/IMG_2170.webp\" \/>\n\t<meta property=\"og:image:width\" content=\"1181\" \/>\n\t<meta property=\"og:image:height\" content=\"787\" \/>\n\t<meta property=\"og:image:type\" content=\"image\/webp\" \/>\n<meta name=\"author\" content=\"admin\" \/>\n<meta name=\"twitter:card\" content=\"summary_large_image\" \/>\n<meta name=\"twitter:label1\" content=\"Written by\" \/>\n\t<meta name=\"twitter:data1\" content=\"admin\" \/>\n\t<meta name=\"twitter:label2\" content=\"Est. reading time\" \/>\n\t<meta name=\"twitter:data2\" content=\"2 minutes\" \/>\n<script type=\"application\/ld+json\" class=\"yoast-schema-graph\">{\"@context\":\"https:\/\/schema.org\",\"@graph\":[{\"@type\":\"WebPage\",\"@id\":\"https:\/\/veritasinfo.org\/?p=4486\",\"url\":\"https:\/\/veritasinfo.org\/?p=4486\",\"name\":\"T\u00eb m\u00ebrkur\u00ebn nis regjistrimi i votuesve jasht\u00eb Kosov\u00ebs p\u00ebr votim me post\u00eb -\",\"isPartOf\":{\"@id\":\"https:\/\/veritasinfo.org\/#website\"},\"primaryImageOfPage\":{\"@id\":\"https:\/\/veritasinfo.org\/?p=4486#primaryimage\"},\"image\":{\"@id\":\"https:\/\/veritasinfo.org\/?p=4486#primaryimage\"},\"thumbnailUrl\":\"https:\/\/veritasinfo.org\/wp-content\/uploads\/2025\/07\/IMG_2170.webp\",\"datePublished\":\"2025-07-20T08:32:33+00:00\",\"author\":{\"@id\":\"https:\/\/veritasinfo.org\/#\/schema\/person\/7701f8c088bece422266b100a712374f\"},\"breadcrumb\":{\"@id\":\"https:\/\/veritasinfo.org\/?p=4486#breadcrumb\"},\"inLanguage\":\"en-US\",\"potentialAction\":[{\"@type\":\"ReadAction\",\"target\":[\"https:\/\/veritasinfo.org\/?p=4486\"]}]},{\"@type\":\"ImageObject\",\"inLanguage\":\"en-US\",\"@id\":\"https:\/\/veritasinfo.org\/?p=4486#primaryimage\",\"url\":\"https:\/\/veritasinfo.org\/wp-content\/uploads\/2025\/07\/IMG_2170.webp\",\"contentUrl\":\"https:\/\/veritasinfo.org\/wp-content\/uploads\/2025\/07\/IMG_2170.webp\",\"width\":1181,\"height\":787},{\"@type\":\"BreadcrumbList\",\"@id\":\"https:\/\/veritasinfo.org\/?p=4486#breadcrumb\",\"itemListElement\":[{\"@type\":\"ListItem\",\"position\":1,\"name\":\"Home\",\"item\":\"https:\/\/veritasinfo.org\/\"},{\"@type\":\"ListItem\",\"position\":2,\"name\":\"T\u00eb m\u00ebrkur\u00ebn nis regjistrimi i votuesve jasht\u00eb Kosov\u00ebs p\u00ebr votim me post\u00eb\"}]},{\"@type\":\"WebSite\",\"@id\":\"https:\/\/veritasinfo.org\/#website\",\"url\":\"https:\/\/veritasinfo.org\/\",\"name\":\"\",\"description\":\"\",\"potentialAction\":[{\"@type\":\"SearchAction\",\"target\":{\"@type\":\"EntryPoint\",\"urlTemplate\":\"https:\/\/veritasinfo.org\/?s={search_term_string}\"},\"query-input\":{\"@type\":\"PropertyValueSpecification\",\"valueRequired\":true,\"valueName\":\"search_term_string\"}}],\"inLanguage\":\"en-US\"},{\"@type\":\"Person\",\"@id\":\"https:\/\/veritasinfo.org\/#\/schema\/person\/7701f8c088bece422266b100a712374f\",\"name\":\"admin\",\"image\":{\"@type\":\"ImageObject\",\"inLanguage\":\"en-US\",\"@id\":\"https:\/\/veritasinfo.org\/#\/schema\/person\/image\/\",\"url\":\"https:\/\/secure.gravatar.com\/avatar\/ea53aa3bf6c9a12d5fde8ce4deff43fef3885ae33cf60184161a50d6987cfd2f?s=96&d=mm&r=g\",\"contentUrl\":\"https:\/\/secure.gravatar.com\/avatar\/ea53aa3bf6c9a12d5fde8ce4deff43fef3885ae33cf60184161a50d6987cfd2f?s=96&d=mm&r=g\",\"caption\":\"admin\"},\"sameAs\":[\"https:\/\/veritasinfo.org\"],\"url\":\"https:\/\/veritasinfo.org\/?author=1\"}]}<\/script>\n<!-- \/ Yoast SEO plugin. -->","yoast_head_json":{"title":"T\u00eb m\u00ebrkur\u00ebn nis regjistrimi i votuesve jasht\u00eb Kosov\u00ebs p\u00ebr votim me post\u00eb -","robots":{"index":"index","follow":"follow","max-snippet":"max-snippet:-1","max-image-preview":"max-image-preview:large","max-video-preview":"max-video-preview:-1"},"canonical":"https:\/\/veritasinfo.org\/?p=4486","og_locale":"en_US","og_type":"article","og_title":"T\u00eb m\u00ebrkur\u00ebn nis regjistrimi i votuesve jasht\u00eb Kosov\u00ebs p\u00ebr votim me post\u00eb -","og_url":"https:\/\/veritasinfo.org\/?p=4486","article_published_time":"2025-07-20T08:32:33+00:00","og_image":[{"width":1181,"height":787,"url":"https:\/\/veritasinfo.org\/wp-content\/uploads\/2025\/07\/IMG_2170.webp","type":"image\/webp"}],"author":"admin","twitter_card":"summary_large_image","twitter_misc":{"Written by":"admin","Est. reading time":"2 minutes"},"schema":{"@context":"https:\/\/schema.org","@graph":[{"@type":"WebPage","@id":"https:\/\/veritasinfo.org\/?p=4486","url":"https:\/\/veritasinfo.org\/?p=4486","name":"T\u00eb m\u00ebrkur\u00ebn nis regjistrimi i votuesve jasht\u00eb Kosov\u00ebs p\u00ebr votim me post\u00eb -","isPartOf":{"@id":"https:\/\/veritasinfo.org\/#website"},"primaryImageOfPage":{"@id":"https:\/\/veritasinfo.org\/?p=4486#primaryimage"},"image":{"@id":"https:\/\/veritasinfo.org\/?p=4486#primaryimage"},"thumbnailUrl":"https:\/\/veritasinfo.org\/wp-content\/uploads\/2025\/07\/IMG_2170.webp","datePublished":"2025-07-20T08:32:33+00:00","author":{"@id":"https:\/\/veritasinfo.org\/#\/schema\/person\/7701f8c088bece422266b100a712374f"},"breadcrumb":{"@id":"https:\/\/veritasinfo.org\/?p=4486#breadcrumb"},"inLanguage":"en-US","potentialAction":[{"@type":"ReadAction","target":["https:\/\/veritasinfo.org\/?p=4486"]}]},{"@type":"ImageObject","inLanguage":"en-US","@id":"https:\/\/veritasinfo.org\/?p=4486#primaryimage","url":"https:\/\/veritasinfo.org\/wp-content\/uploads\/2025\/07\/IMG_2170.webp","contentUrl":"https:\/\/veritasinfo.org\/wp-content\/uploads\/2025\/07\/IMG_2170.webp","width":1181,"height":787},{"@type":"BreadcrumbList","@id":"https:\/\/veritasinfo.org\/?p=4486#breadcrumb","itemListElement":[{"@type":"ListItem","position":1,"name":"Home","item":"https:\/\/veritasinfo.org\/"},{"@type":"ListItem","position":2,"name":"T\u00eb m\u00ebrkur\u00ebn nis regjistrimi i votuesve jasht\u00eb Kosov\u00ebs p\u00ebr votim me post\u00eb"}]},{"@type":"WebSite","@id":"https:\/\/veritasinfo.org\/#website","url":"https:\/\/veritasinfo.org\/","name":"","description":"","potentialAction":[{"@type":"SearchAction","target":{"@type":"EntryPoint","urlTemplate":"https:\/\/veritasinfo.org\/?s={search_term_string}"},"query-input":{"@type":"PropertyValueSpecification","valueRequired":true,"valueName":"search_term_string"}}],"inLanguage":"en-US"},{"@type":"Person","@id":"https:\/\/veritasinfo.org\/#\/schema\/person\/7701f8c088bece422266b100a712374f","name":"admin","image":{"@type":"ImageObject","inLanguage":"en-US","@id":"https:\/\/veritasinfo.org\/#\/schema\/person\/image\/","url":"https:\/\/secure.gravatar.com\/avatar\/ea53aa3bf6c9a12d5fde8ce4deff43fef3885ae33cf60184161a50d6987cfd2f?s=96&d=mm&r=g","contentUrl":"https:\/\/secure.gravatar.com\/avatar\/ea53aa3bf6c9a12d5fde8ce4deff43fef3885ae33cf60184161a50d6987cfd2f?s=96&d=mm&r=g","caption":"admin"},"sameAs":["https:\/\/veritasinfo.org"],"url":"https:\/\/veritasinfo.org\/?author=1"}]}},"featured_image_urls":{"full":["https:\/\/veritasinfo.org\/wp-content\/uploads\/2025\/07\/IMG_2170.webp",1181,787,false],"thumbnail":["https:\/\/veritasinfo.org\/wp-content\/uploads\/2025\/07\/IMG_2170-150x150.webp",150,150,true],"medium":["https:\/\/veritasinfo.org\/wp-content\/uploads\/2025\/07\/IMG_2170-300x200.webp",300,200,true],"medium_large":["https:\/\/veritasinfo.org\/wp-content\/uploads\/2025\/07\/IMG_2170-768x512.webp",640,427,true],"large":["https:\/\/veritasinfo.org\/wp-content\/uploads\/2025\/07\/IMG_2170-1024x682.webp",640,426,true],"1536x1536":["https:\/\/veritasinfo.org\/wp-content\/uploads\/2025\/07\/IMG_2170.webp",1181,787,false],"2048x2048":["https:\/\/veritasinfo.org\/wp-content\/uploads\/2025\/07\/IMG_2170.webp",1181,787,false],"kreeti-slider-full":["https:\/\/veritasinfo.org\/wp-content\/uploads\/2025\/07\/IMG_2170.webp",1080,720,false],"kreeti-featured":["https:\/\/veritasinfo.org\/wp-content\/uploads\/2025\/07\/IMG_2170.webp",1024,682,false],"kreeti-medium":["https:\/\/veritasinfo.org\/wp-content\/uploads\/2025\/07\/IMG_2170.webp",720,480,false],"kreeti-medium-square":["https:\/\/veritasinfo.org\/wp-content\/uploads\/2025\/07\/IMG_2170.webp",350,233,false]},"author_info":{"info":["admin"]},"category_info":"<a href=\"https:\/\/veritasinfo.org\/?cat=60\" rel=\"category\">Shoq\u00ebrore<\/a>","tag_info":"Shoq\u00ebrore","comment_count":"0","_links":{"self":[{"href":"https:\/\/veritasinfo.org\/index.php?rest_route=\/wp\/v2\/posts\/4486","targetHints":{"allow":["GET"]}}],"collection":[{"href":"https:\/\/veritasinfo.org\/index.php?rest_route=\/wp\/v2\/posts"}],"about":[{"href":"https:\/\/veritasinfo.org\/index.php?rest_route=\/wp\/v2\/types\/post"}],"author":[{"embeddable":true,"href":"https:\/\/veritasinfo.org\/index.php?rest_route=\/wp\/v2\/users\/1"}],"replies":[{"embeddable":true,"href":"https:\/\/veritasinfo.org\/index.php?rest_route=%2Fwp%2Fv2%2Fcomments&post=4486"}],"version-history":[{"count":1,"href":"https:\/\/veritasinfo.org\/index.php?rest_route=\/wp\/v2\/posts\/4486\/revisions"}],"predecessor-version":[{"id":4488,"href":"https:\/\/veritasinfo.org\/index.php?rest_route=\/wp\/v2\/posts\/4486\/revisions\/4488"}],"wp:featuredmedia":[{"embeddable":true,"href":"https:\/\/veritasinfo.org\/index.php?rest_route=\/wp\/v2\/media\/4487"}],"wp:attachment":[{"href":"https:\/\/veritasinfo.org\/index.php?rest_route=%2Fwp%2Fv2%2Fmedia&parent=4486"}],"wp:term":[{"taxonomy":"category","embeddable":true,"href":"https:\/\/veritasinfo.org\/index.php?rest_route=%2Fwp%2Fv2%2Fcategories&post=4486"},{"taxonomy":"post_tag","embeddable":true,"href":"https:\/\/veritasinfo.org\/index.php?rest_route=%2Fwp%2Fv2%2Ftags&post=4486"}],"curies":[{"name":"wp","href":"https:\/\/api.w.org\/{rel}","templated":true}]}}