{"id":4439,"date":"2025-07-20T07:20:27","date_gmt":"2025-07-20T05:20:27","guid":{"rendered":"https:\/\/veritasinfo.org\/?p=4439"},"modified":"2025-07-19T22:05:17","modified_gmt":"2025-07-19T20:05:17","slug":"kfor-i-shqiptar-stervitet-ne-peje","status":"publish","type":"post","link":"https:\/\/veritasinfo.org\/?p=4439","title":{"rendered":"KFOR-i shqiptar st\u00ebrvitet n\u00eb Pej\u00eb"},"content":{"rendered":"<p>Pej\u00eb, 20 Korrik 2025<\/p>\n<p>Ministria e Mbrojtjes s\u00eb Shqip\u00ebris\u00eb ka b\u00ebr\u00eb t\u00eb ditur se efektiv\u00ebt e Batalionit Komando, pjes\u00eb e KFOR-it, n\u00eb Komand\u00ebn Rajonale Per\u00ebndimore (RC-W), n\u00eb Pej\u00eb po vazhdojn\u00eb t\u00eb kryejn\u00eb st\u00ebrvitje.<\/p>\n<div class=\"code-block code-block-8\">\n<div id=\"futureads_d773fe1afb07405e8d2f0e46933877d3_zone_104122_sect_47401_site_41437\" data-sender=\"futureads\">N\u00eb nj\u00eb postim n\u00eb Facebook thuhet se Shqip\u00ebria \u00ebsht\u00eb krah p\u00ebr krah me partner\u00ebt, gjithmon\u00eb t\u00eb p\u00ebrgatitur p\u00ebr \u00e7do sfid\u00eb.<\/div>\n<\/div>\n<p>\u201cEfektiv\u00ebt e Batalionit Komando, pjes\u00eb e Misionit KFOR 07 n\u00eb Komand\u00ebn Rajonale Per\u00ebndimore (RC-W), vazhdojn\u00eb t\u00eb tregojn\u00eb profesionaliz\u00ebm dhe p\u00ebrkushtim jo vet\u00ebm n\u00eb p\u00ebrmbushjen e detyrave operacionale, por edhe n\u00eb st\u00ebrvitjet e p\u00ebrbashk\u00ebta me aleat\u00ebt tan\u00eb t\u00eb NATO-s\u201d.<\/p>\n<p>\u201cSt\u00ebrvitja HELI MEDEVAC, e fokusuar n\u00eb evakuimin mjek\u00ebsor ajror, ishte nj\u00eb tjet\u00ebr d\u00ebshmi e gatishm\u00ebris\u00eb dhe disiplin\u00ebs s\u00eb trup\u00ebs son\u00eb\u201d, thuhet n\u00eb njoftim.<\/p>\n","protected":false},"excerpt":{"rendered":"<p>Pej\u00eb, 20 Korrik 2025 Ministria e Mbrojtjes s\u00eb Shqip\u00ebris\u00eb ka b\u00ebr\u00eb t\u00eb ditur se efektiv\u00ebt e Batalionit Komando, pjes\u00eb e KFOR-it, n\u00eb Komand\u00ebn Rajonale Per\u00ebndimore<\/p>\n","protected":false},"author":1,"featured_media":4440,"comment_status":"open","ping_status":"open","sticky":false,"template":"","format":"standard","meta":{"footnotes":""},"categories":[60],"tags":[],"class_list":["post-4439","post","type-post","status-publish","format-standard","has-post-thumbnail","hentry","category-shoqerore-sq"],"yoast_head":"<!-- This site is optimized with the Yoast SEO plugin v25.3.1 - https:\/\/yoast.com\/wordpress\/plugins\/seo\/ -->\n<title>KFOR-i shqiptar st\u00ebrvitet n\u00eb Pej\u00eb -<\/title>\n<meta name=\"robots\" content=\"index, follow, max-snippet:-1, max-image-preview:large, max-video-preview:-1\" \/>\n<link rel=\"canonical\" href=\"https:\/\/veritasinfo.org\/?p=4439\" \/>\n<meta property=\"og:locale\" content=\"en_US\" \/>\n<meta property=\"og:type\" content=\"article\" \/>\n<meta property=\"og:title\" content=\"KFOR-i shqiptar st\u00ebrvitet n\u00eb Pej\u00eb -\" \/>\n<meta property=\"og:description\" content=\"Pej\u00eb, 20 Korrik 2025 Ministria e Mbrojtjes s\u00eb Shqip\u00ebris\u00eb ka b\u00ebr\u00eb t\u00eb ditur se efektiv\u00ebt e Batalionit Komando, pjes\u00eb e KFOR-it, n\u00eb Komand\u00ebn Rajonale Per\u00ebndimore\" \/>\n<meta property=\"og:url\" content=\"https:\/\/veritasinfo.org\/?p=4439\" \/>\n<meta property=\"article:published_time\" content=\"2025-07-20T05:20:27+00:00\" \/>\n<meta property=\"og:image\" content=\"https:\/\/veritasinfo.org\/wp-content\/uploads\/2025\/07\/IMG_2165.jpeg\" \/>\n\t<meta property=\"og:image:width\" content=\"1536\" \/>\n\t<meta property=\"og:image:height\" content=\"864\" \/>\n\t<meta property=\"og:image:type\" content=\"image\/jpeg\" \/>\n<meta name=\"author\" content=\"admin\" \/>\n<meta name=\"twitter:card\" content=\"summary_large_image\" \/>\n<meta name=\"twitter:label1\" content=\"Written by\" \/>\n\t<meta name=\"twitter:data1\" content=\"admin\" \/>\n\t<meta name=\"twitter:label2\" content=\"Est. reading time\" \/>\n\t<meta name=\"twitter:data2\" content=\"1 minute\" \/>\n<script type=\"application\/ld+json\" class=\"yoast-schema-graph\">{\"@context\":\"https:\/\/schema.org\",\"@graph\":[{\"@type\":\"WebPage\",\"@id\":\"https:\/\/veritasinfo.org\/?p=4439\",\"url\":\"https:\/\/veritasinfo.org\/?p=4439\",\"name\":\"KFOR-i shqiptar st\u00ebrvitet n\u00eb Pej\u00eb -\",\"isPartOf\":{\"@id\":\"https:\/\/veritasinfo.org\/#website\"},\"primaryImageOfPage\":{\"@id\":\"https:\/\/veritasinfo.org\/?p=4439#primaryimage\"},\"image\":{\"@id\":\"https:\/\/veritasinfo.org\/?p=4439#primaryimage\"},\"thumbnailUrl\":\"https:\/\/veritasinfo.org\/wp-content\/uploads\/2025\/07\/IMG_2165.jpeg\",\"datePublished\":\"2025-07-20T05:20:27+00:00\",\"author\":{\"@id\":\"https:\/\/veritasinfo.org\/#\/schema\/person\/7701f8c088bece422266b100a712374f\"},\"breadcrumb\":{\"@id\":\"https:\/\/veritasinfo.org\/?p=4439#breadcrumb\"},\"inLanguage\":\"en-US\",\"potentialAction\":[{\"@type\":\"ReadAction\",\"target\":[\"https:\/\/veritasinfo.org\/?p=4439\"]}]},{\"@type\":\"ImageObject\",\"inLanguage\":\"en-US\",\"@id\":\"https:\/\/veritasinfo.org\/?p=4439#primaryimage\",\"url\":\"https:\/\/veritasinfo.org\/wp-content\/uploads\/2025\/07\/IMG_2165.jpeg\",\"contentUrl\":\"https:\/\/veritasinfo.org\/wp-content\/uploads\/2025\/07\/IMG_2165.jpeg\",\"width\":1536,\"height\":864},{\"@type\":\"BreadcrumbList\",\"@id\":\"https:\/\/veritasinfo.org\/?p=4439#breadcrumb\",\"itemListElement\":[{\"@type\":\"ListItem\",\"position\":1,\"name\":\"Home\",\"item\":\"https:\/\/veritasinfo.org\/\"},{\"@type\":\"ListItem\",\"position\":2,\"name\":\"KFOR-i shqiptar st\u00ebrvitet n\u00eb Pej\u00eb\"}]},{\"@type\":\"WebSite\",\"@id\":\"https:\/\/veritasinfo.org\/#website\",\"url\":\"https:\/\/veritasinfo.org\/\",\"name\":\"\",\"description\":\"\",\"potentialAction\":[{\"@type\":\"SearchAction\",\"target\":{\"@type\":\"EntryPoint\",\"urlTemplate\":\"https:\/\/veritasinfo.org\/?s={search_term_string}\"},\"query-input\":{\"@type\":\"PropertyValueSpecification\",\"valueRequired\":true,\"valueName\":\"search_term_string\"}}],\"inLanguage\":\"en-US\"},{\"@type\":\"Person\",\"@id\":\"https:\/\/veritasinfo.org\/#\/schema\/person\/7701f8c088bece422266b100a712374f\",\"name\":\"admin\",\"image\":{\"@type\":\"ImageObject\",\"inLanguage\":\"en-US\",\"@id\":\"https:\/\/veritasinfo.org\/#\/schema\/person\/image\/\",\"url\":\"https:\/\/secure.gravatar.com\/avatar\/ea53aa3bf6c9a12d5fde8ce4deff43fef3885ae33cf60184161a50d6987cfd2f?s=96&d=mm&r=g\",\"contentUrl\":\"https:\/\/secure.gravatar.com\/avatar\/ea53aa3bf6c9a12d5fde8ce4deff43fef3885ae33cf60184161a50d6987cfd2f?s=96&d=mm&r=g\",\"caption\":\"admin\"},\"sameAs\":[\"https:\/\/veritasinfo.org\"],\"url\":\"https:\/\/veritasinfo.org\/?author=1\"}]}<\/script>\n<!-- \/ Yoast SEO plugin. -->","yoast_head_json":{"title":"KFOR-i shqiptar st\u00ebrvitet n\u00eb Pej\u00eb -","robots":{"index":"index","follow":"follow","max-snippet":"max-snippet:-1","max-image-preview":"max-image-preview:large","max-video-preview":"max-video-preview:-1"},"canonical":"https:\/\/veritasinfo.org\/?p=4439","og_locale":"en_US","og_type":"article","og_title":"KFOR-i shqiptar st\u00ebrvitet n\u00eb Pej\u00eb -","og_description":"Pej\u00eb, 20 Korrik 2025 Ministria e Mbrojtjes s\u00eb Shqip\u00ebris\u00eb ka b\u00ebr\u00eb t\u00eb ditur se efektiv\u00ebt e Batalionit Komando, pjes\u00eb e KFOR-it, n\u00eb Komand\u00ebn Rajonale Per\u00ebndimore","og_url":"https:\/\/veritasinfo.org\/?p=4439","article_published_time":"2025-07-20T05:20:27+00:00","og_image":[{"width":1536,"height":864,"url":"https:\/\/veritasinfo.org\/wp-content\/uploads\/2025\/07\/IMG_2165.jpeg","type":"image\/jpeg"}],"author":"admin","twitter_card":"summary_large_image","twitter_misc":{"Written by":"admin","Est. reading time":"1 minute"},"schema":{"@context":"https:\/\/schema.org","@graph":[{"@type":"WebPage","@id":"https:\/\/veritasinfo.org\/?p=4439","url":"https:\/\/veritasinfo.org\/?p=4439","name":"KFOR-i shqiptar st\u00ebrvitet n\u00eb Pej\u00eb -","isPartOf":{"@id":"https:\/\/veritasinfo.org\/#website"},"primaryImageOfPage":{"@id":"https:\/\/veritasinfo.org\/?p=4439#primaryimage"},"image":{"@id":"https:\/\/veritasinfo.org\/?p=4439#primaryimage"},"thumbnailUrl":"https:\/\/veritasinfo.org\/wp-content\/uploads\/2025\/07\/IMG_2165.jpeg","datePublished":"2025-07-20T05:20:27+00:00","author":{"@id":"https:\/\/veritasinfo.org\/#\/schema\/person\/7701f8c088bece422266b100a712374f"},"breadcrumb":{"@id":"https:\/\/veritasinfo.org\/?p=4439#breadcrumb"},"inLanguage":"en-US","potentialAction":[{"@type":"ReadAction","target":["https:\/\/veritasinfo.org\/?p=4439"]}]},{"@type":"ImageObject","inLanguage":"en-US","@id":"https:\/\/veritasinfo.org\/?p=4439#primaryimage","url":"https:\/\/veritasinfo.org\/wp-content\/uploads\/2025\/07\/IMG_2165.jpeg","contentUrl":"https:\/\/veritasinfo.org\/wp-content\/uploads\/2025\/07\/IMG_2165.jpeg","width":1536,"height":864},{"@type":"BreadcrumbList","@id":"https:\/\/veritasinfo.org\/?p=4439#breadcrumb","itemListElement":[{"@type":"ListItem","position":1,"name":"Home","item":"https:\/\/veritasinfo.org\/"},{"@type":"ListItem","position":2,"name":"KFOR-i shqiptar st\u00ebrvitet n\u00eb Pej\u00eb"}]},{"@type":"WebSite","@id":"https:\/\/veritasinfo.org\/#website","url":"https:\/\/veritasinfo.org\/","name":"","description":"","potentialAction":[{"@type":"SearchAction","target":{"@type":"EntryPoint","urlTemplate":"https:\/\/veritasinfo.org\/?s={search_term_string}"},"query-input":{"@type":"PropertyValueSpecification","valueRequired":true,"valueName":"search_term_string"}}],"inLanguage":"en-US"},{"@type":"Person","@id":"https:\/\/veritasinfo.org\/#\/schema\/person\/7701f8c088bece422266b100a712374f","name":"admin","image":{"@type":"ImageObject","inLanguage":"en-US","@id":"https:\/\/veritasinfo.org\/#\/schema\/person\/image\/","url":"https:\/\/secure.gravatar.com\/avatar\/ea53aa3bf6c9a12d5fde8ce4deff43fef3885ae33cf60184161a50d6987cfd2f?s=96&d=mm&r=g","contentUrl":"https:\/\/secure.gravatar.com\/avatar\/ea53aa3bf6c9a12d5fde8ce4deff43fef3885ae33cf60184161a50d6987cfd2f?s=96&d=mm&r=g","caption":"admin"},"sameAs":["https:\/\/veritasinfo.org"],"url":"https:\/\/veritasinfo.org\/?author=1"}]}},"featured_image_urls":{"full":["https:\/\/veritasinfo.org\/wp-content\/uploads\/2025\/07\/IMG_2165.jpeg",1536,864,false],"thumbnail":["https:\/\/veritasinfo.org\/wp-content\/uploads\/2025\/07\/IMG_2165-150x150.jpeg",150,150,true],"medium":["https:\/\/veritasinfo.org\/wp-content\/uploads\/2025\/07\/IMG_2165-300x169.jpeg",300,169,true],"medium_large":["https:\/\/veritasinfo.org\/wp-content\/uploads\/2025\/07\/IMG_2165-768x432.jpeg",640,360,true],"large":["https:\/\/veritasinfo.org\/wp-content\/uploads\/2025\/07\/IMG_2165-1024x576.jpeg",640,360,true],"1536x1536":["https:\/\/veritasinfo.org\/wp-content\/uploads\/2025\/07\/IMG_2165.jpeg",1536,864,false],"2048x2048":["https:\/\/veritasinfo.org\/wp-content\/uploads\/2025\/07\/IMG_2165.jpeg",1536,864,false],"kreeti-slider-full":["https:\/\/veritasinfo.org\/wp-content\/uploads\/2025\/07\/IMG_2165.jpeg",1280,720,false],"kreeti-featured":["https:\/\/veritasinfo.org\/wp-content\/uploads\/2025\/07\/IMG_2165.jpeg",1024,576,false],"kreeti-medium":["https:\/\/veritasinfo.org\/wp-content\/uploads\/2025\/07\/IMG_2165.jpeg",720,405,false],"kreeti-medium-square":["https:\/\/veritasinfo.org\/wp-content\/uploads\/2025\/07\/IMG_2165.jpeg",350,197,false]},"author_info":{"info":["admin"]},"category_info":"<a href=\"https:\/\/veritasinfo.org\/?cat=60\" rel=\"category\">Shoq\u00ebrore<\/a>","tag_info":"Shoq\u00ebrore","comment_count":"0","_links":{"self":[{"href":"https:\/\/veritasinfo.org\/index.php?rest_route=\/wp\/v2\/posts\/4439","targetHints":{"allow":["GET"]}}],"collection":[{"href":"https:\/\/veritasinfo.org\/index.php?rest_route=\/wp\/v2\/posts"}],"about":[{"href":"https:\/\/veritasinfo.org\/index.php?rest_route=\/wp\/v2\/types\/post"}],"author":[{"embeddable":true,"href":"https:\/\/veritasinfo.org\/index.php?rest_route=\/wp\/v2\/users\/1"}],"replies":[{"embeddable":true,"href":"https:\/\/veritasinfo.org\/index.php?rest_route=%2Fwp%2Fv2%2Fcomments&post=4439"}],"version-history":[{"count":1,"href":"https:\/\/veritasinfo.org\/index.php?rest_route=\/wp\/v2\/posts\/4439\/revisions"}],"predecessor-version":[{"id":4441,"href":"https:\/\/veritasinfo.org\/index.php?rest_route=\/wp\/v2\/posts\/4439\/revisions\/4441"}],"wp:featuredmedia":[{"embeddable":true,"href":"https:\/\/veritasinfo.org\/index.php?rest_route=\/wp\/v2\/media\/4440"}],"wp:attachment":[{"href":"https:\/\/veritasinfo.org\/index.php?rest_route=%2Fwp%2Fv2%2Fmedia&parent=4439"}],"wp:term":[{"taxonomy":"category","embeddable":true,"href":"https:\/\/veritasinfo.org\/index.php?rest_route=%2Fwp%2Fv2%2Fcategories&post=4439"},{"taxonomy":"post_tag","embeddable":true,"href":"https:\/\/veritasinfo.org\/index.php?rest_route=%2Fwp%2Fv2%2Ftags&post=4439"}],"curies":[{"name":"wp","href":"https:\/\/api.w.org\/{rel}","templated":true}]}}