{"id":4414,"date":"2025-07-19T18:47:06","date_gmt":"2025-07-19T16:47:06","guid":{"rendered":"https:\/\/veritasinfo.org\/?p=4414"},"modified":"2025-07-19T19:39:39","modified_gmt":"2025-07-19T17:39:39","slug":"trajkoviq-shume-nga-njerezit-tane-nga-kosova-sot-mbushin-cacilendin-se-bashku-me-pararojen-e-radoiciqit","status":"publish","type":"post","link":"https:\/\/veritasinfo.org\/?p=4414","title":{"rendered":"Trajkoviq: Shum\u00eb nga njer\u00ebzit tan\u00eb nga Kosova sot mbushin \u201c\u00c7acilendin\u201d s\u00eb bashku me pararoj\u00ebn e Radoi\u00e7iqit"},"content":{"rendered":"<p>Trajkoviq: Shum\u00eb nga njer\u00ebzit tan\u00eb nga Kosova sot mbushin \u201c\u00c7acilendin\u201d s\u00eb bashku me pararoj\u00ebn e Radoi\u00e7iqit<\/p>\n<p>Prishtin\u00eb, 19 korrik 2025<\/p>\n<p>Rada Trajkoviq, kryetare e L\u00ebvizjes Evropiane t\u00eb Serb\u00ebve nga Kosova, ka deklaruar se presidentja Vjosa Osmani, n\u00eb fushat\u00ebn p\u00ebr rizgjedhje, i nevojitet me \u00e7do kusht mb\u00ebshtetja e komunitetit nd\u00ebrkomb\u00ebtar, e sidomos ajo amerikane. Ajo vler\u00ebson se Osmani \u00ebsht\u00eb duke u p\u00ebrpjekur t\u00eb pozicionohet si nj\u00eb aleate lokale e administrat\u00ebs s\u00eb ardhshme t\u00eb Donald Trumpit, dhe se rr\u00ebfimet p\u00ebr nj\u00eb nd\u00ebrhyrje t\u00eb mundshme t\u00eb tij rreth Kosov\u00ebs jan\u00eb nj\u00eb m\u00ebnyr\u00eb p\u00ebr t\u00eb t\u00ebrhequr v\u00ebmendjen dhe p\u00ebrkrahjen e qarqeve pro-Trump n\u00eb SHBA.<\/p>\n<p>Duke komentuar pretendimet e Osmanit p\u00ebr l\u00ebvizje t\u00eb ushtris\u00eb serbe n\u00eb kufi me Kosov\u00ebn n\u00eb maj, Trajkoviq thekson se asnj\u00eb institucion nd\u00ebrkomb\u00ebtar \u2013 as NATO, as KFOR, BE apo Departamenti i Shtetit \u2013 nuk kan\u00eb paraqitur ndonj\u00eb d\u00ebshmi q\u00eb do t\u2019i mb\u00ebshteste ato akuza. Ajo shton se Forcat e Armatosura t\u00eb Serbis\u00eb kan\u00eb marr\u00ebdh\u00ebnie korrekte me KFOR-in dhe nuk beson q\u00eb do t\u00eb nd\u00ebrmerrnin ndonj\u00eb veprim pa \u201cdrit\u00ebn jeshile\u201d nga faktori nd\u00ebrkomb\u00ebtar.<\/p>\n<p>P\u00ebr Donald Trumpin, Trajkoviq thot\u00eb se ai tashm\u00eb ka iniciuar nj\u00eb baz\u00eb p\u00ebr veprim p\u00ebrmes Marr\u00ebveshjes s\u00eb Uashingtonit, e cila p\u00ebrmban dy shtylla kryesore: statusin e serb\u00ebve dhe t\u00eb Kish\u00ebs Ortodokse Serbe n\u00eb Kosov\u00eb, si dhe projekte ekonomike e energjetike t\u00eb p\u00ebrbashk\u00ebta si Gazivoda dhe Trep\u00e7a. Sipas saj, administrata Trump e sheh t\u00eb ardhmen e rajonit p\u00ebrmes menaxhimit t\u00eb p\u00ebrbashk\u00ebt t\u00eb resurseve dhe lidhjeve infrastrukturore mes Prishtin\u00ebs dhe Beogradit.<\/p>\n<p>Ajo shprehet se i g\u00ebzohet faktit q\u00eb zyrtar\u00eb amerikan\u00eb, si Brendan Hanrahan nga Departamenti i Shtetit, e kan\u00eb konfirmuar p\u00ebrkushtimin ndaj trash\u00ebgimis\u00eb kulturore serbe p\u00ebrmes vizit\u00ebs n\u00eb manastirin e Gra\u00e7anic\u00ebs.<\/p>\n<p>N\u00eb nj\u00eb ton kritik, Trajkoviq flet edhe p\u00ebr rolin e serb\u00ebve nga Kosova, p\u00ebr t\u00eb cil\u00ebt thot\u00eb se shpesh veprojn\u00eb n\u00eb m\u00ebnyra q\u00eb shkaktojn\u00eb antagoniz\u00ebm n\u00eb opinionin publik n\u00eb Serbi. \u201cFatkeq\u00ebsisht, shum\u00eb nga njer\u00ebzit tan\u00eb sot e mbushin t\u00eb ashtuquajturin \u2018Cacilend\u2019 s\u00eb bashku me strukturat paralele t\u00eb Radoi\u00e7iqit, t\u00eb gatsh\u00ebm p\u00ebr t\u2019u p\u00ebrplasur edhe me student\u00ebt vet\u00ebm p\u00ebr t\u00eb mbrojtur regjimin q\u00eb i krijoi,\u201d thot\u00eb ajo. Ajo p\u00ebrmend edhe manipulimet e mundshme zgjedhore, ku disa serb\u00eb t\u00eb Kosov\u00ebs dyshohet se marrin pjes\u00eb si votues t\u00eb rrem\u00eb n\u00eb komunat e tjera t\u00eb Serbis\u00eb.<\/p>\n<p>Sipas saj, BE-ja ka humbur rolin udh\u00ebheq\u00ebs n\u00eb dialogun Kosov\u00eb\u2013Serbi, nd\u00ebrsa Trumpi nuk ka zakon t\u00eb ndjek\u00eb ritmin e Brukselit, por preferon t\u00eb marr\u00eb iniciativ\u00ebn vet\u00eb. Ajo beson se n\u00ebse kthehet n\u00eb pushtet, do t\u00eb rihap\u00eb bisedimet, jo vet\u00ebm p\u00ebr Kosov\u00ebn, por edhe p\u00ebr Bosnj\u00ebn.<\/p>\n<p>N\u00eb fund, ajo vler\u00ebson se Albin Kurti po e humb gjithnj\u00eb e m\u00eb shum\u00eb p\u00ebrkrahjen nd\u00ebrkomb\u00ebtare p\u00ebr shkak t\u00eb munges\u00ebs s\u00eb reformave dhe qasjes s\u00eb pandryshueshme, nd\u00ebrsa Osmani po p\u00ebrpiqet t\u00eb paraqitet si alternativ\u00eb m\u00eb stabile p\u00ebr partner\u00ebt nd\u00ebrkomb\u00ebtar\u00eb \u2013 megjithat\u00eb, sipas Trajkoviq, e gjith\u00eb kjo nuk garanton sukses n\u00ebse mungon p\u00ebrmbajtja reale.<\/p>\n<p>&nbsp;<\/p>\n<p>&nbsp;<\/p>\n","protected":false},"excerpt":{"rendered":"<p>Trajkoviq: Shum\u00eb nga njer\u00ebzit tan\u00eb nga Kosova sot mbushin \u201c\u00c7acilendin\u201d s\u00eb bashku me pararoj\u00ebn e Radoi\u00e7iqit Prishtin\u00eb, 19 korrik 2025 Rada Trajkoviq, kryetare e L\u00ebvizjes<\/p>\n","protected":false},"author":1,"featured_media":4412,"comment_status":"open","ping_status":"open","sticky":false,"template":"","format":"standard","meta":{"footnotes":""},"categories":[58],"tags":[],"class_list":["post-4414","post","type-post","status-publish","format-standard","has-post-thumbnail","hentry","category-politike-sq"],"yoast_head":"<!-- This site is optimized with the Yoast SEO plugin v25.3.1 - https:\/\/yoast.com\/wordpress\/plugins\/seo\/ -->\n<title>Trajkoviq: Shum\u00eb nga njer\u00ebzit tan\u00eb nga Kosova sot mbushin \u201c\u00c7acilendin\u201d s\u00eb bashku me pararoj\u00ebn e Radoi\u00e7iqit -<\/title>\n<meta name=\"robots\" content=\"index, follow, max-snippet:-1, max-image-preview:large, max-video-preview:-1\" \/>\n<link rel=\"canonical\" href=\"https:\/\/veritasinfo.org\/?p=4414\" \/>\n<meta property=\"og:locale\" content=\"en_US\" \/>\n<meta property=\"og:type\" content=\"article\" \/>\n<meta property=\"og:title\" content=\"Trajkoviq: Shum\u00eb nga njer\u00ebzit tan\u00eb nga Kosova sot mbushin \u201c\u00c7acilendin\u201d s\u00eb bashku me pararoj\u00ebn e Radoi\u00e7iqit -\" \/>\n<meta property=\"og:description\" content=\"Trajkoviq: Shum\u00eb nga njer\u00ebzit tan\u00eb nga Kosova sot mbushin \u201c\u00c7acilendin\u201d s\u00eb bashku me pararoj\u00ebn e Radoi\u00e7iqit Prishtin\u00eb, 19 korrik 2025 Rada Trajkoviq, kryetare e L\u00ebvizjes\" \/>\n<meta property=\"og:url\" content=\"https:\/\/veritasinfo.org\/?p=4414\" \/>\n<meta property=\"article:published_time\" content=\"2025-07-19T16:47:06+00:00\" \/>\n<meta property=\"article:modified_time\" content=\"2025-07-19T17:39:39+00:00\" \/>\n<meta property=\"og:image\" content=\"https:\/\/veritasinfo.org\/wp-content\/uploads\/2025\/07\/4aa47d63cdd77be3f062e0107b8004285.jpg\" \/>\n\t<meta property=\"og:image:width\" content=\"1500\" \/>\n\t<meta property=\"og:image:height\" content=\"843\" \/>\n\t<meta property=\"og:image:type\" content=\"image\/jpeg\" \/>\n<meta name=\"author\" content=\"admin\" \/>\n<meta name=\"twitter:card\" content=\"summary_large_image\" \/>\n<meta name=\"twitter:label1\" content=\"Written by\" \/>\n\t<meta name=\"twitter:data1\" content=\"admin\" \/>\n\t<meta name=\"twitter:label2\" content=\"Est. reading time\" \/>\n\t<meta name=\"twitter:data2\" content=\"3 minutes\" \/>\n<script type=\"application\/ld+json\" class=\"yoast-schema-graph\">{\"@context\":\"https:\/\/schema.org\",\"@graph\":[{\"@type\":\"WebPage\",\"@id\":\"https:\/\/veritasinfo.org\/?p=4414\",\"url\":\"https:\/\/veritasinfo.org\/?p=4414\",\"name\":\"Trajkoviq: Shum\u00eb nga njer\u00ebzit tan\u00eb nga Kosova sot mbushin \u201c\u00c7acilendin\u201d s\u00eb bashku me pararoj\u00ebn e Radoi\u00e7iqit -\",\"isPartOf\":{\"@id\":\"https:\/\/veritasinfo.org\/#website\"},\"primaryImageOfPage\":{\"@id\":\"https:\/\/veritasinfo.org\/?p=4414#primaryimage\"},\"image\":{\"@id\":\"https:\/\/veritasinfo.org\/?p=4414#primaryimage\"},\"thumbnailUrl\":\"https:\/\/veritasinfo.org\/wp-content\/uploads\/2025\/07\/4aa47d63cdd77be3f062e0107b8004285.jpg\",\"datePublished\":\"2025-07-19T16:47:06+00:00\",\"dateModified\":\"2025-07-19T17:39:39+00:00\",\"author\":{\"@id\":\"https:\/\/veritasinfo.org\/#\/schema\/person\/7701f8c088bece422266b100a712374f\"},\"breadcrumb\":{\"@id\":\"https:\/\/veritasinfo.org\/?p=4414#breadcrumb\"},\"inLanguage\":\"en-US\",\"potentialAction\":[{\"@type\":\"ReadAction\",\"target\":[\"https:\/\/veritasinfo.org\/?p=4414\"]}]},{\"@type\":\"ImageObject\",\"inLanguage\":\"en-US\",\"@id\":\"https:\/\/veritasinfo.org\/?p=4414#primaryimage\",\"url\":\"https:\/\/veritasinfo.org\/wp-content\/uploads\/2025\/07\/4aa47d63cdd77be3f062e0107b8004285.jpg\",\"contentUrl\":\"https:\/\/veritasinfo.org\/wp-content\/uploads\/2025\/07\/4aa47d63cdd77be3f062e0107b8004285.jpg\",\"width\":1500,\"height\":843},{\"@type\":\"BreadcrumbList\",\"@id\":\"https:\/\/veritasinfo.org\/?p=4414#breadcrumb\",\"itemListElement\":[{\"@type\":\"ListItem\",\"position\":1,\"name\":\"Home\",\"item\":\"https:\/\/veritasinfo.org\/\"},{\"@type\":\"ListItem\",\"position\":2,\"name\":\"Trajkoviq: Shum\u00eb nga njer\u00ebzit tan\u00eb nga Kosova sot mbushin \u201c\u00c7acilendin\u201d s\u00eb bashku me pararoj\u00ebn e Radoi\u00e7iqit\"}]},{\"@type\":\"WebSite\",\"@id\":\"https:\/\/veritasinfo.org\/#website\",\"url\":\"https:\/\/veritasinfo.org\/\",\"name\":\"\",\"description\":\"\",\"potentialAction\":[{\"@type\":\"SearchAction\",\"target\":{\"@type\":\"EntryPoint\",\"urlTemplate\":\"https:\/\/veritasinfo.org\/?s={search_term_string}\"},\"query-input\":{\"@type\":\"PropertyValueSpecification\",\"valueRequired\":true,\"valueName\":\"search_term_string\"}}],\"inLanguage\":\"en-US\"},{\"@type\":\"Person\",\"@id\":\"https:\/\/veritasinfo.org\/#\/schema\/person\/7701f8c088bece422266b100a712374f\",\"name\":\"admin\",\"image\":{\"@type\":\"ImageObject\",\"inLanguage\":\"en-US\",\"@id\":\"https:\/\/veritasinfo.org\/#\/schema\/person\/image\/\",\"url\":\"https:\/\/secure.gravatar.com\/avatar\/ea53aa3bf6c9a12d5fde8ce4deff43fef3885ae33cf60184161a50d6987cfd2f?s=96&d=mm&r=g\",\"contentUrl\":\"https:\/\/secure.gravatar.com\/avatar\/ea53aa3bf6c9a12d5fde8ce4deff43fef3885ae33cf60184161a50d6987cfd2f?s=96&d=mm&r=g\",\"caption\":\"admin\"},\"sameAs\":[\"https:\/\/veritasinfo.org\"],\"url\":\"https:\/\/veritasinfo.org\/?author=1\"}]}<\/script>\n<!-- \/ Yoast SEO plugin. -->","yoast_head_json":{"title":"Trajkoviq: Shum\u00eb nga njer\u00ebzit tan\u00eb nga Kosova sot mbushin \u201c\u00c7acilendin\u201d s\u00eb bashku me pararoj\u00ebn e Radoi\u00e7iqit -","robots":{"index":"index","follow":"follow","max-snippet":"max-snippet:-1","max-image-preview":"max-image-preview:large","max-video-preview":"max-video-preview:-1"},"canonical":"https:\/\/veritasinfo.org\/?p=4414","og_locale":"en_US","og_type":"article","og_title":"Trajkoviq: Shum\u00eb nga njer\u00ebzit tan\u00eb nga Kosova sot mbushin \u201c\u00c7acilendin\u201d s\u00eb bashku me pararoj\u00ebn e Radoi\u00e7iqit -","og_description":"Trajkoviq: Shum\u00eb nga njer\u00ebzit tan\u00eb nga Kosova sot mbushin \u201c\u00c7acilendin\u201d s\u00eb bashku me pararoj\u00ebn e Radoi\u00e7iqit Prishtin\u00eb, 19 korrik 2025 Rada Trajkoviq, kryetare e L\u00ebvizjes","og_url":"https:\/\/veritasinfo.org\/?p=4414","article_published_time":"2025-07-19T16:47:06+00:00","article_modified_time":"2025-07-19T17:39:39+00:00","og_image":[{"width":1500,"height":843,"url":"https:\/\/veritasinfo.org\/wp-content\/uploads\/2025\/07\/4aa47d63cdd77be3f062e0107b8004285.jpg","type":"image\/jpeg"}],"author":"admin","twitter_card":"summary_large_image","twitter_misc":{"Written by":"admin","Est. reading time":"3 minutes"},"schema":{"@context":"https:\/\/schema.org","@graph":[{"@type":"WebPage","@id":"https:\/\/veritasinfo.org\/?p=4414","url":"https:\/\/veritasinfo.org\/?p=4414","name":"Trajkoviq: Shum\u00eb nga njer\u00ebzit tan\u00eb nga Kosova sot mbushin \u201c\u00c7acilendin\u201d s\u00eb bashku me pararoj\u00ebn e Radoi\u00e7iqit -","isPartOf":{"@id":"https:\/\/veritasinfo.org\/#website"},"primaryImageOfPage":{"@id":"https:\/\/veritasinfo.org\/?p=4414#primaryimage"},"image":{"@id":"https:\/\/veritasinfo.org\/?p=4414#primaryimage"},"thumbnailUrl":"https:\/\/veritasinfo.org\/wp-content\/uploads\/2025\/07\/4aa47d63cdd77be3f062e0107b8004285.jpg","datePublished":"2025-07-19T16:47:06+00:00","dateModified":"2025-07-19T17:39:39+00:00","author":{"@id":"https:\/\/veritasinfo.org\/#\/schema\/person\/7701f8c088bece422266b100a712374f"},"breadcrumb":{"@id":"https:\/\/veritasinfo.org\/?p=4414#breadcrumb"},"inLanguage":"en-US","potentialAction":[{"@type":"ReadAction","target":["https:\/\/veritasinfo.org\/?p=4414"]}]},{"@type":"ImageObject","inLanguage":"en-US","@id":"https:\/\/veritasinfo.org\/?p=4414#primaryimage","url":"https:\/\/veritasinfo.org\/wp-content\/uploads\/2025\/07\/4aa47d63cdd77be3f062e0107b8004285.jpg","contentUrl":"https:\/\/veritasinfo.org\/wp-content\/uploads\/2025\/07\/4aa47d63cdd77be3f062e0107b8004285.jpg","width":1500,"height":843},{"@type":"BreadcrumbList","@id":"https:\/\/veritasinfo.org\/?p=4414#breadcrumb","itemListElement":[{"@type":"ListItem","position":1,"name":"Home","item":"https:\/\/veritasinfo.org\/"},{"@type":"ListItem","position":2,"name":"Trajkoviq: Shum\u00eb nga njer\u00ebzit tan\u00eb nga Kosova sot mbushin \u201c\u00c7acilendin\u201d s\u00eb bashku me pararoj\u00ebn e Radoi\u00e7iqit"}]},{"@type":"WebSite","@id":"https:\/\/veritasinfo.org\/#website","url":"https:\/\/veritasinfo.org\/","name":"","description":"","potentialAction":[{"@type":"SearchAction","target":{"@type":"EntryPoint","urlTemplate":"https:\/\/veritasinfo.org\/?s={search_term_string}"},"query-input":{"@type":"PropertyValueSpecification","valueRequired":true,"valueName":"search_term_string"}}],"inLanguage":"en-US"},{"@type":"Person","@id":"https:\/\/veritasinfo.org\/#\/schema\/person\/7701f8c088bece422266b100a712374f","name":"admin","image":{"@type":"ImageObject","inLanguage":"en-US","@id":"https:\/\/veritasinfo.org\/#\/schema\/person\/image\/","url":"https:\/\/secure.gravatar.com\/avatar\/ea53aa3bf6c9a12d5fde8ce4deff43fef3885ae33cf60184161a50d6987cfd2f?s=96&d=mm&r=g","contentUrl":"https:\/\/secure.gravatar.com\/avatar\/ea53aa3bf6c9a12d5fde8ce4deff43fef3885ae33cf60184161a50d6987cfd2f?s=96&d=mm&r=g","caption":"admin"},"sameAs":["https:\/\/veritasinfo.org"],"url":"https:\/\/veritasinfo.org\/?author=1"}]}},"featured_image_urls":{"full":["https:\/\/veritasinfo.org\/wp-content\/uploads\/2025\/07\/4aa47d63cdd77be3f062e0107b8004285.jpg",1500,843,false],"thumbnail":["https:\/\/veritasinfo.org\/wp-content\/uploads\/2025\/07\/4aa47d63cdd77be3f062e0107b8004285-150x150.jpg",150,150,true],"medium":["https:\/\/veritasinfo.org\/wp-content\/uploads\/2025\/07\/4aa47d63cdd77be3f062e0107b8004285-300x169.jpg",300,169,true],"medium_large":["https:\/\/veritasinfo.org\/wp-content\/uploads\/2025\/07\/4aa47d63cdd77be3f062e0107b8004285-768x432.jpg",640,360,true],"large":["https:\/\/veritasinfo.org\/wp-content\/uploads\/2025\/07\/4aa47d63cdd77be3f062e0107b8004285-1024x575.jpg",640,359,true],"1536x1536":["https:\/\/veritasinfo.org\/wp-content\/uploads\/2025\/07\/4aa47d63cdd77be3f062e0107b8004285.jpg",1500,843,false],"2048x2048":["https:\/\/veritasinfo.org\/wp-content\/uploads\/2025\/07\/4aa47d63cdd77be3f062e0107b8004285.jpg",1500,843,false],"kreeti-slider-full":["https:\/\/veritasinfo.org\/wp-content\/uploads\/2025\/07\/4aa47d63cdd77be3f062e0107b8004285.jpg",1280,720,false],"kreeti-featured":["https:\/\/veritasinfo.org\/wp-content\/uploads\/2025\/07\/4aa47d63cdd77be3f062e0107b8004285.jpg",1024,575,false],"kreeti-medium":["https:\/\/veritasinfo.org\/wp-content\/uploads\/2025\/07\/4aa47d63cdd77be3f062e0107b8004285.jpg",720,405,false],"kreeti-medium-square":["https:\/\/veritasinfo.org\/wp-content\/uploads\/2025\/07\/4aa47d63cdd77be3f062e0107b8004285.jpg",350,197,false]},"author_info":{"info":["admin"]},"category_info":"<a href=\"https:\/\/veritasinfo.org\/?cat=58\" rel=\"category\">Politik\u00eb<\/a>","tag_info":"Politik\u00eb","comment_count":"0","_links":{"self":[{"href":"https:\/\/veritasinfo.org\/index.php?rest_route=\/wp\/v2\/posts\/4414","targetHints":{"allow":["GET"]}}],"collection":[{"href":"https:\/\/veritasinfo.org\/index.php?rest_route=\/wp\/v2\/posts"}],"about":[{"href":"https:\/\/veritasinfo.org\/index.php?rest_route=\/wp\/v2\/types\/post"}],"author":[{"embeddable":true,"href":"https:\/\/veritasinfo.org\/index.php?rest_route=\/wp\/v2\/users\/1"}],"replies":[{"embeddable":true,"href":"https:\/\/veritasinfo.org\/index.php?rest_route=%2Fwp%2Fv2%2Fcomments&post=4414"}],"version-history":[{"count":4,"href":"https:\/\/veritasinfo.org\/index.php?rest_route=\/wp\/v2\/posts\/4414\/revisions"}],"predecessor-version":[{"id":4432,"href":"https:\/\/veritasinfo.org\/index.php?rest_route=\/wp\/v2\/posts\/4414\/revisions\/4432"}],"wp:featuredmedia":[{"embeddable":true,"href":"https:\/\/veritasinfo.org\/index.php?rest_route=\/wp\/v2\/media\/4412"}],"wp:attachment":[{"href":"https:\/\/veritasinfo.org\/index.php?rest_route=%2Fwp%2Fv2%2Fmedia&parent=4414"}],"wp:term":[{"taxonomy":"category","embeddable":true,"href":"https:\/\/veritasinfo.org\/index.php?rest_route=%2Fwp%2Fv2%2Fcategories&post=4414"},{"taxonomy":"post_tag","embeddable":true,"href":"https:\/\/veritasinfo.org\/index.php?rest_route=%2Fwp%2Fv2%2Ftags&post=4414"}],"curies":[{"name":"wp","href":"https:\/\/api.w.org\/{rel}","templated":true}]}}