{"id":4405,"date":"2025-07-19T15:04:09","date_gmt":"2025-07-19T13:04:09","guid":{"rendered":"https:\/\/veritasinfo.org\/?p=4405"},"modified":"2025-07-19T15:04:47","modified_gmt":"2025-07-19T13:04:47","slug":"serbia-i-shnderron-humbjet-ushtarake-ne-festa-kombetare","status":"publish","type":"post","link":"https:\/\/veritasinfo.org\/?p=4405","title":{"rendered":"Serbia i shnd\u00ebrron humbjet ushtarake n\u00eb \u201cfesta komb\u00ebtare\u201d"},"content":{"rendered":"<p><strong>Prishtin\u00eb, 19 korrik 2025<\/strong><\/p>\n<p>Qeveria e Serbis\u00eb, ka p\u00ebrfshir\u00eb n\u00eb kalendarin e p\u00ebrkujtimeve t\u00eb festave komb\u00ebtare p\u00ebr vitin 2026 p\u00ebrvjetorin e Betej\u00ebs s\u00eb Pashtrikut dhe p\u00ebrvjetorin e aksionin kroat &#8220;Bljesak&#8221; (Vet\u00ebtima). Ky veprim \u00ebsht\u00eb nd\u00ebrmarr\u00eb me iniciativ\u00eb t\u00eb ministres p\u00ebr kujdesin familjar dhe demografin\u00eb, Milica Gjurgjeviq Stamenkovski, e cila nj\u00ebkoh\u00ebsisht \u00ebsht\u00eb edhe kryetare e partis\u00eb ekstremiste \u201cZavetnici (T\u00eb P\u00ebrbetuarit), e q\u00eb deri n\u00eb lidhjen e koalicionit me Partin\u00eb progresive n\u00eb pushtet, ishte kund\u00ebshtare e ashp\u00ebr e Aleksandar Vu\u00e7i\u00e7it.<\/p>\n<p>P\u00ebrkujtimi i dy betejave \u201cPashtriku\u201d n\u00eb Kosov\u00eb dhe \u201cVet\u00ebtima\u201d n\u00eb Kroaci t\u00eb cilat n\u00eb parim sh\u00ebnuan edhe kapitullimin e agresionit serb n\u00eb territoret fqinje p\u00ebrmes projektit t\u00eb Serbis\u00eb s\u00eb Madhe t\u00eb udh\u00ebhequr nga Sllobodan Millosheviqi e t\u00eb mbeshtetur edhe nga radikal\u00ebt e Vojisllav Sheshelit, jo vet\u00ebm q\u00eb na p\u00ebrkujton\u00eb historin\u00eb e humbjeve serbe duke nisur q\u00eb nga \u201cBeteja e Kosov\u00ebs\u201d e deri m\u00eb sot, porse ato s\u2019jan\u00eb gj\u00eb tjet\u00ebr ve\u00e7se vazhdim\u00ebsi e planit serbo-madh, i cili sot njihet si \u201cBota serbe\u201d, plan ky i inicuar nga presidenti aktual i Serbis\u00eb q\u00eb po p\u00ebrpiqet t\u00eb jet\u00ebsohet nga Aleksandar Vulin me mb\u00ebshtet\u00ebsit e tij n\u00eb rajon, Andrija Mandiq (kryetar aktual i Kuvendit t\u00eb Malit t\u00eb Zi) dhe Milorad Dodik, president aktual i entitetit boshnjak, Republika Srpska, me ndihmen edhe t\u00eb faktorit rus n\u00eb t\u00ebr\u00eb rajonin e Ballkanit dhe m\u00eb gjer\u00eb.<\/p>\n<p>\u201cBeteja e Pashtrikut\u201d e cila filloi me 26 maj 1999 dhe zgjati deri n\u00eb Dit\u00ebn e Clirimit t\u00eb Kosov\u00ebs 12 qershor 1999, ishte pik\u00eb kthese n\u00eb fundin e agresionit serb n\u00eb Kosov\u00eb dhe nd\u00ebrhyrjen e forcave t\u00eb NATO-s.<\/p>\n<p>Beteja \u00a0e cila tash e tutje n\u00eb Serbi do t\u00eb sh\u00ebnohet si dit\u00eb feste, shmangu mund\u00ebsin\u00eb e nj\u00eb sulmi nga NATO me forca tok\u00ebsore, por luajti nj\u00eb rol ky\u00e7 n\u00eb presionin ndaj Millosheviqit p\u00ebr t\u00eb n\u00ebnshkruar Marr\u00ebveshjen e Kumanov\u00ebs (10 qershor 1999), e cila \u00e7oi n\u00eb t\u00ebrheqjen e forcave jugosllave nga Kosov\u00eb.<\/p>\n<p>Kjo betej\u00eb, p\u00ebrvec shkat\u00ebrrimit t\u00eb \u2018Brigad\u00ebs s\u00eb Motorizuar\u2019 t\u00eb ushtris\u00eb jugosllave i shkaktoi Serbis\u00eb edhe humje jet\u00ebsh dhe plagosje t\u00eb shum\u00eb ushtar\u00ebve. Edhe pse zyrtarisht Serbia ka deklaruar se n\u00eb k\u00ebt\u00eb Betej\u00eb humb\u00ebn jet\u00ebn vet\u00ebm 26 ushtar\u00eb serb\u00eb, burimet nd\u00ebrkomb\u00ebtare t\u00eb asaj kohe p\u00ebrfshir\u00eb gazet\u00ebn prestigjioze amerikane \u2018Uashington Post\u201d flasin p\u00ebr nja shif\u00ebr prej 400-600 ushtar\u00ebsh serb t\u00eb vrar\u00eb dhe t\u00ebrhqeje t\u00eb plot\u00eb t\u00eb Ushtris\u00eb jugosllave jo vet\u00ebm nga ajo zon\u00eb, por edhe nga gjith\u00eb Kosova.<\/p>\n<p>K\u00ebsaj situate t\u00eb kapitullimit t\u00eb plot\u00eb t\u00eb Serbis\u00eb, ngjash\u00ebm i kishte paraprir\u00eb edhe ofansiva e Ushtris\u00eb kroate n\u00eb vitin 1995 p\u00ebrmes operacionit t\u00eb njohur \u201cVet\u00ebtima\u201d, aksion ky q\u00eb rezultoi me d\u00ebbimin e ushtris\u00eb jugosllave nga rajoni i vet\u00ebshpallur secesionist \u201cRepublika Srprska Krajina q\u00eb kishte mb\u00ebshtetjen e Beogradit zyrtar.<\/p>\n<p>N\u00eb k\u00ebt operacion Serbia pos humbjeve ushtrake me 283 ushtar\u00eb t\u00eb vrar\u00eb, 500 t\u00eb plagosur dhe me mbi 1500 t\u00eb z\u00ebn\u00eb rob, rezultoi edhe me largimin nga ato territore t\u00eb m\u00eb shum\u00eb se 20 mij\u00eb civil\u00ebve serb, ku nj\u00eb pjes\u00eb e tyre n\u00eb em\u00ebr t\u00eb sistemimit t\u00eb refugjat\u00ebve, u shfryt\u00ebzuan edhe p\u00ebr kolonizimin e Kosov\u00ebs dhe Malit t\u00eb Zi.<\/p>\n","protected":false},"excerpt":{"rendered":"<p>Prishtin\u00eb, 19 korrik 2025 Qeveria e Serbis\u00eb, ka p\u00ebrfshir\u00eb n\u00eb kalendarin e p\u00ebrkujtimeve t\u00eb festave komb\u00ebtare p\u00ebr vitin 2026 p\u00ebrvjetorin e Betej\u00ebs s\u00eb Pashtrikut dhe<\/p>\n","protected":false},"author":2,"featured_media":4408,"comment_status":"open","ping_status":"open","sticky":false,"template":"","format":"standard","meta":{"footnotes":""},"categories":[58],"tags":[],"class_list":["post-4405","post","type-post","status-publish","format-standard","has-post-thumbnail","hentry","category-politike-sq"],"yoast_head":"<!-- This site is optimized with the Yoast SEO plugin v25.3.1 - https:\/\/yoast.com\/wordpress\/plugins\/seo\/ -->\n<title>Serbia i shnd\u00ebrron humbjet ushtarake n\u00eb \u201cfesta komb\u00ebtare\u201d -<\/title>\n<meta name=\"robots\" content=\"index, follow, max-snippet:-1, max-image-preview:large, max-video-preview:-1\" \/>\n<link rel=\"canonical\" href=\"https:\/\/veritasinfo.org\/?p=4405\" \/>\n<meta property=\"og:locale\" content=\"en_US\" \/>\n<meta property=\"og:type\" content=\"article\" \/>\n<meta property=\"og:title\" content=\"Serbia i shnd\u00ebrron humbjet ushtarake n\u00eb \u201cfesta komb\u00ebtare\u201d -\" \/>\n<meta property=\"og:description\" content=\"Prishtin\u00eb, 19 korrik 2025 Qeveria e Serbis\u00eb, ka p\u00ebrfshir\u00eb n\u00eb kalendarin e p\u00ebrkujtimeve t\u00eb festave komb\u00ebtare p\u00ebr vitin 2026 p\u00ebrvjetorin e Betej\u00ebs s\u00eb Pashtrikut dhe\" \/>\n<meta property=\"og:url\" content=\"https:\/\/veritasinfo.org\/?p=4405\" \/>\n<meta property=\"article:published_time\" content=\"2025-07-19T13:04:09+00:00\" \/>\n<meta property=\"article:modified_time\" content=\"2025-07-19T13:04:47+00:00\" \/>\n<meta property=\"og:image\" content=\"https:\/\/veritasinfo.org\/wp-content\/uploads\/2025\/07\/bljesak-2.jpg\" \/>\n\t<meta property=\"og:image:width\" content=\"860\" \/>\n\t<meta property=\"og:image:height\" content=\"560\" \/>\n\t<meta property=\"og:image:type\" content=\"image\/jpeg\" \/>\n<meta name=\"author\" content=\"US1\" \/>\n<meta name=\"twitter:card\" content=\"summary_large_image\" \/>\n<meta name=\"twitter:label1\" content=\"Written by\" \/>\n\t<meta name=\"twitter:data1\" content=\"US1\" \/>\n\t<meta name=\"twitter:label2\" content=\"Est. reading time\" \/>\n\t<meta name=\"twitter:data2\" content=\"3 minutes\" \/>\n<script type=\"application\/ld+json\" class=\"yoast-schema-graph\">{\"@context\":\"https:\/\/schema.org\",\"@graph\":[{\"@type\":\"WebPage\",\"@id\":\"https:\/\/veritasinfo.org\/?p=4405\",\"url\":\"https:\/\/veritasinfo.org\/?p=4405\",\"name\":\"Serbia i shnd\u00ebrron humbjet ushtarake n\u00eb \u201cfesta komb\u00ebtare\u201d -\",\"isPartOf\":{\"@id\":\"https:\/\/veritasinfo.org\/#website\"},\"primaryImageOfPage\":{\"@id\":\"https:\/\/veritasinfo.org\/?p=4405#primaryimage\"},\"image\":{\"@id\":\"https:\/\/veritasinfo.org\/?p=4405#primaryimage\"},\"thumbnailUrl\":\"https:\/\/veritasinfo.org\/wp-content\/uploads\/2025\/07\/bljesak-2.jpg\",\"datePublished\":\"2025-07-19T13:04:09+00:00\",\"dateModified\":\"2025-07-19T13:04:47+00:00\",\"author\":{\"@id\":\"https:\/\/veritasinfo.org\/#\/schema\/person\/c2b8be262ea994d0995addca692c5e98\"},\"breadcrumb\":{\"@id\":\"https:\/\/veritasinfo.org\/?p=4405#breadcrumb\"},\"inLanguage\":\"en-US\",\"potentialAction\":[{\"@type\":\"ReadAction\",\"target\":[\"https:\/\/veritasinfo.org\/?p=4405\"]}]},{\"@type\":\"ImageObject\",\"inLanguage\":\"en-US\",\"@id\":\"https:\/\/veritasinfo.org\/?p=4405#primaryimage\",\"url\":\"https:\/\/veritasinfo.org\/wp-content\/uploads\/2025\/07\/bljesak-2.jpg\",\"contentUrl\":\"https:\/\/veritasinfo.org\/wp-content\/uploads\/2025\/07\/bljesak-2.jpg\",\"width\":860,\"height\":560},{\"@type\":\"BreadcrumbList\",\"@id\":\"https:\/\/veritasinfo.org\/?p=4405#breadcrumb\",\"itemListElement\":[{\"@type\":\"ListItem\",\"position\":1,\"name\":\"Home\",\"item\":\"https:\/\/veritasinfo.org\/\"},{\"@type\":\"ListItem\",\"position\":2,\"name\":\"Serbia i shnd\u00ebrron humbjet ushtarake n\u00eb \u201cfesta komb\u00ebtare\u201d\"}]},{\"@type\":\"WebSite\",\"@id\":\"https:\/\/veritasinfo.org\/#website\",\"url\":\"https:\/\/veritasinfo.org\/\",\"name\":\"\",\"description\":\"\",\"potentialAction\":[{\"@type\":\"SearchAction\",\"target\":{\"@type\":\"EntryPoint\",\"urlTemplate\":\"https:\/\/veritasinfo.org\/?s={search_term_string}\"},\"query-input\":{\"@type\":\"PropertyValueSpecification\",\"valueRequired\":true,\"valueName\":\"search_term_string\"}}],\"inLanguage\":\"en-US\"},{\"@type\":\"Person\",\"@id\":\"https:\/\/veritasinfo.org\/#\/schema\/person\/c2b8be262ea994d0995addca692c5e98\",\"name\":\"US1\",\"image\":{\"@type\":\"ImageObject\",\"inLanguage\":\"en-US\",\"@id\":\"https:\/\/veritasinfo.org\/#\/schema\/person\/image\/\",\"url\":\"https:\/\/secure.gravatar.com\/avatar\/4e96a59bd256abf9956eb9963ac891a47461ffb364d47b0e9aab113328fdb75b?s=96&d=mm&r=g\",\"contentUrl\":\"https:\/\/secure.gravatar.com\/avatar\/4e96a59bd256abf9956eb9963ac891a47461ffb364d47b0e9aab113328fdb75b?s=96&d=mm&r=g\",\"caption\":\"US1\"},\"url\":\"https:\/\/veritasinfo.org\/?author=2\"}]}<\/script>\n<!-- \/ Yoast SEO plugin. -->","yoast_head_json":{"title":"Serbia i shnd\u00ebrron humbjet ushtarake n\u00eb \u201cfesta komb\u00ebtare\u201d -","robots":{"index":"index","follow":"follow","max-snippet":"max-snippet:-1","max-image-preview":"max-image-preview:large","max-video-preview":"max-video-preview:-1"},"canonical":"https:\/\/veritasinfo.org\/?p=4405","og_locale":"en_US","og_type":"article","og_title":"Serbia i shnd\u00ebrron humbjet ushtarake n\u00eb \u201cfesta komb\u00ebtare\u201d -","og_description":"Prishtin\u00eb, 19 korrik 2025 Qeveria e Serbis\u00eb, ka p\u00ebrfshir\u00eb n\u00eb kalendarin e p\u00ebrkujtimeve t\u00eb festave komb\u00ebtare p\u00ebr vitin 2026 p\u00ebrvjetorin e Betej\u00ebs s\u00eb Pashtrikut dhe","og_url":"https:\/\/veritasinfo.org\/?p=4405","article_published_time":"2025-07-19T13:04:09+00:00","article_modified_time":"2025-07-19T13:04:47+00:00","og_image":[{"width":860,"height":560,"url":"https:\/\/veritasinfo.org\/wp-content\/uploads\/2025\/07\/bljesak-2.jpg","type":"image\/jpeg"}],"author":"US1","twitter_card":"summary_large_image","twitter_misc":{"Written by":"US1","Est. reading time":"3 minutes"},"schema":{"@context":"https:\/\/schema.org","@graph":[{"@type":"WebPage","@id":"https:\/\/veritasinfo.org\/?p=4405","url":"https:\/\/veritasinfo.org\/?p=4405","name":"Serbia i shnd\u00ebrron humbjet ushtarake n\u00eb \u201cfesta komb\u00ebtare\u201d -","isPartOf":{"@id":"https:\/\/veritasinfo.org\/#website"},"primaryImageOfPage":{"@id":"https:\/\/veritasinfo.org\/?p=4405#primaryimage"},"image":{"@id":"https:\/\/veritasinfo.org\/?p=4405#primaryimage"},"thumbnailUrl":"https:\/\/veritasinfo.org\/wp-content\/uploads\/2025\/07\/bljesak-2.jpg","datePublished":"2025-07-19T13:04:09+00:00","dateModified":"2025-07-19T13:04:47+00:00","author":{"@id":"https:\/\/veritasinfo.org\/#\/schema\/person\/c2b8be262ea994d0995addca692c5e98"},"breadcrumb":{"@id":"https:\/\/veritasinfo.org\/?p=4405#breadcrumb"},"inLanguage":"en-US","potentialAction":[{"@type":"ReadAction","target":["https:\/\/veritasinfo.org\/?p=4405"]}]},{"@type":"ImageObject","inLanguage":"en-US","@id":"https:\/\/veritasinfo.org\/?p=4405#primaryimage","url":"https:\/\/veritasinfo.org\/wp-content\/uploads\/2025\/07\/bljesak-2.jpg","contentUrl":"https:\/\/veritasinfo.org\/wp-content\/uploads\/2025\/07\/bljesak-2.jpg","width":860,"height":560},{"@type":"BreadcrumbList","@id":"https:\/\/veritasinfo.org\/?p=4405#breadcrumb","itemListElement":[{"@type":"ListItem","position":1,"name":"Home","item":"https:\/\/veritasinfo.org\/"},{"@type":"ListItem","position":2,"name":"Serbia i shnd\u00ebrron humbjet ushtarake n\u00eb \u201cfesta komb\u00ebtare\u201d"}]},{"@type":"WebSite","@id":"https:\/\/veritasinfo.org\/#website","url":"https:\/\/veritasinfo.org\/","name":"","description":"","potentialAction":[{"@type":"SearchAction","target":{"@type":"EntryPoint","urlTemplate":"https:\/\/veritasinfo.org\/?s={search_term_string}"},"query-input":{"@type":"PropertyValueSpecification","valueRequired":true,"valueName":"search_term_string"}}],"inLanguage":"en-US"},{"@type":"Person","@id":"https:\/\/veritasinfo.org\/#\/schema\/person\/c2b8be262ea994d0995addca692c5e98","name":"US1","image":{"@type":"ImageObject","inLanguage":"en-US","@id":"https:\/\/veritasinfo.org\/#\/schema\/person\/image\/","url":"https:\/\/secure.gravatar.com\/avatar\/4e96a59bd256abf9956eb9963ac891a47461ffb364d47b0e9aab113328fdb75b?s=96&d=mm&r=g","contentUrl":"https:\/\/secure.gravatar.com\/avatar\/4e96a59bd256abf9956eb9963ac891a47461ffb364d47b0e9aab113328fdb75b?s=96&d=mm&r=g","caption":"US1"},"url":"https:\/\/veritasinfo.org\/?author=2"}]}},"featured_image_urls":{"full":["https:\/\/veritasinfo.org\/wp-content\/uploads\/2025\/07\/bljesak-2.jpg",860,560,false],"thumbnail":["https:\/\/veritasinfo.org\/wp-content\/uploads\/2025\/07\/bljesak-2-150x150.jpg",150,150,true],"medium":["https:\/\/veritasinfo.org\/wp-content\/uploads\/2025\/07\/bljesak-2-300x195.jpg",300,195,true],"medium_large":["https:\/\/veritasinfo.org\/wp-content\/uploads\/2025\/07\/bljesak-2-768x500.jpg",640,417,true],"large":["https:\/\/veritasinfo.org\/wp-content\/uploads\/2025\/07\/bljesak-2.jpg",640,417,false],"1536x1536":["https:\/\/veritasinfo.org\/wp-content\/uploads\/2025\/07\/bljesak-2.jpg",860,560,false],"2048x2048":["https:\/\/veritasinfo.org\/wp-content\/uploads\/2025\/07\/bljesak-2.jpg",860,560,false],"kreeti-slider-full":["https:\/\/veritasinfo.org\/wp-content\/uploads\/2025\/07\/bljesak-2.jpg",860,560,false],"kreeti-featured":["https:\/\/veritasinfo.org\/wp-content\/uploads\/2025\/07\/bljesak-2.jpg",860,560,false],"kreeti-medium":["https:\/\/veritasinfo.org\/wp-content\/uploads\/2025\/07\/bljesak-2.jpg",720,469,false],"kreeti-medium-square":["https:\/\/veritasinfo.org\/wp-content\/uploads\/2025\/07\/bljesak-2.jpg",350,228,false]},"author_info":{"info":["US1"]},"category_info":"<a href=\"https:\/\/veritasinfo.org\/?cat=58\" rel=\"category\">Politik\u00eb<\/a>","tag_info":"Politik\u00eb","comment_count":"0","_links":{"self":[{"href":"https:\/\/veritasinfo.org\/index.php?rest_route=\/wp\/v2\/posts\/4405","targetHints":{"allow":["GET"]}}],"collection":[{"href":"https:\/\/veritasinfo.org\/index.php?rest_route=\/wp\/v2\/posts"}],"about":[{"href":"https:\/\/veritasinfo.org\/index.php?rest_route=\/wp\/v2\/types\/post"}],"author":[{"embeddable":true,"href":"https:\/\/veritasinfo.org\/index.php?rest_route=\/wp\/v2\/users\/2"}],"replies":[{"embeddable":true,"href":"https:\/\/veritasinfo.org\/index.php?rest_route=%2Fwp%2Fv2%2Fcomments&post=4405"}],"version-history":[{"count":1,"href":"https:\/\/veritasinfo.org\/index.php?rest_route=\/wp\/v2\/posts\/4405\/revisions"}],"predecessor-version":[{"id":4406,"href":"https:\/\/veritasinfo.org\/index.php?rest_route=\/wp\/v2\/posts\/4405\/revisions\/4406"}],"wp:featuredmedia":[{"embeddable":true,"href":"https:\/\/veritasinfo.org\/index.php?rest_route=\/wp\/v2\/media\/4408"}],"wp:attachment":[{"href":"https:\/\/veritasinfo.org\/index.php?rest_route=%2Fwp%2Fv2%2Fmedia&parent=4405"}],"wp:term":[{"taxonomy":"category","embeddable":true,"href":"https:\/\/veritasinfo.org\/index.php?rest_route=%2Fwp%2Fv2%2Fcategories&post=4405"},{"taxonomy":"post_tag","embeddable":true,"href":"https:\/\/veritasinfo.org\/index.php?rest_route=%2Fwp%2Fv2%2Ftags&post=4405"}],"curies":[{"name":"wp","href":"https:\/\/api.w.org\/{rel}","templated":true}]}}