{"id":4403,"date":"2025-07-19T10:57:54","date_gmt":"2025-07-19T08:57:54","guid":{"rendered":"https:\/\/veritasinfo.org\/?p=4403"},"modified":"2025-07-19T10:57:54","modified_gmt":"2025-07-19T08:57:54","slug":"trazi-se-bojkot-srpskih-proizvoda-i-podrska-lokalnim-proizvodjacima","status":"publish","type":"post","link":"https:\/\/veritasinfo.org\/?p=4403&lang=sr","title":{"rendered":"Tra\u017ei se bojkot srpskih proizvoda i podr\u0161ka lokalnim proizvo\u0111a\u010dima"},"content":{"rendered":"<p>Pri\u0161tina, 19. jul 2025.<\/p>\n<p><strong>Gra\u0111ani protiv srpskih proizvoda, zahtevaju podr\u0161ku za lokalne proizvode.<\/strong><\/p>\n<p>Srpska roba se ove godine sna\u017eno vratila na kosovsko tr\u017ei\u0161te, bele\u017ee\u0107i veliki porast uvoza. Samo u prvih pet meseci godine, Kosovo je uvezlo robu iz Srbije u vrednosti od preko 91 milion evra \u2013 oko 117% vi\u0161e u pore\u0111enju sa istim periodom 2024. godine.<\/p>\n<p>Uprkos pozivima na bojkot, ovi proizvodi se i dalje prodaju. Ve\u0107ina gra\u0111ana koje je anketirao KosovaPres je protiv kupovine srpskih proizvoda, isti\u010du\u0107i da favorizovanje lokalnih proizvoda poma\u017ee ekonomiji i bud\u017eetu Kosova.<\/p>\n<p>Basri Hod\u017ea isti\u010de da \u201esrpske proizvode treba bojkotovati\u201c, dodaju\u0107i da bi dr\u017eava trebalo vi\u0161e da ula\u017ee u poljoprivredu i u osnivanje farmi, kako bi potro\u0161a\u010di imali kvalitetne i pristupa\u010dne alternative. Kritikuje posleratne vlade zbog nedostatka podr\u0161ke lokalnim proizvo\u0111a\u010dima.<\/p>\n<p>Valdet Spahijaj nagla\u0161ava da je svest o bojkotima porasla nakon rata i da \u201eKosovo sada ima raznovrsne lokalne proizvode, tako da nema razloga da se fokusira na srpske\u201c.<\/p>\n<p>Musa Kalave\u0161i tako\u0111e ovo vidi kao pitanje principa: \u201eZa\u0161to kupovati strane proizvode kada imamo svoje?\u201c Sejdi Halimi dodaje da konzumiranje lokalnih proizvoda direktno uti\u010de na pobolj\u0161anje kvaliteta i rast kosovskog bud\u017eeta.<\/p>\n<p>Ja\u0161ar Miftari je kategori\u010dan: \u201eNe kupujem ih jer mi se ne svi\u0111aju. Ne verujem onima koje smatramo neprijateljima i nema razloga da ih podr\u017eavamo potro\u0161njom.\u201c<\/p>\n<p>Prema podacima Carine Kosova, trgovinski bilans ostaje negativan, jer je izvoz nizak zbog nedostatka subvencija i politika koje nisu povoljne za lokalne proizvo\u0111a\u010de.<\/p>\n","protected":false},"excerpt":{"rendered":"<p>Pri\u0161tina, 19. jul 2025. Gra\u0111ani protiv srpskih proizvoda, zahtevaju podr\u0161ku za lokalne proizvode. Srpska roba se ove godine sna\u017eno vratila na kosovsko tr\u017ei\u0161te, bele\u017ee\u0107i veliki<\/p>\n","protected":false},"author":1,"featured_media":4401,"comment_status":"open","ping_status":"open","sticky":false,"template":"","format":"standard","meta":{"footnotes":""},"categories":[30],"tags":[],"class_list":["post-4403","post","type-post","status-publish","format-standard","has-post-thumbnail","hentry","category-drustvo"],"yoast_head":"<!-- This site is optimized with the Yoast SEO plugin v25.3.1 - https:\/\/yoast.com\/wordpress\/plugins\/seo\/ -->\n<title>Tra\u017ei se bojkot srpskih proizvoda i podr\u0161ka lokalnim proizvo\u0111a\u010dima -<\/title>\n<meta name=\"robots\" content=\"index, follow, max-snippet:-1, max-image-preview:large, max-video-preview:-1\" \/>\n<link rel=\"canonical\" href=\"https:\/\/veritasinfo.org\/?p=4403&lang=sr\" \/>\n<meta property=\"og:locale\" content=\"en_US\" \/>\n<meta property=\"og:type\" content=\"article\" \/>\n<meta property=\"og:title\" content=\"Tra\u017ei se bojkot srpskih proizvoda i podr\u0161ka lokalnim proizvo\u0111a\u010dima -\" \/>\n<meta property=\"og:description\" content=\"Pri\u0161tina, 19. jul 2025. Gra\u0111ani protiv srpskih proizvoda, zahtevaju podr\u0161ku za lokalne proizvode. Srpska roba se ove godine sna\u017eno vratila na kosovsko tr\u017ei\u0161te, bele\u017ee\u0107i veliki\" \/>\n<meta property=\"og:url\" content=\"https:\/\/veritasinfo.org\/?p=4403&amp;lang=sr\" \/>\n<meta property=\"article:published_time\" content=\"2025-07-19T08:57:54+00:00\" \/>\n<meta property=\"og:image\" content=\"https:\/\/veritasinfo.org\/wp-content\/uploads\/2025\/07\/IMG_1394.png\" \/>\n\t<meta property=\"og:image:width\" content=\"840\" \/>\n\t<meta property=\"og:image:height\" content=\"439\" \/>\n\t<meta property=\"og:image:type\" content=\"image\/png\" \/>\n<meta name=\"author\" content=\"admin\" \/>\n<meta name=\"twitter:card\" content=\"summary_large_image\" \/>\n<meta name=\"twitter:label1\" content=\"Written by\" \/>\n\t<meta name=\"twitter:data1\" content=\"admin\" \/>\n\t<meta name=\"twitter:label2\" content=\"Est. reading time\" \/>\n\t<meta name=\"twitter:data2\" content=\"2 minutes\" \/>\n<script type=\"application\/ld+json\" class=\"yoast-schema-graph\">{\"@context\":\"https:\/\/schema.org\",\"@graph\":[{\"@type\":\"WebPage\",\"@id\":\"https:\/\/veritasinfo.org\/?p=4403&lang=sr\",\"url\":\"https:\/\/veritasinfo.org\/?p=4403&lang=sr\",\"name\":\"Tra\u017ei se bojkot srpskih proizvoda i podr\u0161ka lokalnim proizvo\u0111a\u010dima -\",\"isPartOf\":{\"@id\":\"https:\/\/veritasinfo.org\/#website\"},\"primaryImageOfPage\":{\"@id\":\"https:\/\/veritasinfo.org\/?p=4403&lang=sr#primaryimage\"},\"image\":{\"@id\":\"https:\/\/veritasinfo.org\/?p=4403&lang=sr#primaryimage\"},\"thumbnailUrl\":\"https:\/\/veritasinfo.org\/wp-content\/uploads\/2025\/07\/IMG_1394.png\",\"datePublished\":\"2025-07-19T08:57:54+00:00\",\"author\":{\"@id\":\"https:\/\/veritasinfo.org\/#\/schema\/person\/7701f8c088bece422266b100a712374f\"},\"breadcrumb\":{\"@id\":\"https:\/\/veritasinfo.org\/?p=4403&lang=sr#breadcrumb\"},\"inLanguage\":\"en-US\",\"potentialAction\":[{\"@type\":\"ReadAction\",\"target\":[\"https:\/\/veritasinfo.org\/?p=4403&lang=sr\"]}]},{\"@type\":\"ImageObject\",\"inLanguage\":\"en-US\",\"@id\":\"https:\/\/veritasinfo.org\/?p=4403&lang=sr#primaryimage\",\"url\":\"https:\/\/veritasinfo.org\/wp-content\/uploads\/2025\/07\/IMG_1394.png\",\"contentUrl\":\"https:\/\/veritasinfo.org\/wp-content\/uploads\/2025\/07\/IMG_1394.png\",\"width\":840,\"height\":439},{\"@type\":\"BreadcrumbList\",\"@id\":\"https:\/\/veritasinfo.org\/?p=4403&lang=sr#breadcrumb\",\"itemListElement\":[{\"@type\":\"ListItem\",\"position\":1,\"name\":\"Home\",\"item\":\"https:\/\/veritasinfo.org\/\"},{\"@type\":\"ListItem\",\"position\":2,\"name\":\"Tra\u017ei se bojkot srpskih proizvoda i podr\u0161ka lokalnim proizvo\u0111a\u010dima\"}]},{\"@type\":\"WebSite\",\"@id\":\"https:\/\/veritasinfo.org\/#website\",\"url\":\"https:\/\/veritasinfo.org\/\",\"name\":\"\",\"description\":\"\",\"potentialAction\":[{\"@type\":\"SearchAction\",\"target\":{\"@type\":\"EntryPoint\",\"urlTemplate\":\"https:\/\/veritasinfo.org\/?s={search_term_string}\"},\"query-input\":{\"@type\":\"PropertyValueSpecification\",\"valueRequired\":true,\"valueName\":\"search_term_string\"}}],\"inLanguage\":\"en-US\"},{\"@type\":\"Person\",\"@id\":\"https:\/\/veritasinfo.org\/#\/schema\/person\/7701f8c088bece422266b100a712374f\",\"name\":\"admin\",\"image\":{\"@type\":\"ImageObject\",\"inLanguage\":\"en-US\",\"@id\":\"https:\/\/veritasinfo.org\/#\/schema\/person\/image\/\",\"url\":\"https:\/\/secure.gravatar.com\/avatar\/ea53aa3bf6c9a12d5fde8ce4deff43fef3885ae33cf60184161a50d6987cfd2f?s=96&d=mm&r=g\",\"contentUrl\":\"https:\/\/secure.gravatar.com\/avatar\/ea53aa3bf6c9a12d5fde8ce4deff43fef3885ae33cf60184161a50d6987cfd2f?s=96&d=mm&r=g\",\"caption\":\"admin\"},\"sameAs\":[\"https:\/\/veritasinfo.org\"],\"url\":\"https:\/\/veritasinfo.org\/?author=1\"}]}<\/script>\n<!-- \/ Yoast SEO plugin. -->","yoast_head_json":{"title":"Tra\u017ei se bojkot srpskih proizvoda i podr\u0161ka lokalnim proizvo\u0111a\u010dima -","robots":{"index":"index","follow":"follow","max-snippet":"max-snippet:-1","max-image-preview":"max-image-preview:large","max-video-preview":"max-video-preview:-1"},"canonical":"https:\/\/veritasinfo.org\/?p=4403&lang=sr","og_locale":"en_US","og_type":"article","og_title":"Tra\u017ei se bojkot srpskih proizvoda i podr\u0161ka lokalnim proizvo\u0111a\u010dima -","og_description":"Pri\u0161tina, 19. jul 2025. Gra\u0111ani protiv srpskih proizvoda, zahtevaju podr\u0161ku za lokalne proizvode. Srpska roba se ove godine sna\u017eno vratila na kosovsko tr\u017ei\u0161te, bele\u017ee\u0107i veliki","og_url":"https:\/\/veritasinfo.org\/?p=4403&lang=sr","article_published_time":"2025-07-19T08:57:54+00:00","og_image":[{"width":840,"height":439,"url":"https:\/\/veritasinfo.org\/wp-content\/uploads\/2025\/07\/IMG_1394.png","type":"image\/png"}],"author":"admin","twitter_card":"summary_large_image","twitter_misc":{"Written by":"admin","Est. reading time":"2 minutes"},"schema":{"@context":"https:\/\/schema.org","@graph":[{"@type":"WebPage","@id":"https:\/\/veritasinfo.org\/?p=4403&lang=sr","url":"https:\/\/veritasinfo.org\/?p=4403&lang=sr","name":"Tra\u017ei se bojkot srpskih proizvoda i podr\u0161ka lokalnim proizvo\u0111a\u010dima -","isPartOf":{"@id":"https:\/\/veritasinfo.org\/#website"},"primaryImageOfPage":{"@id":"https:\/\/veritasinfo.org\/?p=4403&lang=sr#primaryimage"},"image":{"@id":"https:\/\/veritasinfo.org\/?p=4403&lang=sr#primaryimage"},"thumbnailUrl":"https:\/\/veritasinfo.org\/wp-content\/uploads\/2025\/07\/IMG_1394.png","datePublished":"2025-07-19T08:57:54+00:00","author":{"@id":"https:\/\/veritasinfo.org\/#\/schema\/person\/7701f8c088bece422266b100a712374f"},"breadcrumb":{"@id":"https:\/\/veritasinfo.org\/?p=4403&lang=sr#breadcrumb"},"inLanguage":"en-US","potentialAction":[{"@type":"ReadAction","target":["https:\/\/veritasinfo.org\/?p=4403&lang=sr"]}]},{"@type":"ImageObject","inLanguage":"en-US","@id":"https:\/\/veritasinfo.org\/?p=4403&lang=sr#primaryimage","url":"https:\/\/veritasinfo.org\/wp-content\/uploads\/2025\/07\/IMG_1394.png","contentUrl":"https:\/\/veritasinfo.org\/wp-content\/uploads\/2025\/07\/IMG_1394.png","width":840,"height":439},{"@type":"BreadcrumbList","@id":"https:\/\/veritasinfo.org\/?p=4403&lang=sr#breadcrumb","itemListElement":[{"@type":"ListItem","position":1,"name":"Home","item":"https:\/\/veritasinfo.org\/"},{"@type":"ListItem","position":2,"name":"Tra\u017ei se bojkot srpskih proizvoda i podr\u0161ka lokalnim proizvo\u0111a\u010dima"}]},{"@type":"WebSite","@id":"https:\/\/veritasinfo.org\/#website","url":"https:\/\/veritasinfo.org\/","name":"","description":"","potentialAction":[{"@type":"SearchAction","target":{"@type":"EntryPoint","urlTemplate":"https:\/\/veritasinfo.org\/?s={search_term_string}"},"query-input":{"@type":"PropertyValueSpecification","valueRequired":true,"valueName":"search_term_string"}}],"inLanguage":"en-US"},{"@type":"Person","@id":"https:\/\/veritasinfo.org\/#\/schema\/person\/7701f8c088bece422266b100a712374f","name":"admin","image":{"@type":"ImageObject","inLanguage":"en-US","@id":"https:\/\/veritasinfo.org\/#\/schema\/person\/image\/","url":"https:\/\/secure.gravatar.com\/avatar\/ea53aa3bf6c9a12d5fde8ce4deff43fef3885ae33cf60184161a50d6987cfd2f?s=96&d=mm&r=g","contentUrl":"https:\/\/secure.gravatar.com\/avatar\/ea53aa3bf6c9a12d5fde8ce4deff43fef3885ae33cf60184161a50d6987cfd2f?s=96&d=mm&r=g","caption":"admin"},"sameAs":["https:\/\/veritasinfo.org"],"url":"https:\/\/veritasinfo.org\/?author=1"}]}},"featured_image_urls":{"full":["https:\/\/veritasinfo.org\/wp-content\/uploads\/2025\/07\/IMG_1394.png",840,439,false],"thumbnail":["https:\/\/veritasinfo.org\/wp-content\/uploads\/2025\/07\/IMG_1394-150x150.png",150,150,true],"medium":["https:\/\/veritasinfo.org\/wp-content\/uploads\/2025\/07\/IMG_1394-300x157.png",300,157,true],"medium_large":["https:\/\/veritasinfo.org\/wp-content\/uploads\/2025\/07\/IMG_1394-768x401.png",640,334,true],"large":["https:\/\/veritasinfo.org\/wp-content\/uploads\/2025\/07\/IMG_1394.png",640,334,false],"1536x1536":["https:\/\/veritasinfo.org\/wp-content\/uploads\/2025\/07\/IMG_1394.png",840,439,false],"2048x2048":["https:\/\/veritasinfo.org\/wp-content\/uploads\/2025\/07\/IMG_1394.png",840,439,false],"kreeti-slider-full":["https:\/\/veritasinfo.org\/wp-content\/uploads\/2025\/07\/IMG_1394.png",840,439,false],"kreeti-featured":["https:\/\/veritasinfo.org\/wp-content\/uploads\/2025\/07\/IMG_1394.png",840,439,false],"kreeti-medium":["https:\/\/veritasinfo.org\/wp-content\/uploads\/2025\/07\/IMG_1394.png",720,376,false],"kreeti-medium-square":["https:\/\/veritasinfo.org\/wp-content\/uploads\/2025\/07\/IMG_1394.png",350,183,false]},"author_info":{"info":["admin"]},"category_info":"<a href=\"https:\/\/veritasinfo.org\/?cat=30&#038;lang=sr\" rel=\"category\">Dru\u0161tvo<\/a>","tag_info":"Dru\u0161tvo","comment_count":"0","_links":{"self":[{"href":"https:\/\/veritasinfo.org\/index.php?rest_route=\/wp\/v2\/posts\/4403","targetHints":{"allow":["GET"]}}],"collection":[{"href":"https:\/\/veritasinfo.org\/index.php?rest_route=\/wp\/v2\/posts"}],"about":[{"href":"https:\/\/veritasinfo.org\/index.php?rest_route=\/wp\/v2\/types\/post"}],"author":[{"embeddable":true,"href":"https:\/\/veritasinfo.org\/index.php?rest_route=\/wp\/v2\/users\/1"}],"replies":[{"embeddable":true,"href":"https:\/\/veritasinfo.org\/index.php?rest_route=%2Fwp%2Fv2%2Fcomments&post=4403"}],"version-history":[{"count":1,"href":"https:\/\/veritasinfo.org\/index.php?rest_route=\/wp\/v2\/posts\/4403\/revisions"}],"predecessor-version":[{"id":4404,"href":"https:\/\/veritasinfo.org\/index.php?rest_route=\/wp\/v2\/posts\/4403\/revisions\/4404"}],"wp:featuredmedia":[{"embeddable":true,"href":"https:\/\/veritasinfo.org\/index.php?rest_route=\/wp\/v2\/media\/4401"}],"wp:attachment":[{"href":"https:\/\/veritasinfo.org\/index.php?rest_route=%2Fwp%2Fv2%2Fmedia&parent=4403"}],"wp:term":[{"taxonomy":"category","embeddable":true,"href":"https:\/\/veritasinfo.org\/index.php?rest_route=%2Fwp%2Fv2%2Fcategories&post=4403"},{"taxonomy":"post_tag","embeddable":true,"href":"https:\/\/veritasinfo.org\/index.php?rest_route=%2Fwp%2Fv2%2Ftags&post=4403"}],"curies":[{"name":"wp","href":"https:\/\/api.w.org\/{rel}","templated":true}]}}