{"id":4400,"date":"2025-07-19T10:45:12","date_gmt":"2025-07-19T08:45:12","guid":{"rendered":"https:\/\/veritasinfo.org\/?p=4400"},"modified":"2025-07-19T10:45:12","modified_gmt":"2025-07-19T08:45:12","slug":"kerkohet-bojkot-i-produkteve-serbe-dhe-mbeshtetje-per-prodhuesit-vendore","status":"publish","type":"post","link":"https:\/\/veritasinfo.org\/?p=4400","title":{"rendered":"K\u00ebrkohet bojkot i produkteve serbe dhe mb\u00ebshtetje p\u00ebr prodhuesit vendor\u00eb"},"content":{"rendered":"<p>Prishtin\u00eb, 19 Korrik 2025<\/p>\n<p><strong>Qytetar\u00ebt kund\u00ebr produkteve serbe, k\u00ebrkojn\u00eb mb\u00ebshtetje p\u00ebr prodhimet vendore<\/strong><\/p>\n<p>Mallrat serbe jan\u00eb rikthyer fuqish\u00ebm n\u00eb tregun e Kosov\u00ebs k\u00ebt\u00eb vit, duke sh\u00ebnuar nj\u00eb rritje t\u00eb madhe t\u00eb importit. Vet\u00ebm n\u00eb pes\u00eb muajt e par\u00eb t\u00eb vitit, Kosova ka importuar nga Serbia mallra n\u00eb vler\u00eb mbi 91 milion\u00eb euro \u2013 rreth 117% m\u00eb shum\u00eb krahasuar me periudh\u00ebn e nj\u00ebjt\u00eb t\u00eb vitit 2024.<\/p>\n<p>Megjith\u00eb thirrjet p\u00ebr bojkot, k\u00ebto produkte vazhdojn\u00eb t\u00eb shiten. Shumica e qytetar\u00ebve t\u00eb anketuar nga KosovaPress shprehen kund\u00ebr blerjes s\u00eb produkteve serbe, duke theksuar se favorizimi i prodhimeve vendore ndihmon ekonomin\u00eb dhe buxhetin e Kosov\u00ebs.<\/p>\n<p>Basri Hoxha thekson se \u201cproduktet serbe duhet t\u00eb bojkotohen\u201d, duke shtuar se shteti duhet t\u00eb investoj\u00eb m\u00eb shum\u00eb n\u00eb bujq\u00ebsi dhe n\u00eb ngritjen e fermave, n\u00eb m\u00ebnyr\u00eb q\u00eb konsumator\u00ebt t\u00eb ken\u00eb alternativa cil\u00ebsore dhe t\u00eb p\u00ebrballueshme. Ai kritikon qeverit\u00eb e pasluft\u00ebs p\u00ebr munges\u00eb mb\u00ebshtetjeje ndaj prodhuesve vendor\u00eb.<\/p>\n<p>Valdet Spahijaj thekson se vet\u00ebdija p\u00ebr bojkot \u00ebsht\u00eb rritur pas luft\u00ebs dhe se \u201cKosova tashm\u00eb ka shum\u00ebllojshm\u00ebri produktesh vendore, prandaj nuk ka arsye p\u00ebr t\u2019u orientuar te ato serbe\u201d.<\/p>\n<p>Edhe Musa Kalaveshi e sheh k\u00ebt\u00eb si \u00e7\u00ebshtje parimore: \u201cPse t\u00eb blejm\u00eb produkte t\u00eb huaja kur i kemi tonat?\u201d. Sejdi Halimi shton se konsumimi i prodhimeve vendore ndikon drejtp\u00ebrdrejt n\u00eb p\u00ebrmir\u00ebsimin e cil\u00ebsis\u00eb dhe n\u00eb rritjen e buxhetit t\u00eb Kosov\u00ebs.<\/p>\n<p>Jashar Miftari shprehet kategorik: \u201cNuk i blej sepse nuk i dua. Nuk u besoj atyre q\u00eb i konsiderojm\u00eb armiq dhe nuk ka arsye t\u2019i mb\u00ebshtesim p\u00ebrmes konsumit.\u201d<\/p>\n<p>Sipas Dogan\u00ebs s\u00eb Kosov\u00ebs, bilanci tregtar mbetet negativ, pasi eksportet jan\u00eb t\u00eb ul\u00ebta p\u00ebr shkak t\u00eb munges\u00ebs s\u00eb subvencioneve dhe politikave jo t\u00eb favorshme p\u00ebr prodhuesit vendor\u00eb.<\/p>\n","protected":false},"excerpt":{"rendered":"<p>Prishtin\u00eb, 19 Korrik 2025 Qytetar\u00ebt kund\u00ebr produkteve serbe, k\u00ebrkojn\u00eb mb\u00ebshtetje p\u00ebr prodhimet vendore Mallrat serbe jan\u00eb rikthyer fuqish\u00ebm n\u00eb tregun e Kosov\u00ebs k\u00ebt\u00eb vit, duke<\/p>\n","protected":false},"author":1,"featured_media":4401,"comment_status":"open","ping_status":"open","sticky":false,"template":"","format":"standard","meta":{"footnotes":""},"categories":[60],"tags":[],"class_list":["post-4400","post","type-post","status-publish","format-standard","has-post-thumbnail","hentry","category-shoqerore-sq"],"yoast_head":"<!-- This site is optimized with the Yoast SEO plugin v25.3.1 - https:\/\/yoast.com\/wordpress\/plugins\/seo\/ -->\n<title>K\u00ebrkohet bojkot i produkteve serbe dhe mb\u00ebshtetje p\u00ebr prodhuesit vendor\u00eb -<\/title>\n<meta name=\"robots\" content=\"index, follow, max-snippet:-1, max-image-preview:large, max-video-preview:-1\" \/>\n<link rel=\"canonical\" href=\"https:\/\/veritasinfo.org\/?p=4400\" \/>\n<meta property=\"og:locale\" content=\"en_US\" \/>\n<meta property=\"og:type\" content=\"article\" \/>\n<meta property=\"og:title\" content=\"K\u00ebrkohet bojkot i produkteve serbe dhe mb\u00ebshtetje p\u00ebr prodhuesit vendor\u00eb -\" \/>\n<meta property=\"og:description\" content=\"Prishtin\u00eb, 19 Korrik 2025 Qytetar\u00ebt kund\u00ebr produkteve serbe, k\u00ebrkojn\u00eb mb\u00ebshtetje p\u00ebr prodhimet vendore Mallrat serbe jan\u00eb rikthyer fuqish\u00ebm n\u00eb tregun e Kosov\u00ebs k\u00ebt\u00eb vit, duke\" \/>\n<meta property=\"og:url\" content=\"https:\/\/veritasinfo.org\/?p=4400\" \/>\n<meta property=\"article:published_time\" content=\"2025-07-19T08:45:12+00:00\" \/>\n<meta property=\"og:image\" content=\"https:\/\/veritasinfo.org\/wp-content\/uploads\/2025\/07\/IMG_1394.png\" \/>\n\t<meta property=\"og:image:width\" content=\"840\" \/>\n\t<meta property=\"og:image:height\" content=\"439\" \/>\n\t<meta property=\"og:image:type\" content=\"image\/png\" \/>\n<meta name=\"author\" content=\"admin\" \/>\n<meta name=\"twitter:card\" content=\"summary_large_image\" \/>\n<meta name=\"twitter:label1\" content=\"Written by\" \/>\n\t<meta name=\"twitter:data1\" content=\"admin\" \/>\n\t<meta name=\"twitter:label2\" content=\"Est. reading time\" \/>\n\t<meta name=\"twitter:data2\" content=\"2 minutes\" \/>\n<script type=\"application\/ld+json\" class=\"yoast-schema-graph\">{\"@context\":\"https:\/\/schema.org\",\"@graph\":[{\"@type\":\"WebPage\",\"@id\":\"https:\/\/veritasinfo.org\/?p=4400\",\"url\":\"https:\/\/veritasinfo.org\/?p=4400\",\"name\":\"K\u00ebrkohet bojkot i produkteve serbe dhe mb\u00ebshtetje p\u00ebr prodhuesit vendor\u00eb -\",\"isPartOf\":{\"@id\":\"https:\/\/veritasinfo.org\/#website\"},\"primaryImageOfPage\":{\"@id\":\"https:\/\/veritasinfo.org\/?p=4400#primaryimage\"},\"image\":{\"@id\":\"https:\/\/veritasinfo.org\/?p=4400#primaryimage\"},\"thumbnailUrl\":\"https:\/\/veritasinfo.org\/wp-content\/uploads\/2025\/07\/IMG_1394.png\",\"datePublished\":\"2025-07-19T08:45:12+00:00\",\"author\":{\"@id\":\"https:\/\/veritasinfo.org\/#\/schema\/person\/7701f8c088bece422266b100a712374f\"},\"breadcrumb\":{\"@id\":\"https:\/\/veritasinfo.org\/?p=4400#breadcrumb\"},\"inLanguage\":\"en-US\",\"potentialAction\":[{\"@type\":\"ReadAction\",\"target\":[\"https:\/\/veritasinfo.org\/?p=4400\"]}]},{\"@type\":\"ImageObject\",\"inLanguage\":\"en-US\",\"@id\":\"https:\/\/veritasinfo.org\/?p=4400#primaryimage\",\"url\":\"https:\/\/veritasinfo.org\/wp-content\/uploads\/2025\/07\/IMG_1394.png\",\"contentUrl\":\"https:\/\/veritasinfo.org\/wp-content\/uploads\/2025\/07\/IMG_1394.png\",\"width\":840,\"height\":439},{\"@type\":\"BreadcrumbList\",\"@id\":\"https:\/\/veritasinfo.org\/?p=4400#breadcrumb\",\"itemListElement\":[{\"@type\":\"ListItem\",\"position\":1,\"name\":\"Home\",\"item\":\"https:\/\/veritasinfo.org\/\"},{\"@type\":\"ListItem\",\"position\":2,\"name\":\"K\u00ebrkohet bojkot i produkteve serbe dhe mb\u00ebshtetje p\u00ebr prodhuesit vendor\u00eb\"}]},{\"@type\":\"WebSite\",\"@id\":\"https:\/\/veritasinfo.org\/#website\",\"url\":\"https:\/\/veritasinfo.org\/\",\"name\":\"\",\"description\":\"\",\"potentialAction\":[{\"@type\":\"SearchAction\",\"target\":{\"@type\":\"EntryPoint\",\"urlTemplate\":\"https:\/\/veritasinfo.org\/?s={search_term_string}\"},\"query-input\":{\"@type\":\"PropertyValueSpecification\",\"valueRequired\":true,\"valueName\":\"search_term_string\"}}],\"inLanguage\":\"en-US\"},{\"@type\":\"Person\",\"@id\":\"https:\/\/veritasinfo.org\/#\/schema\/person\/7701f8c088bece422266b100a712374f\",\"name\":\"admin\",\"image\":{\"@type\":\"ImageObject\",\"inLanguage\":\"en-US\",\"@id\":\"https:\/\/veritasinfo.org\/#\/schema\/person\/image\/\",\"url\":\"https:\/\/secure.gravatar.com\/avatar\/ea53aa3bf6c9a12d5fde8ce4deff43fef3885ae33cf60184161a50d6987cfd2f?s=96&d=mm&r=g\",\"contentUrl\":\"https:\/\/secure.gravatar.com\/avatar\/ea53aa3bf6c9a12d5fde8ce4deff43fef3885ae33cf60184161a50d6987cfd2f?s=96&d=mm&r=g\",\"caption\":\"admin\"},\"sameAs\":[\"https:\/\/veritasinfo.org\"],\"url\":\"https:\/\/veritasinfo.org\/?author=1\"}]}<\/script>\n<!-- \/ Yoast SEO plugin. -->","yoast_head_json":{"title":"K\u00ebrkohet bojkot i produkteve serbe dhe mb\u00ebshtetje p\u00ebr prodhuesit vendor\u00eb -","robots":{"index":"index","follow":"follow","max-snippet":"max-snippet:-1","max-image-preview":"max-image-preview:large","max-video-preview":"max-video-preview:-1"},"canonical":"https:\/\/veritasinfo.org\/?p=4400","og_locale":"en_US","og_type":"article","og_title":"K\u00ebrkohet bojkot i produkteve serbe dhe mb\u00ebshtetje p\u00ebr prodhuesit vendor\u00eb -","og_description":"Prishtin\u00eb, 19 Korrik 2025 Qytetar\u00ebt kund\u00ebr produkteve serbe, k\u00ebrkojn\u00eb mb\u00ebshtetje p\u00ebr prodhimet vendore Mallrat serbe jan\u00eb rikthyer fuqish\u00ebm n\u00eb tregun e Kosov\u00ebs k\u00ebt\u00eb vit, duke","og_url":"https:\/\/veritasinfo.org\/?p=4400","article_published_time":"2025-07-19T08:45:12+00:00","og_image":[{"width":840,"height":439,"url":"https:\/\/veritasinfo.org\/wp-content\/uploads\/2025\/07\/IMG_1394.png","type":"image\/png"}],"author":"admin","twitter_card":"summary_large_image","twitter_misc":{"Written by":"admin","Est. reading time":"2 minutes"},"schema":{"@context":"https:\/\/schema.org","@graph":[{"@type":"WebPage","@id":"https:\/\/veritasinfo.org\/?p=4400","url":"https:\/\/veritasinfo.org\/?p=4400","name":"K\u00ebrkohet bojkot i produkteve serbe dhe mb\u00ebshtetje p\u00ebr prodhuesit vendor\u00eb -","isPartOf":{"@id":"https:\/\/veritasinfo.org\/#website"},"primaryImageOfPage":{"@id":"https:\/\/veritasinfo.org\/?p=4400#primaryimage"},"image":{"@id":"https:\/\/veritasinfo.org\/?p=4400#primaryimage"},"thumbnailUrl":"https:\/\/veritasinfo.org\/wp-content\/uploads\/2025\/07\/IMG_1394.png","datePublished":"2025-07-19T08:45:12+00:00","author":{"@id":"https:\/\/veritasinfo.org\/#\/schema\/person\/7701f8c088bece422266b100a712374f"},"breadcrumb":{"@id":"https:\/\/veritasinfo.org\/?p=4400#breadcrumb"},"inLanguage":"en-US","potentialAction":[{"@type":"ReadAction","target":["https:\/\/veritasinfo.org\/?p=4400"]}]},{"@type":"ImageObject","inLanguage":"en-US","@id":"https:\/\/veritasinfo.org\/?p=4400#primaryimage","url":"https:\/\/veritasinfo.org\/wp-content\/uploads\/2025\/07\/IMG_1394.png","contentUrl":"https:\/\/veritasinfo.org\/wp-content\/uploads\/2025\/07\/IMG_1394.png","width":840,"height":439},{"@type":"BreadcrumbList","@id":"https:\/\/veritasinfo.org\/?p=4400#breadcrumb","itemListElement":[{"@type":"ListItem","position":1,"name":"Home","item":"https:\/\/veritasinfo.org\/"},{"@type":"ListItem","position":2,"name":"K\u00ebrkohet bojkot i produkteve serbe dhe mb\u00ebshtetje p\u00ebr prodhuesit vendor\u00eb"}]},{"@type":"WebSite","@id":"https:\/\/veritasinfo.org\/#website","url":"https:\/\/veritasinfo.org\/","name":"","description":"","potentialAction":[{"@type":"SearchAction","target":{"@type":"EntryPoint","urlTemplate":"https:\/\/veritasinfo.org\/?s={search_term_string}"},"query-input":{"@type":"PropertyValueSpecification","valueRequired":true,"valueName":"search_term_string"}}],"inLanguage":"en-US"},{"@type":"Person","@id":"https:\/\/veritasinfo.org\/#\/schema\/person\/7701f8c088bece422266b100a712374f","name":"admin","image":{"@type":"ImageObject","inLanguage":"en-US","@id":"https:\/\/veritasinfo.org\/#\/schema\/person\/image\/","url":"https:\/\/secure.gravatar.com\/avatar\/ea53aa3bf6c9a12d5fde8ce4deff43fef3885ae33cf60184161a50d6987cfd2f?s=96&d=mm&r=g","contentUrl":"https:\/\/secure.gravatar.com\/avatar\/ea53aa3bf6c9a12d5fde8ce4deff43fef3885ae33cf60184161a50d6987cfd2f?s=96&d=mm&r=g","caption":"admin"},"sameAs":["https:\/\/veritasinfo.org"],"url":"https:\/\/veritasinfo.org\/?author=1"}]}},"featured_image_urls":{"full":["https:\/\/veritasinfo.org\/wp-content\/uploads\/2025\/07\/IMG_1394.png",840,439,false],"thumbnail":["https:\/\/veritasinfo.org\/wp-content\/uploads\/2025\/07\/IMG_1394-150x150.png",150,150,true],"medium":["https:\/\/veritasinfo.org\/wp-content\/uploads\/2025\/07\/IMG_1394-300x157.png",300,157,true],"medium_large":["https:\/\/veritasinfo.org\/wp-content\/uploads\/2025\/07\/IMG_1394-768x401.png",640,334,true],"large":["https:\/\/veritasinfo.org\/wp-content\/uploads\/2025\/07\/IMG_1394.png",640,334,false],"1536x1536":["https:\/\/veritasinfo.org\/wp-content\/uploads\/2025\/07\/IMG_1394.png",840,439,false],"2048x2048":["https:\/\/veritasinfo.org\/wp-content\/uploads\/2025\/07\/IMG_1394.png",840,439,false],"kreeti-slider-full":["https:\/\/veritasinfo.org\/wp-content\/uploads\/2025\/07\/IMG_1394.png",840,439,false],"kreeti-featured":["https:\/\/veritasinfo.org\/wp-content\/uploads\/2025\/07\/IMG_1394.png",840,439,false],"kreeti-medium":["https:\/\/veritasinfo.org\/wp-content\/uploads\/2025\/07\/IMG_1394.png",720,376,false],"kreeti-medium-square":["https:\/\/veritasinfo.org\/wp-content\/uploads\/2025\/07\/IMG_1394.png",350,183,false]},"author_info":{"info":["admin"]},"category_info":"<a href=\"https:\/\/veritasinfo.org\/?cat=60\" rel=\"category\">Shoq\u00ebrore<\/a>","tag_info":"Shoq\u00ebrore","comment_count":"0","_links":{"self":[{"href":"https:\/\/veritasinfo.org\/index.php?rest_route=\/wp\/v2\/posts\/4400","targetHints":{"allow":["GET"]}}],"collection":[{"href":"https:\/\/veritasinfo.org\/index.php?rest_route=\/wp\/v2\/posts"}],"about":[{"href":"https:\/\/veritasinfo.org\/index.php?rest_route=\/wp\/v2\/types\/post"}],"author":[{"embeddable":true,"href":"https:\/\/veritasinfo.org\/index.php?rest_route=\/wp\/v2\/users\/1"}],"replies":[{"embeddable":true,"href":"https:\/\/veritasinfo.org\/index.php?rest_route=%2Fwp%2Fv2%2Fcomments&post=4400"}],"version-history":[{"count":1,"href":"https:\/\/veritasinfo.org\/index.php?rest_route=\/wp\/v2\/posts\/4400\/revisions"}],"predecessor-version":[{"id":4402,"href":"https:\/\/veritasinfo.org\/index.php?rest_route=\/wp\/v2\/posts\/4400\/revisions\/4402"}],"wp:featuredmedia":[{"embeddable":true,"href":"https:\/\/veritasinfo.org\/index.php?rest_route=\/wp\/v2\/media\/4401"}],"wp:attachment":[{"href":"https:\/\/veritasinfo.org\/index.php?rest_route=%2Fwp%2Fv2%2Fmedia&parent=4400"}],"wp:term":[{"taxonomy":"category","embeddable":true,"href":"https:\/\/veritasinfo.org\/index.php?rest_route=%2Fwp%2Fv2%2Fcategories&post=4400"},{"taxonomy":"post_tag","embeddable":true,"href":"https:\/\/veritasinfo.org\/index.php?rest_route=%2Fwp%2Fv2%2Ftags&post=4400"}],"curies":[{"name":"wp","href":"https:\/\/api.w.org\/{rel}","templated":true}]}}