{"id":4395,"date":"2025-07-19T08:47:30","date_gmt":"2025-07-19T06:47:30","guid":{"rendered":"https:\/\/veritasinfo.org\/?p=4395"},"modified":"2025-07-19T08:47:30","modified_gmt":"2025-07-19T06:47:30","slug":"svecla-nakon-hapsenja-popovica-necemo-dozvoliti-uvrede-i-skrnavljenje-nase-istorije","status":"publish","type":"post","link":"https:\/\/veritasinfo.org\/?p=4395&lang=sr","title":{"rendered":"Sve\u00e7la nakon hap\u0161enja Popovi\u0107a: Ne\u0107emo dozvoliti uvrede i skrnavljenje na\u0161e istorije"},"content":{"rendered":"<p>Sve\u00e7la nakon hap\u0161enja Popovi\u0107a: Ne\u0107emo dozvoliti uvrede i skrnavljenje na\u0161e istorije<\/p>\n<p>Pri\u0161tina, 19. jul 2025.<\/p>\n<p>Vr\u0161ilac du\u017enosti ministra unutra\u0161njih poslova Kosova, Xhelal Sve\u00e7la, izjavio je da ne\u0107e dozvoliti uvrede i skrnavljenje istorije Kosova, a posebno ne one koja se odnosi na Oslobodila\u010dku vojsku Kosova (OVK), nakon hap\u0161enja pomo\u0107nika direktora takozvane Kancelarije za Kosovo u Vladi Srbije, Igora Popovi\u0107a, u petak na grani\u010dnom prelazu B\u00ebrnjak.<\/p>\n<p>Popovi\u0107 je uhap\u0161en nakon \u0161to je tokom dana na jednoj ceremoniji u Velikoj Ho\u010di nazvao OVK \u201eteroristi\u010dkom organizacijom\u201c.<\/p>\n<p>U objavi na Facebooku, Sve\u00e7la je naveo da je Popovi\u0107 priveden u policijsku stanicu u Severnoj Mitrovici i da \u0107e protiv njega biti preduzete mere u skladu sa va\u017ee\u0107im zakonima.<\/p>\n<p>\u201e\u017delim da naglasim da je Republika Kosovo demokratska i suverena dr\u017eava. Mi nismo ugrozili nijednu drugu dr\u017eavu, nismo provocirali stanovni\u0161tvo nijedne druge dr\u017eave i ne\u0107emo dozvoliti takve postupke prema nama. Ne\u0107emo tolerisati uvrede i skrnavljenje na\u0161e istorije, a posebno ne na\u0161e oslobodila\u010dke borbe predvo\u0111ene OVK-om. Taj deo na\u0161e istorije u\u017eiva po\u0161tovanje celokupnog progresivnog sveta\u201c, napisao je Sve\u00e7la.<\/p>\n<p>Vr\u0161ilac du\u017enosti ministra je dodao da su izjave u stilu Milo\u0161evi\u0107a ka\u017enjive jer su neistinite.<\/p>\n<p>\u201eIzjave po modelu Milo\u0161evi\u0107a, koje politi\u010dka administracija Srbije pod vo\u0111stvom Vu\u010di\u0107a i dalje odr\u017eava i \u0161iri svuda, jesu za osudu jer su razdorne, neistinite jer su izmi\u0161ljene, i \u0161tetne jer su u suprotnosti sa svim me\u0111unarodnim normama dobrosusedskih odnosa i naprednih dru\u0161tava\u201c, zaklju\u010dio je on.<\/p>\n","protected":false},"excerpt":{"rendered":"<p>Sve\u00e7la nakon hap\u0161enja Popovi\u0107a: Ne\u0107emo dozvoliti uvrede i skrnavljenje na\u0161e istorije Pri\u0161tina, 19. jul 2025. Vr\u0161ilac du\u017enosti ministra unutra\u0161njih poslova Kosova, Xhelal Sve\u00e7la, izjavio je<\/p>\n","protected":false},"author":1,"featured_media":4393,"comment_status":"open","ping_status":"open","sticky":false,"template":"","format":"standard","meta":{"footnotes":""},"categories":[30],"tags":[],"class_list":["post-4395","post","type-post","status-publish","format-standard","has-post-thumbnail","hentry","category-drustvo"],"yoast_head":"<!-- This site is optimized with the Yoast SEO plugin v25.3.1 - https:\/\/yoast.com\/wordpress\/plugins\/seo\/ -->\n<title>Sve\u00e7la nakon hap\u0161enja Popovi\u0107a: Ne\u0107emo dozvoliti uvrede i skrnavljenje na\u0161e istorije -<\/title>\n<meta name=\"robots\" content=\"index, follow, max-snippet:-1, max-image-preview:large, max-video-preview:-1\" \/>\n<link rel=\"canonical\" href=\"https:\/\/veritasinfo.org\/?p=4395&lang=sr\" \/>\n<meta property=\"og:locale\" content=\"en_US\" \/>\n<meta property=\"og:type\" content=\"article\" \/>\n<meta property=\"og:title\" content=\"Sve\u00e7la nakon hap\u0161enja Popovi\u0107a: Ne\u0107emo dozvoliti uvrede i skrnavljenje na\u0161e istorije -\" \/>\n<meta property=\"og:description\" content=\"Sve\u00e7la nakon hap\u0161enja Popovi\u0107a: Ne\u0107emo dozvoliti uvrede i skrnavljenje na\u0161e istorije Pri\u0161tina, 19. jul 2025. Vr\u0161ilac du\u017enosti ministra unutra\u0161njih poslova Kosova, Xhelal Sve\u00e7la, izjavio je\" \/>\n<meta property=\"og:url\" content=\"https:\/\/veritasinfo.org\/?p=4395&amp;lang=sr\" \/>\n<meta property=\"article:published_time\" content=\"2025-07-19T06:47:30+00:00\" \/>\n<meta property=\"og:image\" content=\"https:\/\/veritasinfo.org\/wp-content\/uploads\/2025\/07\/IMG_2157.webp\" \/>\n\t<meta property=\"og:image:width\" content=\"1331\" \/>\n\t<meta property=\"og:image:height\" content=\"749\" \/>\n\t<meta property=\"og:image:type\" content=\"image\/webp\" \/>\n<meta name=\"author\" content=\"admin\" \/>\n<meta name=\"twitter:card\" content=\"summary_large_image\" \/>\n<meta name=\"twitter:label1\" content=\"Written by\" \/>\n\t<meta name=\"twitter:data1\" content=\"admin\" \/>\n\t<meta name=\"twitter:label2\" content=\"Est. reading time\" \/>\n\t<meta name=\"twitter:data2\" content=\"2 minutes\" \/>\n<script type=\"application\/ld+json\" class=\"yoast-schema-graph\">{\"@context\":\"https:\/\/schema.org\",\"@graph\":[{\"@type\":\"WebPage\",\"@id\":\"https:\/\/veritasinfo.org\/?p=4395&lang=sr\",\"url\":\"https:\/\/veritasinfo.org\/?p=4395&lang=sr\",\"name\":\"Sve\u00e7la nakon hap\u0161enja Popovi\u0107a: Ne\u0107emo dozvoliti uvrede i skrnavljenje na\u0161e istorije -\",\"isPartOf\":{\"@id\":\"https:\/\/veritasinfo.org\/#website\"},\"primaryImageOfPage\":{\"@id\":\"https:\/\/veritasinfo.org\/?p=4395&lang=sr#primaryimage\"},\"image\":{\"@id\":\"https:\/\/veritasinfo.org\/?p=4395&lang=sr#primaryimage\"},\"thumbnailUrl\":\"https:\/\/veritasinfo.org\/wp-content\/uploads\/2025\/07\/IMG_2157.webp\",\"datePublished\":\"2025-07-19T06:47:30+00:00\",\"author\":{\"@id\":\"https:\/\/veritasinfo.org\/#\/schema\/person\/7701f8c088bece422266b100a712374f\"},\"breadcrumb\":{\"@id\":\"https:\/\/veritasinfo.org\/?p=4395&lang=sr#breadcrumb\"},\"inLanguage\":\"en-US\",\"potentialAction\":[{\"@type\":\"ReadAction\",\"target\":[\"https:\/\/veritasinfo.org\/?p=4395&lang=sr\"]}]},{\"@type\":\"ImageObject\",\"inLanguage\":\"en-US\",\"@id\":\"https:\/\/veritasinfo.org\/?p=4395&lang=sr#primaryimage\",\"url\":\"https:\/\/veritasinfo.org\/wp-content\/uploads\/2025\/07\/IMG_2157.webp\",\"contentUrl\":\"https:\/\/veritasinfo.org\/wp-content\/uploads\/2025\/07\/IMG_2157.webp\",\"width\":1331,\"height\":749},{\"@type\":\"BreadcrumbList\",\"@id\":\"https:\/\/veritasinfo.org\/?p=4395&lang=sr#breadcrumb\",\"itemListElement\":[{\"@type\":\"ListItem\",\"position\":1,\"name\":\"Home\",\"item\":\"https:\/\/veritasinfo.org\/\"},{\"@type\":\"ListItem\",\"position\":2,\"name\":\"Sve\u00e7la nakon hap\u0161enja Popovi\u0107a: Ne\u0107emo dozvoliti uvrede i skrnavljenje na\u0161e istorije\"}]},{\"@type\":\"WebSite\",\"@id\":\"https:\/\/veritasinfo.org\/#website\",\"url\":\"https:\/\/veritasinfo.org\/\",\"name\":\"\",\"description\":\"\",\"potentialAction\":[{\"@type\":\"SearchAction\",\"target\":{\"@type\":\"EntryPoint\",\"urlTemplate\":\"https:\/\/veritasinfo.org\/?s={search_term_string}\"},\"query-input\":{\"@type\":\"PropertyValueSpecification\",\"valueRequired\":true,\"valueName\":\"search_term_string\"}}],\"inLanguage\":\"en-US\"},{\"@type\":\"Person\",\"@id\":\"https:\/\/veritasinfo.org\/#\/schema\/person\/7701f8c088bece422266b100a712374f\",\"name\":\"admin\",\"image\":{\"@type\":\"ImageObject\",\"inLanguage\":\"en-US\",\"@id\":\"https:\/\/veritasinfo.org\/#\/schema\/person\/image\/\",\"url\":\"https:\/\/secure.gravatar.com\/avatar\/ea53aa3bf6c9a12d5fde8ce4deff43fef3885ae33cf60184161a50d6987cfd2f?s=96&d=mm&r=g\",\"contentUrl\":\"https:\/\/secure.gravatar.com\/avatar\/ea53aa3bf6c9a12d5fde8ce4deff43fef3885ae33cf60184161a50d6987cfd2f?s=96&d=mm&r=g\",\"caption\":\"admin\"},\"sameAs\":[\"https:\/\/veritasinfo.org\"],\"url\":\"https:\/\/veritasinfo.org\/?author=1\"}]}<\/script>\n<!-- \/ Yoast SEO plugin. -->","yoast_head_json":{"title":"Sve\u00e7la nakon hap\u0161enja Popovi\u0107a: Ne\u0107emo dozvoliti uvrede i skrnavljenje na\u0161e istorije -","robots":{"index":"index","follow":"follow","max-snippet":"max-snippet:-1","max-image-preview":"max-image-preview:large","max-video-preview":"max-video-preview:-1"},"canonical":"https:\/\/veritasinfo.org\/?p=4395&lang=sr","og_locale":"en_US","og_type":"article","og_title":"Sve\u00e7la nakon hap\u0161enja Popovi\u0107a: Ne\u0107emo dozvoliti uvrede i skrnavljenje na\u0161e istorije -","og_description":"Sve\u00e7la nakon hap\u0161enja Popovi\u0107a: Ne\u0107emo dozvoliti uvrede i skrnavljenje na\u0161e istorije Pri\u0161tina, 19. jul 2025. Vr\u0161ilac du\u017enosti ministra unutra\u0161njih poslova Kosova, Xhelal Sve\u00e7la, izjavio je","og_url":"https:\/\/veritasinfo.org\/?p=4395&lang=sr","article_published_time":"2025-07-19T06:47:30+00:00","og_image":[{"width":1331,"height":749,"url":"https:\/\/veritasinfo.org\/wp-content\/uploads\/2025\/07\/IMG_2157.webp","type":"image\/webp"}],"author":"admin","twitter_card":"summary_large_image","twitter_misc":{"Written by":"admin","Est. reading time":"2 minutes"},"schema":{"@context":"https:\/\/schema.org","@graph":[{"@type":"WebPage","@id":"https:\/\/veritasinfo.org\/?p=4395&lang=sr","url":"https:\/\/veritasinfo.org\/?p=4395&lang=sr","name":"Sve\u00e7la nakon hap\u0161enja Popovi\u0107a: Ne\u0107emo dozvoliti uvrede i skrnavljenje na\u0161e istorije -","isPartOf":{"@id":"https:\/\/veritasinfo.org\/#website"},"primaryImageOfPage":{"@id":"https:\/\/veritasinfo.org\/?p=4395&lang=sr#primaryimage"},"image":{"@id":"https:\/\/veritasinfo.org\/?p=4395&lang=sr#primaryimage"},"thumbnailUrl":"https:\/\/veritasinfo.org\/wp-content\/uploads\/2025\/07\/IMG_2157.webp","datePublished":"2025-07-19T06:47:30+00:00","author":{"@id":"https:\/\/veritasinfo.org\/#\/schema\/person\/7701f8c088bece422266b100a712374f"},"breadcrumb":{"@id":"https:\/\/veritasinfo.org\/?p=4395&lang=sr#breadcrumb"},"inLanguage":"en-US","potentialAction":[{"@type":"ReadAction","target":["https:\/\/veritasinfo.org\/?p=4395&lang=sr"]}]},{"@type":"ImageObject","inLanguage":"en-US","@id":"https:\/\/veritasinfo.org\/?p=4395&lang=sr#primaryimage","url":"https:\/\/veritasinfo.org\/wp-content\/uploads\/2025\/07\/IMG_2157.webp","contentUrl":"https:\/\/veritasinfo.org\/wp-content\/uploads\/2025\/07\/IMG_2157.webp","width":1331,"height":749},{"@type":"BreadcrumbList","@id":"https:\/\/veritasinfo.org\/?p=4395&lang=sr#breadcrumb","itemListElement":[{"@type":"ListItem","position":1,"name":"Home","item":"https:\/\/veritasinfo.org\/"},{"@type":"ListItem","position":2,"name":"Sve\u00e7la nakon hap\u0161enja Popovi\u0107a: Ne\u0107emo dozvoliti uvrede i skrnavljenje na\u0161e istorije"}]},{"@type":"WebSite","@id":"https:\/\/veritasinfo.org\/#website","url":"https:\/\/veritasinfo.org\/","name":"","description":"","potentialAction":[{"@type":"SearchAction","target":{"@type":"EntryPoint","urlTemplate":"https:\/\/veritasinfo.org\/?s={search_term_string}"},"query-input":{"@type":"PropertyValueSpecification","valueRequired":true,"valueName":"search_term_string"}}],"inLanguage":"en-US"},{"@type":"Person","@id":"https:\/\/veritasinfo.org\/#\/schema\/person\/7701f8c088bece422266b100a712374f","name":"admin","image":{"@type":"ImageObject","inLanguage":"en-US","@id":"https:\/\/veritasinfo.org\/#\/schema\/person\/image\/","url":"https:\/\/secure.gravatar.com\/avatar\/ea53aa3bf6c9a12d5fde8ce4deff43fef3885ae33cf60184161a50d6987cfd2f?s=96&d=mm&r=g","contentUrl":"https:\/\/secure.gravatar.com\/avatar\/ea53aa3bf6c9a12d5fde8ce4deff43fef3885ae33cf60184161a50d6987cfd2f?s=96&d=mm&r=g","caption":"admin"},"sameAs":["https:\/\/veritasinfo.org"],"url":"https:\/\/veritasinfo.org\/?author=1"}]}},"featured_image_urls":{"full":["https:\/\/veritasinfo.org\/wp-content\/uploads\/2025\/07\/IMG_2157.webp",1331,749,false],"thumbnail":["https:\/\/veritasinfo.org\/wp-content\/uploads\/2025\/07\/IMG_2157-150x150.webp",150,150,true],"medium":["https:\/\/veritasinfo.org\/wp-content\/uploads\/2025\/07\/IMG_2157-300x169.webp",300,169,true],"medium_large":["https:\/\/veritasinfo.org\/wp-content\/uploads\/2025\/07\/IMG_2157-768x432.webp",640,360,true],"large":["https:\/\/veritasinfo.org\/wp-content\/uploads\/2025\/07\/IMG_2157-1024x576.webp",640,360,true],"1536x1536":["https:\/\/veritasinfo.org\/wp-content\/uploads\/2025\/07\/IMG_2157.webp",1331,749,false],"2048x2048":["https:\/\/veritasinfo.org\/wp-content\/uploads\/2025\/07\/IMG_2157.webp",1331,749,false],"kreeti-slider-full":["https:\/\/veritasinfo.org\/wp-content\/uploads\/2025\/07\/IMG_2157.webp",1280,720,false],"kreeti-featured":["https:\/\/veritasinfo.org\/wp-content\/uploads\/2025\/07\/IMG_2157.webp",1024,576,false],"kreeti-medium":["https:\/\/veritasinfo.org\/wp-content\/uploads\/2025\/07\/IMG_2157.webp",720,405,false],"kreeti-medium-square":["https:\/\/veritasinfo.org\/wp-content\/uploads\/2025\/07\/IMG_2157.webp",350,197,false]},"author_info":{"info":["admin"]},"category_info":"<a href=\"https:\/\/veritasinfo.org\/?cat=30&#038;lang=sr\" rel=\"category\">Dru\u0161tvo<\/a>","tag_info":"Dru\u0161tvo","comment_count":"0","_links":{"self":[{"href":"https:\/\/veritasinfo.org\/index.php?rest_route=\/wp\/v2\/posts\/4395","targetHints":{"allow":["GET"]}}],"collection":[{"href":"https:\/\/veritasinfo.org\/index.php?rest_route=\/wp\/v2\/posts"}],"about":[{"href":"https:\/\/veritasinfo.org\/index.php?rest_route=\/wp\/v2\/types\/post"}],"author":[{"embeddable":true,"href":"https:\/\/veritasinfo.org\/index.php?rest_route=\/wp\/v2\/users\/1"}],"replies":[{"embeddable":true,"href":"https:\/\/veritasinfo.org\/index.php?rest_route=%2Fwp%2Fv2%2Fcomments&post=4395"}],"version-history":[{"count":1,"href":"https:\/\/veritasinfo.org\/index.php?rest_route=\/wp\/v2\/posts\/4395\/revisions"}],"predecessor-version":[{"id":4397,"href":"https:\/\/veritasinfo.org\/index.php?rest_route=\/wp\/v2\/posts\/4395\/revisions\/4397"}],"wp:featuredmedia":[{"embeddable":true,"href":"https:\/\/veritasinfo.org\/index.php?rest_route=\/wp\/v2\/media\/4393"}],"wp:attachment":[{"href":"https:\/\/veritasinfo.org\/index.php?rest_route=%2Fwp%2Fv2%2Fmedia&parent=4395"}],"wp:term":[{"taxonomy":"category","embeddable":true,"href":"https:\/\/veritasinfo.org\/index.php?rest_route=%2Fwp%2Fv2%2Fcategories&post=4395"},{"taxonomy":"post_tag","embeddable":true,"href":"https:\/\/veritasinfo.org\/index.php?rest_route=%2Fwp%2Fv2%2Ftags&post=4395"}],"curies":[{"name":"wp","href":"https:\/\/api.w.org\/{rel}","templated":true}]}}