{"id":4392,"date":"2025-07-19T08:45:07","date_gmt":"2025-07-19T06:45:07","guid":{"rendered":"https:\/\/veritasinfo.org\/?p=4392"},"modified":"2025-07-19T08:45:07","modified_gmt":"2025-07-19T06:45:07","slug":"svecla-pas-arrestimit-te-popoviqit-nuk-lejojme-fyerje-dhe-perdhosje-te-historise-sone","status":"publish","type":"post","link":"https:\/\/veritasinfo.org\/?p=4392","title":{"rendered":"Sve\u00e7la pas arrestimit t\u00eb Popoviqit: Nuk lejojm\u00eb fyerje dhe p\u00ebrdhosje t\u00eb historis\u00eb son\u00eb"},"content":{"rendered":"<p>Prishtin\u00eb, 19 Korrik 2025<\/p>\n<p style=\"font-weight: 400;\"><span style=\"font-style: inherit; font-weight: inherit;\">Ministri i Brendsh\u00ebm n\u00eb detyr\u00eb, Xhelal Sve\u00e7la, ka th\u00ebn\u00eb se nuk do t\u00eb lejojn\u00eb fyerje dhe p\u00ebrdhosje t\u00eb historis\u00eb s\u00eb Kosov\u00ebs e aq m\u00eb pak t\u00eb Ushtris\u00eb \u00c7lirimtare (U\u00c7K), pas arrestimit t\u00eb ndihm\u00ebsdrejtorit t\u00eb ashtuquajtur\u00ebs Zyr\u00eb p\u00ebr Kosov\u00ebn n\u00eb Qeverin\u00eb e Serbis\u00eb, Igor Popoviq, t\u00eb premten n\u00eb pik\u00ebn kufitare n\u00eb B\u00ebrnjak.<\/span><\/p>\n<p style=\"font-weight: 400;\"><span style=\"font-style: inherit; font-weight: inherit;\">Popoviq u arrestua pasi gjat\u00eb dit\u00ebs n\u00eb nj\u00eb ceremoni n\u00eb Ho\u00e7\u00eb t\u00eb Madhe e cil\u00ebsoi U\u00c7K-n\u00eb si \u201corganizat\u00eb terroriste\u201d.<\/span><\/p>\n<p style=\"font-weight: 400;\"><span style=\"font-style: inherit; font-weight: inherit;\">E n\u00eb nj\u00eb shkrim n\u00eb Facebook, Sve\u00e7la ka th\u00ebn\u00eb se Popoviqi \u00ebsht\u00eb d\u00ebrguar n\u00eb stacionin policor n\u00eb Mitrovic\u00ebn e Veriut dhe ndaj tij pritet t\u00eb merren masa sipas ligjeve n\u00eb fuqi.<\/span><\/p>\n<p style=\"font-weight: 400;\"><span style=\"font-style: inherit; font-weight: inherit;\">\u201cDua t\u00eb theksoj se Republika e Kosov\u00ebs \u00ebsht\u00eb shtet demokratik dhe sovran. Ne as nuk kemi cenuar nj\u00eb shtet tjet\u00ebr, as nuk kemi provokuar popullat\u00ebn e nj\u00eb shteti tjet\u00ebr dhe as nuk do t\u00eb lejojm\u00eb veprime t\u00eb tilla ndaj nesh.\u00a0<\/span> <span style=\"font-style: inherit; font-weight: inherit;\">Nuk do te tolerojm\u00eb fyerje dhe p\u00ebrdhosje t\u00eb historis\u00eb son\u00eb, e aq m\u00eb pak t\u00eb Luft\u00ebs son\u00eb \u00c7lirimtare t\u00eb udh\u00ebhequr nga U\u00c7K-ja. Kjo pjes\u00eb e historis\u00eb g\u00ebzon respektin e t\u00eb gjith\u00eb bot\u00ebs p\u00ebrparimtare\u201d, ka shkruar Sve\u00e7la.<\/span><\/p>\n<p style=\"font-weight: 400;\"><span style=\"font-style: inherit; font-weight: inherit;\">Ministri n\u00eb detyr\u00eb ka th\u00ebn\u00eb se deklaratat e modelit millosheviqian jan\u00eb t\u00eb d\u00ebnueshme sepse jan\u00eb t\u00eb pav\u00ebrteta.<\/span><\/p>\n<p style=\"font-weight: 400;\"><span style=\"font-style: inherit; font-weight: inherit;\">\u201cDeklarimet e modelit millosheviqian, q\u00eb administrata politike e Serbis\u00eb t\u00eb drejtuar nga Vu\u00e7iq i mban ende gjall\u00eb dhe i shp\u00ebrndan kudo, jan\u00eb t\u00eb d\u00ebnueshme sepse jan\u00eb p\u00ebr\u00e7ar\u00ebse, t\u00eb pav\u00ebrteta sepse jan\u00eb t\u00eb trilluara, dhe t\u00eb d\u00ebmshme sepse jan\u00eb n\u00eb kund\u00ebrshtim me \u00e7do norm\u00eb nd\u00ebrkomb\u00ebtare t\u00eb fqinj\u00ebsis\u00eb dhe shoq\u00ebrive p\u00ebrparimtare\u201d, ka shkruar ai.<\/span><\/p>\n<p>&nbsp;<\/p>\n","protected":false},"excerpt":{"rendered":"<p>Prishtin\u00eb, 19 Korrik 2025 Ministri i Brendsh\u00ebm n\u00eb detyr\u00eb, Xhelal Sve\u00e7la, ka th\u00ebn\u00eb se nuk do t\u00eb lejojn\u00eb fyerje dhe p\u00ebrdhosje t\u00eb historis\u00eb s\u00eb Kosov\u00ebs<\/p>\n","protected":false},"author":1,"featured_media":4393,"comment_status":"open","ping_status":"open","sticky":false,"template":"","format":"standard","meta":{"footnotes":""},"categories":[60],"tags":[],"class_list":["post-4392","post","type-post","status-publish","format-standard","has-post-thumbnail","hentry","category-shoqerore-sq"],"yoast_head":"<!-- This site is optimized with the Yoast SEO plugin v25.3.1 - https:\/\/yoast.com\/wordpress\/plugins\/seo\/ -->\n<title>Sve\u00e7la pas arrestimit t\u00eb Popoviqit: Nuk lejojm\u00eb fyerje dhe p\u00ebrdhosje t\u00eb historis\u00eb son\u00eb -<\/title>\n<meta name=\"robots\" content=\"index, follow, max-snippet:-1, max-image-preview:large, max-video-preview:-1\" \/>\n<link rel=\"canonical\" href=\"https:\/\/veritasinfo.org\/?p=4392\" \/>\n<meta property=\"og:locale\" content=\"en_US\" \/>\n<meta property=\"og:type\" content=\"article\" \/>\n<meta property=\"og:title\" content=\"Sve\u00e7la pas arrestimit t\u00eb Popoviqit: Nuk lejojm\u00eb fyerje dhe p\u00ebrdhosje t\u00eb historis\u00eb son\u00eb -\" \/>\n<meta property=\"og:description\" content=\"Prishtin\u00eb, 19 Korrik 2025 Ministri i Brendsh\u00ebm n\u00eb detyr\u00eb, Xhelal Sve\u00e7la, ka th\u00ebn\u00eb se nuk do t\u00eb lejojn\u00eb fyerje dhe p\u00ebrdhosje t\u00eb historis\u00eb s\u00eb Kosov\u00ebs\" \/>\n<meta property=\"og:url\" content=\"https:\/\/veritasinfo.org\/?p=4392\" \/>\n<meta property=\"article:published_time\" content=\"2025-07-19T06:45:07+00:00\" \/>\n<meta property=\"og:image\" content=\"https:\/\/veritasinfo.org\/wp-content\/uploads\/2025\/07\/IMG_2157.webp\" \/>\n\t<meta property=\"og:image:width\" content=\"1331\" \/>\n\t<meta property=\"og:image:height\" content=\"749\" \/>\n\t<meta property=\"og:image:type\" content=\"image\/webp\" \/>\n<meta name=\"author\" content=\"admin\" \/>\n<meta name=\"twitter:card\" content=\"summary_large_image\" \/>\n<meta name=\"twitter:label1\" content=\"Written by\" \/>\n\t<meta name=\"twitter:data1\" content=\"admin\" \/>\n\t<meta name=\"twitter:label2\" content=\"Est. reading time\" \/>\n\t<meta name=\"twitter:data2\" content=\"2 minutes\" \/>\n<script type=\"application\/ld+json\" class=\"yoast-schema-graph\">{\"@context\":\"https:\/\/schema.org\",\"@graph\":[{\"@type\":\"WebPage\",\"@id\":\"https:\/\/veritasinfo.org\/?p=4392\",\"url\":\"https:\/\/veritasinfo.org\/?p=4392\",\"name\":\"Sve\u00e7la pas arrestimit t\u00eb Popoviqit: Nuk lejojm\u00eb fyerje dhe p\u00ebrdhosje t\u00eb historis\u00eb son\u00eb -\",\"isPartOf\":{\"@id\":\"https:\/\/veritasinfo.org\/#website\"},\"primaryImageOfPage\":{\"@id\":\"https:\/\/veritasinfo.org\/?p=4392#primaryimage\"},\"image\":{\"@id\":\"https:\/\/veritasinfo.org\/?p=4392#primaryimage\"},\"thumbnailUrl\":\"https:\/\/veritasinfo.org\/wp-content\/uploads\/2025\/07\/IMG_2157.webp\",\"datePublished\":\"2025-07-19T06:45:07+00:00\",\"author\":{\"@id\":\"https:\/\/veritasinfo.org\/#\/schema\/person\/7701f8c088bece422266b100a712374f\"},\"breadcrumb\":{\"@id\":\"https:\/\/veritasinfo.org\/?p=4392#breadcrumb\"},\"inLanguage\":\"en-US\",\"potentialAction\":[{\"@type\":\"ReadAction\",\"target\":[\"https:\/\/veritasinfo.org\/?p=4392\"]}]},{\"@type\":\"ImageObject\",\"inLanguage\":\"en-US\",\"@id\":\"https:\/\/veritasinfo.org\/?p=4392#primaryimage\",\"url\":\"https:\/\/veritasinfo.org\/wp-content\/uploads\/2025\/07\/IMG_2157.webp\",\"contentUrl\":\"https:\/\/veritasinfo.org\/wp-content\/uploads\/2025\/07\/IMG_2157.webp\",\"width\":1331,\"height\":749},{\"@type\":\"BreadcrumbList\",\"@id\":\"https:\/\/veritasinfo.org\/?p=4392#breadcrumb\",\"itemListElement\":[{\"@type\":\"ListItem\",\"position\":1,\"name\":\"Home\",\"item\":\"https:\/\/veritasinfo.org\/\"},{\"@type\":\"ListItem\",\"position\":2,\"name\":\"Sve\u00e7la pas arrestimit t\u00eb Popoviqit: Nuk lejojm\u00eb fyerje dhe p\u00ebrdhosje t\u00eb historis\u00eb son\u00eb\"}]},{\"@type\":\"WebSite\",\"@id\":\"https:\/\/veritasinfo.org\/#website\",\"url\":\"https:\/\/veritasinfo.org\/\",\"name\":\"\",\"description\":\"\",\"potentialAction\":[{\"@type\":\"SearchAction\",\"target\":{\"@type\":\"EntryPoint\",\"urlTemplate\":\"https:\/\/veritasinfo.org\/?s={search_term_string}\"},\"query-input\":{\"@type\":\"PropertyValueSpecification\",\"valueRequired\":true,\"valueName\":\"search_term_string\"}}],\"inLanguage\":\"en-US\"},{\"@type\":\"Person\",\"@id\":\"https:\/\/veritasinfo.org\/#\/schema\/person\/7701f8c088bece422266b100a712374f\",\"name\":\"admin\",\"image\":{\"@type\":\"ImageObject\",\"inLanguage\":\"en-US\",\"@id\":\"https:\/\/veritasinfo.org\/#\/schema\/person\/image\/\",\"url\":\"https:\/\/secure.gravatar.com\/avatar\/ea53aa3bf6c9a12d5fde8ce4deff43fef3885ae33cf60184161a50d6987cfd2f?s=96&d=mm&r=g\",\"contentUrl\":\"https:\/\/secure.gravatar.com\/avatar\/ea53aa3bf6c9a12d5fde8ce4deff43fef3885ae33cf60184161a50d6987cfd2f?s=96&d=mm&r=g\",\"caption\":\"admin\"},\"sameAs\":[\"https:\/\/veritasinfo.org\"],\"url\":\"https:\/\/veritasinfo.org\/?author=1\"}]}<\/script>\n<!-- \/ Yoast SEO plugin. -->","yoast_head_json":{"title":"Sve\u00e7la pas arrestimit t\u00eb Popoviqit: Nuk lejojm\u00eb fyerje dhe p\u00ebrdhosje t\u00eb historis\u00eb son\u00eb -","robots":{"index":"index","follow":"follow","max-snippet":"max-snippet:-1","max-image-preview":"max-image-preview:large","max-video-preview":"max-video-preview:-1"},"canonical":"https:\/\/veritasinfo.org\/?p=4392","og_locale":"en_US","og_type":"article","og_title":"Sve\u00e7la pas arrestimit t\u00eb Popoviqit: Nuk lejojm\u00eb fyerje dhe p\u00ebrdhosje t\u00eb historis\u00eb son\u00eb -","og_description":"Prishtin\u00eb, 19 Korrik 2025 Ministri i Brendsh\u00ebm n\u00eb detyr\u00eb, Xhelal Sve\u00e7la, ka th\u00ebn\u00eb se nuk do t\u00eb lejojn\u00eb fyerje dhe p\u00ebrdhosje t\u00eb historis\u00eb s\u00eb Kosov\u00ebs","og_url":"https:\/\/veritasinfo.org\/?p=4392","article_published_time":"2025-07-19T06:45:07+00:00","og_image":[{"width":1331,"height":749,"url":"https:\/\/veritasinfo.org\/wp-content\/uploads\/2025\/07\/IMG_2157.webp","type":"image\/webp"}],"author":"admin","twitter_card":"summary_large_image","twitter_misc":{"Written by":"admin","Est. reading time":"2 minutes"},"schema":{"@context":"https:\/\/schema.org","@graph":[{"@type":"WebPage","@id":"https:\/\/veritasinfo.org\/?p=4392","url":"https:\/\/veritasinfo.org\/?p=4392","name":"Sve\u00e7la pas arrestimit t\u00eb Popoviqit: Nuk lejojm\u00eb fyerje dhe p\u00ebrdhosje t\u00eb historis\u00eb son\u00eb -","isPartOf":{"@id":"https:\/\/veritasinfo.org\/#website"},"primaryImageOfPage":{"@id":"https:\/\/veritasinfo.org\/?p=4392#primaryimage"},"image":{"@id":"https:\/\/veritasinfo.org\/?p=4392#primaryimage"},"thumbnailUrl":"https:\/\/veritasinfo.org\/wp-content\/uploads\/2025\/07\/IMG_2157.webp","datePublished":"2025-07-19T06:45:07+00:00","author":{"@id":"https:\/\/veritasinfo.org\/#\/schema\/person\/7701f8c088bece422266b100a712374f"},"breadcrumb":{"@id":"https:\/\/veritasinfo.org\/?p=4392#breadcrumb"},"inLanguage":"en-US","potentialAction":[{"@type":"ReadAction","target":["https:\/\/veritasinfo.org\/?p=4392"]}]},{"@type":"ImageObject","inLanguage":"en-US","@id":"https:\/\/veritasinfo.org\/?p=4392#primaryimage","url":"https:\/\/veritasinfo.org\/wp-content\/uploads\/2025\/07\/IMG_2157.webp","contentUrl":"https:\/\/veritasinfo.org\/wp-content\/uploads\/2025\/07\/IMG_2157.webp","width":1331,"height":749},{"@type":"BreadcrumbList","@id":"https:\/\/veritasinfo.org\/?p=4392#breadcrumb","itemListElement":[{"@type":"ListItem","position":1,"name":"Home","item":"https:\/\/veritasinfo.org\/"},{"@type":"ListItem","position":2,"name":"Sve\u00e7la pas arrestimit t\u00eb Popoviqit: Nuk lejojm\u00eb fyerje dhe p\u00ebrdhosje t\u00eb historis\u00eb son\u00eb"}]},{"@type":"WebSite","@id":"https:\/\/veritasinfo.org\/#website","url":"https:\/\/veritasinfo.org\/","name":"","description":"","potentialAction":[{"@type":"SearchAction","target":{"@type":"EntryPoint","urlTemplate":"https:\/\/veritasinfo.org\/?s={search_term_string}"},"query-input":{"@type":"PropertyValueSpecification","valueRequired":true,"valueName":"search_term_string"}}],"inLanguage":"en-US"},{"@type":"Person","@id":"https:\/\/veritasinfo.org\/#\/schema\/person\/7701f8c088bece422266b100a712374f","name":"admin","image":{"@type":"ImageObject","inLanguage":"en-US","@id":"https:\/\/veritasinfo.org\/#\/schema\/person\/image\/","url":"https:\/\/secure.gravatar.com\/avatar\/ea53aa3bf6c9a12d5fde8ce4deff43fef3885ae33cf60184161a50d6987cfd2f?s=96&d=mm&r=g","contentUrl":"https:\/\/secure.gravatar.com\/avatar\/ea53aa3bf6c9a12d5fde8ce4deff43fef3885ae33cf60184161a50d6987cfd2f?s=96&d=mm&r=g","caption":"admin"},"sameAs":["https:\/\/veritasinfo.org"],"url":"https:\/\/veritasinfo.org\/?author=1"}]}},"featured_image_urls":{"full":["https:\/\/veritasinfo.org\/wp-content\/uploads\/2025\/07\/IMG_2157.webp",1331,749,false],"thumbnail":["https:\/\/veritasinfo.org\/wp-content\/uploads\/2025\/07\/IMG_2157-150x150.webp",150,150,true],"medium":["https:\/\/veritasinfo.org\/wp-content\/uploads\/2025\/07\/IMG_2157-300x169.webp",300,169,true],"medium_large":["https:\/\/veritasinfo.org\/wp-content\/uploads\/2025\/07\/IMG_2157-768x432.webp",640,360,true],"large":["https:\/\/veritasinfo.org\/wp-content\/uploads\/2025\/07\/IMG_2157-1024x576.webp",640,360,true],"1536x1536":["https:\/\/veritasinfo.org\/wp-content\/uploads\/2025\/07\/IMG_2157.webp",1331,749,false],"2048x2048":["https:\/\/veritasinfo.org\/wp-content\/uploads\/2025\/07\/IMG_2157.webp",1331,749,false],"kreeti-slider-full":["https:\/\/veritasinfo.org\/wp-content\/uploads\/2025\/07\/IMG_2157.webp",1280,720,false],"kreeti-featured":["https:\/\/veritasinfo.org\/wp-content\/uploads\/2025\/07\/IMG_2157.webp",1024,576,false],"kreeti-medium":["https:\/\/veritasinfo.org\/wp-content\/uploads\/2025\/07\/IMG_2157.webp",720,405,false],"kreeti-medium-square":["https:\/\/veritasinfo.org\/wp-content\/uploads\/2025\/07\/IMG_2157.webp",350,197,false]},"author_info":{"info":["admin"]},"category_info":"<a href=\"https:\/\/veritasinfo.org\/?cat=60\" rel=\"category\">Shoq\u00ebrore<\/a>","tag_info":"Shoq\u00ebrore","comment_count":"0","_links":{"self":[{"href":"https:\/\/veritasinfo.org\/index.php?rest_route=\/wp\/v2\/posts\/4392","targetHints":{"allow":["GET"]}}],"collection":[{"href":"https:\/\/veritasinfo.org\/index.php?rest_route=\/wp\/v2\/posts"}],"about":[{"href":"https:\/\/veritasinfo.org\/index.php?rest_route=\/wp\/v2\/types\/post"}],"author":[{"embeddable":true,"href":"https:\/\/veritasinfo.org\/index.php?rest_route=\/wp\/v2\/users\/1"}],"replies":[{"embeddable":true,"href":"https:\/\/veritasinfo.org\/index.php?rest_route=%2Fwp%2Fv2%2Fcomments&post=4392"}],"version-history":[{"count":1,"href":"https:\/\/veritasinfo.org\/index.php?rest_route=\/wp\/v2\/posts\/4392\/revisions"}],"predecessor-version":[{"id":4394,"href":"https:\/\/veritasinfo.org\/index.php?rest_route=\/wp\/v2\/posts\/4392\/revisions\/4394"}],"wp:featuredmedia":[{"embeddable":true,"href":"https:\/\/veritasinfo.org\/index.php?rest_route=\/wp\/v2\/media\/4393"}],"wp:attachment":[{"href":"https:\/\/veritasinfo.org\/index.php?rest_route=%2Fwp%2Fv2%2Fmedia&parent=4392"}],"wp:term":[{"taxonomy":"category","embeddable":true,"href":"https:\/\/veritasinfo.org\/index.php?rest_route=%2Fwp%2Fv2%2Fcategories&post=4392"},{"taxonomy":"post_tag","embeddable":true,"href":"https:\/\/veritasinfo.org\/index.php?rest_route=%2Fwp%2Fv2%2Ftags&post=4392"}],"curies":[{"name":"wp","href":"https:\/\/api.w.org\/{rel}","templated":true}]}}