{"id":4364,"date":"2025-07-19T07:25:43","date_gmt":"2025-07-19T05:25:43","guid":{"rendered":"https:\/\/veritasinfo.org\/?p=4364"},"modified":"2025-07-18T23:35:55","modified_gmt":"2025-07-18T21:35:55","slug":"osmani-e-qelaj-bashkerendojne-veprimet-per-te-drejtave-te-njeriut","status":"publish","type":"post","link":"https:\/\/veritasinfo.org\/?p=4364","title":{"rendered":"Osmani e Qelaj bashk\u00ebrendojn\u00eb veprimet p\u00ebr t\u00eb drejtave t\u00eb njeriut"},"content":{"rendered":"<p>Prishtin\u00eb, 19 Korrik 2025<\/p>\n<p><strong>Presidentja e Kosov\u00ebs, Vjosa Osmani, priti sot n\u00eb takim Avokatin e Popullit, Naim Qelaj me t\u00eb cilin diskutuan mbi gjendjen aktuale t\u00eb t\u00eb drejtave t\u00eb njeriut n\u00eb vend, si dhe sfidat me t\u00eb cilat p\u00ebrballen qytetar\u00ebt e Kosov\u00ebs n\u00eb k\u00ebt\u00eb drejtim.<\/strong><\/p>\n<p>&nbsp;<\/p>\n<p>Presidentja Osmani vuri n\u00eb dukje r\u00ebnd\u00ebsin\u00eb e bashk\u00ebpunimit t\u00eb ngusht\u00eb nd\u00ebrmjet institucioneve vendore dhe partner\u00ebve nd\u00ebrkomb\u00ebtar\u00eb p\u00ebr t\u00eb garantuar dhe promovuar t\u00eb drejtat e njeriut p\u00ebr t\u00eb gjith\u00eb qytetar\u00ebt, pa asnj\u00eb dallim.<\/p>\n<p>Ajo theksoi gjithashtu nevoj\u00ebn q\u00eb institucionet shtet\u00ebrore t\u00eb jen\u00eb t\u00eb p\u00ebrkushtuara n\u00eb zbatimin e rekomandimeve t\u00eb Avokatit t\u00eb Popullit, duke i konsideruar ato si mjete thelb\u00ebsore p\u00ebr forcimin e sundimit t\u00eb ligjit dhe avancimin e t\u00eb drejtave themelore.<\/p>\n<p>Nga ana e tij, Avokati i Popullit e informoi presidenten Osmani p\u00ebr \u00e7\u00ebshtjet m\u00eb t\u00eb shpeshta q\u00eb trajtohen n\u00eb institucionin q\u00eb ai udh\u00ebheq. T\u00eb dy pal\u00ebt u pajtuan p\u00ebr nevoj\u00ebn e vazhdimit t\u00eb bashk\u00ebpunimit institucional n\u00eb funksion t\u00eb mbrojtjes dhe p\u00ebrmir\u00ebsimit t\u00eb t\u00eb drejtave t\u00eb njeriut n\u00eb Kosov\u00eb.<\/p>\n<p>&nbsp;<\/p>\n","protected":false},"excerpt":{"rendered":"<p>Prishtin\u00eb, 19 Korrik 2025 Presidentja e Kosov\u00ebs, Vjosa Osmani, priti sot n\u00eb takim Avokatin e Popullit, Naim Qelaj me t\u00eb cilin diskutuan mbi gjendjen aktuale<\/p>\n","protected":false},"author":1,"featured_media":4365,"comment_status":"open","ping_status":"open","sticky":false,"template":"","format":"standard","meta":{"footnotes":""},"categories":[58],"tags":[],"class_list":["post-4364","post","type-post","status-publish","format-standard","has-post-thumbnail","hentry","category-politike-sq"],"yoast_head":"<!-- This site is optimized with the Yoast SEO plugin v25.3.1 - https:\/\/yoast.com\/wordpress\/plugins\/seo\/ -->\n<title>Osmani e Qelaj bashk\u00ebrendojn\u00eb veprimet p\u00ebr t\u00eb drejtave t\u00eb njeriut -<\/title>\n<meta name=\"robots\" content=\"index, follow, max-snippet:-1, max-image-preview:large, max-video-preview:-1\" \/>\n<link rel=\"canonical\" href=\"https:\/\/veritasinfo.org\/?p=4364\" \/>\n<meta property=\"og:locale\" content=\"en_US\" \/>\n<meta property=\"og:type\" content=\"article\" \/>\n<meta property=\"og:title\" content=\"Osmani e Qelaj bashk\u00ebrendojn\u00eb veprimet p\u00ebr t\u00eb drejtave t\u00eb njeriut -\" \/>\n<meta property=\"og:description\" content=\"Prishtin\u00eb, 19 Korrik 2025 Presidentja e Kosov\u00ebs, Vjosa Osmani, priti sot n\u00eb takim Avokatin e Popullit, Naim Qelaj me t\u00eb cilin diskutuan mbi gjendjen aktuale\" \/>\n<meta property=\"og:url\" content=\"https:\/\/veritasinfo.org\/?p=4364\" \/>\n<meta property=\"article:published_time\" content=\"2025-07-19T05:25:43+00:00\" \/>\n<meta property=\"og:image\" content=\"https:\/\/veritasinfo.org\/wp-content\/uploads\/2025\/07\/IMG_2154.jpeg\" \/>\n\t<meta property=\"og:image:width\" content=\"780\" \/>\n\t<meta property=\"og:image:height\" content=\"500\" \/>\n\t<meta property=\"og:image:type\" content=\"image\/jpeg\" \/>\n<meta name=\"author\" content=\"admin\" \/>\n<meta name=\"twitter:card\" content=\"summary_large_image\" \/>\n<meta name=\"twitter:label1\" content=\"Written by\" \/>\n\t<meta name=\"twitter:data1\" content=\"admin\" \/>\n\t<meta name=\"twitter:label2\" content=\"Est. reading time\" \/>\n\t<meta name=\"twitter:data2\" content=\"1 minute\" \/>\n<script type=\"application\/ld+json\" class=\"yoast-schema-graph\">{\"@context\":\"https:\/\/schema.org\",\"@graph\":[{\"@type\":\"WebPage\",\"@id\":\"https:\/\/veritasinfo.org\/?p=4364\",\"url\":\"https:\/\/veritasinfo.org\/?p=4364\",\"name\":\"Osmani e Qelaj bashk\u00ebrendojn\u00eb veprimet p\u00ebr t\u00eb drejtave t\u00eb njeriut -\",\"isPartOf\":{\"@id\":\"https:\/\/veritasinfo.org\/#website\"},\"primaryImageOfPage\":{\"@id\":\"https:\/\/veritasinfo.org\/?p=4364#primaryimage\"},\"image\":{\"@id\":\"https:\/\/veritasinfo.org\/?p=4364#primaryimage\"},\"thumbnailUrl\":\"https:\/\/veritasinfo.org\/wp-content\/uploads\/2025\/07\/IMG_2154.jpeg\",\"datePublished\":\"2025-07-19T05:25:43+00:00\",\"author\":{\"@id\":\"https:\/\/veritasinfo.org\/#\/schema\/person\/7701f8c088bece422266b100a712374f\"},\"breadcrumb\":{\"@id\":\"https:\/\/veritasinfo.org\/?p=4364#breadcrumb\"},\"inLanguage\":\"en-US\",\"potentialAction\":[{\"@type\":\"ReadAction\",\"target\":[\"https:\/\/veritasinfo.org\/?p=4364\"]}]},{\"@type\":\"ImageObject\",\"inLanguage\":\"en-US\",\"@id\":\"https:\/\/veritasinfo.org\/?p=4364#primaryimage\",\"url\":\"https:\/\/veritasinfo.org\/wp-content\/uploads\/2025\/07\/IMG_2154.jpeg\",\"contentUrl\":\"https:\/\/veritasinfo.org\/wp-content\/uploads\/2025\/07\/IMG_2154.jpeg\",\"width\":780,\"height\":500},{\"@type\":\"BreadcrumbList\",\"@id\":\"https:\/\/veritasinfo.org\/?p=4364#breadcrumb\",\"itemListElement\":[{\"@type\":\"ListItem\",\"position\":1,\"name\":\"Home\",\"item\":\"https:\/\/veritasinfo.org\/\"},{\"@type\":\"ListItem\",\"position\":2,\"name\":\"Osmani e Qelaj bashk\u00ebrendojn\u00eb veprimet p\u00ebr t\u00eb drejtave t\u00eb njeriut\"}]},{\"@type\":\"WebSite\",\"@id\":\"https:\/\/veritasinfo.org\/#website\",\"url\":\"https:\/\/veritasinfo.org\/\",\"name\":\"\",\"description\":\"\",\"potentialAction\":[{\"@type\":\"SearchAction\",\"target\":{\"@type\":\"EntryPoint\",\"urlTemplate\":\"https:\/\/veritasinfo.org\/?s={search_term_string}\"},\"query-input\":{\"@type\":\"PropertyValueSpecification\",\"valueRequired\":true,\"valueName\":\"search_term_string\"}}],\"inLanguage\":\"en-US\"},{\"@type\":\"Person\",\"@id\":\"https:\/\/veritasinfo.org\/#\/schema\/person\/7701f8c088bece422266b100a712374f\",\"name\":\"admin\",\"image\":{\"@type\":\"ImageObject\",\"inLanguage\":\"en-US\",\"@id\":\"https:\/\/veritasinfo.org\/#\/schema\/person\/image\/\",\"url\":\"https:\/\/secure.gravatar.com\/avatar\/ea53aa3bf6c9a12d5fde8ce4deff43fef3885ae33cf60184161a50d6987cfd2f?s=96&d=mm&r=g\",\"contentUrl\":\"https:\/\/secure.gravatar.com\/avatar\/ea53aa3bf6c9a12d5fde8ce4deff43fef3885ae33cf60184161a50d6987cfd2f?s=96&d=mm&r=g\",\"caption\":\"admin\"},\"sameAs\":[\"https:\/\/veritasinfo.org\"],\"url\":\"https:\/\/veritasinfo.org\/?author=1\"}]}<\/script>\n<!-- \/ Yoast SEO plugin. -->","yoast_head_json":{"title":"Osmani e Qelaj bashk\u00ebrendojn\u00eb veprimet p\u00ebr t\u00eb drejtave t\u00eb njeriut -","robots":{"index":"index","follow":"follow","max-snippet":"max-snippet:-1","max-image-preview":"max-image-preview:large","max-video-preview":"max-video-preview:-1"},"canonical":"https:\/\/veritasinfo.org\/?p=4364","og_locale":"en_US","og_type":"article","og_title":"Osmani e Qelaj bashk\u00ebrendojn\u00eb veprimet p\u00ebr t\u00eb drejtave t\u00eb njeriut -","og_description":"Prishtin\u00eb, 19 Korrik 2025 Presidentja e Kosov\u00ebs, Vjosa Osmani, priti sot n\u00eb takim Avokatin e Popullit, Naim Qelaj me t\u00eb cilin diskutuan mbi gjendjen aktuale","og_url":"https:\/\/veritasinfo.org\/?p=4364","article_published_time":"2025-07-19T05:25:43+00:00","og_image":[{"width":780,"height":500,"url":"https:\/\/veritasinfo.org\/wp-content\/uploads\/2025\/07\/IMG_2154.jpeg","type":"image\/jpeg"}],"author":"admin","twitter_card":"summary_large_image","twitter_misc":{"Written by":"admin","Est. reading time":"1 minute"},"schema":{"@context":"https:\/\/schema.org","@graph":[{"@type":"WebPage","@id":"https:\/\/veritasinfo.org\/?p=4364","url":"https:\/\/veritasinfo.org\/?p=4364","name":"Osmani e Qelaj bashk\u00ebrendojn\u00eb veprimet p\u00ebr t\u00eb drejtave t\u00eb njeriut -","isPartOf":{"@id":"https:\/\/veritasinfo.org\/#website"},"primaryImageOfPage":{"@id":"https:\/\/veritasinfo.org\/?p=4364#primaryimage"},"image":{"@id":"https:\/\/veritasinfo.org\/?p=4364#primaryimage"},"thumbnailUrl":"https:\/\/veritasinfo.org\/wp-content\/uploads\/2025\/07\/IMG_2154.jpeg","datePublished":"2025-07-19T05:25:43+00:00","author":{"@id":"https:\/\/veritasinfo.org\/#\/schema\/person\/7701f8c088bece422266b100a712374f"},"breadcrumb":{"@id":"https:\/\/veritasinfo.org\/?p=4364#breadcrumb"},"inLanguage":"en-US","potentialAction":[{"@type":"ReadAction","target":["https:\/\/veritasinfo.org\/?p=4364"]}]},{"@type":"ImageObject","inLanguage":"en-US","@id":"https:\/\/veritasinfo.org\/?p=4364#primaryimage","url":"https:\/\/veritasinfo.org\/wp-content\/uploads\/2025\/07\/IMG_2154.jpeg","contentUrl":"https:\/\/veritasinfo.org\/wp-content\/uploads\/2025\/07\/IMG_2154.jpeg","width":780,"height":500},{"@type":"BreadcrumbList","@id":"https:\/\/veritasinfo.org\/?p=4364#breadcrumb","itemListElement":[{"@type":"ListItem","position":1,"name":"Home","item":"https:\/\/veritasinfo.org\/"},{"@type":"ListItem","position":2,"name":"Osmani e Qelaj bashk\u00ebrendojn\u00eb veprimet p\u00ebr t\u00eb drejtave t\u00eb njeriut"}]},{"@type":"WebSite","@id":"https:\/\/veritasinfo.org\/#website","url":"https:\/\/veritasinfo.org\/","name":"","description":"","potentialAction":[{"@type":"SearchAction","target":{"@type":"EntryPoint","urlTemplate":"https:\/\/veritasinfo.org\/?s={search_term_string}"},"query-input":{"@type":"PropertyValueSpecification","valueRequired":true,"valueName":"search_term_string"}}],"inLanguage":"en-US"},{"@type":"Person","@id":"https:\/\/veritasinfo.org\/#\/schema\/person\/7701f8c088bece422266b100a712374f","name":"admin","image":{"@type":"ImageObject","inLanguage":"en-US","@id":"https:\/\/veritasinfo.org\/#\/schema\/person\/image\/","url":"https:\/\/secure.gravatar.com\/avatar\/ea53aa3bf6c9a12d5fde8ce4deff43fef3885ae33cf60184161a50d6987cfd2f?s=96&d=mm&r=g","contentUrl":"https:\/\/secure.gravatar.com\/avatar\/ea53aa3bf6c9a12d5fde8ce4deff43fef3885ae33cf60184161a50d6987cfd2f?s=96&d=mm&r=g","caption":"admin"},"sameAs":["https:\/\/veritasinfo.org"],"url":"https:\/\/veritasinfo.org\/?author=1"}]}},"featured_image_urls":{"full":["https:\/\/veritasinfo.org\/wp-content\/uploads\/2025\/07\/IMG_2154.jpeg",780,500,false],"thumbnail":["https:\/\/veritasinfo.org\/wp-content\/uploads\/2025\/07\/IMG_2154-150x150.jpeg",150,150,true],"medium":["https:\/\/veritasinfo.org\/wp-content\/uploads\/2025\/07\/IMG_2154-300x192.jpeg",300,192,true],"medium_large":["https:\/\/veritasinfo.org\/wp-content\/uploads\/2025\/07\/IMG_2154-768x492.jpeg",640,410,true],"large":["https:\/\/veritasinfo.org\/wp-content\/uploads\/2025\/07\/IMG_2154.jpeg",640,410,false],"1536x1536":["https:\/\/veritasinfo.org\/wp-content\/uploads\/2025\/07\/IMG_2154.jpeg",780,500,false],"2048x2048":["https:\/\/veritasinfo.org\/wp-content\/uploads\/2025\/07\/IMG_2154.jpeg",780,500,false],"kreeti-slider-full":["https:\/\/veritasinfo.org\/wp-content\/uploads\/2025\/07\/IMG_2154.jpeg",780,500,false],"kreeti-featured":["https:\/\/veritasinfo.org\/wp-content\/uploads\/2025\/07\/IMG_2154.jpeg",780,500,false],"kreeti-medium":["https:\/\/veritasinfo.org\/wp-content\/uploads\/2025\/07\/IMG_2154.jpeg",720,462,false],"kreeti-medium-square":["https:\/\/veritasinfo.org\/wp-content\/uploads\/2025\/07\/IMG_2154.jpeg",350,224,false]},"author_info":{"info":["admin"]},"category_info":"<a href=\"https:\/\/veritasinfo.org\/?cat=58\" rel=\"category\">Politik\u00eb<\/a>","tag_info":"Politik\u00eb","comment_count":"0","_links":{"self":[{"href":"https:\/\/veritasinfo.org\/index.php?rest_route=\/wp\/v2\/posts\/4364","targetHints":{"allow":["GET"]}}],"collection":[{"href":"https:\/\/veritasinfo.org\/index.php?rest_route=\/wp\/v2\/posts"}],"about":[{"href":"https:\/\/veritasinfo.org\/index.php?rest_route=\/wp\/v2\/types\/post"}],"author":[{"embeddable":true,"href":"https:\/\/veritasinfo.org\/index.php?rest_route=\/wp\/v2\/users\/1"}],"replies":[{"embeddable":true,"href":"https:\/\/veritasinfo.org\/index.php?rest_route=%2Fwp%2Fv2%2Fcomments&post=4364"}],"version-history":[{"count":1,"href":"https:\/\/veritasinfo.org\/index.php?rest_route=\/wp\/v2\/posts\/4364\/revisions"}],"predecessor-version":[{"id":4366,"href":"https:\/\/veritasinfo.org\/index.php?rest_route=\/wp\/v2\/posts\/4364\/revisions\/4366"}],"wp:featuredmedia":[{"embeddable":true,"href":"https:\/\/veritasinfo.org\/index.php?rest_route=\/wp\/v2\/media\/4365"}],"wp:attachment":[{"href":"https:\/\/veritasinfo.org\/index.php?rest_route=%2Fwp%2Fv2%2Fmedia&parent=4364"}],"wp:term":[{"taxonomy":"category","embeddable":true,"href":"https:\/\/veritasinfo.org\/index.php?rest_route=%2Fwp%2Fv2%2Fcategories&post=4364"},{"taxonomy":"post_tag","embeddable":true,"href":"https:\/\/veritasinfo.org\/index.php?rest_route=%2Fwp%2Fv2%2Ftags&post=4364"}],"curies":[{"name":"wp","href":"https:\/\/api.w.org\/{rel}","templated":true}]}}