{"id":43601,"date":"2026-04-16T21:37:40","date_gmt":"2026-04-16T19:37:40","guid":{"rendered":"https:\/\/veritasinfo.org\/?p=43601"},"modified":"2026-04-16T21:37:40","modified_gmt":"2026-04-16T19:37:40","slug":"tuzilastvo-nakon-primanja-injekcija-pelevic-i-drugi-ubili-15-civila-i-nestali-16-drugih","status":"publish","type":"post","link":"https:\/\/veritasinfo.org\/?p=43601&lang=sr","title":{"rendered":"Tu\u017eila\u0161tvo: Nakon primanja injekcija, Pelevic\u0301 i drugi ubili 15 civila i nestali 16 drugih"},"content":{"rendered":"<p>Pri\u0161tina, 16. april 2026 21:37<br \/>\nOsnovni sud u Pri\u0161tini odredio je mesec dana pritvora za Dejana Pelevic\u0301a, osumnji\u010denog za ratne zlo\u010dine u Skenderaju. Prema navodima Tu\u017eila\u0161tva, ovaj osumnji\u010deni i drugi uniformisani ljudi, nakon primanja injekcija, krenuli su da izvr\u0161e zlo\u010dine u dva pravca, ubiv\u0161i 15 albanskih civila i nestav\u0161i 16 drugih.<br \/>\nU \u010detvrtak su Dejanu Pelevic\u0301u na sudu pro\u010ditani zlo\u010dini za koje Tu\u017eila\u0161tvo veruje da ih je po\u010dinio pre 27 godina u op\u0161tini Skenderaj, uklju\u010dujuc\u0301i li\u0161avanje \u017eivota 15 albanskih civila.<br \/>\nBiv\u0161i oficir MUP-a Srbije, koji je uhap\u0161en pre dva dana na severu, seo je na optu\u017eeni\u010dku klupu osumnji\u010denih, jer je osumnji\u010den za krivi\u010dno delo \u201eRatni zlo\u010din protiv civilnog stanovni\u0161tva\u201c.<br \/>\nU zahtevu Tu\u017eila\u0161tva za pritvor se navodi da su Pelevic\u0301 i drugi pripadnici srpskih snaga krenuli da izvr\u0161e zlo\u010dine iz policijske stanice, gde su prethodno primali injekcije od ljudi u belim mantilima.<br \/>\n\u201eJedan broj snaga iz ovih jedinica, obele\u017eenih belom kamufla\u017enom odec\u0301om, krenuo je ka policijskoj stanici i tamo je u formaciji od dve osobe kratko stajao dok tri osobe obu\u010dene u bele mantile, sli\u010dne medicinskom osoblju, nisu si\u0161le sa balkona policijske stanice &#8211; Skenderaj i dale injekcije pripadnicima srpskih snaga, zatim su se srpske snage podelile u dva pravca: jedna formacija se uputila ka kuc\u0301ama preko puta stanice, dok se druga ka drugom delu grada. Na koordinisan na\u010din, grupe od 3-4 pripadnika u\u0161le su u svaku kuc\u0301u, zatim je primenjeno te\u0161ko nasilje, ubijani su nevini civili i izazvan je teror me\u0111u albanskim stanovni\u0161tvom. Tokom ove nezakonite operacije srpskih snaga, u dvori\u0161tima i kuc\u0301ama naselja i na mestu zvanom Pi\u0161at, pored proterivanja, paljenja kuc\u0301a i imovine, plja\u010dke i nehumanog mu\u010denja stanovnika, ubijeno je petnaest (15) albanskih civila, a nestalo je \u0161esnaest (16) drugih albanskih civila, nenaoru\u017eanih i koji nisu u\u010destvovali u ratu\u201c, navodi se u zahtevu tu\u017eila\u0161tva.<br \/>\nPrema zahtevu tu\u017eila\u0161tva, osumnji\u010deni Pelevic\u0301 je u martu 1999. godine, kao slu\u017ebeno lice MUP-a Republike Srbije, zajedno sa drugim licima iz policijskih i vojnih snaga, pokrenuo akciju iz fabrike municije, radi plja\u010dke i proterivanja albanskih civila.<\/p>\n<p>\u201eBrojne vojne i policijske snage su prvobitno bile koncentrisane na lokaciji fabrike municije u selu Prekaz, a odatle su se razi\u0161le krec\u0301uc\u0301i se u formacijama sa vojnim i policijskim vozilima. Vojne formacije su poja\u010dale periferne polo\u017eaje grada postavljanjem dodatne mehanizacije i ljudstva na ulazima i izlazima iz grada i na nekim ta\u010dkama su dominirale kako bi spre\u010dile kretanje gra\u0111ana u i iz grada Skenderaj. Neke formacije iz elitnih jedinica MUP-a koje su direktno delovale u izvr\u0161enju zlo\u010dina bile su obu\u010dene u bele uniforme, maske i crne rukavice\u201c, navodi se u zahtevu tu\u017eila\u0161tva.<\/p>\n","protected":false},"excerpt":{"rendered":"<p>Pri\u0161tina, 16. april 2026 21:37 Osnovni sud u Pri\u0161tini odredio je mesec dana pritvora za Dejana Pelevic\u0301a, osumnji\u010denog za ratne zlo\u010dine u Skenderaju. Prema navodima<\/p>\n","protected":false},"author":2,"featured_media":43602,"comment_status":"open","ping_status":"open","sticky":false,"template":"","format":"standard","meta":{"footnotes":""},"categories":[30],"tags":[],"class_list":["post-43601","post","type-post","status-publish","format-standard","has-post-thumbnail","hentry","category-drustvo"],"yoast_head":"<!-- This site is optimized with the Yoast SEO plugin v25.3.1 - https:\/\/yoast.com\/wordpress\/plugins\/seo\/ -->\n<title>Tu\u017eila\u0161tvo: Nakon primanja injekcija, Pelevic\u0301 i drugi ubili 15 civila i nestali 16 drugih -<\/title>\n<meta name=\"robots\" content=\"index, follow, max-snippet:-1, max-image-preview:large, max-video-preview:-1\" \/>\n<link rel=\"canonical\" href=\"https:\/\/veritasinfo.org\/?p=43601&lang=sr\" \/>\n<meta property=\"og:locale\" content=\"en_US\" \/>\n<meta property=\"og:type\" content=\"article\" \/>\n<meta property=\"og:title\" content=\"Tu\u017eila\u0161tvo: Nakon primanja injekcija, Pelevic\u0301 i drugi ubili 15 civila i nestali 16 drugih -\" \/>\n<meta property=\"og:description\" content=\"Pri\u0161tina, 16. april 2026 21:37 Osnovni sud u Pri\u0161tini odredio je mesec dana pritvora za Dejana Pelevic\u0301a, osumnji\u010denog za ratne zlo\u010dine u Skenderaju. Prema navodima\" \/>\n<meta property=\"og:url\" content=\"https:\/\/veritasinfo.org\/?p=43601&amp;lang=sr\" \/>\n<meta property=\"article:published_time\" content=\"2026-04-16T19:37:40+00:00\" \/>\n<meta property=\"og:image\" content=\"https:\/\/veritasinfo.org\/wp-content\/uploads\/2026\/04\/prokuroia-1.webp\" \/>\n\t<meta property=\"og:image:width\" content=\"600\" \/>\n\t<meta property=\"og:image:height\" content=\"360\" \/>\n\t<meta property=\"og:image:type\" content=\"image\/webp\" \/>\n<meta name=\"author\" content=\"US1\" \/>\n<meta name=\"twitter:card\" content=\"summary_large_image\" \/>\n<meta name=\"twitter:label1\" content=\"Written by\" \/>\n\t<meta name=\"twitter:data1\" content=\"US1\" \/>\n\t<meta name=\"twitter:label2\" content=\"Est. reading time\" \/>\n\t<meta name=\"twitter:data2\" content=\"3 minutes\" \/>\n<script type=\"application\/ld+json\" class=\"yoast-schema-graph\">{\"@context\":\"https:\/\/schema.org\",\"@graph\":[{\"@type\":\"WebPage\",\"@id\":\"https:\/\/veritasinfo.org\/?p=43601&lang=sr\",\"url\":\"https:\/\/veritasinfo.org\/?p=43601&lang=sr\",\"name\":\"Tu\u017eila\u0161tvo: Nakon primanja injekcija, Pelevic\u0301 i drugi ubili 15 civila i nestali 16 drugih -\",\"isPartOf\":{\"@id\":\"https:\/\/veritasinfo.org\/#website\"},\"primaryImageOfPage\":{\"@id\":\"https:\/\/veritasinfo.org\/?p=43601&lang=sr#primaryimage\"},\"image\":{\"@id\":\"https:\/\/veritasinfo.org\/?p=43601&lang=sr#primaryimage\"},\"thumbnailUrl\":\"https:\/\/veritasinfo.org\/wp-content\/uploads\/2026\/04\/prokuroia-1.webp\",\"datePublished\":\"2026-04-16T19:37:40+00:00\",\"author\":{\"@id\":\"https:\/\/veritasinfo.org\/#\/schema\/person\/c2b8be262ea994d0995addca692c5e98\"},\"breadcrumb\":{\"@id\":\"https:\/\/veritasinfo.org\/?p=43601&lang=sr#breadcrumb\"},\"inLanguage\":\"en-US\",\"potentialAction\":[{\"@type\":\"ReadAction\",\"target\":[\"https:\/\/veritasinfo.org\/?p=43601&lang=sr\"]}]},{\"@type\":\"ImageObject\",\"inLanguage\":\"en-US\",\"@id\":\"https:\/\/veritasinfo.org\/?p=43601&lang=sr#primaryimage\",\"url\":\"https:\/\/veritasinfo.org\/wp-content\/uploads\/2026\/04\/prokuroia-1.webp\",\"contentUrl\":\"https:\/\/veritasinfo.org\/wp-content\/uploads\/2026\/04\/prokuroia-1.webp\",\"width\":600,\"height\":360},{\"@type\":\"BreadcrumbList\",\"@id\":\"https:\/\/veritasinfo.org\/?p=43601&lang=sr#breadcrumb\",\"itemListElement\":[{\"@type\":\"ListItem\",\"position\":1,\"name\":\"Home\",\"item\":\"https:\/\/veritasinfo.org\/\"},{\"@type\":\"ListItem\",\"position\":2,\"name\":\"Tu\u017eila\u0161tvo: Nakon primanja injekcija, Pelevic\u0301 i drugi ubili 15 civila i nestali 16 drugih\"}]},{\"@type\":\"WebSite\",\"@id\":\"https:\/\/veritasinfo.org\/#website\",\"url\":\"https:\/\/veritasinfo.org\/\",\"name\":\"\",\"description\":\"\",\"potentialAction\":[{\"@type\":\"SearchAction\",\"target\":{\"@type\":\"EntryPoint\",\"urlTemplate\":\"https:\/\/veritasinfo.org\/?s={search_term_string}\"},\"query-input\":{\"@type\":\"PropertyValueSpecification\",\"valueRequired\":true,\"valueName\":\"search_term_string\"}}],\"inLanguage\":\"en-US\"},{\"@type\":\"Person\",\"@id\":\"https:\/\/veritasinfo.org\/#\/schema\/person\/c2b8be262ea994d0995addca692c5e98\",\"name\":\"US1\",\"image\":{\"@type\":\"ImageObject\",\"inLanguage\":\"en-US\",\"@id\":\"https:\/\/veritasinfo.org\/#\/schema\/person\/image\/\",\"url\":\"https:\/\/secure.gravatar.com\/avatar\/4e96a59bd256abf9956eb9963ac891a47461ffb364d47b0e9aab113328fdb75b?s=96&d=mm&r=g\",\"contentUrl\":\"https:\/\/secure.gravatar.com\/avatar\/4e96a59bd256abf9956eb9963ac891a47461ffb364d47b0e9aab113328fdb75b?s=96&d=mm&r=g\",\"caption\":\"US1\"},\"url\":\"https:\/\/veritasinfo.org\/?author=2\"}]}<\/script>\n<!-- \/ Yoast SEO plugin. -->","yoast_head_json":{"title":"Tu\u017eila\u0161tvo: Nakon primanja injekcija, Pelevic\u0301 i drugi ubili 15 civila i nestali 16 drugih -","robots":{"index":"index","follow":"follow","max-snippet":"max-snippet:-1","max-image-preview":"max-image-preview:large","max-video-preview":"max-video-preview:-1"},"canonical":"https:\/\/veritasinfo.org\/?p=43601&lang=sr","og_locale":"en_US","og_type":"article","og_title":"Tu\u017eila\u0161tvo: Nakon primanja injekcija, Pelevic\u0301 i drugi ubili 15 civila i nestali 16 drugih -","og_description":"Pri\u0161tina, 16. april 2026 21:37 Osnovni sud u Pri\u0161tini odredio je mesec dana pritvora za Dejana Pelevic\u0301a, osumnji\u010denog za ratne zlo\u010dine u Skenderaju. Prema navodima","og_url":"https:\/\/veritasinfo.org\/?p=43601&lang=sr","article_published_time":"2026-04-16T19:37:40+00:00","og_image":[{"width":600,"height":360,"url":"https:\/\/veritasinfo.org\/wp-content\/uploads\/2026\/04\/prokuroia-1.webp","type":"image\/webp"}],"author":"US1","twitter_card":"summary_large_image","twitter_misc":{"Written by":"US1","Est. reading time":"3 minutes"},"schema":{"@context":"https:\/\/schema.org","@graph":[{"@type":"WebPage","@id":"https:\/\/veritasinfo.org\/?p=43601&lang=sr","url":"https:\/\/veritasinfo.org\/?p=43601&lang=sr","name":"Tu\u017eila\u0161tvo: Nakon primanja injekcija, Pelevic\u0301 i drugi ubili 15 civila i nestali 16 drugih -","isPartOf":{"@id":"https:\/\/veritasinfo.org\/#website"},"primaryImageOfPage":{"@id":"https:\/\/veritasinfo.org\/?p=43601&lang=sr#primaryimage"},"image":{"@id":"https:\/\/veritasinfo.org\/?p=43601&lang=sr#primaryimage"},"thumbnailUrl":"https:\/\/veritasinfo.org\/wp-content\/uploads\/2026\/04\/prokuroia-1.webp","datePublished":"2026-04-16T19:37:40+00:00","author":{"@id":"https:\/\/veritasinfo.org\/#\/schema\/person\/c2b8be262ea994d0995addca692c5e98"},"breadcrumb":{"@id":"https:\/\/veritasinfo.org\/?p=43601&lang=sr#breadcrumb"},"inLanguage":"en-US","potentialAction":[{"@type":"ReadAction","target":["https:\/\/veritasinfo.org\/?p=43601&lang=sr"]}]},{"@type":"ImageObject","inLanguage":"en-US","@id":"https:\/\/veritasinfo.org\/?p=43601&lang=sr#primaryimage","url":"https:\/\/veritasinfo.org\/wp-content\/uploads\/2026\/04\/prokuroia-1.webp","contentUrl":"https:\/\/veritasinfo.org\/wp-content\/uploads\/2026\/04\/prokuroia-1.webp","width":600,"height":360},{"@type":"BreadcrumbList","@id":"https:\/\/veritasinfo.org\/?p=43601&lang=sr#breadcrumb","itemListElement":[{"@type":"ListItem","position":1,"name":"Home","item":"https:\/\/veritasinfo.org\/"},{"@type":"ListItem","position":2,"name":"Tu\u017eila\u0161tvo: Nakon primanja injekcija, Pelevic\u0301 i drugi ubili 15 civila i nestali 16 drugih"}]},{"@type":"WebSite","@id":"https:\/\/veritasinfo.org\/#website","url":"https:\/\/veritasinfo.org\/","name":"","description":"","potentialAction":[{"@type":"SearchAction","target":{"@type":"EntryPoint","urlTemplate":"https:\/\/veritasinfo.org\/?s={search_term_string}"},"query-input":{"@type":"PropertyValueSpecification","valueRequired":true,"valueName":"search_term_string"}}],"inLanguage":"en-US"},{"@type":"Person","@id":"https:\/\/veritasinfo.org\/#\/schema\/person\/c2b8be262ea994d0995addca692c5e98","name":"US1","image":{"@type":"ImageObject","inLanguage":"en-US","@id":"https:\/\/veritasinfo.org\/#\/schema\/person\/image\/","url":"https:\/\/secure.gravatar.com\/avatar\/4e96a59bd256abf9956eb9963ac891a47461ffb364d47b0e9aab113328fdb75b?s=96&d=mm&r=g","contentUrl":"https:\/\/secure.gravatar.com\/avatar\/4e96a59bd256abf9956eb9963ac891a47461ffb364d47b0e9aab113328fdb75b?s=96&d=mm&r=g","caption":"US1"},"url":"https:\/\/veritasinfo.org\/?author=2"}]}},"featured_image_urls":{"full":["https:\/\/veritasinfo.org\/wp-content\/uploads\/2026\/04\/prokuroia-1.webp",600,360,false],"thumbnail":["https:\/\/veritasinfo.org\/wp-content\/uploads\/2026\/04\/prokuroia-1-150x150.webp",150,150,true],"medium":["https:\/\/veritasinfo.org\/wp-content\/uploads\/2026\/04\/prokuroia-1-300x180.webp",300,180,true],"medium_large":["https:\/\/veritasinfo.org\/wp-content\/uploads\/2026\/04\/prokuroia-1.webp",600,360,false],"large":["https:\/\/veritasinfo.org\/wp-content\/uploads\/2026\/04\/prokuroia-1.webp",600,360,false],"1536x1536":["https:\/\/veritasinfo.org\/wp-content\/uploads\/2026\/04\/prokuroia-1.webp",600,360,false],"2048x2048":["https:\/\/veritasinfo.org\/wp-content\/uploads\/2026\/04\/prokuroia-1.webp",600,360,false],"kreeti-slider-full":["https:\/\/veritasinfo.org\/wp-content\/uploads\/2026\/04\/prokuroia-1.webp",600,360,false],"kreeti-featured":["https:\/\/veritasinfo.org\/wp-content\/uploads\/2026\/04\/prokuroia-1.webp",600,360,false],"kreeti-medium":["https:\/\/veritasinfo.org\/wp-content\/uploads\/2026\/04\/prokuroia-1.webp",600,360,false],"kreeti-medium-square":["https:\/\/veritasinfo.org\/wp-content\/uploads\/2026\/04\/prokuroia-1-350x350.webp",350,350,true]},"author_info":{"info":["US1"]},"category_info":"<a href=\"https:\/\/veritasinfo.org\/?cat=30&#038;lang=sr\" rel=\"category\">Dru\u0161tvo<\/a>","tag_info":"Dru\u0161tvo","comment_count":"0","_links":{"self":[{"href":"https:\/\/veritasinfo.org\/index.php?rest_route=\/wp\/v2\/posts\/43601","targetHints":{"allow":["GET"]}}],"collection":[{"href":"https:\/\/veritasinfo.org\/index.php?rest_route=\/wp\/v2\/posts"}],"about":[{"href":"https:\/\/veritasinfo.org\/index.php?rest_route=\/wp\/v2\/types\/post"}],"author":[{"embeddable":true,"href":"https:\/\/veritasinfo.org\/index.php?rest_route=\/wp\/v2\/users\/2"}],"replies":[{"embeddable":true,"href":"https:\/\/veritasinfo.org\/index.php?rest_route=%2Fwp%2Fv2%2Fcomments&post=43601"}],"version-history":[{"count":1,"href":"https:\/\/veritasinfo.org\/index.php?rest_route=\/wp\/v2\/posts\/43601\/revisions"}],"predecessor-version":[{"id":43603,"href":"https:\/\/veritasinfo.org\/index.php?rest_route=\/wp\/v2\/posts\/43601\/revisions\/43603"}],"wp:featuredmedia":[{"embeddable":true,"href":"https:\/\/veritasinfo.org\/index.php?rest_route=\/wp\/v2\/media\/43602"}],"wp:attachment":[{"href":"https:\/\/veritasinfo.org\/index.php?rest_route=%2Fwp%2Fv2%2Fmedia&parent=43601"}],"wp:term":[{"taxonomy":"category","embeddable":true,"href":"https:\/\/veritasinfo.org\/index.php?rest_route=%2Fwp%2Fv2%2Fcategories&post=43601"},{"taxonomy":"post_tag","embeddable":true,"href":"https:\/\/veritasinfo.org\/index.php?rest_route=%2Fwp%2Fv2%2Ftags&post=43601"}],"curies":[{"name":"wp","href":"https:\/\/api.w.org\/{rel}","templated":true}]}}