{"id":4360,"date":"2025-07-19T07:24:43","date_gmt":"2025-07-19T05:24:43","guid":{"rendered":"https:\/\/veritasinfo.org\/?p=4360"},"modified":"2025-07-19T07:54:21","modified_gmt":"2025-07-19T05:54:21","slug":"cetrdesetogodisnjak-poginuo-u-dragasu-nastradao-u-nesreci-sa-traktorom","status":"publish","type":"post","link":"https:\/\/veritasinfo.org\/?p=4360&lang=sr","title":{"rendered":"\u010cetrdesetogodi\u0161njak poginuo u Draga\u0161u, nastradao u nesre\u0107i sa traktorom"},"content":{"rendered":"<p>Draga\u0161, 19. jul 2025.<\/p>\n<p>Jedan \u010detrdesetogodi\u0161nji mu\u0161karac preminuo je jutros u selu Bresana kod Draga\u0161a nakon nesre\u0107e sa traktorom.<\/p>\n<p>Portparol policije za region Prizrena, \u0160a\u0107ir Bytyqi, izjavio je za RTKlive da je, prema prvim informacijama, nastradali u trenutku incidenta radio sa traktorom u planinskom predelu sela Bresana.<\/p>\n<p>\u201eDanas, 18. jula 2025. godine, oko 09:50 \u010dasova, Policija je obave\u0161tena od strane Centra porodi\u010dne medicine u Bresani da je jedno mu\u0161ko lice, D.A. (40 godina), dovedeno u centar od strane svog brata sa te\u0161kim telesnim povredama. Nakon pru\u017eanja prve pomo\u0107i, preba\u010den je kolima hitne pomo\u0107i u Regionalnu bolnicu u Prizrenu, gde je kasnije, usled zadobijenih povreda, preminuo. Prema prvim informacijama, \u017ertva je radila sa traktorom u planinskom podru\u010dju sela Bresana u trenutku incidenta. Okolnosti doga\u0111aja jo\u0161 uvek nisu razja\u0161njene. Policija je odmah reagovala, iza\u0161la na lice mesta, obezbedila zonu i obavestila nadle\u017ene istra\u017ene jedinice. Na licu mesta je bio anga\u017eovan i de\u017eurni tu\u017eilac, po \u010dijem nalogu je slu\u010daj pokrenut kao \u2018sumnjiva smrt\u2019, dok je telo poslato u Institut za sudsku medicinu u Pri\u0161tini\u201c, rekao je Bytyqi.<\/p>\n","protected":false},"excerpt":{"rendered":"<p>Draga\u0161, 19. jul 2025. Jedan \u010detrdesetogodi\u0161nji mu\u0161karac preminuo je jutros u selu Bresana kod Draga\u0161a nakon nesre\u0107e sa traktorom. Portparol policije za region Prizrena, \u0160a\u0107ir<\/p>\n","protected":false},"author":1,"featured_media":4358,"comment_status":"open","ping_status":"open","sticky":false,"template":"","format":"standard","meta":{"footnotes":""},"categories":[30],"tags":[],"class_list":["post-4360","post","type-post","status-publish","format-standard","has-post-thumbnail","hentry","category-drustvo"],"yoast_head":"<!-- This site is optimized with the Yoast SEO plugin v25.3.1 - https:\/\/yoast.com\/wordpress\/plugins\/seo\/ -->\n<title>\u010cetrdesetogodi\u0161njak poginuo u Draga\u0161u, nastradao u nesre\u0107i sa traktorom -<\/title>\n<meta name=\"robots\" content=\"index, follow, max-snippet:-1, max-image-preview:large, max-video-preview:-1\" \/>\n<link rel=\"canonical\" href=\"https:\/\/veritasinfo.org\/?p=4360&lang=sr\" \/>\n<meta property=\"og:locale\" content=\"en_US\" \/>\n<meta property=\"og:type\" content=\"article\" \/>\n<meta property=\"og:title\" content=\"\u010cetrdesetogodi\u0161njak poginuo u Draga\u0161u, nastradao u nesre\u0107i sa traktorom -\" \/>\n<meta property=\"og:description\" content=\"Draga\u0161, 19. jul 2025. Jedan \u010detrdesetogodi\u0161nji mu\u0161karac preminuo je jutros u selu Bresana kod Draga\u0161a nakon nesre\u0107e sa traktorom. Portparol policije za region Prizrena, \u0160a\u0107ir\" \/>\n<meta property=\"og:url\" content=\"https:\/\/veritasinfo.org\/?p=4360&amp;lang=sr\" \/>\n<meta property=\"article:published_time\" content=\"2025-07-19T05:24:43+00:00\" \/>\n<meta property=\"article:modified_time\" content=\"2025-07-19T05:54:21+00:00\" \/>\n<meta property=\"og:image\" content=\"https:\/\/veritasinfo.org\/wp-content\/uploads\/2025\/07\/IMG_2152.jpeg\" \/>\n\t<meta property=\"og:image:width\" content=\"780\" \/>\n\t<meta property=\"og:image:height\" content=\"500\" \/>\n\t<meta property=\"og:image:type\" content=\"image\/jpeg\" \/>\n<meta name=\"author\" content=\"admin\" \/>\n<meta name=\"twitter:card\" content=\"summary_large_image\" \/>\n<meta name=\"twitter:label1\" content=\"Written by\" \/>\n\t<meta name=\"twitter:data1\" content=\"admin\" \/>\n\t<meta name=\"twitter:label2\" content=\"Est. reading time\" \/>\n\t<meta name=\"twitter:data2\" content=\"1 minute\" \/>\n<script type=\"application\/ld+json\" class=\"yoast-schema-graph\">{\"@context\":\"https:\/\/schema.org\",\"@graph\":[{\"@type\":\"WebPage\",\"@id\":\"https:\/\/veritasinfo.org\/?p=4360&lang=sr\",\"url\":\"https:\/\/veritasinfo.org\/?p=4360&lang=sr\",\"name\":\"\u010cetrdesetogodi\u0161njak poginuo u Draga\u0161u, nastradao u nesre\u0107i sa traktorom -\",\"isPartOf\":{\"@id\":\"https:\/\/veritasinfo.org\/#website\"},\"primaryImageOfPage\":{\"@id\":\"https:\/\/veritasinfo.org\/?p=4360&lang=sr#primaryimage\"},\"image\":{\"@id\":\"https:\/\/veritasinfo.org\/?p=4360&lang=sr#primaryimage\"},\"thumbnailUrl\":\"https:\/\/veritasinfo.org\/wp-content\/uploads\/2025\/07\/IMG_2152.jpeg\",\"datePublished\":\"2025-07-19T05:24:43+00:00\",\"dateModified\":\"2025-07-19T05:54:21+00:00\",\"author\":{\"@id\":\"https:\/\/veritasinfo.org\/#\/schema\/person\/7701f8c088bece422266b100a712374f\"},\"breadcrumb\":{\"@id\":\"https:\/\/veritasinfo.org\/?p=4360&lang=sr#breadcrumb\"},\"inLanguage\":\"en-US\",\"potentialAction\":[{\"@type\":\"ReadAction\",\"target\":[\"https:\/\/veritasinfo.org\/?p=4360&lang=sr\"]}]},{\"@type\":\"ImageObject\",\"inLanguage\":\"en-US\",\"@id\":\"https:\/\/veritasinfo.org\/?p=4360&lang=sr#primaryimage\",\"url\":\"https:\/\/veritasinfo.org\/wp-content\/uploads\/2025\/07\/IMG_2152.jpeg\",\"contentUrl\":\"https:\/\/veritasinfo.org\/wp-content\/uploads\/2025\/07\/IMG_2152.jpeg\",\"width\":780,\"height\":500},{\"@type\":\"BreadcrumbList\",\"@id\":\"https:\/\/veritasinfo.org\/?p=4360&lang=sr#breadcrumb\",\"itemListElement\":[{\"@type\":\"ListItem\",\"position\":1,\"name\":\"Home\",\"item\":\"https:\/\/veritasinfo.org\/\"},{\"@type\":\"ListItem\",\"position\":2,\"name\":\"\u010cetrdesetogodi\u0161njak poginuo u Draga\u0161u, nastradao u nesre\u0107i sa traktorom\"}]},{\"@type\":\"WebSite\",\"@id\":\"https:\/\/veritasinfo.org\/#website\",\"url\":\"https:\/\/veritasinfo.org\/\",\"name\":\"\",\"description\":\"\",\"potentialAction\":[{\"@type\":\"SearchAction\",\"target\":{\"@type\":\"EntryPoint\",\"urlTemplate\":\"https:\/\/veritasinfo.org\/?s={search_term_string}\"},\"query-input\":{\"@type\":\"PropertyValueSpecification\",\"valueRequired\":true,\"valueName\":\"search_term_string\"}}],\"inLanguage\":\"en-US\"},{\"@type\":\"Person\",\"@id\":\"https:\/\/veritasinfo.org\/#\/schema\/person\/7701f8c088bece422266b100a712374f\",\"name\":\"admin\",\"image\":{\"@type\":\"ImageObject\",\"inLanguage\":\"en-US\",\"@id\":\"https:\/\/veritasinfo.org\/#\/schema\/person\/image\/\",\"url\":\"https:\/\/secure.gravatar.com\/avatar\/ea53aa3bf6c9a12d5fde8ce4deff43fef3885ae33cf60184161a50d6987cfd2f?s=96&d=mm&r=g\",\"contentUrl\":\"https:\/\/secure.gravatar.com\/avatar\/ea53aa3bf6c9a12d5fde8ce4deff43fef3885ae33cf60184161a50d6987cfd2f?s=96&d=mm&r=g\",\"caption\":\"admin\"},\"sameAs\":[\"https:\/\/veritasinfo.org\"],\"url\":\"https:\/\/veritasinfo.org\/?author=1\"}]}<\/script>\n<!-- \/ Yoast SEO plugin. -->","yoast_head_json":{"title":"\u010cetrdesetogodi\u0161njak poginuo u Draga\u0161u, nastradao u nesre\u0107i sa traktorom -","robots":{"index":"index","follow":"follow","max-snippet":"max-snippet:-1","max-image-preview":"max-image-preview:large","max-video-preview":"max-video-preview:-1"},"canonical":"https:\/\/veritasinfo.org\/?p=4360&lang=sr","og_locale":"en_US","og_type":"article","og_title":"\u010cetrdesetogodi\u0161njak poginuo u Draga\u0161u, nastradao u nesre\u0107i sa traktorom -","og_description":"Draga\u0161, 19. jul 2025. Jedan \u010detrdesetogodi\u0161nji mu\u0161karac preminuo je jutros u selu Bresana kod Draga\u0161a nakon nesre\u0107e sa traktorom. Portparol policije za region Prizrena, \u0160a\u0107ir","og_url":"https:\/\/veritasinfo.org\/?p=4360&lang=sr","article_published_time":"2025-07-19T05:24:43+00:00","article_modified_time":"2025-07-19T05:54:21+00:00","og_image":[{"width":780,"height":500,"url":"https:\/\/veritasinfo.org\/wp-content\/uploads\/2025\/07\/IMG_2152.jpeg","type":"image\/jpeg"}],"author":"admin","twitter_card":"summary_large_image","twitter_misc":{"Written by":"admin","Est. reading time":"1 minute"},"schema":{"@context":"https:\/\/schema.org","@graph":[{"@type":"WebPage","@id":"https:\/\/veritasinfo.org\/?p=4360&lang=sr","url":"https:\/\/veritasinfo.org\/?p=4360&lang=sr","name":"\u010cetrdesetogodi\u0161njak poginuo u Draga\u0161u, nastradao u nesre\u0107i sa traktorom -","isPartOf":{"@id":"https:\/\/veritasinfo.org\/#website"},"primaryImageOfPage":{"@id":"https:\/\/veritasinfo.org\/?p=4360&lang=sr#primaryimage"},"image":{"@id":"https:\/\/veritasinfo.org\/?p=4360&lang=sr#primaryimage"},"thumbnailUrl":"https:\/\/veritasinfo.org\/wp-content\/uploads\/2025\/07\/IMG_2152.jpeg","datePublished":"2025-07-19T05:24:43+00:00","dateModified":"2025-07-19T05:54:21+00:00","author":{"@id":"https:\/\/veritasinfo.org\/#\/schema\/person\/7701f8c088bece422266b100a712374f"},"breadcrumb":{"@id":"https:\/\/veritasinfo.org\/?p=4360&lang=sr#breadcrumb"},"inLanguage":"en-US","potentialAction":[{"@type":"ReadAction","target":["https:\/\/veritasinfo.org\/?p=4360&lang=sr"]}]},{"@type":"ImageObject","inLanguage":"en-US","@id":"https:\/\/veritasinfo.org\/?p=4360&lang=sr#primaryimage","url":"https:\/\/veritasinfo.org\/wp-content\/uploads\/2025\/07\/IMG_2152.jpeg","contentUrl":"https:\/\/veritasinfo.org\/wp-content\/uploads\/2025\/07\/IMG_2152.jpeg","width":780,"height":500},{"@type":"BreadcrumbList","@id":"https:\/\/veritasinfo.org\/?p=4360&lang=sr#breadcrumb","itemListElement":[{"@type":"ListItem","position":1,"name":"Home","item":"https:\/\/veritasinfo.org\/"},{"@type":"ListItem","position":2,"name":"\u010cetrdesetogodi\u0161njak poginuo u Draga\u0161u, nastradao u nesre\u0107i sa traktorom"}]},{"@type":"WebSite","@id":"https:\/\/veritasinfo.org\/#website","url":"https:\/\/veritasinfo.org\/","name":"","description":"","potentialAction":[{"@type":"SearchAction","target":{"@type":"EntryPoint","urlTemplate":"https:\/\/veritasinfo.org\/?s={search_term_string}"},"query-input":{"@type":"PropertyValueSpecification","valueRequired":true,"valueName":"search_term_string"}}],"inLanguage":"en-US"},{"@type":"Person","@id":"https:\/\/veritasinfo.org\/#\/schema\/person\/7701f8c088bece422266b100a712374f","name":"admin","image":{"@type":"ImageObject","inLanguage":"en-US","@id":"https:\/\/veritasinfo.org\/#\/schema\/person\/image\/","url":"https:\/\/secure.gravatar.com\/avatar\/ea53aa3bf6c9a12d5fde8ce4deff43fef3885ae33cf60184161a50d6987cfd2f?s=96&d=mm&r=g","contentUrl":"https:\/\/secure.gravatar.com\/avatar\/ea53aa3bf6c9a12d5fde8ce4deff43fef3885ae33cf60184161a50d6987cfd2f?s=96&d=mm&r=g","caption":"admin"},"sameAs":["https:\/\/veritasinfo.org"],"url":"https:\/\/veritasinfo.org\/?author=1"}]}},"featured_image_urls":{"full":["https:\/\/veritasinfo.org\/wp-content\/uploads\/2025\/07\/IMG_2152.jpeg",780,500,false],"thumbnail":["https:\/\/veritasinfo.org\/wp-content\/uploads\/2025\/07\/IMG_2152-150x150.jpeg",150,150,true],"medium":["https:\/\/veritasinfo.org\/wp-content\/uploads\/2025\/07\/IMG_2152-300x192.jpeg",300,192,true],"medium_large":["https:\/\/veritasinfo.org\/wp-content\/uploads\/2025\/07\/IMG_2152-768x492.jpeg",640,410,true],"large":["https:\/\/veritasinfo.org\/wp-content\/uploads\/2025\/07\/IMG_2152.jpeg",640,410,false],"1536x1536":["https:\/\/veritasinfo.org\/wp-content\/uploads\/2025\/07\/IMG_2152.jpeg",780,500,false],"2048x2048":["https:\/\/veritasinfo.org\/wp-content\/uploads\/2025\/07\/IMG_2152.jpeg",780,500,false],"kreeti-slider-full":["https:\/\/veritasinfo.org\/wp-content\/uploads\/2025\/07\/IMG_2152.jpeg",780,500,false],"kreeti-featured":["https:\/\/veritasinfo.org\/wp-content\/uploads\/2025\/07\/IMG_2152.jpeg",780,500,false],"kreeti-medium":["https:\/\/veritasinfo.org\/wp-content\/uploads\/2025\/07\/IMG_2152.jpeg",720,462,false],"kreeti-medium-square":["https:\/\/veritasinfo.org\/wp-content\/uploads\/2025\/07\/IMG_2152.jpeg",350,224,false]},"author_info":{"info":["admin"]},"category_info":"<a href=\"https:\/\/veritasinfo.org\/?cat=30&#038;lang=sr\" rel=\"category\">Dru\u0161tvo<\/a>","tag_info":"Dru\u0161tvo","comment_count":"0","_links":{"self":[{"href":"https:\/\/veritasinfo.org\/index.php?rest_route=\/wp\/v2\/posts\/4360","targetHints":{"allow":["GET"]}}],"collection":[{"href":"https:\/\/veritasinfo.org\/index.php?rest_route=\/wp\/v2\/posts"}],"about":[{"href":"https:\/\/veritasinfo.org\/index.php?rest_route=\/wp\/v2\/types\/post"}],"author":[{"embeddable":true,"href":"https:\/\/veritasinfo.org\/index.php?rest_route=\/wp\/v2\/users\/1"}],"replies":[{"embeddable":true,"href":"https:\/\/veritasinfo.org\/index.php?rest_route=%2Fwp%2Fv2%2Fcomments&post=4360"}],"version-history":[{"count":1,"href":"https:\/\/veritasinfo.org\/index.php?rest_route=\/wp\/v2\/posts\/4360\/revisions"}],"predecessor-version":[{"id":4362,"href":"https:\/\/veritasinfo.org\/index.php?rest_route=\/wp\/v2\/posts\/4360\/revisions\/4362"}],"wp:featuredmedia":[{"embeddable":true,"href":"https:\/\/veritasinfo.org\/index.php?rest_route=\/wp\/v2\/media\/4358"}],"wp:attachment":[{"href":"https:\/\/veritasinfo.org\/index.php?rest_route=%2Fwp%2Fv2%2Fmedia&parent=4360"}],"wp:term":[{"taxonomy":"category","embeddable":true,"href":"https:\/\/veritasinfo.org\/index.php?rest_route=%2Fwp%2Fv2%2Fcategories&post=4360"},{"taxonomy":"post_tag","embeddable":true,"href":"https:\/\/veritasinfo.org\/index.php?rest_route=%2Fwp%2Fv2%2Ftags&post=4360"}],"curies":[{"name":"wp","href":"https:\/\/api.w.org\/{rel}","templated":true}]}}