{"id":43589,"date":"2026-04-16T19:34:49","date_gmt":"2026-04-16T17:34:49","guid":{"rendered":"https:\/\/veritasinfo.org\/?p=43589"},"modified":"2026-04-16T19:34:49","modified_gmt":"2026-04-16T17:34:49","slug":"plan-rasta-kurti-618-miliona-evra-od-eu-za-kosovo-29-miliona-kredita-direktno-u-budzet","status":"publish","type":"post","link":"https:\/\/veritasinfo.org\/?p=43589&lang=sr","title":{"rendered":"Plan rasta, Kurti: 61,8 miliona evra od EU za Kosovo, 29 miliona kredita direktno u bud\u017eet"},"content":{"rendered":"<p>Pri\u0161tina, 16. april 2026. 19:32<\/p>\n<p>Premijer Kosova, Aljbin Kurti, objavio je da je nakon ratifikacije sporazuma o Planu rasta izme\u0111u Kosova i Evropske komisije, po\u010deo transfer finansijskih sredstava u vrednosti od 61,8 miliona evra kao pretfinansiranje.<\/p>\n<p>Prema njegovim re\u010dima, oko 29 miliona evra je preba\u010deno u obliku kredita direktno u dr\u017eavni bud\u017eet, dok c\u0301e preostali deo od oko 33 miliona evra biti usmeren kroz Investicioni okvir za Zapadni Balkan (WBIF), uklju\u010dujuc\u0301i 17,73 miliona evra grantova i 15,31 milion evra kredita.<\/p>\n<p>Kurti je naglasio da Kosovo ostaje posvec\u0301eno sprovo\u0111enju Agende reformi i kori\u0161c\u0301enju moguc\u0301nosti koje nudi Plan rasta.<\/p>\n<p>\u201eNakon ratifikacije sporazuma o Planu rasta izme\u0111u Kosova i Evropske komisije, danas je po\u010deo transfer finansijskih sredstava u vrednosti od 61,8 miliona evra kao pretfinansiranje u okviru ovog plana. Od ovog iznosa, skoro 29 miliona evra je preba\u010deno kao krediti direktno u dr\u017eavni bud\u017eet, dok c\u0301e dodatnih 33 miliona evra, od \u010dega 17,73 miliona u obliku grantova i 15,31 milion kao krediti, biti usmereno kroz Investicioni okvir za Zapadni Balkan (WBIF). Kosovo je fokusirano na sprovo\u0111enje Agende reformi i potpuno kori\u0161c\u0301enje moguc\u0301nosti koje nudi Plan rasta. Vlada preduzima sve korake da ih ispuni na vreme, ali imamo na umu da je ovo zajedni\u010dka agenda koja uklju\u010duje sve stubove dr\u017eave: izvr\u0161nu, sudsku i parlament. Zahvaljujemo se Evropskoj uniji na ovom koraku, dok smo mi anga\u017eovani na sprovo\u0111enju sledec\u0301ih koraka\u201c, rekao je on.<\/p>\n","protected":false},"excerpt":{"rendered":"<p>Pri\u0161tina, 16. april 2026. 19:32 Premijer Kosova, Aljbin Kurti, objavio je da je nakon ratifikacije sporazuma o Planu rasta izme\u0111u Kosova i Evropske komisije, po\u010deo<\/p>\n","protected":false},"author":7,"featured_media":42992,"comment_status":"open","ping_status":"open","sticky":false,"template":"","format":"standard","meta":{"footnotes":""},"categories":[30],"tags":[],"class_list":["post-43589","post","type-post","status-publish","format-standard","has-post-thumbnail","hentry","category-drustvo"],"yoast_head":"<!-- This site is optimized with the Yoast SEO plugin v25.3.1 - https:\/\/yoast.com\/wordpress\/plugins\/seo\/ -->\n<title>Plan rasta, Kurti: 61,8 miliona evra od EU za Kosovo, 29 miliona kredita direktno u bud\u017eet -<\/title>\n<meta name=\"robots\" content=\"index, follow, max-snippet:-1, max-image-preview:large, max-video-preview:-1\" \/>\n<link rel=\"canonical\" href=\"https:\/\/veritasinfo.org\/?p=43589&lang=sr\" \/>\n<meta property=\"og:locale\" content=\"en_US\" \/>\n<meta property=\"og:type\" content=\"article\" \/>\n<meta property=\"og:title\" content=\"Plan rasta, Kurti: 61,8 miliona evra od EU za Kosovo, 29 miliona kredita direktno u bud\u017eet -\" \/>\n<meta property=\"og:description\" content=\"Pri\u0161tina, 16. april 2026. 19:32 Premijer Kosova, Aljbin Kurti, objavio je da je nakon ratifikacije sporazuma o Planu rasta izme\u0111u Kosova i Evropske komisije, po\u010deo\" \/>\n<meta property=\"og:url\" content=\"https:\/\/veritasinfo.org\/?p=43589&amp;lang=sr\" \/>\n<meta property=\"article:published_time\" content=\"2026-04-16T17:34:49+00:00\" \/>\n<meta property=\"og:image\" content=\"https:\/\/veritasinfo.org\/wp-content\/uploads\/2026\/04\/albin-kurti-1-1536x1024-2.jpg\" \/>\n\t<meta property=\"og:image:width\" content=\"1536\" \/>\n\t<meta property=\"og:image:height\" content=\"1024\" \/>\n\t<meta property=\"og:image:type\" content=\"image\/jpeg\" \/>\n<meta name=\"author\" content=\"US6\" \/>\n<meta name=\"twitter:card\" content=\"summary_large_image\" \/>\n<meta name=\"twitter:label1\" content=\"Written by\" \/>\n\t<meta name=\"twitter:data1\" content=\"US6\" \/>\n\t<meta name=\"twitter:label2\" content=\"Est. reading time\" \/>\n\t<meta name=\"twitter:data2\" content=\"2 minutes\" \/>\n<script type=\"application\/ld+json\" class=\"yoast-schema-graph\">{\"@context\":\"https:\/\/schema.org\",\"@graph\":[{\"@type\":\"WebPage\",\"@id\":\"https:\/\/veritasinfo.org\/?p=43589&lang=sr\",\"url\":\"https:\/\/veritasinfo.org\/?p=43589&lang=sr\",\"name\":\"Plan rasta, Kurti: 61,8 miliona evra od EU za Kosovo, 29 miliona kredita direktno u bud\u017eet -\",\"isPartOf\":{\"@id\":\"https:\/\/veritasinfo.org\/#website\"},\"primaryImageOfPage\":{\"@id\":\"https:\/\/veritasinfo.org\/?p=43589&lang=sr#primaryimage\"},\"image\":{\"@id\":\"https:\/\/veritasinfo.org\/?p=43589&lang=sr#primaryimage\"},\"thumbnailUrl\":\"https:\/\/veritasinfo.org\/wp-content\/uploads\/2026\/04\/albin-kurti-1-1536x1024-2.jpg\",\"datePublished\":\"2026-04-16T17:34:49+00:00\",\"author\":{\"@id\":\"https:\/\/veritasinfo.org\/#\/schema\/person\/fe199eede04c3937362892b7444747cc\"},\"breadcrumb\":{\"@id\":\"https:\/\/veritasinfo.org\/?p=43589&lang=sr#breadcrumb\"},\"inLanguage\":\"en-US\",\"potentialAction\":[{\"@type\":\"ReadAction\",\"target\":[\"https:\/\/veritasinfo.org\/?p=43589&lang=sr\"]}]},{\"@type\":\"ImageObject\",\"inLanguage\":\"en-US\",\"@id\":\"https:\/\/veritasinfo.org\/?p=43589&lang=sr#primaryimage\",\"url\":\"https:\/\/veritasinfo.org\/wp-content\/uploads\/2026\/04\/albin-kurti-1-1536x1024-2.jpg\",\"contentUrl\":\"https:\/\/veritasinfo.org\/wp-content\/uploads\/2026\/04\/albin-kurti-1-1536x1024-2.jpg\",\"width\":1536,\"height\":1024},{\"@type\":\"BreadcrumbList\",\"@id\":\"https:\/\/veritasinfo.org\/?p=43589&lang=sr#breadcrumb\",\"itemListElement\":[{\"@type\":\"ListItem\",\"position\":1,\"name\":\"Home\",\"item\":\"https:\/\/veritasinfo.org\/\"},{\"@type\":\"ListItem\",\"position\":2,\"name\":\"Plan rasta, Kurti: 61,8 miliona evra od EU za Kosovo, 29 miliona kredita direktno u bud\u017eet\"}]},{\"@type\":\"WebSite\",\"@id\":\"https:\/\/veritasinfo.org\/#website\",\"url\":\"https:\/\/veritasinfo.org\/\",\"name\":\"\",\"description\":\"\",\"potentialAction\":[{\"@type\":\"SearchAction\",\"target\":{\"@type\":\"EntryPoint\",\"urlTemplate\":\"https:\/\/veritasinfo.org\/?s={search_term_string}\"},\"query-input\":{\"@type\":\"PropertyValueSpecification\",\"valueRequired\":true,\"valueName\":\"search_term_string\"}}],\"inLanguage\":\"en-US\"},{\"@type\":\"Person\",\"@id\":\"https:\/\/veritasinfo.org\/#\/schema\/person\/fe199eede04c3937362892b7444747cc\",\"name\":\"US6\",\"image\":{\"@type\":\"ImageObject\",\"inLanguage\":\"en-US\",\"@id\":\"https:\/\/veritasinfo.org\/#\/schema\/person\/image\/\",\"url\":\"https:\/\/secure.gravatar.com\/avatar\/cb16c3c31c9d23b9b8c705964598220b3014e42ff51eb540ff23cefa3ae8c15f?s=96&d=mm&r=g\",\"contentUrl\":\"https:\/\/secure.gravatar.com\/avatar\/cb16c3c31c9d23b9b8c705964598220b3014e42ff51eb540ff23cefa3ae8c15f?s=96&d=mm&r=g\",\"caption\":\"US6\"},\"url\":\"https:\/\/veritasinfo.org\/?author=7\"}]}<\/script>\n<!-- \/ Yoast SEO plugin. -->","yoast_head_json":{"title":"Plan rasta, Kurti: 61,8 miliona evra od EU za Kosovo, 29 miliona kredita direktno u bud\u017eet -","robots":{"index":"index","follow":"follow","max-snippet":"max-snippet:-1","max-image-preview":"max-image-preview:large","max-video-preview":"max-video-preview:-1"},"canonical":"https:\/\/veritasinfo.org\/?p=43589&lang=sr","og_locale":"en_US","og_type":"article","og_title":"Plan rasta, Kurti: 61,8 miliona evra od EU za Kosovo, 29 miliona kredita direktno u bud\u017eet -","og_description":"Pri\u0161tina, 16. april 2026. 19:32 Premijer Kosova, Aljbin Kurti, objavio je da je nakon ratifikacije sporazuma o Planu rasta izme\u0111u Kosova i Evropske komisije, po\u010deo","og_url":"https:\/\/veritasinfo.org\/?p=43589&lang=sr","article_published_time":"2026-04-16T17:34:49+00:00","og_image":[{"width":1536,"height":1024,"url":"https:\/\/veritasinfo.org\/wp-content\/uploads\/2026\/04\/albin-kurti-1-1536x1024-2.jpg","type":"image\/jpeg"}],"author":"US6","twitter_card":"summary_large_image","twitter_misc":{"Written by":"US6","Est. reading time":"2 minutes"},"schema":{"@context":"https:\/\/schema.org","@graph":[{"@type":"WebPage","@id":"https:\/\/veritasinfo.org\/?p=43589&lang=sr","url":"https:\/\/veritasinfo.org\/?p=43589&lang=sr","name":"Plan rasta, Kurti: 61,8 miliona evra od EU za Kosovo, 29 miliona kredita direktno u bud\u017eet -","isPartOf":{"@id":"https:\/\/veritasinfo.org\/#website"},"primaryImageOfPage":{"@id":"https:\/\/veritasinfo.org\/?p=43589&lang=sr#primaryimage"},"image":{"@id":"https:\/\/veritasinfo.org\/?p=43589&lang=sr#primaryimage"},"thumbnailUrl":"https:\/\/veritasinfo.org\/wp-content\/uploads\/2026\/04\/albin-kurti-1-1536x1024-2.jpg","datePublished":"2026-04-16T17:34:49+00:00","author":{"@id":"https:\/\/veritasinfo.org\/#\/schema\/person\/fe199eede04c3937362892b7444747cc"},"breadcrumb":{"@id":"https:\/\/veritasinfo.org\/?p=43589&lang=sr#breadcrumb"},"inLanguage":"en-US","potentialAction":[{"@type":"ReadAction","target":["https:\/\/veritasinfo.org\/?p=43589&lang=sr"]}]},{"@type":"ImageObject","inLanguage":"en-US","@id":"https:\/\/veritasinfo.org\/?p=43589&lang=sr#primaryimage","url":"https:\/\/veritasinfo.org\/wp-content\/uploads\/2026\/04\/albin-kurti-1-1536x1024-2.jpg","contentUrl":"https:\/\/veritasinfo.org\/wp-content\/uploads\/2026\/04\/albin-kurti-1-1536x1024-2.jpg","width":1536,"height":1024},{"@type":"BreadcrumbList","@id":"https:\/\/veritasinfo.org\/?p=43589&lang=sr#breadcrumb","itemListElement":[{"@type":"ListItem","position":1,"name":"Home","item":"https:\/\/veritasinfo.org\/"},{"@type":"ListItem","position":2,"name":"Plan rasta, Kurti: 61,8 miliona evra od EU za Kosovo, 29 miliona kredita direktno u bud\u017eet"}]},{"@type":"WebSite","@id":"https:\/\/veritasinfo.org\/#website","url":"https:\/\/veritasinfo.org\/","name":"","description":"","potentialAction":[{"@type":"SearchAction","target":{"@type":"EntryPoint","urlTemplate":"https:\/\/veritasinfo.org\/?s={search_term_string}"},"query-input":{"@type":"PropertyValueSpecification","valueRequired":true,"valueName":"search_term_string"}}],"inLanguage":"en-US"},{"@type":"Person","@id":"https:\/\/veritasinfo.org\/#\/schema\/person\/fe199eede04c3937362892b7444747cc","name":"US6","image":{"@type":"ImageObject","inLanguage":"en-US","@id":"https:\/\/veritasinfo.org\/#\/schema\/person\/image\/","url":"https:\/\/secure.gravatar.com\/avatar\/cb16c3c31c9d23b9b8c705964598220b3014e42ff51eb540ff23cefa3ae8c15f?s=96&d=mm&r=g","contentUrl":"https:\/\/secure.gravatar.com\/avatar\/cb16c3c31c9d23b9b8c705964598220b3014e42ff51eb540ff23cefa3ae8c15f?s=96&d=mm&r=g","caption":"US6"},"url":"https:\/\/veritasinfo.org\/?author=7"}]}},"featured_image_urls":{"full":["https:\/\/veritasinfo.org\/wp-content\/uploads\/2026\/04\/albin-kurti-1-1536x1024-2.jpg",1536,1024,false],"thumbnail":["https:\/\/veritasinfo.org\/wp-content\/uploads\/2026\/04\/albin-kurti-1-1536x1024-2-150x150.jpg",150,150,true],"medium":["https:\/\/veritasinfo.org\/wp-content\/uploads\/2026\/04\/albin-kurti-1-1536x1024-2-300x200.jpg",300,200,true],"medium_large":["https:\/\/veritasinfo.org\/wp-content\/uploads\/2026\/04\/albin-kurti-1-1536x1024-2-768x512.jpg",640,427,true],"large":["https:\/\/veritasinfo.org\/wp-content\/uploads\/2026\/04\/albin-kurti-1-1536x1024-2-1024x683.jpg",640,427,true],"1536x1536":["https:\/\/veritasinfo.org\/wp-content\/uploads\/2026\/04\/albin-kurti-1-1536x1024-2.jpg",1536,1024,false],"2048x2048":["https:\/\/veritasinfo.org\/wp-content\/uploads\/2026\/04\/albin-kurti-1-1536x1024-2.jpg",1536,1024,false],"kreeti-slider-full":["https:\/\/veritasinfo.org\/wp-content\/uploads\/2026\/04\/albin-kurti-1-1536x1024-2-1280x720.jpg",1280,720,true],"kreeti-featured":["https:\/\/veritasinfo.org\/wp-content\/uploads\/2026\/04\/albin-kurti-1-1536x1024-2-1024x683.jpg",1024,683,true],"kreeti-medium":["https:\/\/veritasinfo.org\/wp-content\/uploads\/2026\/04\/albin-kurti-1-1536x1024-2-720x530.jpg",720,530,true],"kreeti-medium-square":["https:\/\/veritasinfo.org\/wp-content\/uploads\/2026\/04\/albin-kurti-1-1536x1024-2-350x350.jpg",350,350,true]},"author_info":{"info":["US6"]},"category_info":"<a href=\"https:\/\/veritasinfo.org\/?cat=30&#038;lang=sr\" rel=\"category\">Dru\u0161tvo<\/a>","tag_info":"Dru\u0161tvo","comment_count":"0","_links":{"self":[{"href":"https:\/\/veritasinfo.org\/index.php?rest_route=\/wp\/v2\/posts\/43589","targetHints":{"allow":["GET"]}}],"collection":[{"href":"https:\/\/veritasinfo.org\/index.php?rest_route=\/wp\/v2\/posts"}],"about":[{"href":"https:\/\/veritasinfo.org\/index.php?rest_route=\/wp\/v2\/types\/post"}],"author":[{"embeddable":true,"href":"https:\/\/veritasinfo.org\/index.php?rest_route=\/wp\/v2\/users\/7"}],"replies":[{"embeddable":true,"href":"https:\/\/veritasinfo.org\/index.php?rest_route=%2Fwp%2Fv2%2Fcomments&post=43589"}],"version-history":[{"count":1,"href":"https:\/\/veritasinfo.org\/index.php?rest_route=\/wp\/v2\/posts\/43589\/revisions"}],"predecessor-version":[{"id":43590,"href":"https:\/\/veritasinfo.org\/index.php?rest_route=\/wp\/v2\/posts\/43589\/revisions\/43590"}],"wp:featuredmedia":[{"embeddable":true,"href":"https:\/\/veritasinfo.org\/index.php?rest_route=\/wp\/v2\/media\/42992"}],"wp:attachment":[{"href":"https:\/\/veritasinfo.org\/index.php?rest_route=%2Fwp%2Fv2%2Fmedia&parent=43589"}],"wp:term":[{"taxonomy":"category","embeddable":true,"href":"https:\/\/veritasinfo.org\/index.php?rest_route=%2Fwp%2Fv2%2Fcategories&post=43589"},{"taxonomy":"post_tag","embeddable":true,"href":"https:\/\/veritasinfo.org\/index.php?rest_route=%2Fwp%2Fv2%2Ftags&post=43589"}],"curies":[{"name":"wp","href":"https:\/\/api.w.org\/{rel}","templated":true}]}}