{"id":4357,"date":"2025-07-19T07:22:06","date_gmt":"2025-07-19T05:22:06","guid":{"rendered":"https:\/\/veritasinfo.org\/?p=4357"},"modified":"2025-07-18T23:15:09","modified_gmt":"2025-07-18T21:15:09","slug":"vdes-nje-40-vjecar-ne-dragash-u-aksidentua-me-traktor","status":"publish","type":"post","link":"https:\/\/veritasinfo.org\/?p=4357","title":{"rendered":"Vdes nj\u00eb 40-vje\u00e7ar n\u00eb Dragash, u aksidentua me traktor"},"content":{"rendered":"<p>Dragash, 19 Korrik 2025<\/p>\n<p><strong>Ka vdekur nj\u00eb 40-vje\u00e7ar n\u00eb m\u00ebngjesin e sot\u00ebm n\u00eb fshatin Bresan\u00eb t\u00eb Dragashit, pas nj\u00eb aksidenti me traktor.<\/strong><\/p>\n<p>&nbsp;<\/p>\n<p>Z\u00ebdh\u00ebn\u00ebsi i policis\u00eb p\u00ebr rajonin e Prizrenit, Shaqir Bytyqi tha p\u00ebr RTKlive se i ndjeri, sipas informatave fillestare, ishte duke punuar me traktor n\u00eb zon\u00ebn malore t\u00eb fshatit Bresan\u00eb n\u00eb momentin e incidentit.<\/p>\n<p>\u201cSot, m\u00eb 18 korrik 2025, rreth or\u00ebs 09:50, Policia \u00ebsht\u00eb njoftuar nga Qendra e Mjek\u00ebsis\u00eb Familjare n\u00eb Bresan\u00eb se nj\u00eb person mashkull, D.A. (40 vje\u00e7), \u00ebsht\u00eb sjell\u00eb n\u00eb qend\u00ebr nga v\u00ebllai i tij me l\u00ebndime t\u00eb r\u00ebnda trupore. Pas ofrimit t\u00eb ndihm\u00ebs s\u00eb par\u00eb, ai \u00ebsht\u00eb d\u00ebrguar me autoambulanc\u00eb n\u00eb Spitalin Rajonal t\u00eb Prizrenit, ku m\u00eb pas, p\u00ebr shkak t\u00eb l\u00ebndimeve t\u00eb marra, ka vdekur. Sipas informatave fillestare, viktima ishte duke punuar me traktor n\u00eb zon\u00ebn malore t\u00eb fshatit Bresan\u00eb n\u00eb momentin e incidentit. Rrethanat e ngjarjes jan\u00eb ende t\u00eb paqarta. Policia ka reaguar menj\u00ebher\u00eb, ka dal\u00eb n\u00eb vendin e ngjarjes, ka siguruar zon\u00ebn dhe ka njoftuar nj\u00ebsitet p\u00ebrkat\u00ebse hetimore. N\u00eb vendngjarje \u00ebsht\u00eb angazhuar edhe prokurori kujdestar, me urdh\u00ebr t\u00eb t\u00eb cilit rasti \u00ebsht\u00eb iniciuar si \u201cVdekje e dyshimt\u00eb\u201d, nd\u00ebrsa trupi pa jet\u00eb \u00ebsht\u00eb d\u00ebrguar n\u00eb Institutin e Mjek\u00ebsis\u00eb Ligjore n\u00eb Prishtin\u00eb\u201d, tha Bytyqi.<\/p>\n<p>&nbsp;<\/p>\n","protected":false},"excerpt":{"rendered":"<p>Dragash, 19 Korrik 2025 Ka vdekur nj\u00eb 40-vje\u00e7ar n\u00eb m\u00ebngjesin e sot\u00ebm n\u00eb fshatin Bresan\u00eb t\u00eb Dragashit, pas nj\u00eb aksidenti me traktor. &nbsp; Z\u00ebdh\u00ebn\u00ebsi i<\/p>\n","protected":false},"author":1,"featured_media":4358,"comment_status":"open","ping_status":"open","sticky":false,"template":"","format":"standard","meta":{"footnotes":""},"categories":[60],"tags":[],"class_list":["post-4357","post","type-post","status-publish","format-standard","has-post-thumbnail","hentry","category-shoqerore-sq"],"yoast_head":"<!-- This site is optimized with the Yoast SEO plugin v25.3.1 - https:\/\/yoast.com\/wordpress\/plugins\/seo\/ -->\n<title>Vdes nj\u00eb 40-vje\u00e7ar n\u00eb Dragash, u aksidentua me traktor -<\/title>\n<meta name=\"robots\" content=\"index, follow, max-snippet:-1, max-image-preview:large, max-video-preview:-1\" \/>\n<link rel=\"canonical\" href=\"https:\/\/veritasinfo.org\/?p=4357\" \/>\n<meta property=\"og:locale\" content=\"en_US\" \/>\n<meta property=\"og:type\" content=\"article\" \/>\n<meta property=\"og:title\" content=\"Vdes nj\u00eb 40-vje\u00e7ar n\u00eb Dragash, u aksidentua me traktor -\" \/>\n<meta property=\"og:description\" content=\"Dragash, 19 Korrik 2025 Ka vdekur nj\u00eb 40-vje\u00e7ar n\u00eb m\u00ebngjesin e sot\u00ebm n\u00eb fshatin Bresan\u00eb t\u00eb Dragashit, pas nj\u00eb aksidenti me traktor. &nbsp; Z\u00ebdh\u00ebn\u00ebsi i\" \/>\n<meta property=\"og:url\" content=\"https:\/\/veritasinfo.org\/?p=4357\" \/>\n<meta property=\"article:published_time\" content=\"2025-07-19T05:22:06+00:00\" \/>\n<meta property=\"og:image\" content=\"https:\/\/veritasinfo.org\/wp-content\/uploads\/2025\/07\/IMG_2152.jpeg\" \/>\n\t<meta property=\"og:image:width\" content=\"780\" \/>\n\t<meta property=\"og:image:height\" content=\"500\" \/>\n\t<meta property=\"og:image:type\" content=\"image\/jpeg\" \/>\n<meta name=\"author\" content=\"admin\" \/>\n<meta name=\"twitter:card\" content=\"summary_large_image\" \/>\n<meta name=\"twitter:label1\" content=\"Written by\" \/>\n\t<meta name=\"twitter:data1\" content=\"admin\" \/>\n\t<meta name=\"twitter:label2\" content=\"Est. reading time\" \/>\n\t<meta name=\"twitter:data2\" content=\"2 minutes\" \/>\n<script type=\"application\/ld+json\" class=\"yoast-schema-graph\">{\"@context\":\"https:\/\/schema.org\",\"@graph\":[{\"@type\":\"WebPage\",\"@id\":\"https:\/\/veritasinfo.org\/?p=4357\",\"url\":\"https:\/\/veritasinfo.org\/?p=4357\",\"name\":\"Vdes nj\u00eb 40-vje\u00e7ar n\u00eb Dragash, u aksidentua me traktor -\",\"isPartOf\":{\"@id\":\"https:\/\/veritasinfo.org\/#website\"},\"primaryImageOfPage\":{\"@id\":\"https:\/\/veritasinfo.org\/?p=4357#primaryimage\"},\"image\":{\"@id\":\"https:\/\/veritasinfo.org\/?p=4357#primaryimage\"},\"thumbnailUrl\":\"https:\/\/veritasinfo.org\/wp-content\/uploads\/2025\/07\/IMG_2152.jpeg\",\"datePublished\":\"2025-07-19T05:22:06+00:00\",\"author\":{\"@id\":\"https:\/\/veritasinfo.org\/#\/schema\/person\/7701f8c088bece422266b100a712374f\"},\"breadcrumb\":{\"@id\":\"https:\/\/veritasinfo.org\/?p=4357#breadcrumb\"},\"inLanguage\":\"en-US\",\"potentialAction\":[{\"@type\":\"ReadAction\",\"target\":[\"https:\/\/veritasinfo.org\/?p=4357\"]}]},{\"@type\":\"ImageObject\",\"inLanguage\":\"en-US\",\"@id\":\"https:\/\/veritasinfo.org\/?p=4357#primaryimage\",\"url\":\"https:\/\/veritasinfo.org\/wp-content\/uploads\/2025\/07\/IMG_2152.jpeg\",\"contentUrl\":\"https:\/\/veritasinfo.org\/wp-content\/uploads\/2025\/07\/IMG_2152.jpeg\",\"width\":780,\"height\":500},{\"@type\":\"BreadcrumbList\",\"@id\":\"https:\/\/veritasinfo.org\/?p=4357#breadcrumb\",\"itemListElement\":[{\"@type\":\"ListItem\",\"position\":1,\"name\":\"Home\",\"item\":\"https:\/\/veritasinfo.org\/\"},{\"@type\":\"ListItem\",\"position\":2,\"name\":\"Vdes nj\u00eb 40-vje\u00e7ar n\u00eb Dragash, u aksidentua me traktor\"}]},{\"@type\":\"WebSite\",\"@id\":\"https:\/\/veritasinfo.org\/#website\",\"url\":\"https:\/\/veritasinfo.org\/\",\"name\":\"\",\"description\":\"\",\"potentialAction\":[{\"@type\":\"SearchAction\",\"target\":{\"@type\":\"EntryPoint\",\"urlTemplate\":\"https:\/\/veritasinfo.org\/?s={search_term_string}\"},\"query-input\":{\"@type\":\"PropertyValueSpecification\",\"valueRequired\":true,\"valueName\":\"search_term_string\"}}],\"inLanguage\":\"en-US\"},{\"@type\":\"Person\",\"@id\":\"https:\/\/veritasinfo.org\/#\/schema\/person\/7701f8c088bece422266b100a712374f\",\"name\":\"admin\",\"image\":{\"@type\":\"ImageObject\",\"inLanguage\":\"en-US\",\"@id\":\"https:\/\/veritasinfo.org\/#\/schema\/person\/image\/\",\"url\":\"https:\/\/secure.gravatar.com\/avatar\/ea53aa3bf6c9a12d5fde8ce4deff43fef3885ae33cf60184161a50d6987cfd2f?s=96&d=mm&r=g\",\"contentUrl\":\"https:\/\/secure.gravatar.com\/avatar\/ea53aa3bf6c9a12d5fde8ce4deff43fef3885ae33cf60184161a50d6987cfd2f?s=96&d=mm&r=g\",\"caption\":\"admin\"},\"sameAs\":[\"https:\/\/veritasinfo.org\"],\"url\":\"https:\/\/veritasinfo.org\/?author=1\"}]}<\/script>\n<!-- \/ Yoast SEO plugin. -->","yoast_head_json":{"title":"Vdes nj\u00eb 40-vje\u00e7ar n\u00eb Dragash, u aksidentua me traktor -","robots":{"index":"index","follow":"follow","max-snippet":"max-snippet:-1","max-image-preview":"max-image-preview:large","max-video-preview":"max-video-preview:-1"},"canonical":"https:\/\/veritasinfo.org\/?p=4357","og_locale":"en_US","og_type":"article","og_title":"Vdes nj\u00eb 40-vje\u00e7ar n\u00eb Dragash, u aksidentua me traktor -","og_description":"Dragash, 19 Korrik 2025 Ka vdekur nj\u00eb 40-vje\u00e7ar n\u00eb m\u00ebngjesin e sot\u00ebm n\u00eb fshatin Bresan\u00eb t\u00eb Dragashit, pas nj\u00eb aksidenti me traktor. &nbsp; Z\u00ebdh\u00ebn\u00ebsi i","og_url":"https:\/\/veritasinfo.org\/?p=4357","article_published_time":"2025-07-19T05:22:06+00:00","og_image":[{"width":780,"height":500,"url":"https:\/\/veritasinfo.org\/wp-content\/uploads\/2025\/07\/IMG_2152.jpeg","type":"image\/jpeg"}],"author":"admin","twitter_card":"summary_large_image","twitter_misc":{"Written by":"admin","Est. reading time":"2 minutes"},"schema":{"@context":"https:\/\/schema.org","@graph":[{"@type":"WebPage","@id":"https:\/\/veritasinfo.org\/?p=4357","url":"https:\/\/veritasinfo.org\/?p=4357","name":"Vdes nj\u00eb 40-vje\u00e7ar n\u00eb Dragash, u aksidentua me traktor -","isPartOf":{"@id":"https:\/\/veritasinfo.org\/#website"},"primaryImageOfPage":{"@id":"https:\/\/veritasinfo.org\/?p=4357#primaryimage"},"image":{"@id":"https:\/\/veritasinfo.org\/?p=4357#primaryimage"},"thumbnailUrl":"https:\/\/veritasinfo.org\/wp-content\/uploads\/2025\/07\/IMG_2152.jpeg","datePublished":"2025-07-19T05:22:06+00:00","author":{"@id":"https:\/\/veritasinfo.org\/#\/schema\/person\/7701f8c088bece422266b100a712374f"},"breadcrumb":{"@id":"https:\/\/veritasinfo.org\/?p=4357#breadcrumb"},"inLanguage":"en-US","potentialAction":[{"@type":"ReadAction","target":["https:\/\/veritasinfo.org\/?p=4357"]}]},{"@type":"ImageObject","inLanguage":"en-US","@id":"https:\/\/veritasinfo.org\/?p=4357#primaryimage","url":"https:\/\/veritasinfo.org\/wp-content\/uploads\/2025\/07\/IMG_2152.jpeg","contentUrl":"https:\/\/veritasinfo.org\/wp-content\/uploads\/2025\/07\/IMG_2152.jpeg","width":780,"height":500},{"@type":"BreadcrumbList","@id":"https:\/\/veritasinfo.org\/?p=4357#breadcrumb","itemListElement":[{"@type":"ListItem","position":1,"name":"Home","item":"https:\/\/veritasinfo.org\/"},{"@type":"ListItem","position":2,"name":"Vdes nj\u00eb 40-vje\u00e7ar n\u00eb Dragash, u aksidentua me traktor"}]},{"@type":"WebSite","@id":"https:\/\/veritasinfo.org\/#website","url":"https:\/\/veritasinfo.org\/","name":"","description":"","potentialAction":[{"@type":"SearchAction","target":{"@type":"EntryPoint","urlTemplate":"https:\/\/veritasinfo.org\/?s={search_term_string}"},"query-input":{"@type":"PropertyValueSpecification","valueRequired":true,"valueName":"search_term_string"}}],"inLanguage":"en-US"},{"@type":"Person","@id":"https:\/\/veritasinfo.org\/#\/schema\/person\/7701f8c088bece422266b100a712374f","name":"admin","image":{"@type":"ImageObject","inLanguage":"en-US","@id":"https:\/\/veritasinfo.org\/#\/schema\/person\/image\/","url":"https:\/\/secure.gravatar.com\/avatar\/ea53aa3bf6c9a12d5fde8ce4deff43fef3885ae33cf60184161a50d6987cfd2f?s=96&d=mm&r=g","contentUrl":"https:\/\/secure.gravatar.com\/avatar\/ea53aa3bf6c9a12d5fde8ce4deff43fef3885ae33cf60184161a50d6987cfd2f?s=96&d=mm&r=g","caption":"admin"},"sameAs":["https:\/\/veritasinfo.org"],"url":"https:\/\/veritasinfo.org\/?author=1"}]}},"featured_image_urls":{"full":["https:\/\/veritasinfo.org\/wp-content\/uploads\/2025\/07\/IMG_2152.jpeg",780,500,false],"thumbnail":["https:\/\/veritasinfo.org\/wp-content\/uploads\/2025\/07\/IMG_2152-150x150.jpeg",150,150,true],"medium":["https:\/\/veritasinfo.org\/wp-content\/uploads\/2025\/07\/IMG_2152-300x192.jpeg",300,192,true],"medium_large":["https:\/\/veritasinfo.org\/wp-content\/uploads\/2025\/07\/IMG_2152-768x492.jpeg",640,410,true],"large":["https:\/\/veritasinfo.org\/wp-content\/uploads\/2025\/07\/IMG_2152.jpeg",640,410,false],"1536x1536":["https:\/\/veritasinfo.org\/wp-content\/uploads\/2025\/07\/IMG_2152.jpeg",780,500,false],"2048x2048":["https:\/\/veritasinfo.org\/wp-content\/uploads\/2025\/07\/IMG_2152.jpeg",780,500,false],"kreeti-slider-full":["https:\/\/veritasinfo.org\/wp-content\/uploads\/2025\/07\/IMG_2152.jpeg",780,500,false],"kreeti-featured":["https:\/\/veritasinfo.org\/wp-content\/uploads\/2025\/07\/IMG_2152.jpeg",780,500,false],"kreeti-medium":["https:\/\/veritasinfo.org\/wp-content\/uploads\/2025\/07\/IMG_2152.jpeg",720,462,false],"kreeti-medium-square":["https:\/\/veritasinfo.org\/wp-content\/uploads\/2025\/07\/IMG_2152.jpeg",350,224,false]},"author_info":{"info":["admin"]},"category_info":"<a href=\"https:\/\/veritasinfo.org\/?cat=60\" rel=\"category\">Shoq\u00ebrore<\/a>","tag_info":"Shoq\u00ebrore","comment_count":"0","_links":{"self":[{"href":"https:\/\/veritasinfo.org\/index.php?rest_route=\/wp\/v2\/posts\/4357","targetHints":{"allow":["GET"]}}],"collection":[{"href":"https:\/\/veritasinfo.org\/index.php?rest_route=\/wp\/v2\/posts"}],"about":[{"href":"https:\/\/veritasinfo.org\/index.php?rest_route=\/wp\/v2\/types\/post"}],"author":[{"embeddable":true,"href":"https:\/\/veritasinfo.org\/index.php?rest_route=\/wp\/v2\/users\/1"}],"replies":[{"embeddable":true,"href":"https:\/\/veritasinfo.org\/index.php?rest_route=%2Fwp%2Fv2%2Fcomments&post=4357"}],"version-history":[{"count":1,"href":"https:\/\/veritasinfo.org\/index.php?rest_route=\/wp\/v2\/posts\/4357\/revisions"}],"predecessor-version":[{"id":4359,"href":"https:\/\/veritasinfo.org\/index.php?rest_route=\/wp\/v2\/posts\/4357\/revisions\/4359"}],"wp:featuredmedia":[{"embeddable":true,"href":"https:\/\/veritasinfo.org\/index.php?rest_route=\/wp\/v2\/media\/4358"}],"wp:attachment":[{"href":"https:\/\/veritasinfo.org\/index.php?rest_route=%2Fwp%2Fv2%2Fmedia&parent=4357"}],"wp:term":[{"taxonomy":"category","embeddable":true,"href":"https:\/\/veritasinfo.org\/index.php?rest_route=%2Fwp%2Fv2%2Fcategories&post=4357"},{"taxonomy":"post_tag","embeddable":true,"href":"https:\/\/veritasinfo.org\/index.php?rest_route=%2Fwp%2Fv2%2Ftags&post=4357"}],"curies":[{"name":"wp","href":"https:\/\/api.w.org\/{rel}","templated":true}]}}