{"id":4352,"date":"2025-07-19T07:20:21","date_gmt":"2025-07-19T05:20:21","guid":{"rendered":"https:\/\/veritasinfo.org\/?p=4352"},"modified":"2025-07-18T23:08:40","modified_gmt":"2025-07-18T21:08:40","slug":"zedhenesi-i-spd-se-gjermania-ta-dyfishoje-mbeshtetjen-per-kosoven","status":"publish","type":"post","link":"https:\/\/veritasinfo.org\/?p=4352","title":{"rendered":"Z\u00ebdh\u00ebn\u00ebsi i SPD-s\u00eb: Gjermania ta dyfishoj\u00eb mb\u00ebshtetjen p\u00ebr Kosov\u00ebn"},"content":{"rendered":"<p>Berlin, 19 Korrik 2025<\/p>\n<p>Z\u00ebdh\u00ebn\u00ebsi p\u00ebr politik\u00eb t\u00eb jashtme i Socialdemokrat\u00ebve n\u00eb Gjermani (SPD), Addis Ahmetoviq, ka k\u00ebrkuar nga vendi i tij q\u00eb ta dyfishoj\u00eb mb\u00ebshtetjen p\u00ebr Kosov\u00ebn.<\/p>\n<p>N\u00eb nj\u00eb intervist\u00eb p\u00ebr DW, tha se promovimi i integrimit t\u00eb Ballkanit n\u00eb BE \u00ebsht\u00eb e vetmja m\u00ebnyr\u00eb q\u00eb t\u00eb arrihet stabilitetit n\u00eb rajon.<\/p>\n<p>\u201cDuhet t\u00eb monitorojm\u00eb situat\u00ebn n\u00eb Ballkanin Per\u00ebndimor \u00e7do dit\u00eb dhe n\u00eb baza t\u00eb vazhdueshme. Politika p\u00ebr k\u00ebt\u00eb rajon nuk duhet t\u00eb kufizohet vet\u00ebm n\u00eb nxitjen ekonomike, por duhet t\u00eb mbetet pjes\u00eb p\u00ebrb\u00ebr\u00ebse e agjend\u00ebs son\u00eb t\u00eb politik\u00ebs s\u00eb jashtme. Po i ndjek me kujdes zhvillimet n\u00eb Shqip\u00ebri, Serbi dhe Kosov\u00eb. Ne jemi t\u00eb interesuar q\u00eb situata politike t\u00eb jet\u00eb stabile. P\u00ebr Kosov\u00ebn, kjo n\u00ebnkupton konkretisht se duam q\u00eb ky shtet t\u00eb b\u00ebhet an\u00ebtar i K\u00ebshillit t\u00eb Evrop\u00ebs sa m\u00eb shpejt q\u00eb t\u00eb jet\u00eb e mundur; nga perspektiva e SPD-s\u00eb [Partia Socialdemokrate Gjermane], sa m\u00eb shpejt\u201d, deklaroi Ahmetovic.<\/p>\n<p>Se kur qeveria gjermane do ta adresoj\u00eb \u00e7\u00ebshtjen e Kosov\u00ebs n\u00eb K\u00ebshillin e Evrop\u00ebs, ai tha se nuk mund t\u00eb jap\u00eb dat\u00eb konkrete.<br \/>\n\u201cNuk mund t\u00eb jap nj\u00eb dat\u00eb konkrete. Por, si z\u00ebdh\u00ebn\u00ebs p\u00ebr politik\u00eb t\u00eb jashtme i grupit parlamentar t\u00eb SPD-s\u00eb n\u00eb Bundestag, mund t\u2019ju them qart\u00eb se kolegu im Frank Schwabe dhe un\u00eb do t\u00eb angazhohemi q\u00eb SPD-ja t\u00eb vazhdoj\u00eb n\u00eb k\u00ebt\u00eb drejtim. Kjo vlen edhe p\u00ebr mb\u00ebshtetjen e an\u00ebtar\u00ebsimit t\u00eb Kosov\u00ebs n\u00eb K\u00ebshillin e Evrop\u00ebs. M\u00eb vjen shum\u00eb keq q\u00eb n\u00eb mandatin e kaluar \u2013 pavar\u00ebsisht qeveris\u00eb s\u00eb koalicionit mes socialdemokrat\u00ebve, konservator\u00ebve dhe t\u00eb gjelb\u00ebrve \u2013 kjo nuk u arrit. Ka pasur nj\u00eb momentum strategjik q\u00eb duhej shfryt\u00ebzuar. Ndoshta do t\u00eb kishte qen\u00eb e mundur me m\u00eb shum\u00eb presion politik\u201d, u shpreh ai.<\/p>\n<p>I pyetur se ndaj kujt duhet ushtruar presion, z\u00ebdh\u00ebn\u00ebsi i SPD-s\u00eb tha se \u201cQeveria gjermane do t\u00eb duhej t\u00eb kishte b\u00ebr\u00eb m\u00eb shum\u00eb p\u00ebrpjekje p\u00ebr t\u00eb bindur shtetet an\u00ebtare t\u00eb K\u00ebshillit t\u00eb Evrop\u00ebs\u201d.<br \/>\n\u201cKa pasur vende q\u00eb e kan\u00eb refuzuar pranimin e Kosov\u00ebs [n\u00eb K\u00ebshillin e Evrop\u00ebs]. Gjermania ka nj\u00eb pesh\u00eb t\u00eb madhe n\u00eb k\u00ebt\u00eb organiz\u00ebm dhe duhet ta ushtroj\u00eb at\u00eb me nj\u00eb vet\u00ebbesim modest. Her\u00ebn e fundit kjo nuk funksionoi. Por ne, grupi parlamentar i SPD-s\u00eb, mbetemi t\u00eb vendosur. Ministri i Pun\u00ebve t\u00eb Jashtme, Johann Wadephul, dhe grupi parlamentar i CDU\/CSU jan\u00eb shprehur qart\u00eb n\u00eb favor t\u00eb an\u00ebtar\u00ebsimit t\u00eb Kosov\u00ebs; ne do t\u2019ua kujtojm\u00eb dhe do t\u2019u k\u00ebrkojm\u00eb llogari\u201d.<\/p>\n<p>Ahmetovic \u00ebsht\u00eb i mendimit se n\u00ebse BE-ja do stabilitet n\u00eb Ballkanin Per\u00ebndimor, duhet shtyr\u00eb \u201cseriozisht p\u00ebrpara procesin e integrimit n\u00eb BE p\u00ebr t\u00eb gjasht\u00eb vendet q\u00eb ende nuk jan\u00eb an\u00ebtar\u00ebsuar n\u00eb k\u00ebt\u00eb bllok\u201d.<\/p>\n<p>Ai thot\u00eb se \u201cedhe Kosova ka nevoj\u00eb p\u00ebr nj\u00eb perspektiv\u00eb t\u00eb besueshme dhe transparente\u201d.<\/p>\n<p>\u201cAn\u00ebtar\u00ebsimi n\u00eb NATO \u00ebsht\u00eb t\u00eb pakt\u00ebn po aq i r\u00ebnd\u00ebsish\u00ebm sa an\u00ebtar\u00ebsimi n\u00eb BE. T\u00eb dyja, si BE-ja ashtu edhe NATO-ja, jan\u00eb thelb\u00ebsore p\u00ebr nj\u00eb jet\u00eb n\u00eb paqe, liri dhe siguri. Nuk mund ta vler\u00ebsoj sakt\u00ebsisht se kur do t\u00eb ndodh\u00eb kjo, por si deputet i SPD-s\u00eb, do t\u00eb vazhdoj t\u00eb luftoj p\u00ebr k\u00ebt\u00eb \u00e7\u00ebshtje. Kjo gjithashtu n\u00ebnkupton q\u00eb t\u00eb gjasht\u00eb vendet \u2013 Kosova, Bosnja dhe Hercegovina, Serbia, Mali i Zi, Shqip\u00ebria dhe Maqedonia e Veriut \u2013 duhet t\u00eb b\u00ebjn\u00eb detyrat e sht\u00ebpis\u00eb\u201d, theksoi z\u00ebdh\u00ebn\u00ebsi p\u00ebr Politik\u00eb t\u00eb Jashtme i SPD-s\u00eb.<\/p>\n<p>Addis Ahmetovic foli edhe p\u00ebr ng\u00ebr\u00e7in politik n\u00eb Kosov\u00eb, ku edhe pas gati 50 p\u00ebrpjekjesh, deputet\u00ebt nuk po arrijn\u00eb t\u00eb konstituojn\u00eb Kuvendin.<\/p>\n<p>Ai tha se LVV-ja e Albin Kurtit \u00ebsht\u00eb parti simot\u00ebr e SPD-s\u00eb, nd\u00ebrsa nuk e komentoi si fenomen situat\u00ebn, por tha se vendit i duhet nj\u00eb qeveri e q\u00ebndrueshme dhe nj\u00eb parlament funksional q\u00eb t\u00eb mund t\u00eb avancoj\u00eb drejt KiE-s\u00eb, \u201ce ndoshta s\u00eb shpejti, edhe n\u00eb NATO\u201d.<\/p>\n<p>\u201cMbaj kontakte t\u00eb ngushta me qeverin\u00eb e Kosov\u00ebs. Ne duam nj\u00eb veprim qeveritar t\u00eb q\u00ebndruesh\u00ebm dhe nj\u00eb parlament funksional. Kjo \u00ebsht\u00eb thelb\u00ebsore p\u00ebr t\u00eb gjith\u00eb hapat pasues. Vet\u00ebm n\u00ebse kjo vazhdon t\u00eb ket\u00eb sukses, Kosova do t\u00eb mund t\u00eb avancoj\u00eb n\u00eb K\u00ebshillin e Evrop\u00ebs, n\u00eb procesin e an\u00ebtar\u00ebsimit n\u00eb BE dhe, ndoshta s\u00eb shpejti, edhe n\u00eb NATO. K\u00ebto procese jan\u00eb ngusht\u00ebsisht t\u00eb nd\u00ebrlidhura\u201d, theksoi ai.<\/p>\n","protected":false},"excerpt":{"rendered":"<p>Berlin, 19 Korrik 2025 Z\u00ebdh\u00ebn\u00ebsi p\u00ebr politik\u00eb t\u00eb jashtme i Socialdemokrat\u00ebve n\u00eb Gjermani (SPD), Addis Ahmetoviq, ka k\u00ebrkuar nga vendi i tij q\u00eb ta dyfishoj\u00eb<\/p>\n","protected":false},"author":1,"featured_media":4353,"comment_status":"open","ping_status":"open","sticky":false,"template":"","format":"standard","meta":{"footnotes":""},"categories":[72],"tags":[],"class_list":["post-4352","post","type-post","status-publish","format-standard","has-post-thumbnail","hentry","category-bota"],"yoast_head":"<!-- This site is optimized with the Yoast SEO plugin v25.3.1 - https:\/\/yoast.com\/wordpress\/plugins\/seo\/ -->\n<title>Z\u00ebdh\u00ebn\u00ebsi i SPD-s\u00eb: Gjermania ta dyfishoj\u00eb mb\u00ebshtetjen p\u00ebr Kosov\u00ebn -<\/title>\n<meta name=\"robots\" content=\"index, follow, max-snippet:-1, max-image-preview:large, max-video-preview:-1\" \/>\n<link rel=\"canonical\" href=\"https:\/\/veritasinfo.org\/?p=4352\" \/>\n<meta property=\"og:locale\" content=\"en_US\" \/>\n<meta property=\"og:type\" content=\"article\" \/>\n<meta property=\"og:title\" content=\"Z\u00ebdh\u00ebn\u00ebsi i SPD-s\u00eb: Gjermania ta dyfishoj\u00eb mb\u00ebshtetjen p\u00ebr Kosov\u00ebn -\" \/>\n<meta property=\"og:description\" content=\"Berlin, 19 Korrik 2025 Z\u00ebdh\u00ebn\u00ebsi p\u00ebr politik\u00eb t\u00eb jashtme i Socialdemokrat\u00ebve n\u00eb Gjermani (SPD), Addis Ahmetoviq, ka k\u00ebrkuar nga vendi i tij q\u00eb ta dyfishoj\u00eb\" \/>\n<meta property=\"og:url\" content=\"https:\/\/veritasinfo.org\/?p=4352\" \/>\n<meta property=\"article:published_time\" content=\"2025-07-19T05:20:21+00:00\" \/>\n<meta property=\"og:image\" content=\"https:\/\/veritasinfo.org\/wp-content\/uploads\/2025\/07\/IMG_2151.jpeg\" \/>\n\t<meta property=\"og:image:width\" content=\"1145\" \/>\n\t<meta property=\"og:image:height\" content=\"676\" \/>\n\t<meta property=\"og:image:type\" content=\"image\/jpeg\" \/>\n<meta name=\"author\" content=\"admin\" \/>\n<meta name=\"twitter:card\" content=\"summary_large_image\" \/>\n<meta name=\"twitter:label1\" content=\"Written by\" \/>\n\t<meta name=\"twitter:data1\" content=\"admin\" \/>\n\t<meta name=\"twitter:label2\" content=\"Est. reading time\" \/>\n\t<meta name=\"twitter:data2\" content=\"4 minutes\" \/>\n<script type=\"application\/ld+json\" class=\"yoast-schema-graph\">{\"@context\":\"https:\/\/schema.org\",\"@graph\":[{\"@type\":\"WebPage\",\"@id\":\"https:\/\/veritasinfo.org\/?p=4352\",\"url\":\"https:\/\/veritasinfo.org\/?p=4352\",\"name\":\"Z\u00ebdh\u00ebn\u00ebsi i SPD-s\u00eb: Gjermania ta dyfishoj\u00eb mb\u00ebshtetjen p\u00ebr Kosov\u00ebn -\",\"isPartOf\":{\"@id\":\"https:\/\/veritasinfo.org\/#website\"},\"primaryImageOfPage\":{\"@id\":\"https:\/\/veritasinfo.org\/?p=4352#primaryimage\"},\"image\":{\"@id\":\"https:\/\/veritasinfo.org\/?p=4352#primaryimage\"},\"thumbnailUrl\":\"https:\/\/veritasinfo.org\/wp-content\/uploads\/2025\/07\/IMG_2151.jpeg\",\"datePublished\":\"2025-07-19T05:20:21+00:00\",\"author\":{\"@id\":\"https:\/\/veritasinfo.org\/#\/schema\/person\/7701f8c088bece422266b100a712374f\"},\"breadcrumb\":{\"@id\":\"https:\/\/veritasinfo.org\/?p=4352#breadcrumb\"},\"inLanguage\":\"en-US\",\"potentialAction\":[{\"@type\":\"ReadAction\",\"target\":[\"https:\/\/veritasinfo.org\/?p=4352\"]}]},{\"@type\":\"ImageObject\",\"inLanguage\":\"en-US\",\"@id\":\"https:\/\/veritasinfo.org\/?p=4352#primaryimage\",\"url\":\"https:\/\/veritasinfo.org\/wp-content\/uploads\/2025\/07\/IMG_2151.jpeg\",\"contentUrl\":\"https:\/\/veritasinfo.org\/wp-content\/uploads\/2025\/07\/IMG_2151.jpeg\",\"width\":1145,\"height\":676,\"caption\":\"Screenshot\"},{\"@type\":\"BreadcrumbList\",\"@id\":\"https:\/\/veritasinfo.org\/?p=4352#breadcrumb\",\"itemListElement\":[{\"@type\":\"ListItem\",\"position\":1,\"name\":\"Home\",\"item\":\"https:\/\/veritasinfo.org\/\"},{\"@type\":\"ListItem\",\"position\":2,\"name\":\"Z\u00ebdh\u00ebn\u00ebsi i SPD-s\u00eb: Gjermania ta dyfishoj\u00eb mb\u00ebshtetjen p\u00ebr Kosov\u00ebn\"}]},{\"@type\":\"WebSite\",\"@id\":\"https:\/\/veritasinfo.org\/#website\",\"url\":\"https:\/\/veritasinfo.org\/\",\"name\":\"\",\"description\":\"\",\"potentialAction\":[{\"@type\":\"SearchAction\",\"target\":{\"@type\":\"EntryPoint\",\"urlTemplate\":\"https:\/\/veritasinfo.org\/?s={search_term_string}\"},\"query-input\":{\"@type\":\"PropertyValueSpecification\",\"valueRequired\":true,\"valueName\":\"search_term_string\"}}],\"inLanguage\":\"en-US\"},{\"@type\":\"Person\",\"@id\":\"https:\/\/veritasinfo.org\/#\/schema\/person\/7701f8c088bece422266b100a712374f\",\"name\":\"admin\",\"image\":{\"@type\":\"ImageObject\",\"inLanguage\":\"en-US\",\"@id\":\"https:\/\/veritasinfo.org\/#\/schema\/person\/image\/\",\"url\":\"https:\/\/secure.gravatar.com\/avatar\/ea53aa3bf6c9a12d5fde8ce4deff43fef3885ae33cf60184161a50d6987cfd2f?s=96&d=mm&r=g\",\"contentUrl\":\"https:\/\/secure.gravatar.com\/avatar\/ea53aa3bf6c9a12d5fde8ce4deff43fef3885ae33cf60184161a50d6987cfd2f?s=96&d=mm&r=g\",\"caption\":\"admin\"},\"sameAs\":[\"https:\/\/veritasinfo.org\"],\"url\":\"https:\/\/veritasinfo.org\/?author=1\"}]}<\/script>\n<!-- \/ Yoast SEO plugin. -->","yoast_head_json":{"title":"Z\u00ebdh\u00ebn\u00ebsi i SPD-s\u00eb: Gjermania ta dyfishoj\u00eb mb\u00ebshtetjen p\u00ebr Kosov\u00ebn -","robots":{"index":"index","follow":"follow","max-snippet":"max-snippet:-1","max-image-preview":"max-image-preview:large","max-video-preview":"max-video-preview:-1"},"canonical":"https:\/\/veritasinfo.org\/?p=4352","og_locale":"en_US","og_type":"article","og_title":"Z\u00ebdh\u00ebn\u00ebsi i SPD-s\u00eb: Gjermania ta dyfishoj\u00eb mb\u00ebshtetjen p\u00ebr Kosov\u00ebn -","og_description":"Berlin, 19 Korrik 2025 Z\u00ebdh\u00ebn\u00ebsi p\u00ebr politik\u00eb t\u00eb jashtme i Socialdemokrat\u00ebve n\u00eb Gjermani (SPD), Addis Ahmetoviq, ka k\u00ebrkuar nga vendi i tij q\u00eb ta dyfishoj\u00eb","og_url":"https:\/\/veritasinfo.org\/?p=4352","article_published_time":"2025-07-19T05:20:21+00:00","og_image":[{"width":1145,"height":676,"url":"https:\/\/veritasinfo.org\/wp-content\/uploads\/2025\/07\/IMG_2151.jpeg","type":"image\/jpeg"}],"author":"admin","twitter_card":"summary_large_image","twitter_misc":{"Written by":"admin","Est. reading time":"4 minutes"},"schema":{"@context":"https:\/\/schema.org","@graph":[{"@type":"WebPage","@id":"https:\/\/veritasinfo.org\/?p=4352","url":"https:\/\/veritasinfo.org\/?p=4352","name":"Z\u00ebdh\u00ebn\u00ebsi i SPD-s\u00eb: Gjermania ta dyfishoj\u00eb mb\u00ebshtetjen p\u00ebr Kosov\u00ebn -","isPartOf":{"@id":"https:\/\/veritasinfo.org\/#website"},"primaryImageOfPage":{"@id":"https:\/\/veritasinfo.org\/?p=4352#primaryimage"},"image":{"@id":"https:\/\/veritasinfo.org\/?p=4352#primaryimage"},"thumbnailUrl":"https:\/\/veritasinfo.org\/wp-content\/uploads\/2025\/07\/IMG_2151.jpeg","datePublished":"2025-07-19T05:20:21+00:00","author":{"@id":"https:\/\/veritasinfo.org\/#\/schema\/person\/7701f8c088bece422266b100a712374f"},"breadcrumb":{"@id":"https:\/\/veritasinfo.org\/?p=4352#breadcrumb"},"inLanguage":"en-US","potentialAction":[{"@type":"ReadAction","target":["https:\/\/veritasinfo.org\/?p=4352"]}]},{"@type":"ImageObject","inLanguage":"en-US","@id":"https:\/\/veritasinfo.org\/?p=4352#primaryimage","url":"https:\/\/veritasinfo.org\/wp-content\/uploads\/2025\/07\/IMG_2151.jpeg","contentUrl":"https:\/\/veritasinfo.org\/wp-content\/uploads\/2025\/07\/IMG_2151.jpeg","width":1145,"height":676,"caption":"Screenshot"},{"@type":"BreadcrumbList","@id":"https:\/\/veritasinfo.org\/?p=4352#breadcrumb","itemListElement":[{"@type":"ListItem","position":1,"name":"Home","item":"https:\/\/veritasinfo.org\/"},{"@type":"ListItem","position":2,"name":"Z\u00ebdh\u00ebn\u00ebsi i SPD-s\u00eb: Gjermania ta dyfishoj\u00eb mb\u00ebshtetjen p\u00ebr Kosov\u00ebn"}]},{"@type":"WebSite","@id":"https:\/\/veritasinfo.org\/#website","url":"https:\/\/veritasinfo.org\/","name":"","description":"","potentialAction":[{"@type":"SearchAction","target":{"@type":"EntryPoint","urlTemplate":"https:\/\/veritasinfo.org\/?s={search_term_string}"},"query-input":{"@type":"PropertyValueSpecification","valueRequired":true,"valueName":"search_term_string"}}],"inLanguage":"en-US"},{"@type":"Person","@id":"https:\/\/veritasinfo.org\/#\/schema\/person\/7701f8c088bece422266b100a712374f","name":"admin","image":{"@type":"ImageObject","inLanguage":"en-US","@id":"https:\/\/veritasinfo.org\/#\/schema\/person\/image\/","url":"https:\/\/secure.gravatar.com\/avatar\/ea53aa3bf6c9a12d5fde8ce4deff43fef3885ae33cf60184161a50d6987cfd2f?s=96&d=mm&r=g","contentUrl":"https:\/\/secure.gravatar.com\/avatar\/ea53aa3bf6c9a12d5fde8ce4deff43fef3885ae33cf60184161a50d6987cfd2f?s=96&d=mm&r=g","caption":"admin"},"sameAs":["https:\/\/veritasinfo.org"],"url":"https:\/\/veritasinfo.org\/?author=1"}]}},"featured_image_urls":{"full":["https:\/\/veritasinfo.org\/wp-content\/uploads\/2025\/07\/IMG_2151.jpeg",1145,676,false],"thumbnail":["https:\/\/veritasinfo.org\/wp-content\/uploads\/2025\/07\/IMG_2151-150x150.jpeg",150,150,true],"medium":["https:\/\/veritasinfo.org\/wp-content\/uploads\/2025\/07\/IMG_2151-300x177.jpeg",300,177,true],"medium_large":["https:\/\/veritasinfo.org\/wp-content\/uploads\/2025\/07\/IMG_2151-768x453.jpeg",640,378,true],"large":["https:\/\/veritasinfo.org\/wp-content\/uploads\/2025\/07\/IMG_2151-1024x605.jpeg",640,378,true],"1536x1536":["https:\/\/veritasinfo.org\/wp-content\/uploads\/2025\/07\/IMG_2151.jpeg",1145,676,false],"2048x2048":["https:\/\/veritasinfo.org\/wp-content\/uploads\/2025\/07\/IMG_2151.jpeg",1145,676,false],"kreeti-slider-full":["https:\/\/veritasinfo.org\/wp-content\/uploads\/2025\/07\/IMG_2151.jpeg",1145,676,false],"kreeti-featured":["https:\/\/veritasinfo.org\/wp-content\/uploads\/2025\/07\/IMG_2151.jpeg",1024,605,false],"kreeti-medium":["https:\/\/veritasinfo.org\/wp-content\/uploads\/2025\/07\/IMG_2151.jpeg",720,425,false],"kreeti-medium-square":["https:\/\/veritasinfo.org\/wp-content\/uploads\/2025\/07\/IMG_2151.jpeg",350,207,false]},"author_info":{"info":["admin"]},"category_info":"<a href=\"https:\/\/veritasinfo.org\/?cat=72\" rel=\"category\">Bota<\/a>","tag_info":"Bota","comment_count":"0","_links":{"self":[{"href":"https:\/\/veritasinfo.org\/index.php?rest_route=\/wp\/v2\/posts\/4352","targetHints":{"allow":["GET"]}}],"collection":[{"href":"https:\/\/veritasinfo.org\/index.php?rest_route=\/wp\/v2\/posts"}],"about":[{"href":"https:\/\/veritasinfo.org\/index.php?rest_route=\/wp\/v2\/types\/post"}],"author":[{"embeddable":true,"href":"https:\/\/veritasinfo.org\/index.php?rest_route=\/wp\/v2\/users\/1"}],"replies":[{"embeddable":true,"href":"https:\/\/veritasinfo.org\/index.php?rest_route=%2Fwp%2Fv2%2Fcomments&post=4352"}],"version-history":[{"count":1,"href":"https:\/\/veritasinfo.org\/index.php?rest_route=\/wp\/v2\/posts\/4352\/revisions"}],"predecessor-version":[{"id":4354,"href":"https:\/\/veritasinfo.org\/index.php?rest_route=\/wp\/v2\/posts\/4352\/revisions\/4354"}],"wp:featuredmedia":[{"embeddable":true,"href":"https:\/\/veritasinfo.org\/index.php?rest_route=\/wp\/v2\/media\/4353"}],"wp:attachment":[{"href":"https:\/\/veritasinfo.org\/index.php?rest_route=%2Fwp%2Fv2%2Fmedia&parent=4352"}],"wp:term":[{"taxonomy":"category","embeddable":true,"href":"https:\/\/veritasinfo.org\/index.php?rest_route=%2Fwp%2Fv2%2Fcategories&post=4352"},{"taxonomy":"post_tag","embeddable":true,"href":"https:\/\/veritasinfo.org\/index.php?rest_route=%2Fwp%2Fv2%2Ftags&post=4352"}],"curies":[{"name":"wp","href":"https:\/\/api.w.org\/{rel}","templated":true}]}}