{"id":4342,"date":"2025-07-18T21:20:22","date_gmt":"2025-07-18T19:20:22","guid":{"rendered":"https:\/\/veritasinfo.org\/?p=4342"},"modified":"2025-07-18T21:20:22","modified_gmt":"2025-07-18T19:20:22","slug":"policia-e-kosoves-ndalon-igor-popoviqin-per-deklarata-fyese-kunder-uck-se","status":"publish","type":"post","link":"https:\/\/veritasinfo.org\/?p=4342","title":{"rendered":"Policia e Kosov\u00ebs ndalon Igor Popoviqin p\u00ebr deklarata fyese kund\u00ebr U\u00c7K-s\u00eb"},"content":{"rendered":"<p>Prishtin\u00eb, 18 Korrik 2025<\/p>\n<p><strong>Igor Popoviq, ndihm\u00ebsdrejtor i ashtuquajtur\u00ebs \u201cZyr\u00eb p\u00ebr Kosov\u00eb\u201d n\u00eb qeverin\u00eb serbe, \u00ebsht\u00eb ndaluar nga Policia e Kosov\u00ebs n\u00eb B\u00ebrnjak dhe po d\u00ebrgohet n\u00eb stacion p\u00ebr procedura t\u00eb m\u00ebtejshme. Lajmin p\u00ebr RTK-n\u00eb e kan\u00eb konfirmuar zyrtar\u00eb t\u00eb Ministris\u00eb s\u00eb Pun\u00ebve t\u00eb Brendshme.<\/strong><\/p>\n<p>&nbsp;<\/p>\n<p>Sipas informacioneve, arrestimi i Popoviq ka t\u00eb b\u00ebj\u00eb me nj\u00eb deklarat\u00eb t\u00eb tij t\u00eb mbajtur n\u00eb Rahovec, ku ai ka p\u00ebrdorur gjuh\u00eb t\u00eb ashp\u00ebr kund\u00ebr Ushtris\u00eb \u00c7lirimtare t\u00eb Kosov\u00ebs (U\u00c7K), duke e cil\u00ebsuar at\u00eb organizat\u00eb terroriste dhe duke krahasuar veprimet e saj me ngjarje t\u00eb r\u00ebnda nd\u00ebrkomb\u00ebtare.<\/p>\n<p>Gjithashtu, n\u00eb k\u00ebt\u00eb deklarat\u00eb ai ka akuzuar institucionet nd\u00ebrkomb\u00ebtare p\u00ebr &#8220;d\u00ebshtim n\u00eb drejt\u00ebsi&#8221;, duke pretenduar se &#8220;autor\u00ebt e krimeve ndaj serb\u00ebve nuk jan\u00eb nd\u00ebshkuar asnj\u00ebher\u00eb&#8221;.<\/p>\n<p>Policia e Kosov\u00ebs vazhdon procedurat lidhur me k\u00ebt\u00eb rast.<\/p>\n<p>&nbsp;<\/p>\n","protected":false},"excerpt":{"rendered":"<p>Prishtin\u00eb, 18 Korrik 2025 Igor Popoviq, ndihm\u00ebsdrejtor i ashtuquajtur\u00ebs \u201cZyr\u00eb p\u00ebr Kosov\u00eb\u201d n\u00eb qeverin\u00eb serbe, \u00ebsht\u00eb ndaluar nga Policia e Kosov\u00ebs n\u00eb B\u00ebrnjak dhe po<\/p>\n","protected":false},"author":1,"featured_media":4343,"comment_status":"open","ping_status":"open","sticky":false,"template":"","format":"standard","meta":{"footnotes":""},"categories":[58],"tags":[],"class_list":["post-4342","post","type-post","status-publish","format-standard","has-post-thumbnail","hentry","category-politike-sq"],"yoast_head":"<!-- This site is optimized with the Yoast SEO plugin v25.3.1 - https:\/\/yoast.com\/wordpress\/plugins\/seo\/ -->\n<title>Policia e Kosov\u00ebs ndalon Igor Popoviqin p\u00ebr deklarata fyese kund\u00ebr U\u00c7K-s\u00eb -<\/title>\n<meta name=\"robots\" content=\"index, follow, max-snippet:-1, max-image-preview:large, max-video-preview:-1\" \/>\n<link rel=\"canonical\" href=\"https:\/\/veritasinfo.org\/?p=4342\" \/>\n<meta property=\"og:locale\" content=\"en_US\" \/>\n<meta property=\"og:type\" content=\"article\" \/>\n<meta property=\"og:title\" content=\"Policia e Kosov\u00ebs ndalon Igor Popoviqin p\u00ebr deklarata fyese kund\u00ebr U\u00c7K-s\u00eb -\" \/>\n<meta property=\"og:description\" content=\"Prishtin\u00eb, 18 Korrik 2025 Igor Popoviq, ndihm\u00ebsdrejtor i ashtuquajtur\u00ebs \u201cZyr\u00eb p\u00ebr Kosov\u00eb\u201d n\u00eb qeverin\u00eb serbe, \u00ebsht\u00eb ndaluar nga Policia e Kosov\u00ebs n\u00eb B\u00ebrnjak dhe po\" \/>\n<meta property=\"og:url\" content=\"https:\/\/veritasinfo.org\/?p=4342\" \/>\n<meta property=\"article:published_time\" content=\"2025-07-18T19:20:22+00:00\" \/>\n<meta property=\"og:image\" content=\"https:\/\/veritasinfo.org\/wp-content\/uploads\/2025\/07\/IMG_2149.jpeg\" \/>\n\t<meta property=\"og:image:width\" content=\"780\" \/>\n\t<meta property=\"og:image:height\" content=\"500\" \/>\n\t<meta property=\"og:image:type\" content=\"image\/jpeg\" \/>\n<meta name=\"author\" content=\"admin\" \/>\n<meta name=\"twitter:card\" content=\"summary_large_image\" \/>\n<meta name=\"twitter:label1\" content=\"Written by\" \/>\n\t<meta name=\"twitter:data1\" content=\"admin\" \/>\n\t<meta name=\"twitter:label2\" content=\"Est. reading time\" \/>\n\t<meta name=\"twitter:data2\" content=\"1 minute\" \/>\n<script type=\"application\/ld+json\" class=\"yoast-schema-graph\">{\"@context\":\"https:\/\/schema.org\",\"@graph\":[{\"@type\":\"WebPage\",\"@id\":\"https:\/\/veritasinfo.org\/?p=4342\",\"url\":\"https:\/\/veritasinfo.org\/?p=4342\",\"name\":\"Policia e Kosov\u00ebs ndalon Igor Popoviqin p\u00ebr deklarata fyese kund\u00ebr U\u00c7K-s\u00eb -\",\"isPartOf\":{\"@id\":\"https:\/\/veritasinfo.org\/#website\"},\"primaryImageOfPage\":{\"@id\":\"https:\/\/veritasinfo.org\/?p=4342#primaryimage\"},\"image\":{\"@id\":\"https:\/\/veritasinfo.org\/?p=4342#primaryimage\"},\"thumbnailUrl\":\"https:\/\/veritasinfo.org\/wp-content\/uploads\/2025\/07\/IMG_2149.jpeg\",\"datePublished\":\"2025-07-18T19:20:22+00:00\",\"author\":{\"@id\":\"https:\/\/veritasinfo.org\/#\/schema\/person\/7701f8c088bece422266b100a712374f\"},\"breadcrumb\":{\"@id\":\"https:\/\/veritasinfo.org\/?p=4342#breadcrumb\"},\"inLanguage\":\"en-US\",\"potentialAction\":[{\"@type\":\"ReadAction\",\"target\":[\"https:\/\/veritasinfo.org\/?p=4342\"]}]},{\"@type\":\"ImageObject\",\"inLanguage\":\"en-US\",\"@id\":\"https:\/\/veritasinfo.org\/?p=4342#primaryimage\",\"url\":\"https:\/\/veritasinfo.org\/wp-content\/uploads\/2025\/07\/IMG_2149.jpeg\",\"contentUrl\":\"https:\/\/veritasinfo.org\/wp-content\/uploads\/2025\/07\/IMG_2149.jpeg\",\"width\":780,\"height\":500},{\"@type\":\"BreadcrumbList\",\"@id\":\"https:\/\/veritasinfo.org\/?p=4342#breadcrumb\",\"itemListElement\":[{\"@type\":\"ListItem\",\"position\":1,\"name\":\"Home\",\"item\":\"https:\/\/veritasinfo.org\/\"},{\"@type\":\"ListItem\",\"position\":2,\"name\":\"Policia e Kosov\u00ebs ndalon Igor Popoviqin p\u00ebr deklarata fyese kund\u00ebr U\u00c7K-s\u00eb\"}]},{\"@type\":\"WebSite\",\"@id\":\"https:\/\/veritasinfo.org\/#website\",\"url\":\"https:\/\/veritasinfo.org\/\",\"name\":\"\",\"description\":\"\",\"potentialAction\":[{\"@type\":\"SearchAction\",\"target\":{\"@type\":\"EntryPoint\",\"urlTemplate\":\"https:\/\/veritasinfo.org\/?s={search_term_string}\"},\"query-input\":{\"@type\":\"PropertyValueSpecification\",\"valueRequired\":true,\"valueName\":\"search_term_string\"}}],\"inLanguage\":\"en-US\"},{\"@type\":\"Person\",\"@id\":\"https:\/\/veritasinfo.org\/#\/schema\/person\/7701f8c088bece422266b100a712374f\",\"name\":\"admin\",\"image\":{\"@type\":\"ImageObject\",\"inLanguage\":\"en-US\",\"@id\":\"https:\/\/veritasinfo.org\/#\/schema\/person\/image\/\",\"url\":\"https:\/\/secure.gravatar.com\/avatar\/ea53aa3bf6c9a12d5fde8ce4deff43fef3885ae33cf60184161a50d6987cfd2f?s=96&d=mm&r=g\",\"contentUrl\":\"https:\/\/secure.gravatar.com\/avatar\/ea53aa3bf6c9a12d5fde8ce4deff43fef3885ae33cf60184161a50d6987cfd2f?s=96&d=mm&r=g\",\"caption\":\"admin\"},\"sameAs\":[\"https:\/\/veritasinfo.org\"],\"url\":\"https:\/\/veritasinfo.org\/?author=1\"}]}<\/script>\n<!-- \/ Yoast SEO plugin. -->","yoast_head_json":{"title":"Policia e Kosov\u00ebs ndalon Igor Popoviqin p\u00ebr deklarata fyese kund\u00ebr U\u00c7K-s\u00eb -","robots":{"index":"index","follow":"follow","max-snippet":"max-snippet:-1","max-image-preview":"max-image-preview:large","max-video-preview":"max-video-preview:-1"},"canonical":"https:\/\/veritasinfo.org\/?p=4342","og_locale":"en_US","og_type":"article","og_title":"Policia e Kosov\u00ebs ndalon Igor Popoviqin p\u00ebr deklarata fyese kund\u00ebr U\u00c7K-s\u00eb -","og_description":"Prishtin\u00eb, 18 Korrik 2025 Igor Popoviq, ndihm\u00ebsdrejtor i ashtuquajtur\u00ebs \u201cZyr\u00eb p\u00ebr Kosov\u00eb\u201d n\u00eb qeverin\u00eb serbe, \u00ebsht\u00eb ndaluar nga Policia e Kosov\u00ebs n\u00eb B\u00ebrnjak dhe po","og_url":"https:\/\/veritasinfo.org\/?p=4342","article_published_time":"2025-07-18T19:20:22+00:00","og_image":[{"width":780,"height":500,"url":"https:\/\/veritasinfo.org\/wp-content\/uploads\/2025\/07\/IMG_2149.jpeg","type":"image\/jpeg"}],"author":"admin","twitter_card":"summary_large_image","twitter_misc":{"Written by":"admin","Est. reading time":"1 minute"},"schema":{"@context":"https:\/\/schema.org","@graph":[{"@type":"WebPage","@id":"https:\/\/veritasinfo.org\/?p=4342","url":"https:\/\/veritasinfo.org\/?p=4342","name":"Policia e Kosov\u00ebs ndalon Igor Popoviqin p\u00ebr deklarata fyese kund\u00ebr U\u00c7K-s\u00eb -","isPartOf":{"@id":"https:\/\/veritasinfo.org\/#website"},"primaryImageOfPage":{"@id":"https:\/\/veritasinfo.org\/?p=4342#primaryimage"},"image":{"@id":"https:\/\/veritasinfo.org\/?p=4342#primaryimage"},"thumbnailUrl":"https:\/\/veritasinfo.org\/wp-content\/uploads\/2025\/07\/IMG_2149.jpeg","datePublished":"2025-07-18T19:20:22+00:00","author":{"@id":"https:\/\/veritasinfo.org\/#\/schema\/person\/7701f8c088bece422266b100a712374f"},"breadcrumb":{"@id":"https:\/\/veritasinfo.org\/?p=4342#breadcrumb"},"inLanguage":"en-US","potentialAction":[{"@type":"ReadAction","target":["https:\/\/veritasinfo.org\/?p=4342"]}]},{"@type":"ImageObject","inLanguage":"en-US","@id":"https:\/\/veritasinfo.org\/?p=4342#primaryimage","url":"https:\/\/veritasinfo.org\/wp-content\/uploads\/2025\/07\/IMG_2149.jpeg","contentUrl":"https:\/\/veritasinfo.org\/wp-content\/uploads\/2025\/07\/IMG_2149.jpeg","width":780,"height":500},{"@type":"BreadcrumbList","@id":"https:\/\/veritasinfo.org\/?p=4342#breadcrumb","itemListElement":[{"@type":"ListItem","position":1,"name":"Home","item":"https:\/\/veritasinfo.org\/"},{"@type":"ListItem","position":2,"name":"Policia e Kosov\u00ebs ndalon Igor Popoviqin p\u00ebr deklarata fyese kund\u00ebr U\u00c7K-s\u00eb"}]},{"@type":"WebSite","@id":"https:\/\/veritasinfo.org\/#website","url":"https:\/\/veritasinfo.org\/","name":"","description":"","potentialAction":[{"@type":"SearchAction","target":{"@type":"EntryPoint","urlTemplate":"https:\/\/veritasinfo.org\/?s={search_term_string}"},"query-input":{"@type":"PropertyValueSpecification","valueRequired":true,"valueName":"search_term_string"}}],"inLanguage":"en-US"},{"@type":"Person","@id":"https:\/\/veritasinfo.org\/#\/schema\/person\/7701f8c088bece422266b100a712374f","name":"admin","image":{"@type":"ImageObject","inLanguage":"en-US","@id":"https:\/\/veritasinfo.org\/#\/schema\/person\/image\/","url":"https:\/\/secure.gravatar.com\/avatar\/ea53aa3bf6c9a12d5fde8ce4deff43fef3885ae33cf60184161a50d6987cfd2f?s=96&d=mm&r=g","contentUrl":"https:\/\/secure.gravatar.com\/avatar\/ea53aa3bf6c9a12d5fde8ce4deff43fef3885ae33cf60184161a50d6987cfd2f?s=96&d=mm&r=g","caption":"admin"},"sameAs":["https:\/\/veritasinfo.org"],"url":"https:\/\/veritasinfo.org\/?author=1"}]}},"featured_image_urls":{"full":["https:\/\/veritasinfo.org\/wp-content\/uploads\/2025\/07\/IMG_2149.jpeg",780,500,false],"thumbnail":["https:\/\/veritasinfo.org\/wp-content\/uploads\/2025\/07\/IMG_2149-150x150.jpeg",150,150,true],"medium":["https:\/\/veritasinfo.org\/wp-content\/uploads\/2025\/07\/IMG_2149-300x192.jpeg",300,192,true],"medium_large":["https:\/\/veritasinfo.org\/wp-content\/uploads\/2025\/07\/IMG_2149-768x492.jpeg",640,410,true],"large":["https:\/\/veritasinfo.org\/wp-content\/uploads\/2025\/07\/IMG_2149.jpeg",640,410,false],"1536x1536":["https:\/\/veritasinfo.org\/wp-content\/uploads\/2025\/07\/IMG_2149.jpeg",780,500,false],"2048x2048":["https:\/\/veritasinfo.org\/wp-content\/uploads\/2025\/07\/IMG_2149.jpeg",780,500,false],"kreeti-slider-full":["https:\/\/veritasinfo.org\/wp-content\/uploads\/2025\/07\/IMG_2149.jpeg",780,500,false],"kreeti-featured":["https:\/\/veritasinfo.org\/wp-content\/uploads\/2025\/07\/IMG_2149.jpeg",780,500,false],"kreeti-medium":["https:\/\/veritasinfo.org\/wp-content\/uploads\/2025\/07\/IMG_2149.jpeg",720,462,false],"kreeti-medium-square":["https:\/\/veritasinfo.org\/wp-content\/uploads\/2025\/07\/IMG_2149.jpeg",350,224,false]},"author_info":{"info":["admin"]},"category_info":"<a href=\"https:\/\/veritasinfo.org\/?cat=58\" rel=\"category\">Politik\u00eb<\/a>","tag_info":"Politik\u00eb","comment_count":"0","_links":{"self":[{"href":"https:\/\/veritasinfo.org\/index.php?rest_route=\/wp\/v2\/posts\/4342","targetHints":{"allow":["GET"]}}],"collection":[{"href":"https:\/\/veritasinfo.org\/index.php?rest_route=\/wp\/v2\/posts"}],"about":[{"href":"https:\/\/veritasinfo.org\/index.php?rest_route=\/wp\/v2\/types\/post"}],"author":[{"embeddable":true,"href":"https:\/\/veritasinfo.org\/index.php?rest_route=\/wp\/v2\/users\/1"}],"replies":[{"embeddable":true,"href":"https:\/\/veritasinfo.org\/index.php?rest_route=%2Fwp%2Fv2%2Fcomments&post=4342"}],"version-history":[{"count":1,"href":"https:\/\/veritasinfo.org\/index.php?rest_route=\/wp\/v2\/posts\/4342\/revisions"}],"predecessor-version":[{"id":4344,"href":"https:\/\/veritasinfo.org\/index.php?rest_route=\/wp\/v2\/posts\/4342\/revisions\/4344"}],"wp:featuredmedia":[{"embeddable":true,"href":"https:\/\/veritasinfo.org\/index.php?rest_route=\/wp\/v2\/media\/4343"}],"wp:attachment":[{"href":"https:\/\/veritasinfo.org\/index.php?rest_route=%2Fwp%2Fv2%2Fmedia&parent=4342"}],"wp:term":[{"taxonomy":"category","embeddable":true,"href":"https:\/\/veritasinfo.org\/index.php?rest_route=%2Fwp%2Fv2%2Fcategories&post=4342"},{"taxonomy":"post_tag","embeddable":true,"href":"https:\/\/veritasinfo.org\/index.php?rest_route=%2Fwp%2Fv2%2Ftags&post=4342"}],"curies":[{"name":"wp","href":"https:\/\/api.w.org\/{rel}","templated":true}]}}